{"id":69360,"date":"2023-10-27T09:00:12","date_gmt":"2023-10-27T12:00:12","guid":{"rendered":"https:\/\/dana.com.br\/canaldana\/?p=69360"},"modified":"2023-10-27T09:00:12","modified_gmt":"2023-10-27T12:00:12","slug":"siderurgicas-terao-dificuldades-em-negociacoes-de-precos-com-montadoras-ve-inda","status":"publish","type":"post","link":"https:\/\/dana.com.br\/canaldana\/2023\/10\/27\/siderurgicas-terao-dificuldades-em-negociacoes-de-precos-com-montadoras-ve-inda\/","title":{"rendered":"Sider\u00fargicas ter\u00e3o dificuldades em negocia\u00e7\u00f5es de pre\u00e7os com montadoras, v\u00ea Inda"},"content":{"rendered":"<p><em>Portal Terra <\/em><\/p>\n<p>&nbsp;<\/p>\n<p>As sider\u00fargicas brasileiras devem entrar em posi\u00e7\u00e3o desfavor\u00e1vel nas discuss\u00f5es com montadoras sobre pre\u00e7os de a\u00e7os planos para o pr\u00f3ximo ano, diante do atual cen\u00e1rio marcado por volume crescente de importa\u00e7\u00f5es da liga e perspectiva de produ\u00e7\u00e3o de ve\u00edculos cortada para baixo pelas fabricantes neste m\u00eas.<\/p>\n<p>&nbsp;<\/p>\n<p>&#8220;Vai ser uma briga muito boa, vai ser dif\u00edcil para as usinas manterem o pre\u00e7o&#8221;, afirmou o presidente do Instituto Nacional dos Distribuidores de A\u00e7o (Inda), Carlos Loureiro, nesta quinta-feira ao comentar sobre mercado de a\u00e7os planos brasileiro.<\/p>\n<p>&nbsp;<\/p>\n<p>A entidade divulgou mais cedo que as vendas de a\u00e7os planos pelos distribuidores ca\u00edram 5,8% em setembro ante agosto, ficando est\u00e1veis sobre um ano antes, a 323,3 mil toneladas.<\/p>\n<p>&nbsp;<\/p>\n<p>A divulga\u00e7\u00e3o ocorreu depois que o A\u00e7o Brasil, representante das sider\u00fargicas, informou na ter\u00e7a-feira queda de 9,3% na produ\u00e7\u00e3o de a\u00e7o em setembro e vendas internas caindo 6% na compara\u00e7\u00e3o com o mesmo m\u00eas de 2022.<\/p>\n<p>&nbsp;<\/p>\n<p>&#8220;Por enquanto, ningu\u00e9m est\u00e1 fechando nada. Est\u00e1 tudo no ar&#8230; As condi\u00e7\u00f5es para as usinas discutirem pre\u00e7os s\u00e3o muito mais no sentido de se ter descontos&#8221;, afirmou Loureiro.<\/p>\n<p>&nbsp;<\/p>\n<p>E depois de um setembro que viu as importa\u00e7\u00f5es de a\u00e7os planos no Brasil subirem 185% frente a um ano antes, a perspectiva para outubro n\u00e3o \u00e9 de recuo na entrada de material importado, disse o executivo.<\/p>\n<p>&nbsp;<\/p>\n<p>&#8220;Provavelmente vamos ter em outubro aumento de importa\u00e7\u00e3o, porque todo aquele material que est\u00e1 no porto pode ser internalizado&#8221; diante de receios de imposi\u00e7\u00e3o pelo governo federal de tarifa de importa\u00e7\u00e3o.<\/p>\n<p>&nbsp;<\/p>\n<p>A ind\u00fastria sider\u00fargica nacional tem defendido o estabelecimento de Imposto de Importa\u00e7\u00e3o de 25% sobre as importa\u00e7\u00f5es de a\u00e7o, diante do avan\u00e7o das importa\u00e7\u00f5es brasileiras do material, que tem como principal fornecedor a China.<\/p>\n<p>&nbsp;<\/p>\n<p>&#8220;Outubro, novembro e dezembro j\u00e1 est\u00e3o comprados&#8221;, acrescentou Loureiro, referindo-se \u00e0 tend\u00eancia de fortes importa\u00e7\u00f5es pelo pa\u00eds e citando que as sider\u00fargicas chinesas est\u00e3o exportando a pre\u00e7os abaixo do custo fixo com ajuda de subs\u00eddio estatal.<\/p>\n<p>&nbsp;<\/p>\n<p>Em setembro, o volume de a\u00e7o plano no porto de S\u00e3o Francisco do Sul (SC), principal entrada de a\u00e7o importado no Brasil, aguardando internaliza\u00e7\u00e3o somava cerca de 300 mil toneladas, segundo estimativas do Inda. Loureiro n\u00e3o mencionou o volume atual armazenado no terminal, mas afirmou que apesar de ter &#8220;diminu\u00eddo um pouco, continua alto&#8221;.<\/p>\n<p>&nbsp;<\/p>\n<p>Com a tend\u00eancia de queda nos pre\u00e7os, os distribuidores de a\u00e7os planos mant\u00eam a estrat\u00e9gia de evitar estoques elevados do material para evitar preju\u00edzos. Em setembro, os estoques nas empresas associadas ao Inda somaram 843,4 mil toneladas, praticamente est\u00e1veis ante agosto e equivalentes a 2,6 meses de vendas, dentro da m\u00e9dia hist\u00f3rica do setor.<\/p>\n<p>&nbsp;<\/p>\n<p>Loureiro afirmou que o a\u00e7o nacional laminado a quente est\u00e1 15% a 16% mais caro que o importado, diferen\u00e7a chamada pelo setor de &#8220;pr\u00eamio&#8221;.<\/p>\n<p>&nbsp;<\/p>\n<p>O peso sobre os pre\u00e7os no mercado interno deve aumentar em novembro, disse o presidente do Inda, uma vez que a Usiminas pode retomar a produ\u00e7\u00e3o do alto-forno 3 de Ipatinga (MG), parado desde abril para reforma geral.<\/p>\n<p>&nbsp;<\/p>\n<p>A Usiminas tinha previsto anteriormente um religamento em agosto, mas o processo foi adiado por diversas vezes, com o mais recente acontecimento em torno do equipamento envolvendo a morte neste m\u00eas de um oper\u00e1rio que trabalhava na obra de reforma.<\/p>\n<p>&nbsp;<\/p>\n<p>&#8220;A curto prazo, \u00e9 mais prov\u00e1vel que os pre\u00e7os no Brasil caiam, se nada for feito&#8221; para conter as importa\u00e7\u00f5es, disse o presidente do Inda. &#8220;Principalmente quando tiver a volta da Usiminas ao mercado&#8221;, acrescentou, referindo-se ao alto-forno 3.<\/p>\n<p>&nbsp;<\/p>\n<p>A expectativa do Inda para outubro \u00e9 de crescimento de 5% nas vendas ante setembro, para 339,5 mil toneladas. (Portal Terra\/Alberto Alerigi)<\/p>\n","protected":false},"excerpt":{"rendered":"<p>Portal Terra &nbsp; As sider\u00fargicas brasileiras devem entrar em posi\u00e7\u00e3o desfavor\u00e1vel nas discuss\u00f5es com montadoras sobre pre\u00e7os de a\u00e7os planos para o pr\u00f3ximo ano, diante do atual cen\u00e1rio marcado por volume crescente de importa\u00e7\u00f5es da liga e perspectiva de produ\u00e7\u00e3o de ve\u00edculos cortada para baixo pelas fabricantes neste m\u00eas. &nbsp; &#8220;Vai ser uma briga muito\u2026 <a class=\"readmore\" href=\"https:\/\/dana.com.br\/canaldana\/2023\/10\/27\/siderurgicas-terao-dificuldades-em-negociacoes-de-precos-com-montadoras-ve-inda\/\">Leia mais \u00bb<\/a><\/p>\n","protected":false},"author":3,"featured_media":0,"comment_status":"closed","ping_status":"closed","sticky":false,"template":"","format":"standard","meta":{"_acf_changed":false,"footnotes":""},"categories":[61],"tags":[],"class_list":["post-69360","post","type-post","status-publish","format-standard","hentry","category-destaques"],"acf":[],"yoast_head":"<!-- This site is optimized with the Yoast SEO plugin v27.3 - https:\/\/yoast.com\/product\/yoast-seo-wordpress\/ -->\n<title>Sider\u00fargicas ter\u00e3o dificuldades em negocia\u00e7\u00f5es de pre\u00e7os com montadoras, v\u00ea Inda - Canal Dana<\/title>\n<meta name=\"robots\" content=\"index, follow, max-snippet:-1, max-image-preview:large, max-video-preview:-1\" \/>\n<link rel=\"canonical\" href=\"https:\/\/dana.com.br\/canaldana\/2023\/10\/27\/siderurgicas-terao-dificuldades-em-negociacoes-de-precos-com-montadoras-ve-inda\/\" \/>\n<meta property=\"og:locale\" content=\"pt_BR\" \/>\n<meta property=\"og:type\" content=\"article\" \/>\n<meta property=\"og:title\" content=\"Sider\u00fargicas ter\u00e3o dificuldades em negocia\u00e7\u00f5es de pre\u00e7os com montadoras, v\u00ea Inda - Canal Dana\" \/>\n<meta property=\"og:description\" content=\"Portal Terra &nbsp; As sider\u00fargicas brasileiras devem entrar em posi\u00e7\u00e3o desfavor\u00e1vel nas discuss\u00f5es com montadoras sobre pre\u00e7os de a\u00e7os planos para o pr\u00f3ximo ano, diante do atual cen\u00e1rio marcado por volume crescente de importa\u00e7\u00f5es da liga e perspectiva de produ\u00e7\u00e3o de ve\u00edculos cortada para baixo pelas fabricantes neste m\u00eas. &nbsp; &#8220;Vai ser uma briga muito\u2026 Leia mais \u00bb\" \/>\n<meta property=\"og:url\" content=\"https:\/\/dana.com.br\/canaldana\/2023\/10\/27\/siderurgicas-terao-dificuldades-em-negociacoes-de-precos-com-montadoras-ve-inda\/\" \/>\n<meta property=\"og:site_name\" content=\"Canal Dana\" \/>\n<meta property=\"article:published_time\" content=\"2023-10-27T12:00:12+00:00\" \/>\n<meta name=\"author\" content=\"Canal Dana\" \/>\n<meta name=\"twitter:card\" content=\"summary_large_image\" \/>\n<meta name=\"twitter:label1\" content=\"Escrito por\" \/>\n\t<meta name=\"twitter:data1\" content=\"Canal Dana\" \/>\n\t<meta name=\"twitter:label2\" content=\"Est. tempo de leitura\" \/>\n\t<meta name=\"twitter:data2\" content=\"4 minutos\" \/>\n<script type=\"application\/ld+json\" class=\"yoast-schema-graph\">{\"@context\":\"https:\\\/\\\/schema.org\",\"@graph\":[{\"@type\":\"Article\",\"@id\":\"https:\\\/\\\/dana.com.br\\\/canaldana\\\/2023\\\/10\\\/27\\\/siderurgicas-terao-dificuldades-em-negociacoes-de-precos-com-montadoras-ve-inda\\\/#article\",\"isPartOf\":{\"@id\":\"https:\\\/\\\/dana.com.br\\\/canaldana\\\/2023\\\/10\\\/27\\\/siderurgicas-terao-dificuldades-em-negociacoes-de-precos-com-montadoras-ve-inda\\\/\"},\"author\":{\"name\":\"Canal Dana\",\"@id\":\"https:\\\/\\\/dana.com.br\\\/canaldana\\\/#\\\/schema\\\/person\\\/3c21f22f56fcf3bc46b94bc60ea4fef6\"},\"headline\":\"Sider\u00fargicas ter\u00e3o dificuldades em negocia\u00e7\u00f5es de pre\u00e7os com montadoras, v\u00ea Inda\",\"datePublished\":\"2023-10-27T12:00:12+00:00\",\"mainEntityOfPage\":{\"@id\":\"https:\\\/\\\/dana.com.br\\\/canaldana\\\/2023\\\/10\\\/27\\\/siderurgicas-terao-dificuldades-em-negociacoes-de-precos-com-montadoras-ve-inda\\\/\"},\"wordCount\":677,\"articleSection\":[\"Destaques\"],\"inLanguage\":\"pt-BR\"},{\"@type\":\"WebPage\",\"@id\":\"https:\\\/\\\/dana.com.br\\\/canaldana\\\/2023\\\/10\\\/27\\\/siderurgicas-terao-dificuldades-em-negociacoes-de-precos-com-montadoras-ve-inda\\\/\",\"url\":\"https:\\\/\\\/dana.com.br\\\/canaldana\\\/2023\\\/10\\\/27\\\/siderurgicas-terao-dificuldades-em-negociacoes-de-precos-com-montadoras-ve-inda\\\/\",\"name\":\"Sider\u00fargicas ter\u00e3o dificuldades em negocia\u00e7\u00f5es de pre\u00e7os com montadoras, v\u00ea Inda - Canal Dana\",\"isPartOf\":{\"@id\":\"https:\\\/\\\/dana.com.br\\\/canaldana\\\/#website\"},\"datePublished\":\"2023-10-27T12:00:12+00:00\",\"author\":{\"@id\":\"https:\\\/\\\/dana.com.br\\\/canaldana\\\/#\\\/schema\\\/person\\\/3c21f22f56fcf3bc46b94bc60ea4fef6\"},\"breadcrumb\":{\"@id\":\"https:\\\/\\\/dana.com.br\\\/canaldana\\\/2023\\\/10\\\/27\\\/siderurgicas-terao-dificuldades-em-negociacoes-de-precos-com-montadoras-ve-inda\\\/#breadcrumb\"},\"inLanguage\":\"pt-BR\",\"potentialAction\":[{\"@type\":\"ReadAction\",\"target\":[\"https:\\\/\\\/dana.com.br\\\/canaldana\\\/2023\\\/10\\\/27\\\/siderurgicas-terao-dificuldades-em-negociacoes-de-precos-com-montadoras-ve-inda\\\/\"]}]},{\"@type\":\"BreadcrumbList\",\"@id\":\"https:\\\/\\\/dana.com.br\\\/canaldana\\\/2023\\\/10\\\/27\\\/siderurgicas-terao-dificuldades-em-negociacoes-de-precos-com-montadoras-ve-inda\\\/#breadcrumb\",\"itemListElement\":[{\"@type\":\"ListItem\",\"position\":1,\"name\":\"Home\",\"item\":\"https:\\\/\\\/dana.com.br\\\/canaldana\\\/\"},{\"@type\":\"ListItem\",\"position\":2,\"name\":\"Destaques\",\"item\":\"https:\\\/\\\/dana.com.br\\\/canaldana\\\/destaques\\\/\"},{\"@type\":\"ListItem\",\"position\":3,\"name\":\"Sider\u00fargicas ter\u00e3o dificuldades em negocia\u00e7\u00f5es de pre\u00e7os com montadoras, v\u00ea Inda\"}]},{\"@type\":\"WebSite\",\"@id\":\"https:\\\/\\\/dana.com.br\\\/canaldana\\\/#website\",\"url\":\"https:\\\/\\\/dana.com.br\\\/canaldana\\\/\",\"name\":\"Canal Dana\",\"description\":\"Informativo com as principais not\u00edcias da ind\u00fastria automotiva\",\"potentialAction\":[{\"@type\":\"SearchAction\",\"target\":{\"@type\":\"EntryPoint\",\"urlTemplate\":\"https:\\\/\\\/dana.com.br\\\/canaldana\\\/?s={search_term_string}\"},\"query-input\":{\"@type\":\"PropertyValueSpecification\",\"valueRequired\":true,\"valueName\":\"search_term_string\"}}],\"inLanguage\":\"pt-BR\"},{\"@type\":\"Person\",\"@id\":\"https:\\\/\\\/dana.com.br\\\/canaldana\\\/#\\\/schema\\\/person\\\/3c21f22f56fcf3bc46b94bc60ea4fef6\",\"name\":\"Canal Dana\",\"image\":{\"@type\":\"ImageObject\",\"inLanguage\":\"pt-BR\",\"@id\":\"https:\\\/\\\/secure.gravatar.com\\\/avatar\\\/420aaf9278582877d9018637c6817617705899d2858d7572ef0fe59a6b6454b4?s=96&d=mm&r=g\",\"url\":\"https:\\\/\\\/secure.gravatar.com\\\/avatar\\\/420aaf9278582877d9018637c6817617705899d2858d7572ef0fe59a6b6454b4?s=96&d=mm&r=g\",\"contentUrl\":\"https:\\\/\\\/secure.gravatar.com\\\/avatar\\\/420aaf9278582877d9018637c6817617705899d2858d7572ef0fe59a6b6454b4?s=96&d=mm&r=g\",\"caption\":\"Canal Dana\"},\"url\":\"https:\\\/\\\/dana.com.br\\\/canaldana\\\/author\\\/cdeditor\\\/\"}]}<\/script>\n<!-- \/ Yoast SEO plugin. -->","yoast_head_json":{"title":"Sider\u00fargicas ter\u00e3o dificuldades em negocia\u00e7\u00f5es de pre\u00e7os com montadoras, v\u00ea Inda - Canal Dana","robots":{"index":"index","follow":"follow","max-snippet":"max-snippet:-1","max-image-preview":"max-image-preview:large","max-video-preview":"max-video-preview:-1"},"canonical":"https:\/\/dana.com.br\/canaldana\/2023\/10\/27\/siderurgicas-terao-dificuldades-em-negociacoes-de-precos-com-montadoras-ve-inda\/","og_locale":"pt_BR","og_type":"article","og_title":"Sider\u00fargicas ter\u00e3o dificuldades em negocia\u00e7\u00f5es de pre\u00e7os com montadoras, v\u00ea Inda - Canal Dana","og_description":"Portal Terra &nbsp; As sider\u00fargicas brasileiras devem entrar em posi\u00e7\u00e3o desfavor\u00e1vel nas discuss\u00f5es com montadoras sobre pre\u00e7os de a\u00e7os planos para o pr\u00f3ximo ano, diante do atual cen\u00e1rio marcado por volume crescente de importa\u00e7\u00f5es da liga e perspectiva de produ\u00e7\u00e3o de ve\u00edculos cortada para baixo pelas fabricantes neste m\u00eas. &nbsp; &#8220;Vai ser uma briga muito\u2026 Leia mais \u00bb","og_url":"https:\/\/dana.com.br\/canaldana\/2023\/10\/27\/siderurgicas-terao-dificuldades-em-negociacoes-de-precos-com-montadoras-ve-inda\/","og_site_name":"Canal Dana","article_published_time":"2023-10-27T12:00:12+00:00","author":"Canal Dana","twitter_card":"summary_large_image","twitter_misc":{"Escrito por":"Canal Dana","Est. tempo de leitura":"4 minutos"},"schema":{"@context":"https:\/\/schema.org","@graph":[{"@type":"Article","@id":"https:\/\/dana.com.br\/canaldana\/2023\/10\/27\/siderurgicas-terao-dificuldades-em-negociacoes-de-precos-com-montadoras-ve-inda\/#article","isPartOf":{"@id":"https:\/\/dana.com.br\/canaldana\/2023\/10\/27\/siderurgicas-terao-dificuldades-em-negociacoes-de-precos-com-montadoras-ve-inda\/"},"author":{"name":"Canal Dana","@id":"https:\/\/dana.com.br\/canaldana\/#\/schema\/person\/3c21f22f56fcf3bc46b94bc60ea4fef6"},"headline":"Sider\u00fargicas ter\u00e3o dificuldades em negocia\u00e7\u00f5es de pre\u00e7os com montadoras, v\u00ea Inda","datePublished":"2023-10-27T12:00:12+00:00","mainEntityOfPage":{"@id":"https:\/\/dana.com.br\/canaldana\/2023\/10\/27\/siderurgicas-terao-dificuldades-em-negociacoes-de-precos-com-montadoras-ve-inda\/"},"wordCount":677,"articleSection":["Destaques"],"inLanguage":"pt-BR"},{"@type":"WebPage","@id":"https:\/\/dana.com.br\/canaldana\/2023\/10\/27\/siderurgicas-terao-dificuldades-em-negociacoes-de-precos-com-montadoras-ve-inda\/","url":"https:\/\/dana.com.br\/canaldana\/2023\/10\/27\/siderurgicas-terao-dificuldades-em-negociacoes-de-precos-com-montadoras-ve-inda\/","name":"Sider\u00fargicas ter\u00e3o dificuldades em negocia\u00e7\u00f5es de pre\u00e7os com montadoras, v\u00ea Inda - Canal Dana","isPartOf":{"@id":"https:\/\/dana.com.br\/canaldana\/#website"},"datePublished":"2023-10-27T12:00:12+00:00","author":{"@id":"https:\/\/dana.com.br\/canaldana\/#\/schema\/person\/3c21f22f56fcf3bc46b94bc60ea4fef6"},"breadcrumb":{"@id":"https:\/\/dana.com.br\/canaldana\/2023\/10\/27\/siderurgicas-terao-dificuldades-em-negociacoes-de-precos-com-montadoras-ve-inda\/#breadcrumb"},"inLanguage":"pt-BR","potentialAction":[{"@type":"ReadAction","target":["https:\/\/dana.com.br\/canaldana\/2023\/10\/27\/siderurgicas-terao-dificuldades-em-negociacoes-de-precos-com-montadoras-ve-inda\/"]}]},{"@type":"BreadcrumbList","@id":"https:\/\/dana.com.br\/canaldana\/2023\/10\/27\/siderurgicas-terao-dificuldades-em-negociacoes-de-precos-com-montadoras-ve-inda\/#breadcrumb","itemListElement":[{"@type":"ListItem","position":1,"name":"Home","item":"https:\/\/dana.com.br\/canaldana\/"},{"@type":"ListItem","position":2,"name":"Destaques","item":"https:\/\/dana.com.br\/canaldana\/destaques\/"},{"@type":"ListItem","position":3,"name":"Sider\u00fargicas ter\u00e3o dificuldades em negocia\u00e7\u00f5es de pre\u00e7os com montadoras, v\u00ea Inda"}]},{"@type":"WebSite","@id":"https:\/\/dana.com.br\/canaldana\/#website","url":"https:\/\/dana.com.br\/canaldana\/","name":"Canal Dana","description":"Informativo com as principais not\u00edcias da ind\u00fastria automotiva","potentialAction":[{"@type":"SearchAction","target":{"@type":"EntryPoint","urlTemplate":"https:\/\/dana.com.br\/canaldana\/?s={search_term_string}"},"query-input":{"@type":"PropertyValueSpecification","valueRequired":true,"valueName":"search_term_string"}}],"inLanguage":"pt-BR"},{"@type":"Person","@id":"https:\/\/dana.com.br\/canaldana\/#\/schema\/person\/3c21f22f56fcf3bc46b94bc60ea4fef6","name":"Canal Dana","image":{"@type":"ImageObject","inLanguage":"pt-BR","@id":"https:\/\/secure.gravatar.com\/avatar\/420aaf9278582877d9018637c6817617705899d2858d7572ef0fe59a6b6454b4?s=96&d=mm&r=g","url":"https:\/\/secure.gravatar.com\/avatar\/420aaf9278582877d9018637c6817617705899d2858d7572ef0fe59a6b6454b4?s=96&d=mm&r=g","contentUrl":"https:\/\/secure.gravatar.com\/avatar\/420aaf9278582877d9018637c6817617705899d2858d7572ef0fe59a6b6454b4?s=96&d=mm&r=g","caption":"Canal Dana"},"url":"https:\/\/dana.com.br\/canaldana\/author\/cdeditor\/"}]}},"_links":{"self":[{"href":"https:\/\/dana.com.br\/canaldana\/wp-json\/wp\/v2\/posts\/69360","targetHints":{"allow":["GET"]}}],"collection":[{"href":"https:\/\/dana.com.br\/canaldana\/wp-json\/wp\/v2\/posts"}],"about":[{"href":"https:\/\/dana.com.br\/canaldana\/wp-json\/wp\/v2\/types\/post"}],"author":[{"embeddable":true,"href":"https:\/\/dana.com.br\/canaldana\/wp-json\/wp\/v2\/users\/3"}],"replies":[{"embeddable":true,"href":"https:\/\/dana.com.br\/canaldana\/wp-json\/wp\/v2\/comments?post=69360"}],"version-history":[{"count":0,"href":"https:\/\/dana.com.br\/canaldana\/wp-json\/wp\/v2\/posts\/69360\/revisions"}],"wp:attachment":[{"href":"https:\/\/dana.com.br\/canaldana\/wp-json\/wp\/v2\/media?parent=69360"}],"wp:term":[{"taxonomy":"category","embeddable":true,"href":"https:\/\/dana.com.br\/canaldana\/wp-json\/wp\/v2\/categories?post=69360"},{"taxonomy":"post_tag","embeddable":true,"href":"https:\/\/dana.com.br\/canaldana\/wp-json\/wp\/v2\/tags?post=69360"}],"curies":[{"name":"wp","href":"https:\/\/api.w.org\/{rel}","templated":true}]}}