{"id":69338,"date":"2023-10-27T08:52:34","date_gmt":"2023-10-27T11:52:34","guid":{"rendered":"https:\/\/dana.com.br\/canaldana\/?p=69338"},"modified":"2023-10-27T08:52:34","modified_gmt":"2023-10-27T11:52:34","slug":"porto-alegre-sedia-o-maior-festival-brasileiro-de-robotica","status":"publish","type":"post","link":"https:\/\/dana.com.br\/canaldana\/2023\/10\/27\/porto-alegre-sedia-o-maior-festival-brasileiro-de-robotica\/","title":{"rendered":"Porto Alegre sedia o maior festival brasileiro de rob\u00f3tica"},"content":{"rendered":"<p><em>Coisas de Agora<\/em><\/p>\n<p>&nbsp;<\/p>\n<p>A capital ga\u00facha se prepara para receber, nos dias 09 e 10 de novembro, a 15\u00aa edi\u00e7\u00e3o do Festival Marista de Rob\u00f3tica (FMR): maior evento da categoria no Brasil. O encontro acontece na Pontif\u00edcia Universidade Cat\u00f3lica do Rio Grande do Sul (PUCRS) e deve reunir cerca de 2 mil estudantes brasileiros e estrangeiros, de escolas p\u00fablicas e privadas. Um dos objetivos \u00e9 estimular os participantes a desenvolverem projetos em diferentes \u00e1reas de tecnologia, utilizando os aprendizados da sala de aula.<\/p>\n<p>&nbsp;<\/p>\n<p>O Festival tamb\u00e9m se prop\u00f5e a ser um espa\u00e7o de constru\u00e7\u00e3o do conhecimento e de incentivo \u00e0 criatividade, e uma oportunidade para crian\u00e7as, adolescentes e jovens exercitarem o empreendedorismo e o esp\u00edrito de equipe. \u201cO evento possibilita o protagonismo juvenil, o aprendizado por projetos, o pensamento colaborativo, o trabalho em equipe e a resolu\u00e7\u00e3o de problemas, ferramentas que auxiliam o estudante por toda a vida\u201d, ressalta Guilherme Bilhalva, coordenador do encontro.<\/p>\n<p>&nbsp;<\/p>\n<p>O tema desta edi\u00e7\u00e3o do Festival Marista de Rob\u00f3tica \u00e9 H2O: Ess\u00eancia da Vida \u2013 um convite \u00e0 reflex\u00e3o sobre a import\u00e2ncia da \u00e1gua em nossas vidas e em todo o planeta. Um alerta para a necessidade de cuidar e preservar a \u00e1gua, adotando pr\u00e1ticas sustent\u00e1veis e respons\u00e1veis, e apoiando iniciativas que garantam o acesso universal \u00e0 \u00e1gua pot\u00e1vel e \u00e0 preserva\u00e7\u00e3o de recursos h\u00eddricos.<\/p>\n<p>&nbsp;<\/p>\n<p>No Desafio de Drones, modalidade direcionada a estudantes do 4\u00ba ano do Ensino Fundamental ao 3\u00ba ano do Ensino M\u00e9dio, os competidores precisam cumprir miss\u00f5es a\u00e9reas. Foto: Matheus Figueiredo\/ Divulga\u00e7\u00e3o Marista Brasil.<\/p>\n<p>&nbsp;<\/p>\n<p>Divididos em equipes, os estudantes participam da competi\u00e7\u00e3o em uma das quatro modalidades: Cidade Laborat\u00f3rio, Desafio de Drones, Incubando Ideias e Desafio de Rob\u00f4s. Cada atividade \u00e9 desenvolvida pelos estudantes, mas com o aux\u00edlio dos educadores.<\/p>\n<p>&nbsp;<\/p>\n<p>Na modalidade Cidade Laborat\u00f3rio participam alunos do n\u00edvel 3 da Educa\u00e7\u00e3o Infantil ao 8\u00ba ano do Ensino Fundamental. Nela, as equipes precisam criar solu\u00e7\u00f5es para as cidades a partir do tema central, levando em considera\u00e7\u00e3o suas aplica\u00e7\u00f5es e a import\u00e2ncia para a sociedade, utilizando plataformas de cocria\u00e7\u00e3o de metaverso.<\/p>\n<p>&nbsp;<\/p>\n<p>O Desafio de Drones, modalidade direcionada a estudantes do 4\u00ba ano do Ensino Fundamental ao 3\u00ba ano do Ensino M\u00e9dio, exige dos competidores o cumprimento de miss\u00f5es a\u00e9reas com temas determinados e que s\u00e3o realizadas em uma arena ampla, protegida por tela. Al\u00e9m da pontua\u00e7\u00e3o espec\u00edfica de cada miss\u00e3o, o menor tempo do trajeto e a melhor estrat\u00e9gia tamb\u00e9m s\u00e3o crit\u00e9rios para definir os vencedores.<\/p>\n<p>&nbsp;<\/p>\n<p>Na modalidade Incubando Ideias participam alunos do 6\u00ba ano do Ensino Fundamental ao 3\u00ba ano do Ensino M\u00e9dio. A jornada empreendedora envolve equipes mistas de estudantes, em que cada grupo \u00e9 desafiado a criar, projetar, documentar e compartilhar solu\u00e7\u00f5es que utilizam ou tenham rela\u00e7\u00e3o com tecnologias desenvolvidas para resolu\u00e7\u00e3o de problemas identificados no cotidiano.<\/p>\n<p>&nbsp;<\/p>\n<p>O Desafio dos Rob\u00f4s tamb\u00e9m \u00e9 direcionado a estudantes do 4\u00ba ano do Ensino Fundamental ao 3\u00ba ano do Ensino M\u00e9dio e desafia os participantes a constru\u00edrem rob\u00f4s distintos, elaborar pesquisa e projetos em cen\u00e1rios diversificados.<\/p>\n<p>&nbsp;<\/p>\n<p>As equipes vencedoras, em cada modalidade, receber\u00e3o trof\u00e9us e medalhas por destaques em miss\u00f5es e o grande pr\u00eamio pela melhor performance no todo.A 15\u00aa edi\u00e7\u00e3o do Festival Marista de Rob\u00f3tica acontece no Centro de Eventos da PUCRS (Pr\u00e9dio 41), em Porto Alegre, e \u00e9 aberta ao p\u00fablico, sem cobran\u00e7a de ingresso. Os estudantes inscritos tamb\u00e9m participam de forma gratuita. Clique aqui e confira a programa\u00e7\u00e3o completa do evento. <a href=\"https:\/\/sway.office.com\/VMbrw9Kna8NECNUX?ref=Link\" target=\"_blank\" rel=\"noopener\">https:\/\/sway.office.com\/VMbrw9Kna8NECNUX?ref=Link<\/a> (Coisas de Agora)<\/p>\n","protected":false},"excerpt":{"rendered":"<p>Coisas de Agora &nbsp; A capital ga\u00facha se prepara para receber, nos dias 09 e 10 de novembro, a 15\u00aa edi\u00e7\u00e3o do Festival Marista de Rob\u00f3tica (FMR): maior evento da categoria no Brasil. O encontro acontece na Pontif\u00edcia Universidade Cat\u00f3lica do Rio Grande do Sul (PUCRS) e deve reunir cerca de 2 mil estudantes brasileiros\u2026 <a class=\"readmore\" href=\"https:\/\/dana.com.br\/canaldana\/2023\/10\/27\/porto-alegre-sedia-o-maior-festival-brasileiro-de-robotica\/\">Leia mais \u00bb<\/a><\/p>\n","protected":false},"author":3,"featured_media":0,"comment_status":"closed","ping_status":"closed","sticky":false,"template":"","format":"standard","meta":{"_acf_changed":false,"footnotes":""},"categories":[82],"tags":[],"class_list":["post-69338","post","type-post","status-publish","format-standard","hentry","category-eventos"],"acf":[],"yoast_head":"<!-- This site is optimized with the Yoast SEO plugin v27.3 - https:\/\/yoast.com\/product\/yoast-seo-wordpress\/ -->\n<title>Porto Alegre sedia o maior festival brasileiro de rob\u00f3tica - Canal Dana<\/title>\n<meta name=\"robots\" content=\"index, follow, max-snippet:-1, max-image-preview:large, max-video-preview:-1\" \/>\n<link rel=\"canonical\" href=\"https:\/\/dana.com.br\/canaldana\/2023\/10\/27\/porto-alegre-sedia-o-maior-festival-brasileiro-de-robotica\/\" \/>\n<meta property=\"og:locale\" content=\"pt_BR\" \/>\n<meta property=\"og:type\" content=\"article\" \/>\n<meta property=\"og:title\" content=\"Porto Alegre sedia o maior festival brasileiro de rob\u00f3tica - Canal Dana\" \/>\n<meta property=\"og:description\" content=\"Coisas de Agora &nbsp; A capital ga\u00facha se prepara para receber, nos dias 09 e 10 de novembro, a 15\u00aa edi\u00e7\u00e3o do Festival Marista de Rob\u00f3tica (FMR): maior evento da categoria no Brasil. O encontro acontece na Pontif\u00edcia Universidade Cat\u00f3lica do Rio Grande do Sul (PUCRS) e deve reunir cerca de 2 mil estudantes brasileiros\u2026 Leia mais \u00bb\" \/>\n<meta property=\"og:url\" content=\"https:\/\/dana.com.br\/canaldana\/2023\/10\/27\/porto-alegre-sedia-o-maior-festival-brasileiro-de-robotica\/\" \/>\n<meta property=\"og:site_name\" content=\"Canal Dana\" \/>\n<meta property=\"article:published_time\" content=\"2023-10-27T11:52:34+00:00\" \/>\n<meta name=\"author\" content=\"Canal Dana\" \/>\n<meta name=\"twitter:card\" content=\"summary_large_image\" \/>\n<meta name=\"twitter:label1\" content=\"Escrito por\" \/>\n\t<meta name=\"twitter:data1\" content=\"Canal Dana\" \/>\n\t<meta name=\"twitter:label2\" content=\"Est. tempo de leitura\" \/>\n\t<meta name=\"twitter:data2\" content=\"4 minutos\" \/>\n<script type=\"application\/ld+json\" class=\"yoast-schema-graph\">{\"@context\":\"https:\\\/\\\/schema.org\",\"@graph\":[{\"@type\":\"Article\",\"@id\":\"https:\\\/\\\/dana.com.br\\\/canaldana\\\/2023\\\/10\\\/27\\\/porto-alegre-sedia-o-maior-festival-brasileiro-de-robotica\\\/#article\",\"isPartOf\":{\"@id\":\"https:\\\/\\\/dana.com.br\\\/canaldana\\\/2023\\\/10\\\/27\\\/porto-alegre-sedia-o-maior-festival-brasileiro-de-robotica\\\/\"},\"author\":{\"name\":\"Canal Dana\",\"@id\":\"https:\\\/\\\/dana.com.br\\\/canaldana\\\/#\\\/schema\\\/person\\\/3c21f22f56fcf3bc46b94bc60ea4fef6\"},\"headline\":\"Porto Alegre sedia o maior festival brasileiro de rob\u00f3tica\",\"datePublished\":\"2023-10-27T11:52:34+00:00\",\"mainEntityOfPage\":{\"@id\":\"https:\\\/\\\/dana.com.br\\\/canaldana\\\/2023\\\/10\\\/27\\\/porto-alegre-sedia-o-maior-festival-brasileiro-de-robotica\\\/\"},\"wordCount\":639,\"articleSection\":[\"Eventos\"],\"inLanguage\":\"pt-BR\"},{\"@type\":\"WebPage\",\"@id\":\"https:\\\/\\\/dana.com.br\\\/canaldana\\\/2023\\\/10\\\/27\\\/porto-alegre-sedia-o-maior-festival-brasileiro-de-robotica\\\/\",\"url\":\"https:\\\/\\\/dana.com.br\\\/canaldana\\\/2023\\\/10\\\/27\\\/porto-alegre-sedia-o-maior-festival-brasileiro-de-robotica\\\/\",\"name\":\"Porto Alegre sedia o maior festival brasileiro de rob\u00f3tica - Canal Dana\",\"isPartOf\":{\"@id\":\"https:\\\/\\\/dana.com.br\\\/canaldana\\\/#website\"},\"datePublished\":\"2023-10-27T11:52:34+00:00\",\"author\":{\"@id\":\"https:\\\/\\\/dana.com.br\\\/canaldana\\\/#\\\/schema\\\/person\\\/3c21f22f56fcf3bc46b94bc60ea4fef6\"},\"breadcrumb\":{\"@id\":\"https:\\\/\\\/dana.com.br\\\/canaldana\\\/2023\\\/10\\\/27\\\/porto-alegre-sedia-o-maior-festival-brasileiro-de-robotica\\\/#breadcrumb\"},\"inLanguage\":\"pt-BR\",\"potentialAction\":[{\"@type\":\"ReadAction\",\"target\":[\"https:\\\/\\\/dana.com.br\\\/canaldana\\\/2023\\\/10\\\/27\\\/porto-alegre-sedia-o-maior-festival-brasileiro-de-robotica\\\/\"]}]},{\"@type\":\"BreadcrumbList\",\"@id\":\"https:\\\/\\\/dana.com.br\\\/canaldana\\\/2023\\\/10\\\/27\\\/porto-alegre-sedia-o-maior-festival-brasileiro-de-robotica\\\/#breadcrumb\",\"itemListElement\":[{\"@type\":\"ListItem\",\"position\":1,\"name\":\"Home\",\"item\":\"https:\\\/\\\/dana.com.br\\\/canaldana\\\/\"},{\"@type\":\"ListItem\",\"position\":2,\"name\":\"Eventos\",\"item\":\"https:\\\/\\\/dana.com.br\\\/canaldana\\\/eventos\\\/\"},{\"@type\":\"ListItem\",\"position\":3,\"name\":\"Porto Alegre sedia o maior festival brasileiro de rob\u00f3tica\"}]},{\"@type\":\"WebSite\",\"@id\":\"https:\\\/\\\/dana.com.br\\\/canaldana\\\/#website\",\"url\":\"https:\\\/\\\/dana.com.br\\\/canaldana\\\/\",\"name\":\"Canal Dana\",\"description\":\"Informativo com as principais not\u00edcias da ind\u00fastria automotiva\",\"potentialAction\":[{\"@type\":\"SearchAction\",\"target\":{\"@type\":\"EntryPoint\",\"urlTemplate\":\"https:\\\/\\\/dana.com.br\\\/canaldana\\\/?s={search_term_string}\"},\"query-input\":{\"@type\":\"PropertyValueSpecification\",\"valueRequired\":true,\"valueName\":\"search_term_string\"}}],\"inLanguage\":\"pt-BR\"},{\"@type\":\"Person\",\"@id\":\"https:\\\/\\\/dana.com.br\\\/canaldana\\\/#\\\/schema\\\/person\\\/3c21f22f56fcf3bc46b94bc60ea4fef6\",\"name\":\"Canal Dana\",\"image\":{\"@type\":\"ImageObject\",\"inLanguage\":\"pt-BR\",\"@id\":\"https:\\\/\\\/secure.gravatar.com\\\/avatar\\\/420aaf9278582877d9018637c6817617705899d2858d7572ef0fe59a6b6454b4?s=96&d=mm&r=g\",\"url\":\"https:\\\/\\\/secure.gravatar.com\\\/avatar\\\/420aaf9278582877d9018637c6817617705899d2858d7572ef0fe59a6b6454b4?s=96&d=mm&r=g\",\"contentUrl\":\"https:\\\/\\\/secure.gravatar.com\\\/avatar\\\/420aaf9278582877d9018637c6817617705899d2858d7572ef0fe59a6b6454b4?s=96&d=mm&r=g\",\"caption\":\"Canal Dana\"},\"url\":\"https:\\\/\\\/dana.com.br\\\/canaldana\\\/author\\\/cdeditor\\\/\"}]}<\/script>\n<!-- \/ Yoast SEO plugin. -->","yoast_head_json":{"title":"Porto Alegre sedia o maior festival brasileiro de rob\u00f3tica - Canal Dana","robots":{"index":"index","follow":"follow","max-snippet":"max-snippet:-1","max-image-preview":"max-image-preview:large","max-video-preview":"max-video-preview:-1"},"canonical":"https:\/\/dana.com.br\/canaldana\/2023\/10\/27\/porto-alegre-sedia-o-maior-festival-brasileiro-de-robotica\/","og_locale":"pt_BR","og_type":"article","og_title":"Porto Alegre sedia o maior festival brasileiro de rob\u00f3tica - Canal Dana","og_description":"Coisas de Agora &nbsp; A capital ga\u00facha se prepara para receber, nos dias 09 e 10 de novembro, a 15\u00aa edi\u00e7\u00e3o do Festival Marista de Rob\u00f3tica (FMR): maior evento da categoria no Brasil. O encontro acontece na Pontif\u00edcia Universidade Cat\u00f3lica do Rio Grande do Sul (PUCRS) e deve reunir cerca de 2 mil estudantes brasileiros\u2026 Leia mais \u00bb","og_url":"https:\/\/dana.com.br\/canaldana\/2023\/10\/27\/porto-alegre-sedia-o-maior-festival-brasileiro-de-robotica\/","og_site_name":"Canal Dana","article_published_time":"2023-10-27T11:52:34+00:00","author":"Canal Dana","twitter_card":"summary_large_image","twitter_misc":{"Escrito por":"Canal Dana","Est. tempo de leitura":"4 minutos"},"schema":{"@context":"https:\/\/schema.org","@graph":[{"@type":"Article","@id":"https:\/\/dana.com.br\/canaldana\/2023\/10\/27\/porto-alegre-sedia-o-maior-festival-brasileiro-de-robotica\/#article","isPartOf":{"@id":"https:\/\/dana.com.br\/canaldana\/2023\/10\/27\/porto-alegre-sedia-o-maior-festival-brasileiro-de-robotica\/"},"author":{"name":"Canal Dana","@id":"https:\/\/dana.com.br\/canaldana\/#\/schema\/person\/3c21f22f56fcf3bc46b94bc60ea4fef6"},"headline":"Porto Alegre sedia o maior festival brasileiro de rob\u00f3tica","datePublished":"2023-10-27T11:52:34+00:00","mainEntityOfPage":{"@id":"https:\/\/dana.com.br\/canaldana\/2023\/10\/27\/porto-alegre-sedia-o-maior-festival-brasileiro-de-robotica\/"},"wordCount":639,"articleSection":["Eventos"],"inLanguage":"pt-BR"},{"@type":"WebPage","@id":"https:\/\/dana.com.br\/canaldana\/2023\/10\/27\/porto-alegre-sedia-o-maior-festival-brasileiro-de-robotica\/","url":"https:\/\/dana.com.br\/canaldana\/2023\/10\/27\/porto-alegre-sedia-o-maior-festival-brasileiro-de-robotica\/","name":"Porto Alegre sedia o maior festival brasileiro de rob\u00f3tica - Canal Dana","isPartOf":{"@id":"https:\/\/dana.com.br\/canaldana\/#website"},"datePublished":"2023-10-27T11:52:34+00:00","author":{"@id":"https:\/\/dana.com.br\/canaldana\/#\/schema\/person\/3c21f22f56fcf3bc46b94bc60ea4fef6"},"breadcrumb":{"@id":"https:\/\/dana.com.br\/canaldana\/2023\/10\/27\/porto-alegre-sedia-o-maior-festival-brasileiro-de-robotica\/#breadcrumb"},"inLanguage":"pt-BR","potentialAction":[{"@type":"ReadAction","target":["https:\/\/dana.com.br\/canaldana\/2023\/10\/27\/porto-alegre-sedia-o-maior-festival-brasileiro-de-robotica\/"]}]},{"@type":"BreadcrumbList","@id":"https:\/\/dana.com.br\/canaldana\/2023\/10\/27\/porto-alegre-sedia-o-maior-festival-brasileiro-de-robotica\/#breadcrumb","itemListElement":[{"@type":"ListItem","position":1,"name":"Home","item":"https:\/\/dana.com.br\/canaldana\/"},{"@type":"ListItem","position":2,"name":"Eventos","item":"https:\/\/dana.com.br\/canaldana\/eventos\/"},{"@type":"ListItem","position":3,"name":"Porto Alegre sedia o maior festival brasileiro de rob\u00f3tica"}]},{"@type":"WebSite","@id":"https:\/\/dana.com.br\/canaldana\/#website","url":"https:\/\/dana.com.br\/canaldana\/","name":"Canal Dana","description":"Informativo com as principais not\u00edcias da ind\u00fastria automotiva","potentialAction":[{"@type":"SearchAction","target":{"@type":"EntryPoint","urlTemplate":"https:\/\/dana.com.br\/canaldana\/?s={search_term_string}"},"query-input":{"@type":"PropertyValueSpecification","valueRequired":true,"valueName":"search_term_string"}}],"inLanguage":"pt-BR"},{"@type":"Person","@id":"https:\/\/dana.com.br\/canaldana\/#\/schema\/person\/3c21f22f56fcf3bc46b94bc60ea4fef6","name":"Canal Dana","image":{"@type":"ImageObject","inLanguage":"pt-BR","@id":"https:\/\/secure.gravatar.com\/avatar\/420aaf9278582877d9018637c6817617705899d2858d7572ef0fe59a6b6454b4?s=96&d=mm&r=g","url":"https:\/\/secure.gravatar.com\/avatar\/420aaf9278582877d9018637c6817617705899d2858d7572ef0fe59a6b6454b4?s=96&d=mm&r=g","contentUrl":"https:\/\/secure.gravatar.com\/avatar\/420aaf9278582877d9018637c6817617705899d2858d7572ef0fe59a6b6454b4?s=96&d=mm&r=g","caption":"Canal Dana"},"url":"https:\/\/dana.com.br\/canaldana\/author\/cdeditor\/"}]}},"_links":{"self":[{"href":"https:\/\/dana.com.br\/canaldana\/wp-json\/wp\/v2\/posts\/69338","targetHints":{"allow":["GET"]}}],"collection":[{"href":"https:\/\/dana.com.br\/canaldana\/wp-json\/wp\/v2\/posts"}],"about":[{"href":"https:\/\/dana.com.br\/canaldana\/wp-json\/wp\/v2\/types\/post"}],"author":[{"embeddable":true,"href":"https:\/\/dana.com.br\/canaldana\/wp-json\/wp\/v2\/users\/3"}],"replies":[{"embeddable":true,"href":"https:\/\/dana.com.br\/canaldana\/wp-json\/wp\/v2\/comments?post=69338"}],"version-history":[{"count":0,"href":"https:\/\/dana.com.br\/canaldana\/wp-json\/wp\/v2\/posts\/69338\/revisions"}],"wp:attachment":[{"href":"https:\/\/dana.com.br\/canaldana\/wp-json\/wp\/v2\/media?parent=69338"}],"wp:term":[{"taxonomy":"category","embeddable":true,"href":"https:\/\/dana.com.br\/canaldana\/wp-json\/wp\/v2\/categories?post=69338"},{"taxonomy":"post_tag","embeddable":true,"href":"https:\/\/dana.com.br\/canaldana\/wp-json\/wp\/v2\/tags?post=69338"}],"curies":[{"name":"wp","href":"https:\/\/api.w.org\/{rel}","templated":true}]}}