{"id":68922,"date":"2023-10-10T08:14:07","date_gmt":"2023-10-10T11:14:07","guid":{"rendered":"https:\/\/dana.com.br\/canaldana\/?p=68922"},"modified":"2023-10-10T08:14:07","modified_gmt":"2023-10-10T11:14:07","slug":"novo-honda-accord-hibrido-chega-com-consumo-de-moto-e-preco-de-carro-de-luxo","status":"publish","type":"post","link":"https:\/\/dana.com.br\/canaldana\/2023\/10\/10\/novo-honda-accord-hibrido-chega-com-consumo-de-moto-e-preco-de-carro-de-luxo\/","title":{"rendered":"Novo Honda Accord h\u00edbrido chega com consumo de moto e pre\u00e7o de carro de luxo"},"content":{"rendered":"<p><em>Vrum <\/em><\/p>\n<p>&nbsp;<\/p>\n<p>A Honda oficializou, nesta segunda-feira (9), o lan\u00e7amento da nova gera\u00e7\u00e3o do Accord, que chega importado dos EUA em vers\u00e3o \u00fanica h\u00edbrida, batizada de Advanced Hybrid. Com um pre\u00e7o um tanto salgado, partindo dos R$ 324.900, o modelo ocupar\u00e1 a posi\u00e7\u00e3o de topo no portf\u00f3lio nacional da marca, sendo o maior sedan da fabricante japonesa vendido por aqui.<\/p>\n<p>&nbsp;<\/p>\n<p>Outro destaque do ve\u00edculo ser\u00e1 o baixo consumo: segundo dados do Programa Brasileiro de Etiquetagem Veicular, o Accord h\u00edbrido tem consumo de 17,8km\/l na cidade urbano e 16,1km\/l na estrada.<\/p>\n<p>&nbsp;<\/p>\n<p>Tais valores s\u00e3o proporcionados por um motor 2.0 aspirado a gasolina de 146cv de pot\u00eancia e 19,2kgfm de torque, associado a outros dois propulsores el\u00e9tricos, sendo um de tra\u00e7\u00e3o e outro destinado \u00e0 gera\u00e7\u00e3o de energia para a IPU (Intelligent Power Unit). A pot\u00eancia total entregue \u00e9 de 207cv, e o c\u00e2mbio \u00e9 autom\u00e1tico do tipo c-CVT.<\/p>\n<p>&nbsp;<\/p>\n<p>Ao todo, s\u00e3o oferecidos tr\u00eas modos de opera\u00e7\u00e3o: EV Drive (100% el\u00e9trico), Hybrid Drive (el\u00e9trico e combust\u00e3o) e Engine Drive (somente combust\u00e3o).<\/p>\n<p>&nbsp;<\/p>\n<p>No que diz respeito ao design, o novo Honda Accord segue aos moldes da nova gera\u00e7\u00e3o do Civic. Na frente, os far\u00f3is s\u00e3o mais afilados e os detalhes cromados foram retirados, trazendo \u201cum ar\u201d mais convencional e discreto ao modelo.<\/p>\n<p>&nbsp;<\/p>\n<p>Na traseira, as lanternas s\u00e3o interligadas em uma faixa escura que atravessa o ve\u00edculo de ponta \u00e0 ponta \u2013 algo semelhante ao que vemos nos Volkswagen T-Cross e Nivus, por exemplo. As rodas, por sua vez, s\u00e3o de 18 polegadas.<\/p>\n<p>&nbsp;<\/p>\n<p>Diferentemente do Civic, no entanto, o Honda Accord \u00e9 um sedan de dimens\u00f5es mais avantajadas: com 4,97m de comprimento, 2,83m de entre-eixos, 1,46m de altura e 1,86m de largura. J\u00e1 o porta-malas tem 574 litros de capacidade.<\/p>\n<p>&nbsp;<\/p>\n<p>O interior, por fim, \u00e9 moderno e bem acabado, com bancos, volante, alavanca e pain\u00e9is de porta forrados em couro natural previamente amaciado. O assento do motorista tem tamb\u00e9m ajuste el\u00e9trico e de mem\u00f3ria.<\/p>\n<p>&nbsp;<\/p>\n<p>O Accord Advanced Hybrid pode ser comprado nas cores Prata Esterlina Met\u00e1lico, Preto Cristal Perolizado ou Branco Top\u00e1zio Perolizado. Por dentro, o revestimento ser\u00e1 cinza claro quando o carro for branco e preto nos demais casos.<\/p>\n<p>&nbsp;<\/p>\n<p>Entre os equipamentos oferecidos na nova gera\u00e7\u00e3o do Honda Accord, est\u00e3o: painel de instrumentos de 10,2 polegadas; central multim\u00eddia de 12,3&#8243; com conex\u00e3o de celular sem fio; ar-condicionado de duas zonas, digital, autom\u00e1tico e com sa\u00edda para segunda fileira; sistema de som com 12 alto-falantes; quatro entradas USB-C iluminadas; carregador de celular por indu\u00e7\u00e3o no console central; e outros.<\/p>\n<p>&nbsp;<\/p>\n<p>O pacote de assist\u00eancia e seguran\u00e7a tamb\u00e9m veio recheado, com c\u00e2mera de alta capacidade instalada no topo do para-brisa, radar de ondas milim\u00e9tricas na grade frontal, controle de cruzeiro adaptativo, sistema de frenagem para mitiga\u00e7\u00e3o de colis\u00e3o, sistema de assist\u00eancia de perman\u00eancia em faixa, sistema para mitiga\u00e7\u00e3o de evas\u00e3o de pista, farol alto autom\u00e1tico e 8 airbags (2 frontais, 2 laterais, 2 do tipo cortina e 2 de joelhos).<\/p>\n<p>&nbsp;<\/p>\n<p>O novo Accord h\u00edbrido tem, ainda, monitor de aten\u00e7\u00e3o do motorista, assistente de tra\u00e7\u00e3o e estabilidade (VSA), assistente de partida em rampa (HSA), sistema de luzes de emerg\u00eancia em frenagens severas (ESS), c\u00e2mera de r\u00e9 multivis\u00e3o com linhas din\u00e2micas e outros. (Vrum\/Laura Carellos)<\/p>\n","protected":false},"excerpt":{"rendered":"<p>Vrum &nbsp; A Honda oficializou, nesta segunda-feira (9), o lan\u00e7amento da nova gera\u00e7\u00e3o do Accord, que chega importado dos EUA em vers\u00e3o \u00fanica h\u00edbrida, batizada de Advanced Hybrid. Com um pre\u00e7o um tanto salgado, partindo dos R$ 324.900, o modelo ocupar\u00e1 a posi\u00e7\u00e3o de topo no portf\u00f3lio nacional da marca, sendo o maior sedan da\u2026 <a class=\"readmore\" href=\"https:\/\/dana.com.br\/canaldana\/2023\/10\/10\/novo-honda-accord-hibrido-chega-com-consumo-de-moto-e-preco-de-carro-de-luxo\/\">Leia mais \u00bb<\/a><\/p>\n","protected":false},"author":3,"featured_media":0,"comment_status":"closed","ping_status":"closed","sticky":false,"template":"","format":"standard","meta":{"_acf_changed":false,"footnotes":""},"categories":[79],"tags":[],"class_list":["post-68922","post","type-post","status-publish","format-standard","hentry","category-mercado"],"acf":[],"yoast_head":"<!-- This site is optimized with the Yoast SEO plugin v27.3 - https:\/\/yoast.com\/product\/yoast-seo-wordpress\/ -->\n<title>Novo Honda Accord h\u00edbrido chega com consumo de moto e pre\u00e7o de carro de luxo - Canal Dana<\/title>\n<meta name=\"robots\" content=\"index, follow, max-snippet:-1, max-image-preview:large, max-video-preview:-1\" \/>\n<link rel=\"canonical\" href=\"https:\/\/dana.com.br\/canaldana\/2023\/10\/10\/novo-honda-accord-hibrido-chega-com-consumo-de-moto-e-preco-de-carro-de-luxo\/\" \/>\n<meta property=\"og:locale\" content=\"pt_BR\" \/>\n<meta property=\"og:type\" content=\"article\" \/>\n<meta property=\"og:title\" content=\"Novo Honda Accord h\u00edbrido chega com consumo de moto e pre\u00e7o de carro de luxo - Canal Dana\" \/>\n<meta property=\"og:description\" content=\"Vrum &nbsp; A Honda oficializou, nesta segunda-feira (9), o lan\u00e7amento da nova gera\u00e7\u00e3o do Accord, que chega importado dos EUA em vers\u00e3o \u00fanica h\u00edbrida, batizada de Advanced Hybrid. Com um pre\u00e7o um tanto salgado, partindo dos R$ 324.900, o modelo ocupar\u00e1 a posi\u00e7\u00e3o de topo no portf\u00f3lio nacional da marca, sendo o maior sedan da\u2026 Leia mais \u00bb\" \/>\n<meta property=\"og:url\" content=\"https:\/\/dana.com.br\/canaldana\/2023\/10\/10\/novo-honda-accord-hibrido-chega-com-consumo-de-moto-e-preco-de-carro-de-luxo\/\" \/>\n<meta property=\"og:site_name\" content=\"Canal Dana\" \/>\n<meta property=\"article:published_time\" content=\"2023-10-10T11:14:07+00:00\" \/>\n<meta name=\"author\" content=\"Canal Dana\" \/>\n<meta name=\"twitter:card\" content=\"summary_large_image\" \/>\n<meta name=\"twitter:label1\" content=\"Escrito por\" \/>\n\t<meta name=\"twitter:data1\" content=\"Canal Dana\" \/>\n\t<meta name=\"twitter:label2\" content=\"Est. tempo de leitura\" \/>\n\t<meta name=\"twitter:data2\" content=\"3 minutos\" \/>\n<script type=\"application\/ld+json\" class=\"yoast-schema-graph\">{\"@context\":\"https:\\\/\\\/schema.org\",\"@graph\":[{\"@type\":\"Article\",\"@id\":\"https:\\\/\\\/dana.com.br\\\/canaldana\\\/2023\\\/10\\\/10\\\/novo-honda-accord-hibrido-chega-com-consumo-de-moto-e-preco-de-carro-de-luxo\\\/#article\",\"isPartOf\":{\"@id\":\"https:\\\/\\\/dana.com.br\\\/canaldana\\\/2023\\\/10\\\/10\\\/novo-honda-accord-hibrido-chega-com-consumo-de-moto-e-preco-de-carro-de-luxo\\\/\"},\"author\":{\"name\":\"Canal Dana\",\"@id\":\"https:\\\/\\\/dana.com.br\\\/canaldana\\\/#\\\/schema\\\/person\\\/3c21f22f56fcf3bc46b94bc60ea4fef6\"},\"headline\":\"Novo Honda Accord h\u00edbrido chega com consumo de moto e pre\u00e7o de carro de luxo\",\"datePublished\":\"2023-10-10T11:14:07+00:00\",\"mainEntityOfPage\":{\"@id\":\"https:\\\/\\\/dana.com.br\\\/canaldana\\\/2023\\\/10\\\/10\\\/novo-honda-accord-hibrido-chega-com-consumo-de-moto-e-preco-de-carro-de-luxo\\\/\"},\"wordCount\":600,\"articleSection\":[\"Mercado\"],\"inLanguage\":\"pt-BR\"},{\"@type\":\"WebPage\",\"@id\":\"https:\\\/\\\/dana.com.br\\\/canaldana\\\/2023\\\/10\\\/10\\\/novo-honda-accord-hibrido-chega-com-consumo-de-moto-e-preco-de-carro-de-luxo\\\/\",\"url\":\"https:\\\/\\\/dana.com.br\\\/canaldana\\\/2023\\\/10\\\/10\\\/novo-honda-accord-hibrido-chega-com-consumo-de-moto-e-preco-de-carro-de-luxo\\\/\",\"name\":\"Novo Honda Accord h\u00edbrido chega com consumo de moto e pre\u00e7o de carro de luxo - Canal Dana\",\"isPartOf\":{\"@id\":\"https:\\\/\\\/dana.com.br\\\/canaldana\\\/#website\"},\"datePublished\":\"2023-10-10T11:14:07+00:00\",\"author\":{\"@id\":\"https:\\\/\\\/dana.com.br\\\/canaldana\\\/#\\\/schema\\\/person\\\/3c21f22f56fcf3bc46b94bc60ea4fef6\"},\"breadcrumb\":{\"@id\":\"https:\\\/\\\/dana.com.br\\\/canaldana\\\/2023\\\/10\\\/10\\\/novo-honda-accord-hibrido-chega-com-consumo-de-moto-e-preco-de-carro-de-luxo\\\/#breadcrumb\"},\"inLanguage\":\"pt-BR\",\"potentialAction\":[{\"@type\":\"ReadAction\",\"target\":[\"https:\\\/\\\/dana.com.br\\\/canaldana\\\/2023\\\/10\\\/10\\\/novo-honda-accord-hibrido-chega-com-consumo-de-moto-e-preco-de-carro-de-luxo\\\/\"]}]},{\"@type\":\"BreadcrumbList\",\"@id\":\"https:\\\/\\\/dana.com.br\\\/canaldana\\\/2023\\\/10\\\/10\\\/novo-honda-accord-hibrido-chega-com-consumo-de-moto-e-preco-de-carro-de-luxo\\\/#breadcrumb\",\"itemListElement\":[{\"@type\":\"ListItem\",\"position\":1,\"name\":\"Home\",\"item\":\"https:\\\/\\\/dana.com.br\\\/canaldana\\\/\"},{\"@type\":\"ListItem\",\"position\":2,\"name\":\"Mercado\",\"item\":\"https:\\\/\\\/dana.com.br\\\/canaldana\\\/mercado\\\/\"},{\"@type\":\"ListItem\",\"position\":3,\"name\":\"Novo Honda Accord h\u00edbrido chega com consumo de moto e pre\u00e7o de carro de luxo\"}]},{\"@type\":\"WebSite\",\"@id\":\"https:\\\/\\\/dana.com.br\\\/canaldana\\\/#website\",\"url\":\"https:\\\/\\\/dana.com.br\\\/canaldana\\\/\",\"name\":\"Canal Dana\",\"description\":\"Informativo com as principais not\u00edcias da ind\u00fastria automotiva\",\"potentialAction\":[{\"@type\":\"SearchAction\",\"target\":{\"@type\":\"EntryPoint\",\"urlTemplate\":\"https:\\\/\\\/dana.com.br\\\/canaldana\\\/?s={search_term_string}\"},\"query-input\":{\"@type\":\"PropertyValueSpecification\",\"valueRequired\":true,\"valueName\":\"search_term_string\"}}],\"inLanguage\":\"pt-BR\"},{\"@type\":\"Person\",\"@id\":\"https:\\\/\\\/dana.com.br\\\/canaldana\\\/#\\\/schema\\\/person\\\/3c21f22f56fcf3bc46b94bc60ea4fef6\",\"name\":\"Canal Dana\",\"image\":{\"@type\":\"ImageObject\",\"inLanguage\":\"pt-BR\",\"@id\":\"https:\\\/\\\/secure.gravatar.com\\\/avatar\\\/420aaf9278582877d9018637c6817617705899d2858d7572ef0fe59a6b6454b4?s=96&d=mm&r=g\",\"url\":\"https:\\\/\\\/secure.gravatar.com\\\/avatar\\\/420aaf9278582877d9018637c6817617705899d2858d7572ef0fe59a6b6454b4?s=96&d=mm&r=g\",\"contentUrl\":\"https:\\\/\\\/secure.gravatar.com\\\/avatar\\\/420aaf9278582877d9018637c6817617705899d2858d7572ef0fe59a6b6454b4?s=96&d=mm&r=g\",\"caption\":\"Canal Dana\"},\"url\":\"https:\\\/\\\/dana.com.br\\\/canaldana\\\/author\\\/cdeditor\\\/\"}]}<\/script>\n<!-- \/ Yoast SEO plugin. -->","yoast_head_json":{"title":"Novo Honda Accord h\u00edbrido chega com consumo de moto e pre\u00e7o de carro de luxo - Canal Dana","robots":{"index":"index","follow":"follow","max-snippet":"max-snippet:-1","max-image-preview":"max-image-preview:large","max-video-preview":"max-video-preview:-1"},"canonical":"https:\/\/dana.com.br\/canaldana\/2023\/10\/10\/novo-honda-accord-hibrido-chega-com-consumo-de-moto-e-preco-de-carro-de-luxo\/","og_locale":"pt_BR","og_type":"article","og_title":"Novo Honda Accord h\u00edbrido chega com consumo de moto e pre\u00e7o de carro de luxo - Canal Dana","og_description":"Vrum &nbsp; A Honda oficializou, nesta segunda-feira (9), o lan\u00e7amento da nova gera\u00e7\u00e3o do Accord, que chega importado dos EUA em vers\u00e3o \u00fanica h\u00edbrida, batizada de Advanced Hybrid. Com um pre\u00e7o um tanto salgado, partindo dos R$ 324.900, o modelo ocupar\u00e1 a posi\u00e7\u00e3o de topo no portf\u00f3lio nacional da marca, sendo o maior sedan da\u2026 Leia mais \u00bb","og_url":"https:\/\/dana.com.br\/canaldana\/2023\/10\/10\/novo-honda-accord-hibrido-chega-com-consumo-de-moto-e-preco-de-carro-de-luxo\/","og_site_name":"Canal Dana","article_published_time":"2023-10-10T11:14:07+00:00","author":"Canal Dana","twitter_card":"summary_large_image","twitter_misc":{"Escrito por":"Canal Dana","Est. tempo de leitura":"3 minutos"},"schema":{"@context":"https:\/\/schema.org","@graph":[{"@type":"Article","@id":"https:\/\/dana.com.br\/canaldana\/2023\/10\/10\/novo-honda-accord-hibrido-chega-com-consumo-de-moto-e-preco-de-carro-de-luxo\/#article","isPartOf":{"@id":"https:\/\/dana.com.br\/canaldana\/2023\/10\/10\/novo-honda-accord-hibrido-chega-com-consumo-de-moto-e-preco-de-carro-de-luxo\/"},"author":{"name":"Canal Dana","@id":"https:\/\/dana.com.br\/canaldana\/#\/schema\/person\/3c21f22f56fcf3bc46b94bc60ea4fef6"},"headline":"Novo Honda Accord h\u00edbrido chega com consumo de moto e pre\u00e7o de carro de luxo","datePublished":"2023-10-10T11:14:07+00:00","mainEntityOfPage":{"@id":"https:\/\/dana.com.br\/canaldana\/2023\/10\/10\/novo-honda-accord-hibrido-chega-com-consumo-de-moto-e-preco-de-carro-de-luxo\/"},"wordCount":600,"articleSection":["Mercado"],"inLanguage":"pt-BR"},{"@type":"WebPage","@id":"https:\/\/dana.com.br\/canaldana\/2023\/10\/10\/novo-honda-accord-hibrido-chega-com-consumo-de-moto-e-preco-de-carro-de-luxo\/","url":"https:\/\/dana.com.br\/canaldana\/2023\/10\/10\/novo-honda-accord-hibrido-chega-com-consumo-de-moto-e-preco-de-carro-de-luxo\/","name":"Novo Honda Accord h\u00edbrido chega com consumo de moto e pre\u00e7o de carro de luxo - Canal Dana","isPartOf":{"@id":"https:\/\/dana.com.br\/canaldana\/#website"},"datePublished":"2023-10-10T11:14:07+00:00","author":{"@id":"https:\/\/dana.com.br\/canaldana\/#\/schema\/person\/3c21f22f56fcf3bc46b94bc60ea4fef6"},"breadcrumb":{"@id":"https:\/\/dana.com.br\/canaldana\/2023\/10\/10\/novo-honda-accord-hibrido-chega-com-consumo-de-moto-e-preco-de-carro-de-luxo\/#breadcrumb"},"inLanguage":"pt-BR","potentialAction":[{"@type":"ReadAction","target":["https:\/\/dana.com.br\/canaldana\/2023\/10\/10\/novo-honda-accord-hibrido-chega-com-consumo-de-moto-e-preco-de-carro-de-luxo\/"]}]},{"@type":"BreadcrumbList","@id":"https:\/\/dana.com.br\/canaldana\/2023\/10\/10\/novo-honda-accord-hibrido-chega-com-consumo-de-moto-e-preco-de-carro-de-luxo\/#breadcrumb","itemListElement":[{"@type":"ListItem","position":1,"name":"Home","item":"https:\/\/dana.com.br\/canaldana\/"},{"@type":"ListItem","position":2,"name":"Mercado","item":"https:\/\/dana.com.br\/canaldana\/mercado\/"},{"@type":"ListItem","position":3,"name":"Novo Honda Accord h\u00edbrido chega com consumo de moto e pre\u00e7o de carro de luxo"}]},{"@type":"WebSite","@id":"https:\/\/dana.com.br\/canaldana\/#website","url":"https:\/\/dana.com.br\/canaldana\/","name":"Canal Dana","description":"Informativo com as principais not\u00edcias da ind\u00fastria automotiva","potentialAction":[{"@type":"SearchAction","target":{"@type":"EntryPoint","urlTemplate":"https:\/\/dana.com.br\/canaldana\/?s={search_term_string}"},"query-input":{"@type":"PropertyValueSpecification","valueRequired":true,"valueName":"search_term_string"}}],"inLanguage":"pt-BR"},{"@type":"Person","@id":"https:\/\/dana.com.br\/canaldana\/#\/schema\/person\/3c21f22f56fcf3bc46b94bc60ea4fef6","name":"Canal Dana","image":{"@type":"ImageObject","inLanguage":"pt-BR","@id":"https:\/\/secure.gravatar.com\/avatar\/420aaf9278582877d9018637c6817617705899d2858d7572ef0fe59a6b6454b4?s=96&d=mm&r=g","url":"https:\/\/secure.gravatar.com\/avatar\/420aaf9278582877d9018637c6817617705899d2858d7572ef0fe59a6b6454b4?s=96&d=mm&r=g","contentUrl":"https:\/\/secure.gravatar.com\/avatar\/420aaf9278582877d9018637c6817617705899d2858d7572ef0fe59a6b6454b4?s=96&d=mm&r=g","caption":"Canal Dana"},"url":"https:\/\/dana.com.br\/canaldana\/author\/cdeditor\/"}]}},"_links":{"self":[{"href":"https:\/\/dana.com.br\/canaldana\/wp-json\/wp\/v2\/posts\/68922","targetHints":{"allow":["GET"]}}],"collection":[{"href":"https:\/\/dana.com.br\/canaldana\/wp-json\/wp\/v2\/posts"}],"about":[{"href":"https:\/\/dana.com.br\/canaldana\/wp-json\/wp\/v2\/types\/post"}],"author":[{"embeddable":true,"href":"https:\/\/dana.com.br\/canaldana\/wp-json\/wp\/v2\/users\/3"}],"replies":[{"embeddable":true,"href":"https:\/\/dana.com.br\/canaldana\/wp-json\/wp\/v2\/comments?post=68922"}],"version-history":[{"count":0,"href":"https:\/\/dana.com.br\/canaldana\/wp-json\/wp\/v2\/posts\/68922\/revisions"}],"wp:attachment":[{"href":"https:\/\/dana.com.br\/canaldana\/wp-json\/wp\/v2\/media?parent=68922"}],"wp:term":[{"taxonomy":"category","embeddable":true,"href":"https:\/\/dana.com.br\/canaldana\/wp-json\/wp\/v2\/categories?post=68922"},{"taxonomy":"post_tag","embeddable":true,"href":"https:\/\/dana.com.br\/canaldana\/wp-json\/wp\/v2\/tags?post=68922"}],"curies":[{"name":"wp","href":"https:\/\/api.w.org\/{rel}","templated":true}]}}