{"id":68774,"date":"2023-10-04T08:16:54","date_gmt":"2023-10-04T11:16:54","guid":{"rendered":"https:\/\/dana.com.br\/canaldana\/?p=68774"},"modified":"2023-10-04T08:16:54","modified_gmt":"2023-10-04T11:16:54","slug":"vwco-expande-operacao-na-jordania-com-atendimento-a-grandes-clientes","status":"publish","type":"post","link":"https:\/\/dana.com.br\/canaldana\/2023\/10\/04\/vwco-expande-operacao-na-jordania-com-atendimento-a-grandes-clientes\/","title":{"rendered":"VWCO expande opera\u00e7\u00e3o na Jord\u00e2nia com atendimento a grandes clientes"},"content":{"rendered":"<p><em>Revista Caminhoneiro<\/em><\/p>\n<p>&nbsp;<\/p>\n<p>Primeira importadora oficial da Volkswagen Caminh\u00f5es e \u00d4nibus na Jord\u00e2nia, a Integrated Automotive comemora a inaugura\u00e7\u00e3o de seu rec\u00e9m-ampliado centro de atendimento a clientes, ao mesmo tempo em que comemora a conquista de seu primeiro grande cliente no pa\u00eds. A nova estrutura conta com cerca de cinco mil metros quadrados para atender ao p\u00fablico da Integrated Automotive no pa\u00eds, entre eles, a Pepsi que acaba de adquirir cinco unidades do Constellation 17.280 4&#215;2 para a distribui\u00e7\u00e3o de seus produtos no pa\u00eds.<\/p>\n<p>&nbsp;<\/p>\n<p>A inaugura\u00e7\u00e3o tamb\u00e9m marcou o anivers\u00e1rio de 70 anos do grupo ao qual a IA \u2013 Integrated Automotive faz parte, com mais de 6.000 funcion\u00e1rios e que representa tamb\u00e9m outras marcas do Grupo Volkswagen. Com quase 15 anos no mercado, a IA j\u00e1 representa a MAN Truck &amp; Bus no pa\u00eds e conta com uma equipe de experts em ve\u00edculos comerciais para atender aos clientes tanto nas vendas quanto no p\u00f3s-vendas. A oferta da VWCO no pa\u00eds contempla modelos das fam\u00edlias Delivery e Constellation.<\/p>\n<p>&nbsp;<\/p>\n<p>\u201cEste evento significa o in\u00edcio de um novo cap\u00edtulo para a Integrated Automotive, alimentando-nos com uma determina\u00e7\u00e3o ainda maior em dire\u00e7\u00e3o a um futuro promissor e novos patamares de sucesso. Tamb\u00e9m sublinha o nosso compromisso inabal\u00e1vel em fornecer produtos de primeira linha, solu\u00e7\u00f5es de transporte inovadoras e servi\u00e7os p\u00f3s-venda excepcionais\u201d, destaca Ghassan Nuqul, presidente do Grupo Nuqul do qual a Integrated Automotive faz parte.<\/p>\n<p>&nbsp;<\/p>\n<p>Quem tamb\u00e9m ressalta a relev\u00e2ncia dessa parceria \u00e9 Leonardo Soloaga, diretor de Vendas Internacionais da Volkswagen Caminh\u00f5es e \u00d4nibus. \u201cSomamos for\u00e7as com a Integrated Automotive para entregar um portf\u00f3lio de produtos e servi\u00e7os de excel\u00eancia no mercado, com o padr\u00e3o de atendimento que \u00e9 marca da Volkswagen Caminh\u00f5es e \u00d4nibus mundialmente. E \u00e9 isso que nossos clientes sempre podem esperar. Seguimos em busca de oportunidades para ampliar essa oferta em novos pa\u00edses.<\/p>\n<p>&nbsp;<\/p>\n<p>Por sua vez, o gerente geral da Integrated Automotive, Ahed Sukhon, expressa seu entusiasmo pela parceria com a Volkswagen Caminh\u00f5es e \u00d4nibus e pela inaugura\u00e7\u00e3o do centro de atendimento, que destaca como a maior e mais avan\u00e7ada instala\u00e7\u00e3o do g\u00eanero no pa\u00eds. \u201cEssas conquistas n\u00e3o teriam sido poss\u00edveis sem o tremendo apoio do Grupo Nuqul desde o in\u00edcio e sua forte cren\u00e7a em nossa capacidade de ter sucesso juntos. Estendemos nossa mais sincera gratid\u00e3o e apre\u00e7o \u00e0 nossa incr\u00edvel equipe, que trabalha incansavelmente com paix\u00e3o, comprometimento e lealdade, cumprindo consistentemente suas fun\u00e7\u00f5es e, ao mesmo tempo, prestando excelentes servi\u00e7os p\u00f3s-venda aos nossos clientes,\u201d enfatiza. (Revista Caminhoneiro)<\/p>\n","protected":false},"excerpt":{"rendered":"<p>Revista Caminhoneiro &nbsp; Primeira importadora oficial da Volkswagen Caminh\u00f5es e \u00d4nibus na Jord\u00e2nia, a Integrated Automotive comemora a inaugura\u00e7\u00e3o de seu rec\u00e9m-ampliado centro de atendimento a clientes, ao mesmo tempo em que comemora a conquista de seu primeiro grande cliente no pa\u00eds. A nova estrutura conta com cerca de cinco mil metros quadrados para atender\u2026 <a class=\"readmore\" href=\"https:\/\/dana.com.br\/canaldana\/2023\/10\/04\/vwco-expande-operacao-na-jordania-com-atendimento-a-grandes-clientes\/\">Leia mais \u00bb<\/a><\/p>\n","protected":false},"author":3,"featured_media":0,"comment_status":"closed","ping_status":"closed","sticky":false,"template":"","format":"standard","meta":{"_acf_changed":false,"footnotes":""},"categories":[79],"tags":[],"class_list":["post-68774","post","type-post","status-publish","format-standard","hentry","category-mercado"],"acf":[],"yoast_head":"<!-- This site is optimized with the Yoast SEO plugin v27.3 - https:\/\/yoast.com\/product\/yoast-seo-wordpress\/ -->\n<title>VWCO expande opera\u00e7\u00e3o na Jord\u00e2nia com atendimento a grandes clientes - Canal Dana<\/title>\n<meta name=\"robots\" content=\"index, follow, max-snippet:-1, max-image-preview:large, max-video-preview:-1\" \/>\n<link rel=\"canonical\" href=\"https:\/\/dana.com.br\/canaldana\/2023\/10\/04\/vwco-expande-operacao-na-jordania-com-atendimento-a-grandes-clientes\/\" \/>\n<meta property=\"og:locale\" content=\"pt_BR\" \/>\n<meta property=\"og:type\" content=\"article\" \/>\n<meta property=\"og:title\" content=\"VWCO expande opera\u00e7\u00e3o na Jord\u00e2nia com atendimento a grandes clientes - Canal Dana\" \/>\n<meta property=\"og:description\" content=\"Revista Caminhoneiro &nbsp; Primeira importadora oficial da Volkswagen Caminh\u00f5es e \u00d4nibus na Jord\u00e2nia, a Integrated Automotive comemora a inaugura\u00e7\u00e3o de seu rec\u00e9m-ampliado centro de atendimento a clientes, ao mesmo tempo em que comemora a conquista de seu primeiro grande cliente no pa\u00eds. A nova estrutura conta com cerca de cinco mil metros quadrados para atender\u2026 Leia mais \u00bb\" \/>\n<meta property=\"og:url\" content=\"https:\/\/dana.com.br\/canaldana\/2023\/10\/04\/vwco-expande-operacao-na-jordania-com-atendimento-a-grandes-clientes\/\" \/>\n<meta property=\"og:site_name\" content=\"Canal Dana\" \/>\n<meta property=\"article:published_time\" content=\"2023-10-04T11:16:54+00:00\" \/>\n<meta name=\"author\" content=\"Canal Dana\" \/>\n<meta name=\"twitter:card\" content=\"summary_large_image\" \/>\n<meta name=\"twitter:label1\" content=\"Escrito por\" \/>\n\t<meta name=\"twitter:data1\" content=\"Canal Dana\" \/>\n\t<meta name=\"twitter:label2\" content=\"Est. tempo de leitura\" \/>\n\t<meta name=\"twitter:data2\" content=\"3 minutos\" \/>\n<script type=\"application\/ld+json\" class=\"yoast-schema-graph\">{\"@context\":\"https:\\\/\\\/schema.org\",\"@graph\":[{\"@type\":\"Article\",\"@id\":\"https:\\\/\\\/dana.com.br\\\/canaldana\\\/2023\\\/10\\\/04\\\/vwco-expande-operacao-na-jordania-com-atendimento-a-grandes-clientes\\\/#article\",\"isPartOf\":{\"@id\":\"https:\\\/\\\/dana.com.br\\\/canaldana\\\/2023\\\/10\\\/04\\\/vwco-expande-operacao-na-jordania-com-atendimento-a-grandes-clientes\\\/\"},\"author\":{\"name\":\"Canal Dana\",\"@id\":\"https:\\\/\\\/dana.com.br\\\/canaldana\\\/#\\\/schema\\\/person\\\/3c21f22f56fcf3bc46b94bc60ea4fef6\"},\"headline\":\"VWCO expande opera\u00e7\u00e3o na Jord\u00e2nia com atendimento a grandes clientes\",\"datePublished\":\"2023-10-04T11:16:54+00:00\",\"mainEntityOfPage\":{\"@id\":\"https:\\\/\\\/dana.com.br\\\/canaldana\\\/2023\\\/10\\\/04\\\/vwco-expande-operacao-na-jordania-com-atendimento-a-grandes-clientes\\\/\"},\"wordCount\":472,\"articleSection\":[\"Mercado\"],\"inLanguage\":\"pt-BR\"},{\"@type\":\"WebPage\",\"@id\":\"https:\\\/\\\/dana.com.br\\\/canaldana\\\/2023\\\/10\\\/04\\\/vwco-expande-operacao-na-jordania-com-atendimento-a-grandes-clientes\\\/\",\"url\":\"https:\\\/\\\/dana.com.br\\\/canaldana\\\/2023\\\/10\\\/04\\\/vwco-expande-operacao-na-jordania-com-atendimento-a-grandes-clientes\\\/\",\"name\":\"VWCO expande opera\u00e7\u00e3o na Jord\u00e2nia com atendimento a grandes clientes - Canal Dana\",\"isPartOf\":{\"@id\":\"https:\\\/\\\/dana.com.br\\\/canaldana\\\/#website\"},\"datePublished\":\"2023-10-04T11:16:54+00:00\",\"author\":{\"@id\":\"https:\\\/\\\/dana.com.br\\\/canaldana\\\/#\\\/schema\\\/person\\\/3c21f22f56fcf3bc46b94bc60ea4fef6\"},\"breadcrumb\":{\"@id\":\"https:\\\/\\\/dana.com.br\\\/canaldana\\\/2023\\\/10\\\/04\\\/vwco-expande-operacao-na-jordania-com-atendimento-a-grandes-clientes\\\/#breadcrumb\"},\"inLanguage\":\"pt-BR\",\"potentialAction\":[{\"@type\":\"ReadAction\",\"target\":[\"https:\\\/\\\/dana.com.br\\\/canaldana\\\/2023\\\/10\\\/04\\\/vwco-expande-operacao-na-jordania-com-atendimento-a-grandes-clientes\\\/\"]}]},{\"@type\":\"BreadcrumbList\",\"@id\":\"https:\\\/\\\/dana.com.br\\\/canaldana\\\/2023\\\/10\\\/04\\\/vwco-expande-operacao-na-jordania-com-atendimento-a-grandes-clientes\\\/#breadcrumb\",\"itemListElement\":[{\"@type\":\"ListItem\",\"position\":1,\"name\":\"Home\",\"item\":\"https:\\\/\\\/dana.com.br\\\/canaldana\\\/\"},{\"@type\":\"ListItem\",\"position\":2,\"name\":\"Mercado\",\"item\":\"https:\\\/\\\/dana.com.br\\\/canaldana\\\/mercado\\\/\"},{\"@type\":\"ListItem\",\"position\":3,\"name\":\"VWCO expande opera\u00e7\u00e3o na Jord\u00e2nia com atendimento a grandes clientes\"}]},{\"@type\":\"WebSite\",\"@id\":\"https:\\\/\\\/dana.com.br\\\/canaldana\\\/#website\",\"url\":\"https:\\\/\\\/dana.com.br\\\/canaldana\\\/\",\"name\":\"Canal Dana\",\"description\":\"Informativo com as principais not\u00edcias da ind\u00fastria automotiva\",\"potentialAction\":[{\"@type\":\"SearchAction\",\"target\":{\"@type\":\"EntryPoint\",\"urlTemplate\":\"https:\\\/\\\/dana.com.br\\\/canaldana\\\/?s={search_term_string}\"},\"query-input\":{\"@type\":\"PropertyValueSpecification\",\"valueRequired\":true,\"valueName\":\"search_term_string\"}}],\"inLanguage\":\"pt-BR\"},{\"@type\":\"Person\",\"@id\":\"https:\\\/\\\/dana.com.br\\\/canaldana\\\/#\\\/schema\\\/person\\\/3c21f22f56fcf3bc46b94bc60ea4fef6\",\"name\":\"Canal Dana\",\"image\":{\"@type\":\"ImageObject\",\"inLanguage\":\"pt-BR\",\"@id\":\"https:\\\/\\\/secure.gravatar.com\\\/avatar\\\/420aaf9278582877d9018637c6817617705899d2858d7572ef0fe59a6b6454b4?s=96&d=mm&r=g\",\"url\":\"https:\\\/\\\/secure.gravatar.com\\\/avatar\\\/420aaf9278582877d9018637c6817617705899d2858d7572ef0fe59a6b6454b4?s=96&d=mm&r=g\",\"contentUrl\":\"https:\\\/\\\/secure.gravatar.com\\\/avatar\\\/420aaf9278582877d9018637c6817617705899d2858d7572ef0fe59a6b6454b4?s=96&d=mm&r=g\",\"caption\":\"Canal Dana\"},\"url\":\"https:\\\/\\\/dana.com.br\\\/canaldana\\\/author\\\/cdeditor\\\/\"}]}<\/script>\n<!-- \/ Yoast SEO plugin. -->","yoast_head_json":{"title":"VWCO expande opera\u00e7\u00e3o na Jord\u00e2nia com atendimento a grandes clientes - Canal Dana","robots":{"index":"index","follow":"follow","max-snippet":"max-snippet:-1","max-image-preview":"max-image-preview:large","max-video-preview":"max-video-preview:-1"},"canonical":"https:\/\/dana.com.br\/canaldana\/2023\/10\/04\/vwco-expande-operacao-na-jordania-com-atendimento-a-grandes-clientes\/","og_locale":"pt_BR","og_type":"article","og_title":"VWCO expande opera\u00e7\u00e3o na Jord\u00e2nia com atendimento a grandes clientes - Canal Dana","og_description":"Revista Caminhoneiro &nbsp; Primeira importadora oficial da Volkswagen Caminh\u00f5es e \u00d4nibus na Jord\u00e2nia, a Integrated Automotive comemora a inaugura\u00e7\u00e3o de seu rec\u00e9m-ampliado centro de atendimento a clientes, ao mesmo tempo em que comemora a conquista de seu primeiro grande cliente no pa\u00eds. A nova estrutura conta com cerca de cinco mil metros quadrados para atender\u2026 Leia mais \u00bb","og_url":"https:\/\/dana.com.br\/canaldana\/2023\/10\/04\/vwco-expande-operacao-na-jordania-com-atendimento-a-grandes-clientes\/","og_site_name":"Canal Dana","article_published_time":"2023-10-04T11:16:54+00:00","author":"Canal Dana","twitter_card":"summary_large_image","twitter_misc":{"Escrito por":"Canal Dana","Est. tempo de leitura":"3 minutos"},"schema":{"@context":"https:\/\/schema.org","@graph":[{"@type":"Article","@id":"https:\/\/dana.com.br\/canaldana\/2023\/10\/04\/vwco-expande-operacao-na-jordania-com-atendimento-a-grandes-clientes\/#article","isPartOf":{"@id":"https:\/\/dana.com.br\/canaldana\/2023\/10\/04\/vwco-expande-operacao-na-jordania-com-atendimento-a-grandes-clientes\/"},"author":{"name":"Canal Dana","@id":"https:\/\/dana.com.br\/canaldana\/#\/schema\/person\/3c21f22f56fcf3bc46b94bc60ea4fef6"},"headline":"VWCO expande opera\u00e7\u00e3o na Jord\u00e2nia com atendimento a grandes clientes","datePublished":"2023-10-04T11:16:54+00:00","mainEntityOfPage":{"@id":"https:\/\/dana.com.br\/canaldana\/2023\/10\/04\/vwco-expande-operacao-na-jordania-com-atendimento-a-grandes-clientes\/"},"wordCount":472,"articleSection":["Mercado"],"inLanguage":"pt-BR"},{"@type":"WebPage","@id":"https:\/\/dana.com.br\/canaldana\/2023\/10\/04\/vwco-expande-operacao-na-jordania-com-atendimento-a-grandes-clientes\/","url":"https:\/\/dana.com.br\/canaldana\/2023\/10\/04\/vwco-expande-operacao-na-jordania-com-atendimento-a-grandes-clientes\/","name":"VWCO expande opera\u00e7\u00e3o na Jord\u00e2nia com atendimento a grandes clientes - Canal Dana","isPartOf":{"@id":"https:\/\/dana.com.br\/canaldana\/#website"},"datePublished":"2023-10-04T11:16:54+00:00","author":{"@id":"https:\/\/dana.com.br\/canaldana\/#\/schema\/person\/3c21f22f56fcf3bc46b94bc60ea4fef6"},"breadcrumb":{"@id":"https:\/\/dana.com.br\/canaldana\/2023\/10\/04\/vwco-expande-operacao-na-jordania-com-atendimento-a-grandes-clientes\/#breadcrumb"},"inLanguage":"pt-BR","potentialAction":[{"@type":"ReadAction","target":["https:\/\/dana.com.br\/canaldana\/2023\/10\/04\/vwco-expande-operacao-na-jordania-com-atendimento-a-grandes-clientes\/"]}]},{"@type":"BreadcrumbList","@id":"https:\/\/dana.com.br\/canaldana\/2023\/10\/04\/vwco-expande-operacao-na-jordania-com-atendimento-a-grandes-clientes\/#breadcrumb","itemListElement":[{"@type":"ListItem","position":1,"name":"Home","item":"https:\/\/dana.com.br\/canaldana\/"},{"@type":"ListItem","position":2,"name":"Mercado","item":"https:\/\/dana.com.br\/canaldana\/mercado\/"},{"@type":"ListItem","position":3,"name":"VWCO expande opera\u00e7\u00e3o na Jord\u00e2nia com atendimento a grandes clientes"}]},{"@type":"WebSite","@id":"https:\/\/dana.com.br\/canaldana\/#website","url":"https:\/\/dana.com.br\/canaldana\/","name":"Canal Dana","description":"Informativo com as principais not\u00edcias da ind\u00fastria automotiva","potentialAction":[{"@type":"SearchAction","target":{"@type":"EntryPoint","urlTemplate":"https:\/\/dana.com.br\/canaldana\/?s={search_term_string}"},"query-input":{"@type":"PropertyValueSpecification","valueRequired":true,"valueName":"search_term_string"}}],"inLanguage":"pt-BR"},{"@type":"Person","@id":"https:\/\/dana.com.br\/canaldana\/#\/schema\/person\/3c21f22f56fcf3bc46b94bc60ea4fef6","name":"Canal Dana","image":{"@type":"ImageObject","inLanguage":"pt-BR","@id":"https:\/\/secure.gravatar.com\/avatar\/420aaf9278582877d9018637c6817617705899d2858d7572ef0fe59a6b6454b4?s=96&d=mm&r=g","url":"https:\/\/secure.gravatar.com\/avatar\/420aaf9278582877d9018637c6817617705899d2858d7572ef0fe59a6b6454b4?s=96&d=mm&r=g","contentUrl":"https:\/\/secure.gravatar.com\/avatar\/420aaf9278582877d9018637c6817617705899d2858d7572ef0fe59a6b6454b4?s=96&d=mm&r=g","caption":"Canal Dana"},"url":"https:\/\/dana.com.br\/canaldana\/author\/cdeditor\/"}]}},"_links":{"self":[{"href":"https:\/\/dana.com.br\/canaldana\/wp-json\/wp\/v2\/posts\/68774","targetHints":{"allow":["GET"]}}],"collection":[{"href":"https:\/\/dana.com.br\/canaldana\/wp-json\/wp\/v2\/posts"}],"about":[{"href":"https:\/\/dana.com.br\/canaldana\/wp-json\/wp\/v2\/types\/post"}],"author":[{"embeddable":true,"href":"https:\/\/dana.com.br\/canaldana\/wp-json\/wp\/v2\/users\/3"}],"replies":[{"embeddable":true,"href":"https:\/\/dana.com.br\/canaldana\/wp-json\/wp\/v2\/comments?post=68774"}],"version-history":[{"count":0,"href":"https:\/\/dana.com.br\/canaldana\/wp-json\/wp\/v2\/posts\/68774\/revisions"}],"wp:attachment":[{"href":"https:\/\/dana.com.br\/canaldana\/wp-json\/wp\/v2\/media?parent=68774"}],"wp:term":[{"taxonomy":"category","embeddable":true,"href":"https:\/\/dana.com.br\/canaldana\/wp-json\/wp\/v2\/categories?post=68774"},{"taxonomy":"post_tag","embeddable":true,"href":"https:\/\/dana.com.br\/canaldana\/wp-json\/wp\/v2\/tags?post=68774"}],"curies":[{"name":"wp","href":"https:\/\/api.w.org\/{rel}","templated":true}]}}