{"id":67859,"date":"2023-08-24T08:38:35","date_gmt":"2023-08-24T11:38:35","guid":{"rendered":"https:\/\/dana.com.br\/canaldana\/?p=67859"},"modified":"2023-08-24T08:38:35","modified_gmt":"2023-08-24T11:38:35","slug":"projeto-despertar-apoiado-pelo-iveco-group-forma-jovens-para-o-mercado-de-trabalho-e-promove-a-digitalizacao-de-idosos","status":"publish","type":"post","link":"https:\/\/dana.com.br\/canaldana\/2023\/08\/24\/projeto-despertar-apoiado-pelo-iveco-group-forma-jovens-para-o-mercado-de-trabalho-e-promove-a-digitalizacao-de-idosos\/","title":{"rendered":"Projeto Despertar, apoiado pelo Iveco Group, forma jovens para o mercado de trabalho e promove a digitaliza\u00e7\u00e3o de idosos"},"content":{"rendered":"<p><em>Coisas de Agora<\/em><\/p>\n<p>&nbsp;<\/p>\n<p>A inclus\u00e3o e o engajamento das comunidades em que atua est\u00e1 entre as prioridades estrat\u00e9gicas do Iveco Group. Com tr\u00eas plantas das marcas IVECO, FPT Industrial e IDV em Sete Lagoas, Minas Gerais, a companhia atua desde 2007 na comunidade do munic\u00edpio com o Pr\u00f3ximo Passo, programa de sustentabilidade que vai al\u00e9m da preserva\u00e7\u00e3o do meio ambiente e o fortalecimento da cidadania, multiplicando a capacita\u00e7\u00e3o e o desenvolvimento das pessoas, para um futuro melhor.<\/p>\n<p>&nbsp;<\/p>\n<p>Parte das a\u00e7\u00f5es, o Projeto Despertar formou no m\u00eas de agosto cinco turmas, fornecendo uma base digital para jovens, com a aplica\u00e7\u00e3o do Pacote Office e ferramentas como Canva, e a alfabetiza\u00e7\u00e3o digital para idosos, aproximando esse p\u00fablico do mundo digital e tornando poss\u00edvel seu acesso e inclus\u00e3o.<\/p>\n<p>&nbsp;<\/p>\n<p>Nas aulas, os jovens desenvolveram curr\u00edculos, planos de vida e trabalharam compet\u00eancias socioemocionais, como autoconhecimento, autocontrole, consci\u00eancia social, habilidades de relacionamento e tomada de decis\u00e3o respons\u00e1vel. J\u00e1 os idosos trabalharam a digita\u00e7\u00e3o e o acesso aos recursos do computador, produzindo uma revista com receitas culin\u00e1rias.<\/p>\n<p>&nbsp;<\/p>\n<p>Em seu t\u00e9rmino, o projeto obteve \u00edndice de satisfa\u00e7\u00e3o de 91,7%, com um p\u00fablico de 96 pessoas na cerim\u00f4nia de certifica\u00e7\u00e3o, entre benefici\u00e1rios, amigos e familiares. O Projeto Despertar surgiu de uma imers\u00e3o no bairro Cidade de Deus, onde a CDM \u2013 Coopera\u00e7\u00e3o para o Desenvolvimento e Morada Humana, respons\u00e1vel pela gest\u00e3o do Pr\u00f3ximo Passo, identificou demandas como a implanta\u00e7\u00e3o de um laborat\u00f3rio de inform\u00e1tica.<\/p>\n<p>&nbsp;<\/p>\n<p>Yasmim Ramos Pereira, de 16 anos, cursa o segundo ano do ensino m\u00e9dio, e com o projeto teve a oportunidade de conhecer ferramentas como Canva e Excel. Al\u00e9m disso, fez novas amizades. \u201cFoi muito importante, porque depois da pandemia tivemos pouco contato humano. No ensino m\u00e9dio tamb\u00e9m falta tempo. Com esse espa\u00e7o de conviv\u00eancia, tive a oportunidade de me conhecer mais e ter uma vis\u00e3o de futuro\u201d, afirma.<\/p>\n<p>&nbsp;<\/p>\n<p>Para Bernadete das Mercez, de 71, o projeto Despertar trouxe uma nova vis\u00e3o em meio \u00e0 era digital. \u201cPara mim significou muita coisa, porque na minha idade fazer um curso de inform\u00e1tica \u00e9 um desafio muito grande\u201d, conta. Agora, Bernadete diz que quer participar das pr\u00f3ximas iniciativas. \u201cAprendi muita coisa, mas gostaria de aprender muito mais. Me senti nas alturas. Muito obrigada\u201d, agradeceu.<\/p>\n<p>&nbsp;<\/p>\n<p>Eduardo Freitas, diretor de Rela\u00e7\u00f5es Institucionais do Iveco Group para a Am\u00e9rica Latina, ressalta que iniciativas como o Projeto Despertar est\u00e3o absolutamente em linha com a estrat\u00e9gia de sustentabilidade do grupo. \u201cNos dedicamos ao desenvolvimento de uma cultura inclusiva e envolvente e \u00e0 promo\u00e7\u00e3o de atividades que envolvam as comunidades dos quais fazemos parte\u201d, afirma Freitas.<\/p>\n<p>&nbsp;<\/p>\n<p>Eudson Almeida, supervisor de projetos da CDM, ressalta que parcerias como a do Iveco Group s\u00e3o de extrema relev\u00e2ncia para a continuidade do Programa Pr\u00f3ximo Passo e os projetos desenvolvidos, com impactos positivos na comunidade e mudan\u00e7a de perspectiva de vida para jovens e idosos, em rela\u00e7\u00e3o ao mundo digital e suas ferramentas. \u201cTer parceiros como o Iveco Group possibilita \u00e0 CDM gerenciar cooperativamente a pol\u00edtica social, oportunizando o desenvolvimento individual dos benefici\u00e1rios e do territ\u00f3rio atendido. A converg\u00eancia de recursos e esfor\u00e7os possibilita o exerc\u00edcio da cidadania no agir coletivo e gera transforma\u00e7\u00e3o social, fomentando uma sociedade mais democr\u00e1tica e garantidora de direitos\u201d, pontua Almeida. (Coisas de Agora)<\/p>\n","protected":false},"excerpt":{"rendered":"<p>Coisas de Agora &nbsp; A inclus\u00e3o e o engajamento das comunidades em que atua est\u00e1 entre as prioridades estrat\u00e9gicas do Iveco Group. Com tr\u00eas plantas das marcas IVECO, FPT Industrial e IDV em Sete Lagoas, Minas Gerais, a companhia atua desde 2007 na comunidade do munic\u00edpio com o Pr\u00f3ximo Passo, programa de sustentabilidade que vai\u2026 <a class=\"readmore\" href=\"https:\/\/dana.com.br\/canaldana\/2023\/08\/24\/projeto-despertar-apoiado-pelo-iveco-group-forma-jovens-para-o-mercado-de-trabalho-e-promove-a-digitalizacao-de-idosos\/\">Leia mais \u00bb<\/a><\/p>\n","protected":false},"author":3,"featured_media":0,"comment_status":"closed","ping_status":"closed","sticky":false,"template":"","format":"standard","meta":{"_acf_changed":false,"footnotes":""},"categories":[79],"tags":[],"class_list":["post-67859","post","type-post","status-publish","format-standard","hentry","category-mercado"],"acf":[],"yoast_head":"<!-- This site is optimized with the Yoast SEO plugin v27.3 - https:\/\/yoast.com\/product\/yoast-seo-wordpress\/ -->\n<title>Projeto Despertar, apoiado pelo Iveco Group, forma jovens para o mercado de trabalho e promove a digitaliza\u00e7\u00e3o de idosos - Canal Dana<\/title>\n<meta name=\"robots\" content=\"index, follow, max-snippet:-1, max-image-preview:large, max-video-preview:-1\" \/>\n<link rel=\"canonical\" href=\"https:\/\/dana.com.br\/canaldana\/2023\/08\/24\/projeto-despertar-apoiado-pelo-iveco-group-forma-jovens-para-o-mercado-de-trabalho-e-promove-a-digitalizacao-de-idosos\/\" \/>\n<meta property=\"og:locale\" content=\"pt_BR\" \/>\n<meta property=\"og:type\" content=\"article\" \/>\n<meta property=\"og:title\" content=\"Projeto Despertar, apoiado pelo Iveco Group, forma jovens para o mercado de trabalho e promove a digitaliza\u00e7\u00e3o de idosos - Canal Dana\" \/>\n<meta property=\"og:description\" content=\"Coisas de Agora &nbsp; A inclus\u00e3o e o engajamento das comunidades em que atua est\u00e1 entre as prioridades estrat\u00e9gicas do Iveco Group. Com tr\u00eas plantas das marcas IVECO, FPT Industrial e IDV em Sete Lagoas, Minas Gerais, a companhia atua desde 2007 na comunidade do munic\u00edpio com o Pr\u00f3ximo Passo, programa de sustentabilidade que vai\u2026 Leia mais \u00bb\" \/>\n<meta property=\"og:url\" content=\"https:\/\/dana.com.br\/canaldana\/2023\/08\/24\/projeto-despertar-apoiado-pelo-iveco-group-forma-jovens-para-o-mercado-de-trabalho-e-promove-a-digitalizacao-de-idosos\/\" \/>\n<meta property=\"og:site_name\" content=\"Canal Dana\" \/>\n<meta property=\"article:published_time\" content=\"2023-08-24T11:38:35+00:00\" \/>\n<meta name=\"author\" content=\"Canal Dana\" \/>\n<meta name=\"twitter:card\" content=\"summary_large_image\" \/>\n<meta name=\"twitter:label1\" content=\"Escrito por\" \/>\n\t<meta name=\"twitter:data1\" content=\"Canal Dana\" \/>\n\t<meta name=\"twitter:label2\" content=\"Est. tempo de leitura\" \/>\n\t<meta name=\"twitter:data2\" content=\"3 minutos\" \/>\n<script type=\"application\/ld+json\" class=\"yoast-schema-graph\">{\"@context\":\"https:\\\/\\\/schema.org\",\"@graph\":[{\"@type\":\"Article\",\"@id\":\"https:\\\/\\\/dana.com.br\\\/canaldana\\\/2023\\\/08\\\/24\\\/projeto-despertar-apoiado-pelo-iveco-group-forma-jovens-para-o-mercado-de-trabalho-e-promove-a-digitalizacao-de-idosos\\\/#article\",\"isPartOf\":{\"@id\":\"https:\\\/\\\/dana.com.br\\\/canaldana\\\/2023\\\/08\\\/24\\\/projeto-despertar-apoiado-pelo-iveco-group-forma-jovens-para-o-mercado-de-trabalho-e-promove-a-digitalizacao-de-idosos\\\/\"},\"author\":{\"name\":\"Canal Dana\",\"@id\":\"https:\\\/\\\/dana.com.br\\\/canaldana\\\/#\\\/schema\\\/person\\\/3c21f22f56fcf3bc46b94bc60ea4fef6\"},\"headline\":\"Projeto Despertar, apoiado pelo Iveco Group, forma jovens para o mercado de trabalho e promove a digitaliza\u00e7\u00e3o de idosos\",\"datePublished\":\"2023-08-24T11:38:35+00:00\",\"mainEntityOfPage\":{\"@id\":\"https:\\\/\\\/dana.com.br\\\/canaldana\\\/2023\\\/08\\\/24\\\/projeto-despertar-apoiado-pelo-iveco-group-forma-jovens-para-o-mercado-de-trabalho-e-promove-a-digitalizacao-de-idosos\\\/\"},\"wordCount\":613,\"articleSection\":[\"Mercado\"],\"inLanguage\":\"pt-BR\"},{\"@type\":\"WebPage\",\"@id\":\"https:\\\/\\\/dana.com.br\\\/canaldana\\\/2023\\\/08\\\/24\\\/projeto-despertar-apoiado-pelo-iveco-group-forma-jovens-para-o-mercado-de-trabalho-e-promove-a-digitalizacao-de-idosos\\\/\",\"url\":\"https:\\\/\\\/dana.com.br\\\/canaldana\\\/2023\\\/08\\\/24\\\/projeto-despertar-apoiado-pelo-iveco-group-forma-jovens-para-o-mercado-de-trabalho-e-promove-a-digitalizacao-de-idosos\\\/\",\"name\":\"Projeto Despertar, apoiado pelo Iveco Group, forma jovens para o mercado de trabalho e promove a digitaliza\u00e7\u00e3o de idosos - Canal Dana\",\"isPartOf\":{\"@id\":\"https:\\\/\\\/dana.com.br\\\/canaldana\\\/#website\"},\"datePublished\":\"2023-08-24T11:38:35+00:00\",\"author\":{\"@id\":\"https:\\\/\\\/dana.com.br\\\/canaldana\\\/#\\\/schema\\\/person\\\/3c21f22f56fcf3bc46b94bc60ea4fef6\"},\"breadcrumb\":{\"@id\":\"https:\\\/\\\/dana.com.br\\\/canaldana\\\/2023\\\/08\\\/24\\\/projeto-despertar-apoiado-pelo-iveco-group-forma-jovens-para-o-mercado-de-trabalho-e-promove-a-digitalizacao-de-idosos\\\/#breadcrumb\"},\"inLanguage\":\"pt-BR\",\"potentialAction\":[{\"@type\":\"ReadAction\",\"target\":[\"https:\\\/\\\/dana.com.br\\\/canaldana\\\/2023\\\/08\\\/24\\\/projeto-despertar-apoiado-pelo-iveco-group-forma-jovens-para-o-mercado-de-trabalho-e-promove-a-digitalizacao-de-idosos\\\/\"]}]},{\"@type\":\"BreadcrumbList\",\"@id\":\"https:\\\/\\\/dana.com.br\\\/canaldana\\\/2023\\\/08\\\/24\\\/projeto-despertar-apoiado-pelo-iveco-group-forma-jovens-para-o-mercado-de-trabalho-e-promove-a-digitalizacao-de-idosos\\\/#breadcrumb\",\"itemListElement\":[{\"@type\":\"ListItem\",\"position\":1,\"name\":\"Home\",\"item\":\"https:\\\/\\\/dana.com.br\\\/canaldana\\\/\"},{\"@type\":\"ListItem\",\"position\":2,\"name\":\"Mercado\",\"item\":\"https:\\\/\\\/dana.com.br\\\/canaldana\\\/mercado\\\/\"},{\"@type\":\"ListItem\",\"position\":3,\"name\":\"Projeto Despertar, apoiado pelo Iveco Group, forma jovens para o mercado de trabalho e promove a digitaliza\u00e7\u00e3o de idosos\"}]},{\"@type\":\"WebSite\",\"@id\":\"https:\\\/\\\/dana.com.br\\\/canaldana\\\/#website\",\"url\":\"https:\\\/\\\/dana.com.br\\\/canaldana\\\/\",\"name\":\"Canal Dana\",\"description\":\"Informativo com as principais not\u00edcias da ind\u00fastria automotiva\",\"potentialAction\":[{\"@type\":\"SearchAction\",\"target\":{\"@type\":\"EntryPoint\",\"urlTemplate\":\"https:\\\/\\\/dana.com.br\\\/canaldana\\\/?s={search_term_string}\"},\"query-input\":{\"@type\":\"PropertyValueSpecification\",\"valueRequired\":true,\"valueName\":\"search_term_string\"}}],\"inLanguage\":\"pt-BR\"},{\"@type\":\"Person\",\"@id\":\"https:\\\/\\\/dana.com.br\\\/canaldana\\\/#\\\/schema\\\/person\\\/3c21f22f56fcf3bc46b94bc60ea4fef6\",\"name\":\"Canal Dana\",\"image\":{\"@type\":\"ImageObject\",\"inLanguage\":\"pt-BR\",\"@id\":\"https:\\\/\\\/secure.gravatar.com\\\/avatar\\\/420aaf9278582877d9018637c6817617705899d2858d7572ef0fe59a6b6454b4?s=96&d=mm&r=g\",\"url\":\"https:\\\/\\\/secure.gravatar.com\\\/avatar\\\/420aaf9278582877d9018637c6817617705899d2858d7572ef0fe59a6b6454b4?s=96&d=mm&r=g\",\"contentUrl\":\"https:\\\/\\\/secure.gravatar.com\\\/avatar\\\/420aaf9278582877d9018637c6817617705899d2858d7572ef0fe59a6b6454b4?s=96&d=mm&r=g\",\"caption\":\"Canal Dana\"},\"url\":\"https:\\\/\\\/dana.com.br\\\/canaldana\\\/author\\\/cdeditor\\\/\"}]}<\/script>\n<!-- \/ Yoast SEO plugin. -->","yoast_head_json":{"title":"Projeto Despertar, apoiado pelo Iveco Group, forma jovens para o mercado de trabalho e promove a digitaliza\u00e7\u00e3o de idosos - Canal Dana","robots":{"index":"index","follow":"follow","max-snippet":"max-snippet:-1","max-image-preview":"max-image-preview:large","max-video-preview":"max-video-preview:-1"},"canonical":"https:\/\/dana.com.br\/canaldana\/2023\/08\/24\/projeto-despertar-apoiado-pelo-iveco-group-forma-jovens-para-o-mercado-de-trabalho-e-promove-a-digitalizacao-de-idosos\/","og_locale":"pt_BR","og_type":"article","og_title":"Projeto Despertar, apoiado pelo Iveco Group, forma jovens para o mercado de trabalho e promove a digitaliza\u00e7\u00e3o de idosos - Canal Dana","og_description":"Coisas de Agora &nbsp; A inclus\u00e3o e o engajamento das comunidades em que atua est\u00e1 entre as prioridades estrat\u00e9gicas do Iveco Group. Com tr\u00eas plantas das marcas IVECO, FPT Industrial e IDV em Sete Lagoas, Minas Gerais, a companhia atua desde 2007 na comunidade do munic\u00edpio com o Pr\u00f3ximo Passo, programa de sustentabilidade que vai\u2026 Leia mais \u00bb","og_url":"https:\/\/dana.com.br\/canaldana\/2023\/08\/24\/projeto-despertar-apoiado-pelo-iveco-group-forma-jovens-para-o-mercado-de-trabalho-e-promove-a-digitalizacao-de-idosos\/","og_site_name":"Canal Dana","article_published_time":"2023-08-24T11:38:35+00:00","author":"Canal Dana","twitter_card":"summary_large_image","twitter_misc":{"Escrito por":"Canal Dana","Est. tempo de leitura":"3 minutos"},"schema":{"@context":"https:\/\/schema.org","@graph":[{"@type":"Article","@id":"https:\/\/dana.com.br\/canaldana\/2023\/08\/24\/projeto-despertar-apoiado-pelo-iveco-group-forma-jovens-para-o-mercado-de-trabalho-e-promove-a-digitalizacao-de-idosos\/#article","isPartOf":{"@id":"https:\/\/dana.com.br\/canaldana\/2023\/08\/24\/projeto-despertar-apoiado-pelo-iveco-group-forma-jovens-para-o-mercado-de-trabalho-e-promove-a-digitalizacao-de-idosos\/"},"author":{"name":"Canal Dana","@id":"https:\/\/dana.com.br\/canaldana\/#\/schema\/person\/3c21f22f56fcf3bc46b94bc60ea4fef6"},"headline":"Projeto Despertar, apoiado pelo Iveco Group, forma jovens para o mercado de trabalho e promove a digitaliza\u00e7\u00e3o de idosos","datePublished":"2023-08-24T11:38:35+00:00","mainEntityOfPage":{"@id":"https:\/\/dana.com.br\/canaldana\/2023\/08\/24\/projeto-despertar-apoiado-pelo-iveco-group-forma-jovens-para-o-mercado-de-trabalho-e-promove-a-digitalizacao-de-idosos\/"},"wordCount":613,"articleSection":["Mercado"],"inLanguage":"pt-BR"},{"@type":"WebPage","@id":"https:\/\/dana.com.br\/canaldana\/2023\/08\/24\/projeto-despertar-apoiado-pelo-iveco-group-forma-jovens-para-o-mercado-de-trabalho-e-promove-a-digitalizacao-de-idosos\/","url":"https:\/\/dana.com.br\/canaldana\/2023\/08\/24\/projeto-despertar-apoiado-pelo-iveco-group-forma-jovens-para-o-mercado-de-trabalho-e-promove-a-digitalizacao-de-idosos\/","name":"Projeto Despertar, apoiado pelo Iveco Group, forma jovens para o mercado de trabalho e promove a digitaliza\u00e7\u00e3o de idosos - Canal Dana","isPartOf":{"@id":"https:\/\/dana.com.br\/canaldana\/#website"},"datePublished":"2023-08-24T11:38:35+00:00","author":{"@id":"https:\/\/dana.com.br\/canaldana\/#\/schema\/person\/3c21f22f56fcf3bc46b94bc60ea4fef6"},"breadcrumb":{"@id":"https:\/\/dana.com.br\/canaldana\/2023\/08\/24\/projeto-despertar-apoiado-pelo-iveco-group-forma-jovens-para-o-mercado-de-trabalho-e-promove-a-digitalizacao-de-idosos\/#breadcrumb"},"inLanguage":"pt-BR","potentialAction":[{"@type":"ReadAction","target":["https:\/\/dana.com.br\/canaldana\/2023\/08\/24\/projeto-despertar-apoiado-pelo-iveco-group-forma-jovens-para-o-mercado-de-trabalho-e-promove-a-digitalizacao-de-idosos\/"]}]},{"@type":"BreadcrumbList","@id":"https:\/\/dana.com.br\/canaldana\/2023\/08\/24\/projeto-despertar-apoiado-pelo-iveco-group-forma-jovens-para-o-mercado-de-trabalho-e-promove-a-digitalizacao-de-idosos\/#breadcrumb","itemListElement":[{"@type":"ListItem","position":1,"name":"Home","item":"https:\/\/dana.com.br\/canaldana\/"},{"@type":"ListItem","position":2,"name":"Mercado","item":"https:\/\/dana.com.br\/canaldana\/mercado\/"},{"@type":"ListItem","position":3,"name":"Projeto Despertar, apoiado pelo Iveco Group, forma jovens para o mercado de trabalho e promove a digitaliza\u00e7\u00e3o de idosos"}]},{"@type":"WebSite","@id":"https:\/\/dana.com.br\/canaldana\/#website","url":"https:\/\/dana.com.br\/canaldana\/","name":"Canal Dana","description":"Informativo com as principais not\u00edcias da ind\u00fastria automotiva","potentialAction":[{"@type":"SearchAction","target":{"@type":"EntryPoint","urlTemplate":"https:\/\/dana.com.br\/canaldana\/?s={search_term_string}"},"query-input":{"@type":"PropertyValueSpecification","valueRequired":true,"valueName":"search_term_string"}}],"inLanguage":"pt-BR"},{"@type":"Person","@id":"https:\/\/dana.com.br\/canaldana\/#\/schema\/person\/3c21f22f56fcf3bc46b94bc60ea4fef6","name":"Canal Dana","image":{"@type":"ImageObject","inLanguage":"pt-BR","@id":"https:\/\/secure.gravatar.com\/avatar\/420aaf9278582877d9018637c6817617705899d2858d7572ef0fe59a6b6454b4?s=96&d=mm&r=g","url":"https:\/\/secure.gravatar.com\/avatar\/420aaf9278582877d9018637c6817617705899d2858d7572ef0fe59a6b6454b4?s=96&d=mm&r=g","contentUrl":"https:\/\/secure.gravatar.com\/avatar\/420aaf9278582877d9018637c6817617705899d2858d7572ef0fe59a6b6454b4?s=96&d=mm&r=g","caption":"Canal Dana"},"url":"https:\/\/dana.com.br\/canaldana\/author\/cdeditor\/"}]}},"_links":{"self":[{"href":"https:\/\/dana.com.br\/canaldana\/wp-json\/wp\/v2\/posts\/67859","targetHints":{"allow":["GET"]}}],"collection":[{"href":"https:\/\/dana.com.br\/canaldana\/wp-json\/wp\/v2\/posts"}],"about":[{"href":"https:\/\/dana.com.br\/canaldana\/wp-json\/wp\/v2\/types\/post"}],"author":[{"embeddable":true,"href":"https:\/\/dana.com.br\/canaldana\/wp-json\/wp\/v2\/users\/3"}],"replies":[{"embeddable":true,"href":"https:\/\/dana.com.br\/canaldana\/wp-json\/wp\/v2\/comments?post=67859"}],"version-history":[{"count":0,"href":"https:\/\/dana.com.br\/canaldana\/wp-json\/wp\/v2\/posts\/67859\/revisions"}],"wp:attachment":[{"href":"https:\/\/dana.com.br\/canaldana\/wp-json\/wp\/v2\/media?parent=67859"}],"wp:term":[{"taxonomy":"category","embeddable":true,"href":"https:\/\/dana.com.br\/canaldana\/wp-json\/wp\/v2\/categories?post=67859"},{"taxonomy":"post_tag","embeddable":true,"href":"https:\/\/dana.com.br\/canaldana\/wp-json\/wp\/v2\/tags?post=67859"}],"curies":[{"name":"wp","href":"https:\/\/api.w.org\/{rel}","templated":true}]}}