{"id":67805,"date":"2023-08-22T08:21:20","date_gmt":"2023-08-22T11:21:20","guid":{"rendered":"https:\/\/dana.com.br\/canaldana\/?p=67805"},"modified":"2023-08-22T08:21:20","modified_gmt":"2023-08-22T11:21:20","slug":"brasil-tem-hoje-a-opcao-de-seguir-o-proprio-rumo-para-tornar-a-frota-sustentavel","status":"publish","type":"post","link":"https:\/\/dana.com.br\/canaldana\/2023\/08\/22\/brasil-tem-hoje-a-opcao-de-seguir-o-proprio-rumo-para-tornar-a-frota-sustentavel\/","title":{"rendered":"Brasil tem hoje a op\u00e7\u00e3o de seguir o pr\u00f3prio rumo para tornar a frota sustent\u00e1vel"},"content":{"rendered":"<p><em>O Estado de S. Paulo\/Summite <\/em><\/p>\n<p>&nbsp;<\/p>\n<p>As caracter\u00edsticas brasileiras para a transi\u00e7\u00e3o energ\u00e9tica \u2013 matrizes limpas em abund\u00e2ncia e infraestrutura para o combust\u00edvel etanol pronta \u2013 s\u00e3o diferentes do restante do mundo. Por isso, explica Paulo Roberto Cardamone, CEO da Bright Consulting, n\u00e3o \u00e9 apenas preciso entender o contexto atual como pactuar regula\u00e7\u00f5es que tamb\u00e9m olhem para o futuro no horizonte de pelo menos algumas d\u00e9cadas.<\/p>\n<p>&nbsp;<\/p>\n<p>\u201cGlobalmente, o futuro, em poucas d\u00e9cadas, sem d\u00favida, \u00e9 a eletrifica\u00e7\u00e3o. Talvez, a gente nem esteja mais aqui, mas vamos ter coisas mais diretamente relacionadas \u00e0 eletrifica\u00e7\u00e3o\u201d, explica o consultor, que participou do Estad\u00e3o Summit Ind\u00fastria Automotiva 2023. Apesar de a b\u00fassola de todos estar apontada para o cen\u00e1rio el\u00e9trico, segundo Cardamone, isso n\u00e3o significa que o Brasil tem de fazer o que est\u00e1 sendo orientado na regula\u00e7\u00e3o global. \u201cSempre bato nessa tecla. N\u00e3o \u00e9 o carro \u2018baterizado\u2019 que vai sobreviver, mas \u00e9 o carro eletrificado que tem de ficar\u201d, afirma.<\/p>\n<p>&nbsp;<\/p>\n<p>Nesse sentido, diz o especialista, enquanto a Europa e a China, por n\u00e3o terem nenhuma op\u00e7\u00e3o, est\u00e3o dando fim ao carro a combust\u00e3o \u2013 e v\u00e1rios pa\u00edses v\u00e3o proibir a circula\u00e7\u00e3o desse tipo de ve\u00edculos em poucas d\u00e9cadas \u2013, no Brasil existem subs\u00eddios para as estrat\u00e9gias nacionais seguirem um outro caminho. \u201cO governo \u00e9 muito bom de escrever regulamento, mas como ele n\u00e3o entende muito bem o dia a dia da ind\u00fastria, n\u00f3s, do setor, temos de explicar. No curto e m\u00e9dio prazo, n\u00e3o h\u00e1 d\u00favida de que a solu\u00e7\u00e3o \u00e9 partir para a hibridiza\u00e7\u00e3o do carro flex. \u00c9 o caminho mais adequado para a infraestrutura industrial que temos hoje\u201d, diz Cardamone.<\/p>\n<p>&nbsp;<\/p>\n<p>O problema maior, diz ele, \u00e9 que esse caminho, ou seja, de juntar eletricidade e etanol para serem os combust\u00edveis do mesmo carro, est\u00e1 sendo percorrido no escuro. \u201cEnquanto estamos desenvolvendo novos ve\u00edculos, novas tecnologias, a regula\u00e7\u00e3o sobre esses processos ainda n\u00e3o saiu.\u201d<\/p>\n<p>&nbsp;<\/p>\n<p><strong>Na frente<\/strong><\/p>\n<p>&nbsp;<\/p>\n<p>Se a China resolveu ser um grande inovador no processo de eletrifica\u00e7\u00e3o automotiva e, para isso, fez um programa governamental espec\u00edfico, o Brasil deveria seguir o exemplo, mas ajustando toda a estrat\u00e9gia para as caracter\u00edsticas nacionais. \u201cSomos, provavelmente, o \u00fanico grande agente da ind\u00fastria que tem alternativas. Os outros n\u00e3o t\u00eam\u201d, afirma Cardamone.<\/p>\n<p>&nbsp;<\/p>\n<p>Uma regula\u00e7\u00e3o adequada, na vis\u00e3o do consultor, deve abarcar tanto o carro el\u00e9trico quanto o h\u00edbrido, a partir do etanol. \u201cTemos de tomar cuidado com o passo que vamos dar em rela\u00e7\u00e3o ao futuro\u201d.<\/p>\n<p>&nbsp;<\/p>\n<p><strong>Aus\u00eancia<\/strong><\/p>\n<p>&nbsp;<\/p>\n<p>Uma a\u00e7\u00e3o de governo eficaz \u00e9 o que mais falta hoje no cen\u00e1rio nacional, afirma Fl\u00e1via Consoni, professora do Departamento de Pol\u00edtica Cient\u00edfica e Tecnol\u00f3gica do Instituto de Geoci\u00eancias da Universidade Estadual de Campinas (Unicamp).<\/p>\n<p>&nbsp;<\/p>\n<p>\u201cCom o pano de fundo das mudan\u00e7as clim\u00e1ticas, e hoje, na Unicamp, usamos apenas o termo emerg\u00eancia clim\u00e1tica, o grande impulsionador para a descarboniza\u00e7\u00e3o \u00e9 uma pol\u00edtica p\u00fablica adequada. Um planejamento de Estado com uma boa vis\u00e3o de futuro\u201d, diz a pesquisadora. E, para isso, qualquer plano precisa combinar uma matriz com diversas solu\u00e7\u00f5es tecnol\u00f3gicas que, juntas, v\u00e3o dar a solu\u00e7\u00e3o que o Pa\u00eds e o planeta precisam.<\/p>\n<p>&nbsp;<\/p>\n<p>\u201cQual \u00e9 o direcionamento? Qual \u00e9 a seguran\u00e7a que o mercado tem para atrair investimentos no sentido de que se pretende chegar?\u201d, questiona Fl\u00e1via, fazendo refer\u00eancia a perguntas-chave que um bom projeto precisa responder. (O Estado de S. Paulo\/Summite\/Eduardo Geraque)<\/p>\n","protected":false},"excerpt":{"rendered":"<p>O Estado de S. Paulo\/Summite &nbsp; As caracter\u00edsticas brasileiras para a transi\u00e7\u00e3o energ\u00e9tica \u2013 matrizes limpas em abund\u00e2ncia e infraestrutura para o combust\u00edvel etanol pronta \u2013 s\u00e3o diferentes do restante do mundo. Por isso, explica Paulo Roberto Cardamone, CEO da Bright Consulting, n\u00e3o \u00e9 apenas preciso entender o contexto atual como pactuar regula\u00e7\u00f5es que tamb\u00e9m\u2026 <a class=\"readmore\" href=\"https:\/\/dana.com.br\/canaldana\/2023\/08\/22\/brasil-tem-hoje-a-opcao-de-seguir-o-proprio-rumo-para-tornar-a-frota-sustentavel\/\">Leia mais \u00bb<\/a><\/p>\n","protected":false},"author":3,"featured_media":0,"comment_status":"closed","ping_status":"closed","sticky":false,"template":"","format":"standard","meta":{"_acf_changed":false,"footnotes":""},"categories":[61],"tags":[],"class_list":["post-67805","post","type-post","status-publish","format-standard","hentry","category-destaques"],"acf":[],"yoast_head":"<!-- This site is optimized with the Yoast SEO plugin v27.3 - https:\/\/yoast.com\/product\/yoast-seo-wordpress\/ -->\n<title>Brasil tem hoje a op\u00e7\u00e3o de seguir o pr\u00f3prio rumo para tornar a frota sustent\u00e1vel - Canal Dana<\/title>\n<meta name=\"robots\" content=\"index, follow, max-snippet:-1, max-image-preview:large, max-video-preview:-1\" \/>\n<link rel=\"canonical\" href=\"https:\/\/dana.com.br\/canaldana\/2023\/08\/22\/brasil-tem-hoje-a-opcao-de-seguir-o-proprio-rumo-para-tornar-a-frota-sustentavel\/\" \/>\n<meta property=\"og:locale\" content=\"pt_BR\" \/>\n<meta property=\"og:type\" content=\"article\" \/>\n<meta property=\"og:title\" content=\"Brasil tem hoje a op\u00e7\u00e3o de seguir o pr\u00f3prio rumo para tornar a frota sustent\u00e1vel - Canal Dana\" \/>\n<meta property=\"og:description\" content=\"O Estado de S. Paulo\/Summite &nbsp; As caracter\u00edsticas brasileiras para a transi\u00e7\u00e3o energ\u00e9tica \u2013 matrizes limpas em abund\u00e2ncia e infraestrutura para o combust\u00edvel etanol pronta \u2013 s\u00e3o diferentes do restante do mundo. Por isso, explica Paulo Roberto Cardamone, CEO da Bright Consulting, n\u00e3o \u00e9 apenas preciso entender o contexto atual como pactuar regula\u00e7\u00f5es que tamb\u00e9m\u2026 Leia mais \u00bb\" \/>\n<meta property=\"og:url\" content=\"https:\/\/dana.com.br\/canaldana\/2023\/08\/22\/brasil-tem-hoje-a-opcao-de-seguir-o-proprio-rumo-para-tornar-a-frota-sustentavel\/\" \/>\n<meta property=\"og:site_name\" content=\"Canal Dana\" \/>\n<meta property=\"article:published_time\" content=\"2023-08-22T11:21:20+00:00\" \/>\n<meta name=\"author\" content=\"Canal Dana\" \/>\n<meta name=\"twitter:card\" content=\"summary_large_image\" \/>\n<meta name=\"twitter:label1\" content=\"Escrito por\" \/>\n\t<meta name=\"twitter:data1\" content=\"Canal Dana\" \/>\n\t<meta name=\"twitter:label2\" content=\"Est. tempo de leitura\" \/>\n\t<meta name=\"twitter:data2\" content=\"3 minutos\" \/>\n<script type=\"application\/ld+json\" class=\"yoast-schema-graph\">{\"@context\":\"https:\\\/\\\/schema.org\",\"@graph\":[{\"@type\":\"Article\",\"@id\":\"https:\\\/\\\/dana.com.br\\\/canaldana\\\/2023\\\/08\\\/22\\\/brasil-tem-hoje-a-opcao-de-seguir-o-proprio-rumo-para-tornar-a-frota-sustentavel\\\/#article\",\"isPartOf\":{\"@id\":\"https:\\\/\\\/dana.com.br\\\/canaldana\\\/2023\\\/08\\\/22\\\/brasil-tem-hoje-a-opcao-de-seguir-o-proprio-rumo-para-tornar-a-frota-sustentavel\\\/\"},\"author\":{\"name\":\"Canal Dana\",\"@id\":\"https:\\\/\\\/dana.com.br\\\/canaldana\\\/#\\\/schema\\\/person\\\/3c21f22f56fcf3bc46b94bc60ea4fef6\"},\"headline\":\"Brasil tem hoje a op\u00e7\u00e3o de seguir o pr\u00f3prio rumo para tornar a frota sustent\u00e1vel\",\"datePublished\":\"2023-08-22T11:21:20+00:00\",\"mainEntityOfPage\":{\"@id\":\"https:\\\/\\\/dana.com.br\\\/canaldana\\\/2023\\\/08\\\/22\\\/brasil-tem-hoje-a-opcao-de-seguir-o-proprio-rumo-para-tornar-a-frota-sustentavel\\\/\"},\"wordCount\":640,\"articleSection\":[\"Destaques\"],\"inLanguage\":\"pt-BR\"},{\"@type\":\"WebPage\",\"@id\":\"https:\\\/\\\/dana.com.br\\\/canaldana\\\/2023\\\/08\\\/22\\\/brasil-tem-hoje-a-opcao-de-seguir-o-proprio-rumo-para-tornar-a-frota-sustentavel\\\/\",\"url\":\"https:\\\/\\\/dana.com.br\\\/canaldana\\\/2023\\\/08\\\/22\\\/brasil-tem-hoje-a-opcao-de-seguir-o-proprio-rumo-para-tornar-a-frota-sustentavel\\\/\",\"name\":\"Brasil tem hoje a op\u00e7\u00e3o de seguir o pr\u00f3prio rumo para tornar a frota sustent\u00e1vel - Canal Dana\",\"isPartOf\":{\"@id\":\"https:\\\/\\\/dana.com.br\\\/canaldana\\\/#website\"},\"datePublished\":\"2023-08-22T11:21:20+00:00\",\"author\":{\"@id\":\"https:\\\/\\\/dana.com.br\\\/canaldana\\\/#\\\/schema\\\/person\\\/3c21f22f56fcf3bc46b94bc60ea4fef6\"},\"breadcrumb\":{\"@id\":\"https:\\\/\\\/dana.com.br\\\/canaldana\\\/2023\\\/08\\\/22\\\/brasil-tem-hoje-a-opcao-de-seguir-o-proprio-rumo-para-tornar-a-frota-sustentavel\\\/#breadcrumb\"},\"inLanguage\":\"pt-BR\",\"potentialAction\":[{\"@type\":\"ReadAction\",\"target\":[\"https:\\\/\\\/dana.com.br\\\/canaldana\\\/2023\\\/08\\\/22\\\/brasil-tem-hoje-a-opcao-de-seguir-o-proprio-rumo-para-tornar-a-frota-sustentavel\\\/\"]}]},{\"@type\":\"BreadcrumbList\",\"@id\":\"https:\\\/\\\/dana.com.br\\\/canaldana\\\/2023\\\/08\\\/22\\\/brasil-tem-hoje-a-opcao-de-seguir-o-proprio-rumo-para-tornar-a-frota-sustentavel\\\/#breadcrumb\",\"itemListElement\":[{\"@type\":\"ListItem\",\"position\":1,\"name\":\"Home\",\"item\":\"https:\\\/\\\/dana.com.br\\\/canaldana\\\/\"},{\"@type\":\"ListItem\",\"position\":2,\"name\":\"Destaques\",\"item\":\"https:\\\/\\\/dana.com.br\\\/canaldana\\\/destaques\\\/\"},{\"@type\":\"ListItem\",\"position\":3,\"name\":\"Brasil tem hoje a op\u00e7\u00e3o de seguir o pr\u00f3prio rumo para tornar a frota sustent\u00e1vel\"}]},{\"@type\":\"WebSite\",\"@id\":\"https:\\\/\\\/dana.com.br\\\/canaldana\\\/#website\",\"url\":\"https:\\\/\\\/dana.com.br\\\/canaldana\\\/\",\"name\":\"Canal Dana\",\"description\":\"Informativo com as principais not\u00edcias da ind\u00fastria automotiva\",\"potentialAction\":[{\"@type\":\"SearchAction\",\"target\":{\"@type\":\"EntryPoint\",\"urlTemplate\":\"https:\\\/\\\/dana.com.br\\\/canaldana\\\/?s={search_term_string}\"},\"query-input\":{\"@type\":\"PropertyValueSpecification\",\"valueRequired\":true,\"valueName\":\"search_term_string\"}}],\"inLanguage\":\"pt-BR\"},{\"@type\":\"Person\",\"@id\":\"https:\\\/\\\/dana.com.br\\\/canaldana\\\/#\\\/schema\\\/person\\\/3c21f22f56fcf3bc46b94bc60ea4fef6\",\"name\":\"Canal Dana\",\"image\":{\"@type\":\"ImageObject\",\"inLanguage\":\"pt-BR\",\"@id\":\"https:\\\/\\\/secure.gravatar.com\\\/avatar\\\/420aaf9278582877d9018637c6817617705899d2858d7572ef0fe59a6b6454b4?s=96&d=mm&r=g\",\"url\":\"https:\\\/\\\/secure.gravatar.com\\\/avatar\\\/420aaf9278582877d9018637c6817617705899d2858d7572ef0fe59a6b6454b4?s=96&d=mm&r=g\",\"contentUrl\":\"https:\\\/\\\/secure.gravatar.com\\\/avatar\\\/420aaf9278582877d9018637c6817617705899d2858d7572ef0fe59a6b6454b4?s=96&d=mm&r=g\",\"caption\":\"Canal Dana\"},\"url\":\"https:\\\/\\\/dana.com.br\\\/canaldana\\\/author\\\/cdeditor\\\/\"}]}<\/script>\n<!-- \/ Yoast SEO plugin. -->","yoast_head_json":{"title":"Brasil tem hoje a op\u00e7\u00e3o de seguir o pr\u00f3prio rumo para tornar a frota sustent\u00e1vel - Canal Dana","robots":{"index":"index","follow":"follow","max-snippet":"max-snippet:-1","max-image-preview":"max-image-preview:large","max-video-preview":"max-video-preview:-1"},"canonical":"https:\/\/dana.com.br\/canaldana\/2023\/08\/22\/brasil-tem-hoje-a-opcao-de-seguir-o-proprio-rumo-para-tornar-a-frota-sustentavel\/","og_locale":"pt_BR","og_type":"article","og_title":"Brasil tem hoje a op\u00e7\u00e3o de seguir o pr\u00f3prio rumo para tornar a frota sustent\u00e1vel - Canal Dana","og_description":"O Estado de S. Paulo\/Summite &nbsp; As caracter\u00edsticas brasileiras para a transi\u00e7\u00e3o energ\u00e9tica \u2013 matrizes limpas em abund\u00e2ncia e infraestrutura para o combust\u00edvel etanol pronta \u2013 s\u00e3o diferentes do restante do mundo. Por isso, explica Paulo Roberto Cardamone, CEO da Bright Consulting, n\u00e3o \u00e9 apenas preciso entender o contexto atual como pactuar regula\u00e7\u00f5es que tamb\u00e9m\u2026 Leia mais \u00bb","og_url":"https:\/\/dana.com.br\/canaldana\/2023\/08\/22\/brasil-tem-hoje-a-opcao-de-seguir-o-proprio-rumo-para-tornar-a-frota-sustentavel\/","og_site_name":"Canal Dana","article_published_time":"2023-08-22T11:21:20+00:00","author":"Canal Dana","twitter_card":"summary_large_image","twitter_misc":{"Escrito por":"Canal Dana","Est. tempo de leitura":"3 minutos"},"schema":{"@context":"https:\/\/schema.org","@graph":[{"@type":"Article","@id":"https:\/\/dana.com.br\/canaldana\/2023\/08\/22\/brasil-tem-hoje-a-opcao-de-seguir-o-proprio-rumo-para-tornar-a-frota-sustentavel\/#article","isPartOf":{"@id":"https:\/\/dana.com.br\/canaldana\/2023\/08\/22\/brasil-tem-hoje-a-opcao-de-seguir-o-proprio-rumo-para-tornar-a-frota-sustentavel\/"},"author":{"name":"Canal Dana","@id":"https:\/\/dana.com.br\/canaldana\/#\/schema\/person\/3c21f22f56fcf3bc46b94bc60ea4fef6"},"headline":"Brasil tem hoje a op\u00e7\u00e3o de seguir o pr\u00f3prio rumo para tornar a frota sustent\u00e1vel","datePublished":"2023-08-22T11:21:20+00:00","mainEntityOfPage":{"@id":"https:\/\/dana.com.br\/canaldana\/2023\/08\/22\/brasil-tem-hoje-a-opcao-de-seguir-o-proprio-rumo-para-tornar-a-frota-sustentavel\/"},"wordCount":640,"articleSection":["Destaques"],"inLanguage":"pt-BR"},{"@type":"WebPage","@id":"https:\/\/dana.com.br\/canaldana\/2023\/08\/22\/brasil-tem-hoje-a-opcao-de-seguir-o-proprio-rumo-para-tornar-a-frota-sustentavel\/","url":"https:\/\/dana.com.br\/canaldana\/2023\/08\/22\/brasil-tem-hoje-a-opcao-de-seguir-o-proprio-rumo-para-tornar-a-frota-sustentavel\/","name":"Brasil tem hoje a op\u00e7\u00e3o de seguir o pr\u00f3prio rumo para tornar a frota sustent\u00e1vel - Canal Dana","isPartOf":{"@id":"https:\/\/dana.com.br\/canaldana\/#website"},"datePublished":"2023-08-22T11:21:20+00:00","author":{"@id":"https:\/\/dana.com.br\/canaldana\/#\/schema\/person\/3c21f22f56fcf3bc46b94bc60ea4fef6"},"breadcrumb":{"@id":"https:\/\/dana.com.br\/canaldana\/2023\/08\/22\/brasil-tem-hoje-a-opcao-de-seguir-o-proprio-rumo-para-tornar-a-frota-sustentavel\/#breadcrumb"},"inLanguage":"pt-BR","potentialAction":[{"@type":"ReadAction","target":["https:\/\/dana.com.br\/canaldana\/2023\/08\/22\/brasil-tem-hoje-a-opcao-de-seguir-o-proprio-rumo-para-tornar-a-frota-sustentavel\/"]}]},{"@type":"BreadcrumbList","@id":"https:\/\/dana.com.br\/canaldana\/2023\/08\/22\/brasil-tem-hoje-a-opcao-de-seguir-o-proprio-rumo-para-tornar-a-frota-sustentavel\/#breadcrumb","itemListElement":[{"@type":"ListItem","position":1,"name":"Home","item":"https:\/\/dana.com.br\/canaldana\/"},{"@type":"ListItem","position":2,"name":"Destaques","item":"https:\/\/dana.com.br\/canaldana\/destaques\/"},{"@type":"ListItem","position":3,"name":"Brasil tem hoje a op\u00e7\u00e3o de seguir o pr\u00f3prio rumo para tornar a frota sustent\u00e1vel"}]},{"@type":"WebSite","@id":"https:\/\/dana.com.br\/canaldana\/#website","url":"https:\/\/dana.com.br\/canaldana\/","name":"Canal Dana","description":"Informativo com as principais not\u00edcias da ind\u00fastria automotiva","potentialAction":[{"@type":"SearchAction","target":{"@type":"EntryPoint","urlTemplate":"https:\/\/dana.com.br\/canaldana\/?s={search_term_string}"},"query-input":{"@type":"PropertyValueSpecification","valueRequired":true,"valueName":"search_term_string"}}],"inLanguage":"pt-BR"},{"@type":"Person","@id":"https:\/\/dana.com.br\/canaldana\/#\/schema\/person\/3c21f22f56fcf3bc46b94bc60ea4fef6","name":"Canal Dana","image":{"@type":"ImageObject","inLanguage":"pt-BR","@id":"https:\/\/secure.gravatar.com\/avatar\/420aaf9278582877d9018637c6817617705899d2858d7572ef0fe59a6b6454b4?s=96&d=mm&r=g","url":"https:\/\/secure.gravatar.com\/avatar\/420aaf9278582877d9018637c6817617705899d2858d7572ef0fe59a6b6454b4?s=96&d=mm&r=g","contentUrl":"https:\/\/secure.gravatar.com\/avatar\/420aaf9278582877d9018637c6817617705899d2858d7572ef0fe59a6b6454b4?s=96&d=mm&r=g","caption":"Canal Dana"},"url":"https:\/\/dana.com.br\/canaldana\/author\/cdeditor\/"}]}},"_links":{"self":[{"href":"https:\/\/dana.com.br\/canaldana\/wp-json\/wp\/v2\/posts\/67805","targetHints":{"allow":["GET"]}}],"collection":[{"href":"https:\/\/dana.com.br\/canaldana\/wp-json\/wp\/v2\/posts"}],"about":[{"href":"https:\/\/dana.com.br\/canaldana\/wp-json\/wp\/v2\/types\/post"}],"author":[{"embeddable":true,"href":"https:\/\/dana.com.br\/canaldana\/wp-json\/wp\/v2\/users\/3"}],"replies":[{"embeddable":true,"href":"https:\/\/dana.com.br\/canaldana\/wp-json\/wp\/v2\/comments?post=67805"}],"version-history":[{"count":0,"href":"https:\/\/dana.com.br\/canaldana\/wp-json\/wp\/v2\/posts\/67805\/revisions"}],"wp:attachment":[{"href":"https:\/\/dana.com.br\/canaldana\/wp-json\/wp\/v2\/media?parent=67805"}],"wp:term":[{"taxonomy":"category","embeddable":true,"href":"https:\/\/dana.com.br\/canaldana\/wp-json\/wp\/v2\/categories?post=67805"},{"taxonomy":"post_tag","embeddable":true,"href":"https:\/\/dana.com.br\/canaldana\/wp-json\/wp\/v2\/tags?post=67805"}],"curies":[{"name":"wp","href":"https:\/\/api.w.org\/{rel}","templated":true}]}}