{"id":67392,"date":"2023-08-03T08:54:28","date_gmt":"2023-08-03T11:54:28","guid":{"rendered":"https:\/\/dana.com.br\/canaldana\/?p=67392"},"modified":"2023-08-03T08:54:28","modified_gmt":"2023-08-03T11:54:28","slug":"banco-central-surpreende-e-corta-taxa-de-juro-em-05-ponto-apos-3-anos","status":"publish","type":"post","link":"https:\/\/dana.com.br\/canaldana\/2023\/08\/03\/banco-central-surpreende-e-corta-taxa-de-juro-em-05-ponto-apos-3-anos\/","title":{"rendered":"Banco Central surpreende e corta taxa de juro em 0,5 ponto ap\u00f3s 3 anos"},"content":{"rendered":"<p><em>O Estado de S. Paulo <\/em><\/p>\n<p>&nbsp;<\/p>\n<p>Em decis\u00e3o dividida, o Copom reduziu a taxa b\u00e1sica de juros da economia em 0,5 ponto porcentual, de 13,75% para 13,25%. \u00c9 o primeiro corte da Selic em tr\u00eas anos. A redu\u00e7\u00e3o era esperada. A d\u00favida era se seria de 0,25 ou 0,5 ponto. Cinco diretores do BC votaram pelo corte de 0,5 ponto e quatro, por 0,25. Entre os que votaram por 0,5 ponto, est\u00e3o os indicados pelo governo Lula (Gabriel Gal\u00edpolo e Ailton de Aquino Santos) e o presidente do BC, Roberto Campos Neto. Em comunicado, o colegiado considerou que seria \u201capropriado\u201d adotar uma redu\u00e7\u00e3o maior agora e adiantou a previs\u00e3o de novo corte de 0,5 ponto na pr\u00f3xima reuni\u00e3o caso se confirme o cen\u00e1rio de desacelera\u00e7\u00e3o da infla\u00e7\u00e3o, hoje na casa de 3% ao ano.<\/p>\n<p>&nbsp;<\/p>\n<p>O Comit\u00ea de Pol\u00edtica Monet\u00e1ria do Banco Central anunciou ontem o primeiro corte da Selic desde agosto de 2020. A taxa b\u00e1sica de juros foi reduzida em 0,5 ponto porcentual, de 13,75% para 13,25% ao ano. Em comunicado, o colegiado adiantou a previs\u00e3o de novo corte de 0,5 ponto nas pr\u00f3ximas reuni\u00f5es caso se confirme o cen\u00e1rio de desacelera\u00e7\u00e3o da infla\u00e7\u00e3o.<\/p>\n<p>&nbsp;<\/p>\n<p>A redu\u00e7\u00e3o j\u00e1 era esperada pelo mercado e pelo governo. A d\u00favida estava na intensidade do corte, com previs\u00f5es entre 0,25 e 0,5 ponto. O Copom disse ter avaliado primeiro a alternativa de um corte mais conservador da Selic, mas depois considerou que seria \u201capropriado\u201d adotar uma redu\u00e7\u00e3o maior \u201cem fun\u00e7\u00e3o da melhora do quadro inflacion\u00e1rio, refor\u00e7ando, no entanto, o firme objetivo de manter uma pol\u00edtica monet\u00e1ria contracionista para a reancoragem das expectativas e a converg\u00eancia da infla\u00e7\u00e3o para a meta no horizonte relevante\u201d.<\/p>\n<p>&nbsp;<\/p>\n<p>A decis\u00e3o, por\u00e9m, n\u00e3o foi un\u00e2nime: cinco integrantes do Copom votaram pelo corte de 0,5 ponto e quatro, pela redu\u00e7\u00e3o de 0,25. Entre os que votaram pelo 0,5 ponto, est\u00e3o os novos diretores do BC indicados pelo governo Lula (Gabriel Gal\u00edpolo e Ailton de Aquino Santo) e tamb\u00e9m o presidente da autarquia, Roberto Campos Neto \u2013 que teve o voto de Minerva.<\/p>\n<p>&nbsp;<\/p>\n<p>Ainda pela manh\u00e3, o presidente Luiz In\u00e1cio Lula da Silva voltara a cobrar o in\u00edcio do ciclo de corte de juros, alegando que o chefe do BC \u201cn\u00e3o entende de Brasil e de povo\u201d. Com mandato at\u00e9 dezembro de 2024, Campos Neto foi indicado na gest\u00e3o Bolsonaro e \u00e9 o primeiro a dirigir o BC com autonomia operacional definida em lei.<\/p>\n<p>&nbsp;<\/p>\n<p>No seu comunicado, o Copom tamb\u00e9m decidiu retirar a men\u00e7\u00e3o feita antes de \u201crisco fiscal\u201d \u2013 usada nas reuni\u00f5es anteriores como uma das justificativas para a manuten\u00e7\u00e3o da Selic \u2013, apesar de o novo arcabou\u00e7o ainda estar em tramita\u00e7\u00e3o no Congresso.<\/p>\n<p>&nbsp;<\/p>\n<p>Foi a primeira vez que o Copom n\u00e3o citou o fiscal no balan\u00e7o de riscos para a infla\u00e7\u00e3o desde mar\u00e7o de 2020 \u2013 quando a pandemia de covid-19 chegou ao Brasil. No mercado, isso foi visto como um aceno ao governo, principalmente ao ministro da Fazenda, Fernando Haddad.<\/p>\n<p>&nbsp;<\/p>\n<p>Imediatamente ap\u00f3s a decis\u00e3o, o BC e Campos Neto colheram a primeira manifesta\u00e7\u00e3o de tr\u00e9gua de Haddad, que montou um p\u00falpito na porta do seu minist\u00e9rio para demonstrar seu \u201cotimismo\u201d com o resultado da reuni\u00e3o do Copom. \u201cTenho certeza de que o presidente do BC votou com o que conhece em economia, voto t\u00e9cnico e calibrado\u201d, disse ele. Houve tamb\u00e9m elogios do setor produtivo \u2013 por meio de notas da CNI, Firjan, FecomercioSP, Febraban e Abras, entre outras entidades. (O Estado de S. Paulo\/Tha\u00eds Barcellos e Eduardo Rodrigues)<\/p>\n","protected":false},"excerpt":{"rendered":"<p>O Estado de S. Paulo &nbsp; Em decis\u00e3o dividida, o Copom reduziu a taxa b\u00e1sica de juros da economia em 0,5 ponto porcentual, de 13,75% para 13,25%. \u00c9 o primeiro corte da Selic em tr\u00eas anos. A redu\u00e7\u00e3o era esperada. A d\u00favida era se seria de 0,25 ou 0,5 ponto. Cinco diretores do BC votaram\u2026 <a class=\"readmore\" href=\"https:\/\/dana.com.br\/canaldana\/2023\/08\/03\/banco-central-surpreende-e-corta-taxa-de-juro-em-05-ponto-apos-3-anos\/\">Leia mais \u00bb<\/a><\/p>\n","protected":false},"author":3,"featured_media":0,"comment_status":"closed","ping_status":"closed","sticky":false,"template":"","format":"standard","meta":{"_acf_changed":false,"footnotes":""},"categories":[79],"tags":[],"class_list":["post-67392","post","type-post","status-publish","format-standard","hentry","category-mercado"],"acf":[],"yoast_head":"<!-- This site is optimized with the Yoast SEO plugin v27.3 - https:\/\/yoast.com\/product\/yoast-seo-wordpress\/ -->\n<title>Banco Central surpreende e corta taxa de juro em 0,5 ponto ap\u00f3s 3 anos - Canal Dana<\/title>\n<meta name=\"robots\" content=\"index, follow, max-snippet:-1, max-image-preview:large, max-video-preview:-1\" \/>\n<link rel=\"canonical\" href=\"https:\/\/dana.com.br\/canaldana\/2023\/08\/03\/banco-central-surpreende-e-corta-taxa-de-juro-em-05-ponto-apos-3-anos\/\" \/>\n<meta property=\"og:locale\" content=\"pt_BR\" \/>\n<meta property=\"og:type\" content=\"article\" \/>\n<meta property=\"og:title\" content=\"Banco Central surpreende e corta taxa de juro em 0,5 ponto ap\u00f3s 3 anos - Canal Dana\" \/>\n<meta property=\"og:description\" content=\"O Estado de S. Paulo &nbsp; Em decis\u00e3o dividida, o Copom reduziu a taxa b\u00e1sica de juros da economia em 0,5 ponto porcentual, de 13,75% para 13,25%. \u00c9 o primeiro corte da Selic em tr\u00eas anos. A redu\u00e7\u00e3o era esperada. A d\u00favida era se seria de 0,25 ou 0,5 ponto. Cinco diretores do BC votaram\u2026 Leia mais \u00bb\" \/>\n<meta property=\"og:url\" content=\"https:\/\/dana.com.br\/canaldana\/2023\/08\/03\/banco-central-surpreende-e-corta-taxa-de-juro-em-05-ponto-apos-3-anos\/\" \/>\n<meta property=\"og:site_name\" content=\"Canal Dana\" \/>\n<meta property=\"article:published_time\" content=\"2023-08-03T11:54:28+00:00\" \/>\n<meta name=\"author\" content=\"Canal Dana\" \/>\n<meta name=\"twitter:card\" content=\"summary_large_image\" \/>\n<meta name=\"twitter:label1\" content=\"Escrito por\" \/>\n\t<meta name=\"twitter:data1\" content=\"Canal Dana\" \/>\n\t<meta name=\"twitter:label2\" content=\"Est. tempo de leitura\" \/>\n\t<meta name=\"twitter:data2\" content=\"4 minutos\" \/>\n<script type=\"application\/ld+json\" class=\"yoast-schema-graph\">{\"@context\":\"https:\\\/\\\/schema.org\",\"@graph\":[{\"@type\":\"Article\",\"@id\":\"https:\\\/\\\/dana.com.br\\\/canaldana\\\/2023\\\/08\\\/03\\\/banco-central-surpreende-e-corta-taxa-de-juro-em-05-ponto-apos-3-anos\\\/#article\",\"isPartOf\":{\"@id\":\"https:\\\/\\\/dana.com.br\\\/canaldana\\\/2023\\\/08\\\/03\\\/banco-central-surpreende-e-corta-taxa-de-juro-em-05-ponto-apos-3-anos\\\/\"},\"author\":{\"name\":\"Canal Dana\",\"@id\":\"https:\\\/\\\/dana.com.br\\\/canaldana\\\/#\\\/schema\\\/person\\\/3c21f22f56fcf3bc46b94bc60ea4fef6\"},\"headline\":\"Banco Central surpreende e corta taxa de juro em 0,5 ponto ap\u00f3s 3 anos\",\"datePublished\":\"2023-08-03T11:54:28+00:00\",\"mainEntityOfPage\":{\"@id\":\"https:\\\/\\\/dana.com.br\\\/canaldana\\\/2023\\\/08\\\/03\\\/banco-central-surpreende-e-corta-taxa-de-juro-em-05-ponto-apos-3-anos\\\/\"},\"wordCount\":637,\"articleSection\":[\"Mercado\"],\"inLanguage\":\"pt-BR\"},{\"@type\":\"WebPage\",\"@id\":\"https:\\\/\\\/dana.com.br\\\/canaldana\\\/2023\\\/08\\\/03\\\/banco-central-surpreende-e-corta-taxa-de-juro-em-05-ponto-apos-3-anos\\\/\",\"url\":\"https:\\\/\\\/dana.com.br\\\/canaldana\\\/2023\\\/08\\\/03\\\/banco-central-surpreende-e-corta-taxa-de-juro-em-05-ponto-apos-3-anos\\\/\",\"name\":\"Banco Central surpreende e corta taxa de juro em 0,5 ponto ap\u00f3s 3 anos - Canal Dana\",\"isPartOf\":{\"@id\":\"https:\\\/\\\/dana.com.br\\\/canaldana\\\/#website\"},\"datePublished\":\"2023-08-03T11:54:28+00:00\",\"author\":{\"@id\":\"https:\\\/\\\/dana.com.br\\\/canaldana\\\/#\\\/schema\\\/person\\\/3c21f22f56fcf3bc46b94bc60ea4fef6\"},\"breadcrumb\":{\"@id\":\"https:\\\/\\\/dana.com.br\\\/canaldana\\\/2023\\\/08\\\/03\\\/banco-central-surpreende-e-corta-taxa-de-juro-em-05-ponto-apos-3-anos\\\/#breadcrumb\"},\"inLanguage\":\"pt-BR\",\"potentialAction\":[{\"@type\":\"ReadAction\",\"target\":[\"https:\\\/\\\/dana.com.br\\\/canaldana\\\/2023\\\/08\\\/03\\\/banco-central-surpreende-e-corta-taxa-de-juro-em-05-ponto-apos-3-anos\\\/\"]}]},{\"@type\":\"BreadcrumbList\",\"@id\":\"https:\\\/\\\/dana.com.br\\\/canaldana\\\/2023\\\/08\\\/03\\\/banco-central-surpreende-e-corta-taxa-de-juro-em-05-ponto-apos-3-anos\\\/#breadcrumb\",\"itemListElement\":[{\"@type\":\"ListItem\",\"position\":1,\"name\":\"Home\",\"item\":\"https:\\\/\\\/dana.com.br\\\/canaldana\\\/\"},{\"@type\":\"ListItem\",\"position\":2,\"name\":\"Mercado\",\"item\":\"https:\\\/\\\/dana.com.br\\\/canaldana\\\/mercado\\\/\"},{\"@type\":\"ListItem\",\"position\":3,\"name\":\"Banco Central surpreende e corta taxa de juro em 0,5 ponto ap\u00f3s 3 anos\"}]},{\"@type\":\"WebSite\",\"@id\":\"https:\\\/\\\/dana.com.br\\\/canaldana\\\/#website\",\"url\":\"https:\\\/\\\/dana.com.br\\\/canaldana\\\/\",\"name\":\"Canal Dana\",\"description\":\"Informativo com as principais not\u00edcias da ind\u00fastria automotiva\",\"potentialAction\":[{\"@type\":\"SearchAction\",\"target\":{\"@type\":\"EntryPoint\",\"urlTemplate\":\"https:\\\/\\\/dana.com.br\\\/canaldana\\\/?s={search_term_string}\"},\"query-input\":{\"@type\":\"PropertyValueSpecification\",\"valueRequired\":true,\"valueName\":\"search_term_string\"}}],\"inLanguage\":\"pt-BR\"},{\"@type\":\"Person\",\"@id\":\"https:\\\/\\\/dana.com.br\\\/canaldana\\\/#\\\/schema\\\/person\\\/3c21f22f56fcf3bc46b94bc60ea4fef6\",\"name\":\"Canal Dana\",\"image\":{\"@type\":\"ImageObject\",\"inLanguage\":\"pt-BR\",\"@id\":\"https:\\\/\\\/secure.gravatar.com\\\/avatar\\\/420aaf9278582877d9018637c6817617705899d2858d7572ef0fe59a6b6454b4?s=96&d=mm&r=g\",\"url\":\"https:\\\/\\\/secure.gravatar.com\\\/avatar\\\/420aaf9278582877d9018637c6817617705899d2858d7572ef0fe59a6b6454b4?s=96&d=mm&r=g\",\"contentUrl\":\"https:\\\/\\\/secure.gravatar.com\\\/avatar\\\/420aaf9278582877d9018637c6817617705899d2858d7572ef0fe59a6b6454b4?s=96&d=mm&r=g\",\"caption\":\"Canal Dana\"},\"url\":\"https:\\\/\\\/dana.com.br\\\/canaldana\\\/author\\\/cdeditor\\\/\"}]}<\/script>\n<!-- \/ Yoast SEO plugin. -->","yoast_head_json":{"title":"Banco Central surpreende e corta taxa de juro em 0,5 ponto ap\u00f3s 3 anos - Canal Dana","robots":{"index":"index","follow":"follow","max-snippet":"max-snippet:-1","max-image-preview":"max-image-preview:large","max-video-preview":"max-video-preview:-1"},"canonical":"https:\/\/dana.com.br\/canaldana\/2023\/08\/03\/banco-central-surpreende-e-corta-taxa-de-juro-em-05-ponto-apos-3-anos\/","og_locale":"pt_BR","og_type":"article","og_title":"Banco Central surpreende e corta taxa de juro em 0,5 ponto ap\u00f3s 3 anos - Canal Dana","og_description":"O Estado de S. Paulo &nbsp; Em decis\u00e3o dividida, o Copom reduziu a taxa b\u00e1sica de juros da economia em 0,5 ponto porcentual, de 13,75% para 13,25%. \u00c9 o primeiro corte da Selic em tr\u00eas anos. A redu\u00e7\u00e3o era esperada. A d\u00favida era se seria de 0,25 ou 0,5 ponto. Cinco diretores do BC votaram\u2026 Leia mais \u00bb","og_url":"https:\/\/dana.com.br\/canaldana\/2023\/08\/03\/banco-central-surpreende-e-corta-taxa-de-juro-em-05-ponto-apos-3-anos\/","og_site_name":"Canal Dana","article_published_time":"2023-08-03T11:54:28+00:00","author":"Canal Dana","twitter_card":"summary_large_image","twitter_misc":{"Escrito por":"Canal Dana","Est. tempo de leitura":"4 minutos"},"schema":{"@context":"https:\/\/schema.org","@graph":[{"@type":"Article","@id":"https:\/\/dana.com.br\/canaldana\/2023\/08\/03\/banco-central-surpreende-e-corta-taxa-de-juro-em-05-ponto-apos-3-anos\/#article","isPartOf":{"@id":"https:\/\/dana.com.br\/canaldana\/2023\/08\/03\/banco-central-surpreende-e-corta-taxa-de-juro-em-05-ponto-apos-3-anos\/"},"author":{"name":"Canal Dana","@id":"https:\/\/dana.com.br\/canaldana\/#\/schema\/person\/3c21f22f56fcf3bc46b94bc60ea4fef6"},"headline":"Banco Central surpreende e corta taxa de juro em 0,5 ponto ap\u00f3s 3 anos","datePublished":"2023-08-03T11:54:28+00:00","mainEntityOfPage":{"@id":"https:\/\/dana.com.br\/canaldana\/2023\/08\/03\/banco-central-surpreende-e-corta-taxa-de-juro-em-05-ponto-apos-3-anos\/"},"wordCount":637,"articleSection":["Mercado"],"inLanguage":"pt-BR"},{"@type":"WebPage","@id":"https:\/\/dana.com.br\/canaldana\/2023\/08\/03\/banco-central-surpreende-e-corta-taxa-de-juro-em-05-ponto-apos-3-anos\/","url":"https:\/\/dana.com.br\/canaldana\/2023\/08\/03\/banco-central-surpreende-e-corta-taxa-de-juro-em-05-ponto-apos-3-anos\/","name":"Banco Central surpreende e corta taxa de juro em 0,5 ponto ap\u00f3s 3 anos - Canal Dana","isPartOf":{"@id":"https:\/\/dana.com.br\/canaldana\/#website"},"datePublished":"2023-08-03T11:54:28+00:00","author":{"@id":"https:\/\/dana.com.br\/canaldana\/#\/schema\/person\/3c21f22f56fcf3bc46b94bc60ea4fef6"},"breadcrumb":{"@id":"https:\/\/dana.com.br\/canaldana\/2023\/08\/03\/banco-central-surpreende-e-corta-taxa-de-juro-em-05-ponto-apos-3-anos\/#breadcrumb"},"inLanguage":"pt-BR","potentialAction":[{"@type":"ReadAction","target":["https:\/\/dana.com.br\/canaldana\/2023\/08\/03\/banco-central-surpreende-e-corta-taxa-de-juro-em-05-ponto-apos-3-anos\/"]}]},{"@type":"BreadcrumbList","@id":"https:\/\/dana.com.br\/canaldana\/2023\/08\/03\/banco-central-surpreende-e-corta-taxa-de-juro-em-05-ponto-apos-3-anos\/#breadcrumb","itemListElement":[{"@type":"ListItem","position":1,"name":"Home","item":"https:\/\/dana.com.br\/canaldana\/"},{"@type":"ListItem","position":2,"name":"Mercado","item":"https:\/\/dana.com.br\/canaldana\/mercado\/"},{"@type":"ListItem","position":3,"name":"Banco Central surpreende e corta taxa de juro em 0,5 ponto ap\u00f3s 3 anos"}]},{"@type":"WebSite","@id":"https:\/\/dana.com.br\/canaldana\/#website","url":"https:\/\/dana.com.br\/canaldana\/","name":"Canal Dana","description":"Informativo com as principais not\u00edcias da ind\u00fastria automotiva","potentialAction":[{"@type":"SearchAction","target":{"@type":"EntryPoint","urlTemplate":"https:\/\/dana.com.br\/canaldana\/?s={search_term_string}"},"query-input":{"@type":"PropertyValueSpecification","valueRequired":true,"valueName":"search_term_string"}}],"inLanguage":"pt-BR"},{"@type":"Person","@id":"https:\/\/dana.com.br\/canaldana\/#\/schema\/person\/3c21f22f56fcf3bc46b94bc60ea4fef6","name":"Canal Dana","image":{"@type":"ImageObject","inLanguage":"pt-BR","@id":"https:\/\/secure.gravatar.com\/avatar\/420aaf9278582877d9018637c6817617705899d2858d7572ef0fe59a6b6454b4?s=96&d=mm&r=g","url":"https:\/\/secure.gravatar.com\/avatar\/420aaf9278582877d9018637c6817617705899d2858d7572ef0fe59a6b6454b4?s=96&d=mm&r=g","contentUrl":"https:\/\/secure.gravatar.com\/avatar\/420aaf9278582877d9018637c6817617705899d2858d7572ef0fe59a6b6454b4?s=96&d=mm&r=g","caption":"Canal Dana"},"url":"https:\/\/dana.com.br\/canaldana\/author\/cdeditor\/"}]}},"_links":{"self":[{"href":"https:\/\/dana.com.br\/canaldana\/wp-json\/wp\/v2\/posts\/67392","targetHints":{"allow":["GET"]}}],"collection":[{"href":"https:\/\/dana.com.br\/canaldana\/wp-json\/wp\/v2\/posts"}],"about":[{"href":"https:\/\/dana.com.br\/canaldana\/wp-json\/wp\/v2\/types\/post"}],"author":[{"embeddable":true,"href":"https:\/\/dana.com.br\/canaldana\/wp-json\/wp\/v2\/users\/3"}],"replies":[{"embeddable":true,"href":"https:\/\/dana.com.br\/canaldana\/wp-json\/wp\/v2\/comments?post=67392"}],"version-history":[{"count":0,"href":"https:\/\/dana.com.br\/canaldana\/wp-json\/wp\/v2\/posts\/67392\/revisions"}],"wp:attachment":[{"href":"https:\/\/dana.com.br\/canaldana\/wp-json\/wp\/v2\/media?parent=67392"}],"wp:term":[{"taxonomy":"category","embeddable":true,"href":"https:\/\/dana.com.br\/canaldana\/wp-json\/wp\/v2\/categories?post=67392"},{"taxonomy":"post_tag","embeddable":true,"href":"https:\/\/dana.com.br\/canaldana\/wp-json\/wp\/v2\/tags?post=67392"}],"curies":[{"name":"wp","href":"https:\/\/api.w.org\/{rel}","templated":true}]}}