{"id":66982,"date":"2023-07-17T09:03:14","date_gmt":"2023-07-17T12:03:14","guid":{"rendered":"https:\/\/dana.com.br\/canaldana\/?p=66982"},"modified":"2023-07-17T09:03:14","modified_gmt":"2023-07-17T12:03:14","slug":"honda-city-reestilizado-tem-patentes-registradas-no-brasil-e-vai-mudar","status":"publish","type":"post","link":"https:\/\/dana.com.br\/canaldana\/2023\/07\/17\/honda-city-reestilizado-tem-patentes-registradas-no-brasil-e-vai-mudar\/","title":{"rendered":"Honda City reestilizado tem patentes registradas no Brasil e vai mudar"},"content":{"rendered":"<p><em>Jornal do Carro <\/em><\/p>\n<p>&nbsp;<\/p>\n<p>Mesmo sem completar dois anos no mercado brasileiro, o Honda City j\u00e1 sofreu altera\u00e7\u00f5es na \u00c1sia, onde teve seu lan\u00e7amento em 2019. No entanto, como o Jornal do Carro j\u00e1 apurou, apesar da expectativa para o lan\u00e7amento, as modifica\u00e7\u00f5es no modelo v\u00e3o demorar um pouco a chegar ao Brasil. Mas a Honda j\u00e1 come\u00e7ou a patentear o desenho das pe\u00e7as aqui no Pa\u00eds.<\/p>\n<p>&nbsp;<\/p>\n<p>A princ\u00edpio, foram quatro registros diferentes e as imagens foram publicadas pelo Instituto Nacional da Propriedade Industrial (INPI). S\u00e3o elas: para-choque dianteiro, para-choque traseiro e duas vers\u00f5es da grade frontal. Uma dessas configura\u00e7\u00f5es \u00e9 do Honda City RS, uma vers\u00e3o que n\u00e3o veio ao Brasil. Ou seja, foi uma mudan\u00e7a bem discreta e que pode acabar passando em branco.<\/p>\n<p>&nbsp;<\/p>\n<p><strong>Mudan\u00e7as para o novo Honda City<\/strong><\/p>\n<p>&nbsp;<\/p>\n<p>Dessa forma, a entrada de ar \u00e9 outra parte que alterou no novo design. Ficando um pouco maior enquanto a barra horizontal cromada sofreu redu\u00e7\u00e3o, se posicionando acima do logotipo da Honda e formando uma linha com os far\u00f3is. Tal qual, a diferen\u00e7a entre as duas grades \u00e9 variante da vers\u00e3o RS, em formato de colmeia.<\/p>\n<p>&nbsp;<\/p>\n<p>Do mesmo modo, o novo desenho do para-choque dianteiro garante um vinco mais baixo do que a parte onde est\u00e1 os far\u00f3is de neblina. Al\u00e9m de alterar tamb\u00e9m a entrada de ar central. Nesse sentido, o para-choque traseiro sofreu altera\u00e7\u00f5es, para que os refletores fiquem na parte inferior da pe\u00e7a. Bem como, a vers\u00e3o do City RS traz um aerof\u00f3lio na tampa do porta-malas.<\/p>\n<p>&nbsp;<\/p>\n<p>Na \u00cdndia, a montadora buscou ampliar a vers\u00e3o h\u00edbrida, ainda n\u00e3o dispon\u00edvel no Brasil. Por l\u00e1, a op\u00e7\u00e3o combina o motor 1.5 a gasolina e um el\u00e9trico. Assim, gera 126 cv e faz 27 km\/l. At\u00e9 ent\u00e3o, o conjunto hibrido estava dispon\u00edvel apenas na configura\u00e7\u00e3o topo de linha. Mas agora h\u00e1 uma variante mais acess\u00edvel para compensar a extin\u00e7\u00e3o das vers\u00f5es a diesel.<\/p>\n<p>&nbsp;<\/p>\n<p>O modelo indiano ainda ganhou novos equipamentos, como controle de cruzeiro adaptativo, assistente de faixa e frenagem autom\u00e1tica, inclusive com c\u00e2mbio manual. A lista traz monitoramento de press\u00e3o dos pneus, ilumina\u00e7\u00e3o ambiente e carregador wireless para smartphones.<\/p>\n<p>&nbsp;<\/p>\n<p><strong>Novo Honda City sed\u00e3 s\u00f3 no final de 2024<\/strong><\/p>\n<p>&nbsp;<\/p>\n<p>No Brasil, o sed\u00e3 est\u00e1 fora da lista de lan\u00e7amentos para 2023, que conta com o novo ZR-V, e os novos e h\u00edbridos Accord e CR-V. E provavelmente, o lan\u00e7amento do carro ficar\u00e1 para o segundo semestre ou at\u00e9 mesmo o \u00faltimo trimestre de 2024, se a Honda acelerar o lan\u00e7amento do novo Honda City. (Jornal do Carro\/Ana Carolina Bilatto)<\/p>\n","protected":false},"excerpt":{"rendered":"<p>Jornal do Carro &nbsp; Mesmo sem completar dois anos no mercado brasileiro, o Honda City j\u00e1 sofreu altera\u00e7\u00f5es na \u00c1sia, onde teve seu lan\u00e7amento em 2019. No entanto, como o Jornal do Carro j\u00e1 apurou, apesar da expectativa para o lan\u00e7amento, as modifica\u00e7\u00f5es no modelo v\u00e3o demorar um pouco a chegar ao Brasil. Mas a\u2026 <a class=\"readmore\" href=\"https:\/\/dana.com.br\/canaldana\/2023\/07\/17\/honda-city-reestilizado-tem-patentes-registradas-no-brasil-e-vai-mudar\/\">Leia mais \u00bb<\/a><\/p>\n","protected":false},"author":3,"featured_media":0,"comment_status":"closed","ping_status":"closed","sticky":false,"template":"","format":"standard","meta":{"_acf_changed":false,"footnotes":""},"categories":[79],"tags":[],"class_list":["post-66982","post","type-post","status-publish","format-standard","hentry","category-mercado"],"acf":[],"yoast_head":"<!-- This site is optimized with the Yoast SEO plugin v27.3 - https:\/\/yoast.com\/product\/yoast-seo-wordpress\/ -->\n<title>Honda City reestilizado tem patentes registradas no Brasil e vai mudar - Canal Dana<\/title>\n<meta name=\"robots\" content=\"index, follow, max-snippet:-1, max-image-preview:large, max-video-preview:-1\" \/>\n<link rel=\"canonical\" href=\"https:\/\/dana.com.br\/canaldana\/2023\/07\/17\/honda-city-reestilizado-tem-patentes-registradas-no-brasil-e-vai-mudar\/\" \/>\n<meta property=\"og:locale\" content=\"pt_BR\" \/>\n<meta property=\"og:type\" content=\"article\" \/>\n<meta property=\"og:title\" content=\"Honda City reestilizado tem patentes registradas no Brasil e vai mudar - Canal Dana\" \/>\n<meta property=\"og:description\" content=\"Jornal do Carro &nbsp; Mesmo sem completar dois anos no mercado brasileiro, o Honda City j\u00e1 sofreu altera\u00e7\u00f5es na \u00c1sia, onde teve seu lan\u00e7amento em 2019. No entanto, como o Jornal do Carro j\u00e1 apurou, apesar da expectativa para o lan\u00e7amento, as modifica\u00e7\u00f5es no modelo v\u00e3o demorar um pouco a chegar ao Brasil. Mas a\u2026 Leia mais \u00bb\" \/>\n<meta property=\"og:url\" content=\"https:\/\/dana.com.br\/canaldana\/2023\/07\/17\/honda-city-reestilizado-tem-patentes-registradas-no-brasil-e-vai-mudar\/\" \/>\n<meta property=\"og:site_name\" content=\"Canal Dana\" \/>\n<meta property=\"article:published_time\" content=\"2023-07-17T12:03:14+00:00\" \/>\n<meta name=\"author\" content=\"Canal Dana\" \/>\n<meta name=\"twitter:card\" content=\"summary_large_image\" \/>\n<meta name=\"twitter:label1\" content=\"Escrito por\" \/>\n\t<meta name=\"twitter:data1\" content=\"Canal Dana\" \/>\n\t<meta name=\"twitter:label2\" content=\"Est. tempo de leitura\" \/>\n\t<meta name=\"twitter:data2\" content=\"3 minutos\" \/>\n<script type=\"application\/ld+json\" class=\"yoast-schema-graph\">{\"@context\":\"https:\\\/\\\/schema.org\",\"@graph\":[{\"@type\":\"Article\",\"@id\":\"https:\\\/\\\/dana.com.br\\\/canaldana\\\/2023\\\/07\\\/17\\\/honda-city-reestilizado-tem-patentes-registradas-no-brasil-e-vai-mudar\\\/#article\",\"isPartOf\":{\"@id\":\"https:\\\/\\\/dana.com.br\\\/canaldana\\\/2023\\\/07\\\/17\\\/honda-city-reestilizado-tem-patentes-registradas-no-brasil-e-vai-mudar\\\/\"},\"author\":{\"name\":\"Canal Dana\",\"@id\":\"https:\\\/\\\/dana.com.br\\\/canaldana\\\/#\\\/schema\\\/person\\\/3c21f22f56fcf3bc46b94bc60ea4fef6\"},\"headline\":\"Honda City reestilizado tem patentes registradas no Brasil e vai mudar\",\"datePublished\":\"2023-07-17T12:03:14+00:00\",\"mainEntityOfPage\":{\"@id\":\"https:\\\/\\\/dana.com.br\\\/canaldana\\\/2023\\\/07\\\/17\\\/honda-city-reestilizado-tem-patentes-registradas-no-brasil-e-vai-mudar\\\/\"},\"wordCount\":479,\"articleSection\":[\"Mercado\"],\"inLanguage\":\"pt-BR\"},{\"@type\":\"WebPage\",\"@id\":\"https:\\\/\\\/dana.com.br\\\/canaldana\\\/2023\\\/07\\\/17\\\/honda-city-reestilizado-tem-patentes-registradas-no-brasil-e-vai-mudar\\\/\",\"url\":\"https:\\\/\\\/dana.com.br\\\/canaldana\\\/2023\\\/07\\\/17\\\/honda-city-reestilizado-tem-patentes-registradas-no-brasil-e-vai-mudar\\\/\",\"name\":\"Honda City reestilizado tem patentes registradas no Brasil e vai mudar - Canal Dana\",\"isPartOf\":{\"@id\":\"https:\\\/\\\/dana.com.br\\\/canaldana\\\/#website\"},\"datePublished\":\"2023-07-17T12:03:14+00:00\",\"author\":{\"@id\":\"https:\\\/\\\/dana.com.br\\\/canaldana\\\/#\\\/schema\\\/person\\\/3c21f22f56fcf3bc46b94bc60ea4fef6\"},\"breadcrumb\":{\"@id\":\"https:\\\/\\\/dana.com.br\\\/canaldana\\\/2023\\\/07\\\/17\\\/honda-city-reestilizado-tem-patentes-registradas-no-brasil-e-vai-mudar\\\/#breadcrumb\"},\"inLanguage\":\"pt-BR\",\"potentialAction\":[{\"@type\":\"ReadAction\",\"target\":[\"https:\\\/\\\/dana.com.br\\\/canaldana\\\/2023\\\/07\\\/17\\\/honda-city-reestilizado-tem-patentes-registradas-no-brasil-e-vai-mudar\\\/\"]}]},{\"@type\":\"BreadcrumbList\",\"@id\":\"https:\\\/\\\/dana.com.br\\\/canaldana\\\/2023\\\/07\\\/17\\\/honda-city-reestilizado-tem-patentes-registradas-no-brasil-e-vai-mudar\\\/#breadcrumb\",\"itemListElement\":[{\"@type\":\"ListItem\",\"position\":1,\"name\":\"Home\",\"item\":\"https:\\\/\\\/dana.com.br\\\/canaldana\\\/\"},{\"@type\":\"ListItem\",\"position\":2,\"name\":\"Mercado\",\"item\":\"https:\\\/\\\/dana.com.br\\\/canaldana\\\/mercado\\\/\"},{\"@type\":\"ListItem\",\"position\":3,\"name\":\"Honda City reestilizado tem patentes registradas no Brasil e vai mudar\"}]},{\"@type\":\"WebSite\",\"@id\":\"https:\\\/\\\/dana.com.br\\\/canaldana\\\/#website\",\"url\":\"https:\\\/\\\/dana.com.br\\\/canaldana\\\/\",\"name\":\"Canal Dana\",\"description\":\"Informativo com as principais not\u00edcias da ind\u00fastria automotiva\",\"potentialAction\":[{\"@type\":\"SearchAction\",\"target\":{\"@type\":\"EntryPoint\",\"urlTemplate\":\"https:\\\/\\\/dana.com.br\\\/canaldana\\\/?s={search_term_string}\"},\"query-input\":{\"@type\":\"PropertyValueSpecification\",\"valueRequired\":true,\"valueName\":\"search_term_string\"}}],\"inLanguage\":\"pt-BR\"},{\"@type\":\"Person\",\"@id\":\"https:\\\/\\\/dana.com.br\\\/canaldana\\\/#\\\/schema\\\/person\\\/3c21f22f56fcf3bc46b94bc60ea4fef6\",\"name\":\"Canal Dana\",\"image\":{\"@type\":\"ImageObject\",\"inLanguage\":\"pt-BR\",\"@id\":\"https:\\\/\\\/secure.gravatar.com\\\/avatar\\\/420aaf9278582877d9018637c6817617705899d2858d7572ef0fe59a6b6454b4?s=96&d=mm&r=g\",\"url\":\"https:\\\/\\\/secure.gravatar.com\\\/avatar\\\/420aaf9278582877d9018637c6817617705899d2858d7572ef0fe59a6b6454b4?s=96&d=mm&r=g\",\"contentUrl\":\"https:\\\/\\\/secure.gravatar.com\\\/avatar\\\/420aaf9278582877d9018637c6817617705899d2858d7572ef0fe59a6b6454b4?s=96&d=mm&r=g\",\"caption\":\"Canal Dana\"},\"url\":\"https:\\\/\\\/dana.com.br\\\/canaldana\\\/author\\\/cdeditor\\\/\"}]}<\/script>\n<!-- \/ Yoast SEO plugin. -->","yoast_head_json":{"title":"Honda City reestilizado tem patentes registradas no Brasil e vai mudar - Canal Dana","robots":{"index":"index","follow":"follow","max-snippet":"max-snippet:-1","max-image-preview":"max-image-preview:large","max-video-preview":"max-video-preview:-1"},"canonical":"https:\/\/dana.com.br\/canaldana\/2023\/07\/17\/honda-city-reestilizado-tem-patentes-registradas-no-brasil-e-vai-mudar\/","og_locale":"pt_BR","og_type":"article","og_title":"Honda City reestilizado tem patentes registradas no Brasil e vai mudar - Canal Dana","og_description":"Jornal do Carro &nbsp; Mesmo sem completar dois anos no mercado brasileiro, o Honda City j\u00e1 sofreu altera\u00e7\u00f5es na \u00c1sia, onde teve seu lan\u00e7amento em 2019. No entanto, como o Jornal do Carro j\u00e1 apurou, apesar da expectativa para o lan\u00e7amento, as modifica\u00e7\u00f5es no modelo v\u00e3o demorar um pouco a chegar ao Brasil. Mas a\u2026 Leia mais \u00bb","og_url":"https:\/\/dana.com.br\/canaldana\/2023\/07\/17\/honda-city-reestilizado-tem-patentes-registradas-no-brasil-e-vai-mudar\/","og_site_name":"Canal Dana","article_published_time":"2023-07-17T12:03:14+00:00","author":"Canal Dana","twitter_card":"summary_large_image","twitter_misc":{"Escrito por":"Canal Dana","Est. tempo de leitura":"3 minutos"},"schema":{"@context":"https:\/\/schema.org","@graph":[{"@type":"Article","@id":"https:\/\/dana.com.br\/canaldana\/2023\/07\/17\/honda-city-reestilizado-tem-patentes-registradas-no-brasil-e-vai-mudar\/#article","isPartOf":{"@id":"https:\/\/dana.com.br\/canaldana\/2023\/07\/17\/honda-city-reestilizado-tem-patentes-registradas-no-brasil-e-vai-mudar\/"},"author":{"name":"Canal Dana","@id":"https:\/\/dana.com.br\/canaldana\/#\/schema\/person\/3c21f22f56fcf3bc46b94bc60ea4fef6"},"headline":"Honda City reestilizado tem patentes registradas no Brasil e vai mudar","datePublished":"2023-07-17T12:03:14+00:00","mainEntityOfPage":{"@id":"https:\/\/dana.com.br\/canaldana\/2023\/07\/17\/honda-city-reestilizado-tem-patentes-registradas-no-brasil-e-vai-mudar\/"},"wordCount":479,"articleSection":["Mercado"],"inLanguage":"pt-BR"},{"@type":"WebPage","@id":"https:\/\/dana.com.br\/canaldana\/2023\/07\/17\/honda-city-reestilizado-tem-patentes-registradas-no-brasil-e-vai-mudar\/","url":"https:\/\/dana.com.br\/canaldana\/2023\/07\/17\/honda-city-reestilizado-tem-patentes-registradas-no-brasil-e-vai-mudar\/","name":"Honda City reestilizado tem patentes registradas no Brasil e vai mudar - Canal Dana","isPartOf":{"@id":"https:\/\/dana.com.br\/canaldana\/#website"},"datePublished":"2023-07-17T12:03:14+00:00","author":{"@id":"https:\/\/dana.com.br\/canaldana\/#\/schema\/person\/3c21f22f56fcf3bc46b94bc60ea4fef6"},"breadcrumb":{"@id":"https:\/\/dana.com.br\/canaldana\/2023\/07\/17\/honda-city-reestilizado-tem-patentes-registradas-no-brasil-e-vai-mudar\/#breadcrumb"},"inLanguage":"pt-BR","potentialAction":[{"@type":"ReadAction","target":["https:\/\/dana.com.br\/canaldana\/2023\/07\/17\/honda-city-reestilizado-tem-patentes-registradas-no-brasil-e-vai-mudar\/"]}]},{"@type":"BreadcrumbList","@id":"https:\/\/dana.com.br\/canaldana\/2023\/07\/17\/honda-city-reestilizado-tem-patentes-registradas-no-brasil-e-vai-mudar\/#breadcrumb","itemListElement":[{"@type":"ListItem","position":1,"name":"Home","item":"https:\/\/dana.com.br\/canaldana\/"},{"@type":"ListItem","position":2,"name":"Mercado","item":"https:\/\/dana.com.br\/canaldana\/mercado\/"},{"@type":"ListItem","position":3,"name":"Honda City reestilizado tem patentes registradas no Brasil e vai mudar"}]},{"@type":"WebSite","@id":"https:\/\/dana.com.br\/canaldana\/#website","url":"https:\/\/dana.com.br\/canaldana\/","name":"Canal Dana","description":"Informativo com as principais not\u00edcias da ind\u00fastria automotiva","potentialAction":[{"@type":"SearchAction","target":{"@type":"EntryPoint","urlTemplate":"https:\/\/dana.com.br\/canaldana\/?s={search_term_string}"},"query-input":{"@type":"PropertyValueSpecification","valueRequired":true,"valueName":"search_term_string"}}],"inLanguage":"pt-BR"},{"@type":"Person","@id":"https:\/\/dana.com.br\/canaldana\/#\/schema\/person\/3c21f22f56fcf3bc46b94bc60ea4fef6","name":"Canal Dana","image":{"@type":"ImageObject","inLanguage":"pt-BR","@id":"https:\/\/secure.gravatar.com\/avatar\/420aaf9278582877d9018637c6817617705899d2858d7572ef0fe59a6b6454b4?s=96&d=mm&r=g","url":"https:\/\/secure.gravatar.com\/avatar\/420aaf9278582877d9018637c6817617705899d2858d7572ef0fe59a6b6454b4?s=96&d=mm&r=g","contentUrl":"https:\/\/secure.gravatar.com\/avatar\/420aaf9278582877d9018637c6817617705899d2858d7572ef0fe59a6b6454b4?s=96&d=mm&r=g","caption":"Canal Dana"},"url":"https:\/\/dana.com.br\/canaldana\/author\/cdeditor\/"}]}},"_links":{"self":[{"href":"https:\/\/dana.com.br\/canaldana\/wp-json\/wp\/v2\/posts\/66982","targetHints":{"allow":["GET"]}}],"collection":[{"href":"https:\/\/dana.com.br\/canaldana\/wp-json\/wp\/v2\/posts"}],"about":[{"href":"https:\/\/dana.com.br\/canaldana\/wp-json\/wp\/v2\/types\/post"}],"author":[{"embeddable":true,"href":"https:\/\/dana.com.br\/canaldana\/wp-json\/wp\/v2\/users\/3"}],"replies":[{"embeddable":true,"href":"https:\/\/dana.com.br\/canaldana\/wp-json\/wp\/v2\/comments?post=66982"}],"version-history":[{"count":0,"href":"https:\/\/dana.com.br\/canaldana\/wp-json\/wp\/v2\/posts\/66982\/revisions"}],"wp:attachment":[{"href":"https:\/\/dana.com.br\/canaldana\/wp-json\/wp\/v2\/media?parent=66982"}],"wp:term":[{"taxonomy":"category","embeddable":true,"href":"https:\/\/dana.com.br\/canaldana\/wp-json\/wp\/v2\/categories?post=66982"},{"taxonomy":"post_tag","embeddable":true,"href":"https:\/\/dana.com.br\/canaldana\/wp-json\/wp\/v2\/tags?post=66982"}],"curies":[{"name":"wp","href":"https:\/\/api.w.org\/{rel}","templated":true}]}}