{"id":66976,"date":"2023-07-17T08:59:23","date_gmt":"2023-07-17T11:59:23","guid":{"rendered":"https:\/\/dana.com.br\/canaldana\/?p=66976"},"modified":"2023-07-17T08:59:23","modified_gmt":"2023-07-17T11:59:23","slug":"volkswagen-exporta-para-a-africa-mais-10-unidades-do-onibus-17-230","status":"publish","type":"post","link":"https:\/\/dana.com.br\/canaldana\/2023\/07\/17\/volkswagen-exporta-para-a-africa-mais-10-unidades-do-onibus-17-230\/","title":{"rendered":"Volkswagen exporta para a \u00c1frica mais 10 unidades do \u00f4nibus 17.230"},"content":{"rendered":"<p><em>Truck &amp; Bus Builder Am\u00e9rica do Sul<\/em><\/p>\n<p>&nbsp;<\/p>\n<p>A Volkswagen Caminh\u00f5es e \u00d4nibus realizou a exporta\u00e7\u00e3o de dez novas unidades do chassi de \u00f4nibus Volkswagen 17.230 EOD para Cabo Verde, no continente africano. Os ve\u00edculos, produzidos na f\u00e1brica de Resende, contam com tecnologia Euro 3 de emiss\u00f5es e ser\u00e3o utilizados no transporte urbano de passageiros do pa\u00eds em opera\u00e7\u00e3o coordenada pelo cliente Solatlantico, representante da fabricante brasileira no pa\u00eds africano.<\/p>\n<p>&nbsp;<\/p>\n<p>Com essa exporta\u00e7\u00e3o, a VWCO totaliza a venda de 56 \u00f4nibus para Cabo Verde que representa a maior frota da marca em opera\u00e7\u00e3o no pa\u00eds. Os chassis foram encarro\u00e7ados pela empresa Mascarello. A Mascarello \u00e9 uma empresa brasileira instalada na cidade de Cascavel, no estado do Paran\u00e1 e neste ano comemora 20 anos de atividades<\/p>\n<p>&nbsp;<\/p>\n<p>A Volkswagen Caminh\u00f5es e \u00d4nibus atua no mercado de \u00f4nibus de Cabo Verde desde 2014. Refer\u00eancia no mercado de exporta\u00e7\u00e3o, possui uma linha de ve\u00edculos produzidos pelo processo sob medida para os clientes.<\/p>\n<p>&nbsp;<\/p>\n<p>Os Volksbus est\u00e3o presentes em mais de 30 pa\u00edses com modelos que proporcionam elevado n\u00edvel de efici\u00eancia, conforto, tecnologia e seguran\u00e7a. A Volkswagen Caminh\u00f5es e \u00d4nibus produz chassis de \u00f4nibus tamb\u00e9m no M\u00e9xico, na \u00c1frica do Sul e nas Filipinas. Recentemente, lan\u00e7ou sua nova linha de produtos de tecnologia Euro 6, com solu\u00e7\u00f5es avan\u00e7adas em que comemora 30 anos de fabrica\u00e7\u00e3o da fam\u00edlia Volksbus. (Truck &amp; Bus Builder Am\u00e9rica do Sul)<\/p>\n","protected":false},"excerpt":{"rendered":"<p>Truck &amp; Bus Builder Am\u00e9rica do Sul &nbsp; A Volkswagen Caminh\u00f5es e \u00d4nibus realizou a exporta\u00e7\u00e3o de dez novas unidades do chassi de \u00f4nibus Volkswagen 17.230 EOD para Cabo Verde, no continente africano. Os ve\u00edculos, produzidos na f\u00e1brica de Resende, contam com tecnologia Euro 3 de emiss\u00f5es e ser\u00e3o utilizados no transporte urbano de passageiros\u2026 <a class=\"readmore\" href=\"https:\/\/dana.com.br\/canaldana\/2023\/07\/17\/volkswagen-exporta-para-a-africa-mais-10-unidades-do-onibus-17-230\/\">Leia mais \u00bb<\/a><\/p>\n","protected":false},"author":3,"featured_media":0,"comment_status":"closed","ping_status":"closed","sticky":false,"template":"","format":"standard","meta":{"_acf_changed":false,"footnotes":""},"categories":[79],"tags":[],"class_list":["post-66976","post","type-post","status-publish","format-standard","hentry","category-mercado"],"acf":[],"yoast_head":"<!-- This site is optimized with the Yoast SEO plugin v27.3 - https:\/\/yoast.com\/product\/yoast-seo-wordpress\/ -->\n<title>Volkswagen exporta para a \u00c1frica mais 10 unidades do \u00f4nibus 17.230 - Canal Dana<\/title>\n<meta name=\"robots\" content=\"index, follow, max-snippet:-1, max-image-preview:large, max-video-preview:-1\" \/>\n<link rel=\"canonical\" href=\"https:\/\/dana.com.br\/canaldana\/2023\/07\/17\/volkswagen-exporta-para-a-africa-mais-10-unidades-do-onibus-17-230\/\" \/>\n<meta property=\"og:locale\" content=\"pt_BR\" \/>\n<meta property=\"og:type\" content=\"article\" \/>\n<meta property=\"og:title\" content=\"Volkswagen exporta para a \u00c1frica mais 10 unidades do \u00f4nibus 17.230 - Canal Dana\" \/>\n<meta property=\"og:description\" content=\"Truck &amp; Bus Builder Am\u00e9rica do Sul &nbsp; A Volkswagen Caminh\u00f5es e \u00d4nibus realizou a exporta\u00e7\u00e3o de dez novas unidades do chassi de \u00f4nibus Volkswagen 17.230 EOD para Cabo Verde, no continente africano. Os ve\u00edculos, produzidos na f\u00e1brica de Resende, contam com tecnologia Euro 3 de emiss\u00f5es e ser\u00e3o utilizados no transporte urbano de passageiros\u2026 Leia mais \u00bb\" \/>\n<meta property=\"og:url\" content=\"https:\/\/dana.com.br\/canaldana\/2023\/07\/17\/volkswagen-exporta-para-a-africa-mais-10-unidades-do-onibus-17-230\/\" \/>\n<meta property=\"og:site_name\" content=\"Canal Dana\" \/>\n<meta property=\"article:published_time\" content=\"2023-07-17T11:59:23+00:00\" \/>\n<meta name=\"author\" content=\"Canal Dana\" \/>\n<meta name=\"twitter:card\" content=\"summary_large_image\" \/>\n<meta name=\"twitter:label1\" content=\"Escrito por\" \/>\n\t<meta name=\"twitter:data1\" content=\"Canal Dana\" \/>\n\t<meta name=\"twitter:label2\" content=\"Est. tempo de leitura\" \/>\n\t<meta name=\"twitter:data2\" content=\"2 minutos\" \/>\n<script type=\"application\/ld+json\" class=\"yoast-schema-graph\">{\"@context\":\"https:\\\/\\\/schema.org\",\"@graph\":[{\"@type\":\"Article\",\"@id\":\"https:\\\/\\\/dana.com.br\\\/canaldana\\\/2023\\\/07\\\/17\\\/volkswagen-exporta-para-a-africa-mais-10-unidades-do-onibus-17-230\\\/#article\",\"isPartOf\":{\"@id\":\"https:\\\/\\\/dana.com.br\\\/canaldana\\\/2023\\\/07\\\/17\\\/volkswagen-exporta-para-a-africa-mais-10-unidades-do-onibus-17-230\\\/\"},\"author\":{\"name\":\"Canal Dana\",\"@id\":\"https:\\\/\\\/dana.com.br\\\/canaldana\\\/#\\\/schema\\\/person\\\/3c21f22f56fcf3bc46b94bc60ea4fef6\"},\"headline\":\"Volkswagen exporta para a \u00c1frica mais 10 unidades do \u00f4nibus 17.230\",\"datePublished\":\"2023-07-17T11:59:23+00:00\",\"mainEntityOfPage\":{\"@id\":\"https:\\\/\\\/dana.com.br\\\/canaldana\\\/2023\\\/07\\\/17\\\/volkswagen-exporta-para-a-africa-mais-10-unidades-do-onibus-17-230\\\/\"},\"wordCount\":264,\"articleSection\":[\"Mercado\"],\"inLanguage\":\"pt-BR\"},{\"@type\":\"WebPage\",\"@id\":\"https:\\\/\\\/dana.com.br\\\/canaldana\\\/2023\\\/07\\\/17\\\/volkswagen-exporta-para-a-africa-mais-10-unidades-do-onibus-17-230\\\/\",\"url\":\"https:\\\/\\\/dana.com.br\\\/canaldana\\\/2023\\\/07\\\/17\\\/volkswagen-exporta-para-a-africa-mais-10-unidades-do-onibus-17-230\\\/\",\"name\":\"Volkswagen exporta para a \u00c1frica mais 10 unidades do \u00f4nibus 17.230 - Canal Dana\",\"isPartOf\":{\"@id\":\"https:\\\/\\\/dana.com.br\\\/canaldana\\\/#website\"},\"datePublished\":\"2023-07-17T11:59:23+00:00\",\"author\":{\"@id\":\"https:\\\/\\\/dana.com.br\\\/canaldana\\\/#\\\/schema\\\/person\\\/3c21f22f56fcf3bc46b94bc60ea4fef6\"},\"breadcrumb\":{\"@id\":\"https:\\\/\\\/dana.com.br\\\/canaldana\\\/2023\\\/07\\\/17\\\/volkswagen-exporta-para-a-africa-mais-10-unidades-do-onibus-17-230\\\/#breadcrumb\"},\"inLanguage\":\"pt-BR\",\"potentialAction\":[{\"@type\":\"ReadAction\",\"target\":[\"https:\\\/\\\/dana.com.br\\\/canaldana\\\/2023\\\/07\\\/17\\\/volkswagen-exporta-para-a-africa-mais-10-unidades-do-onibus-17-230\\\/\"]}]},{\"@type\":\"BreadcrumbList\",\"@id\":\"https:\\\/\\\/dana.com.br\\\/canaldana\\\/2023\\\/07\\\/17\\\/volkswagen-exporta-para-a-africa-mais-10-unidades-do-onibus-17-230\\\/#breadcrumb\",\"itemListElement\":[{\"@type\":\"ListItem\",\"position\":1,\"name\":\"Home\",\"item\":\"https:\\\/\\\/dana.com.br\\\/canaldana\\\/\"},{\"@type\":\"ListItem\",\"position\":2,\"name\":\"Mercado\",\"item\":\"https:\\\/\\\/dana.com.br\\\/canaldana\\\/mercado\\\/\"},{\"@type\":\"ListItem\",\"position\":3,\"name\":\"Volkswagen exporta para a \u00c1frica mais 10 unidades do \u00f4nibus 17.230\"}]},{\"@type\":\"WebSite\",\"@id\":\"https:\\\/\\\/dana.com.br\\\/canaldana\\\/#website\",\"url\":\"https:\\\/\\\/dana.com.br\\\/canaldana\\\/\",\"name\":\"Canal Dana\",\"description\":\"Informativo com as principais not\u00edcias da ind\u00fastria automotiva\",\"potentialAction\":[{\"@type\":\"SearchAction\",\"target\":{\"@type\":\"EntryPoint\",\"urlTemplate\":\"https:\\\/\\\/dana.com.br\\\/canaldana\\\/?s={search_term_string}\"},\"query-input\":{\"@type\":\"PropertyValueSpecification\",\"valueRequired\":true,\"valueName\":\"search_term_string\"}}],\"inLanguage\":\"pt-BR\"},{\"@type\":\"Person\",\"@id\":\"https:\\\/\\\/dana.com.br\\\/canaldana\\\/#\\\/schema\\\/person\\\/3c21f22f56fcf3bc46b94bc60ea4fef6\",\"name\":\"Canal Dana\",\"image\":{\"@type\":\"ImageObject\",\"inLanguage\":\"pt-BR\",\"@id\":\"https:\\\/\\\/secure.gravatar.com\\\/avatar\\\/420aaf9278582877d9018637c6817617705899d2858d7572ef0fe59a6b6454b4?s=96&d=mm&r=g\",\"url\":\"https:\\\/\\\/secure.gravatar.com\\\/avatar\\\/420aaf9278582877d9018637c6817617705899d2858d7572ef0fe59a6b6454b4?s=96&d=mm&r=g\",\"contentUrl\":\"https:\\\/\\\/secure.gravatar.com\\\/avatar\\\/420aaf9278582877d9018637c6817617705899d2858d7572ef0fe59a6b6454b4?s=96&d=mm&r=g\",\"caption\":\"Canal Dana\"},\"url\":\"https:\\\/\\\/dana.com.br\\\/canaldana\\\/author\\\/cdeditor\\\/\"}]}<\/script>\n<!-- \/ Yoast SEO plugin. -->","yoast_head_json":{"title":"Volkswagen exporta para a \u00c1frica mais 10 unidades do \u00f4nibus 17.230 - Canal Dana","robots":{"index":"index","follow":"follow","max-snippet":"max-snippet:-1","max-image-preview":"max-image-preview:large","max-video-preview":"max-video-preview:-1"},"canonical":"https:\/\/dana.com.br\/canaldana\/2023\/07\/17\/volkswagen-exporta-para-a-africa-mais-10-unidades-do-onibus-17-230\/","og_locale":"pt_BR","og_type":"article","og_title":"Volkswagen exporta para a \u00c1frica mais 10 unidades do \u00f4nibus 17.230 - Canal Dana","og_description":"Truck &amp; Bus Builder Am\u00e9rica do Sul &nbsp; A Volkswagen Caminh\u00f5es e \u00d4nibus realizou a exporta\u00e7\u00e3o de dez novas unidades do chassi de \u00f4nibus Volkswagen 17.230 EOD para Cabo Verde, no continente africano. Os ve\u00edculos, produzidos na f\u00e1brica de Resende, contam com tecnologia Euro 3 de emiss\u00f5es e ser\u00e3o utilizados no transporte urbano de passageiros\u2026 Leia mais \u00bb","og_url":"https:\/\/dana.com.br\/canaldana\/2023\/07\/17\/volkswagen-exporta-para-a-africa-mais-10-unidades-do-onibus-17-230\/","og_site_name":"Canal Dana","article_published_time":"2023-07-17T11:59:23+00:00","author":"Canal Dana","twitter_card":"summary_large_image","twitter_misc":{"Escrito por":"Canal Dana","Est. tempo de leitura":"2 minutos"},"schema":{"@context":"https:\/\/schema.org","@graph":[{"@type":"Article","@id":"https:\/\/dana.com.br\/canaldana\/2023\/07\/17\/volkswagen-exporta-para-a-africa-mais-10-unidades-do-onibus-17-230\/#article","isPartOf":{"@id":"https:\/\/dana.com.br\/canaldana\/2023\/07\/17\/volkswagen-exporta-para-a-africa-mais-10-unidades-do-onibus-17-230\/"},"author":{"name":"Canal Dana","@id":"https:\/\/dana.com.br\/canaldana\/#\/schema\/person\/3c21f22f56fcf3bc46b94bc60ea4fef6"},"headline":"Volkswagen exporta para a \u00c1frica mais 10 unidades do \u00f4nibus 17.230","datePublished":"2023-07-17T11:59:23+00:00","mainEntityOfPage":{"@id":"https:\/\/dana.com.br\/canaldana\/2023\/07\/17\/volkswagen-exporta-para-a-africa-mais-10-unidades-do-onibus-17-230\/"},"wordCount":264,"articleSection":["Mercado"],"inLanguage":"pt-BR"},{"@type":"WebPage","@id":"https:\/\/dana.com.br\/canaldana\/2023\/07\/17\/volkswagen-exporta-para-a-africa-mais-10-unidades-do-onibus-17-230\/","url":"https:\/\/dana.com.br\/canaldana\/2023\/07\/17\/volkswagen-exporta-para-a-africa-mais-10-unidades-do-onibus-17-230\/","name":"Volkswagen exporta para a \u00c1frica mais 10 unidades do \u00f4nibus 17.230 - Canal Dana","isPartOf":{"@id":"https:\/\/dana.com.br\/canaldana\/#website"},"datePublished":"2023-07-17T11:59:23+00:00","author":{"@id":"https:\/\/dana.com.br\/canaldana\/#\/schema\/person\/3c21f22f56fcf3bc46b94bc60ea4fef6"},"breadcrumb":{"@id":"https:\/\/dana.com.br\/canaldana\/2023\/07\/17\/volkswagen-exporta-para-a-africa-mais-10-unidades-do-onibus-17-230\/#breadcrumb"},"inLanguage":"pt-BR","potentialAction":[{"@type":"ReadAction","target":["https:\/\/dana.com.br\/canaldana\/2023\/07\/17\/volkswagen-exporta-para-a-africa-mais-10-unidades-do-onibus-17-230\/"]}]},{"@type":"BreadcrumbList","@id":"https:\/\/dana.com.br\/canaldana\/2023\/07\/17\/volkswagen-exporta-para-a-africa-mais-10-unidades-do-onibus-17-230\/#breadcrumb","itemListElement":[{"@type":"ListItem","position":1,"name":"Home","item":"https:\/\/dana.com.br\/canaldana\/"},{"@type":"ListItem","position":2,"name":"Mercado","item":"https:\/\/dana.com.br\/canaldana\/mercado\/"},{"@type":"ListItem","position":3,"name":"Volkswagen exporta para a \u00c1frica mais 10 unidades do \u00f4nibus 17.230"}]},{"@type":"WebSite","@id":"https:\/\/dana.com.br\/canaldana\/#website","url":"https:\/\/dana.com.br\/canaldana\/","name":"Canal Dana","description":"Informativo com as principais not\u00edcias da ind\u00fastria automotiva","potentialAction":[{"@type":"SearchAction","target":{"@type":"EntryPoint","urlTemplate":"https:\/\/dana.com.br\/canaldana\/?s={search_term_string}"},"query-input":{"@type":"PropertyValueSpecification","valueRequired":true,"valueName":"search_term_string"}}],"inLanguage":"pt-BR"},{"@type":"Person","@id":"https:\/\/dana.com.br\/canaldana\/#\/schema\/person\/3c21f22f56fcf3bc46b94bc60ea4fef6","name":"Canal Dana","image":{"@type":"ImageObject","inLanguage":"pt-BR","@id":"https:\/\/secure.gravatar.com\/avatar\/420aaf9278582877d9018637c6817617705899d2858d7572ef0fe59a6b6454b4?s=96&d=mm&r=g","url":"https:\/\/secure.gravatar.com\/avatar\/420aaf9278582877d9018637c6817617705899d2858d7572ef0fe59a6b6454b4?s=96&d=mm&r=g","contentUrl":"https:\/\/secure.gravatar.com\/avatar\/420aaf9278582877d9018637c6817617705899d2858d7572ef0fe59a6b6454b4?s=96&d=mm&r=g","caption":"Canal Dana"},"url":"https:\/\/dana.com.br\/canaldana\/author\/cdeditor\/"}]}},"_links":{"self":[{"href":"https:\/\/dana.com.br\/canaldana\/wp-json\/wp\/v2\/posts\/66976","targetHints":{"allow":["GET"]}}],"collection":[{"href":"https:\/\/dana.com.br\/canaldana\/wp-json\/wp\/v2\/posts"}],"about":[{"href":"https:\/\/dana.com.br\/canaldana\/wp-json\/wp\/v2\/types\/post"}],"author":[{"embeddable":true,"href":"https:\/\/dana.com.br\/canaldana\/wp-json\/wp\/v2\/users\/3"}],"replies":[{"embeddable":true,"href":"https:\/\/dana.com.br\/canaldana\/wp-json\/wp\/v2\/comments?post=66976"}],"version-history":[{"count":0,"href":"https:\/\/dana.com.br\/canaldana\/wp-json\/wp\/v2\/posts\/66976\/revisions"}],"wp:attachment":[{"href":"https:\/\/dana.com.br\/canaldana\/wp-json\/wp\/v2\/media?parent=66976"}],"wp:term":[{"taxonomy":"category","embeddable":true,"href":"https:\/\/dana.com.br\/canaldana\/wp-json\/wp\/v2\/categories?post=66976"},{"taxonomy":"post_tag","embeddable":true,"href":"https:\/\/dana.com.br\/canaldana\/wp-json\/wp\/v2\/tags?post=66976"}],"curies":[{"name":"wp","href":"https:\/\/api.w.org\/{rel}","templated":true}]}}