{"id":66889,"date":"2023-07-12T08:27:48","date_gmt":"2023-07-12T11:27:48","guid":{"rendered":"https:\/\/dana.com.br\/canaldana\/?p=66889"},"modified":"2023-07-12T08:27:48","modified_gmt":"2023-07-12T11:27:48","slug":"deflacao-em-junho-aumenta-a-expectativa-por-queda-nos-juros","status":"publish","type":"post","link":"https:\/\/dana.com.br\/canaldana\/2023\/07\/12\/deflacao-em-junho-aumenta-a-expectativa-por-queda-nos-juros\/","title":{"rendered":"Defla\u00e7\u00e3o em junho aumenta a expectativa por queda nos juros"},"content":{"rendered":"<p><em>O Estado de S. Paulo<\/em><\/p>\n<p>&nbsp;<\/p>\n<p>A economia brasileira registrou defla\u00e7\u00e3o de 0,08% em junho, o maior recuo para o m\u00eas desde 2017. Com o resultado, a taxa acumulada em 12 meses pelo IPCA caiu de 3,94%, at\u00e9 maio, para 3,16%. A meta fixada para o ano \u00e9 de 3,25%. Pre\u00e7os de carros, combust\u00edveis e alimentos puxaram a queda. O resultado refor\u00e7ou a expectativa de analistas de que o Comit\u00ea de Pol\u00edtica Monet\u00e1ria do Banco Central inicie a redu\u00e7\u00e3o da Selic em agosto. As proje\u00e7\u00f5es at\u00e9 aqui apontam para um corte de 0,25 ponto porcentual, o que derrubaria a taxa b\u00e1sica de juros de 13,75% para 13,5%. A defla\u00e7\u00e3o tamb\u00e9m fez aumentar as press\u00f5es do governo sobre o presidente do BC, Roberto Campos Neto. O ministro da Fazenda, Fernando Haddad, afirmou que o resultado do IPCA \u201cera esperado\u201d e que aguarda \u201cmais boas not\u00edcias\u201d em agosto, referindo-se \u00e0 reuni\u00e3o do Copom. Em sua live semanal, o presidente Luiz In\u00e1cio Lula da Silva disse que, al\u00e9m de \u201cteimoso\u201d, Campos Neto o presidente do BC \u00e9 \u201ctinhoso\u201d.<\/p>\n<p>&nbsp;<\/p>\n<p>Puxada por carros, combust\u00edveis e alimentos, a economia brasileira registrou defla\u00e7\u00e3o de 0,08% em junho, o maior recuo para o m\u00eas desde 2017, de acordo com os dados divulgados ontem pelo IBGE. Com o resultado, a taxa acumulada nos \u00faltimos 12 meses pelo \u00cdndice Nacional de Pre\u00e7os ao Consumidor Amplo (IPCA) recuou de 3,94%, at\u00e9 maio, para 3,16% \u2013 abaixo, portanto, da meta fixada para o ano, de 3,25%.<\/p>\n<p>&nbsp;<\/p>\n<p>O resultado do IPCA de junho refor\u00e7ou a expectativa de analistas do mercado de que o Comit\u00ea de Pol\u00edtica Monet\u00e1ria (Copom) do Banco Central deve iniciar a redu\u00e7\u00e3o da Selic j\u00e1 na reuni\u00e3o marcada para o in\u00edcio de agosto. As proje\u00e7\u00f5es at\u00e9 aqui apontam para um corte de 0,25 ponto porcentual, o que derrubaria a taxa b\u00e1sica de juros dos atuais 13,75% para 13,5%.<\/p>\n<p>&nbsp;<\/p>\n<p>\u201cO Brasil est\u00e1 na melhor situa\u00e7\u00e3o poss\u00edvel, temos tudo para come\u00e7ar um ciclo de desenvolvimento, e espero que tenhamos mais boas not\u00edcias a partir de agosto\u201d Fernando Haddad Ministro da Fazenda<\/p>\n<p>&nbsp;<\/p>\n<p>Tamb\u00e9m fez aumentar as press\u00f5es do governo sobre o presidente do BC, Roberto Campos Neto. O ministro da Fazenda, Fernando Haddad, afirmou que o resultado \u201cera esperado\u201d e que aguarda \u201cmais boas not\u00edcias\u201d em agosto, referindo-se \u00e0 reuni\u00e3o do Copom. \u201cO Brasil est\u00e1 na melhor situa\u00e7\u00e3o poss\u00edvel, temos tudo para come\u00e7ar um novo ciclo de desenvolvimento, e espero que tenhamos mais boas not\u00edcias a partir de agosto\u201d, disse o ministro.<\/p>\n<p>&nbsp;<\/p>\n<p>Em sua live semanal, o presidente Luiz In\u00e1cio Lula da Silva disse que, al\u00e9m de \u201cteimoso\u201d, o presidente do BC \u00e9 \u201ctinhoso\u201d. Desde agosto de 2022, a Selic est\u00e1 estacionada em 13,75% ao ano, e foi s\u00f3 na ata de sua \u00faltima reuni\u00e3o, de junho, que o Copom sinalizou a possibilidade de redu\u00e7\u00e3o dos juros.<\/p>\n<p>&nbsp;<\/p>\n<p><strong>Ajuda<\/strong><\/p>\n<p>&nbsp;<\/p>\n<p>O governo teve influ\u00eancia direta no resultado do IPCA de junho. Com o lan\u00e7amento do pacote de descontos para ve\u00edculos de at\u00e9 R$ 120 mil, o pre\u00e7o do carro novo recuou 2,76%, sendo o item de maior contribui\u00e7\u00e3o negativa no IPCA de junho. Isso impactou ainda os pre\u00e7os dos autom\u00f3veis usados, que ca\u00edram 0,93% no m\u00eas.<\/p>\n<p>&nbsp;<\/p>\n<p>Noutra ponta, a ajuda veio dos cortes nos pre\u00e7os dos combust\u00edveis nas refinarias promovidos pela Petrobras: em junho, houve quedas no \u00f3leo diesel (-6,68%), etanol (5,11%), g\u00e1s veicular (-2,77%) e gasolina (-1,14%).<\/p>\n<p>&nbsp;<\/p>\n<p>Os alimentos foram outro grupo de produtos com queda de pre\u00e7os em junho, gra\u00e7as \u00e0 safra recorde de gr\u00e3os, \u00e0 queda nas cota\u00e7\u00f5es internacionais de alguns produtos e \u00e0 redu\u00e7\u00e3o de custos na produ\u00e7\u00e3o de itens de origem animal.<\/p>\n<p>&nbsp;<\/p>\n<p><strong>Inflex\u00e3o<\/strong><\/p>\n<p>&nbsp;<\/p>\n<p>A valoriza\u00e7\u00e3o do real frente ao d\u00f3lar pesou a favor dos pre\u00e7os de bens industriais que usam insumos importados e de alguns alimentos cotados em d\u00f3lar. \u201cA queda em alguns itens eletr\u00f4nicos e eletrodom\u00e9sticos pode ter algum tipo de rela\u00e7\u00e3o, sim (com a desvaloriza\u00e7\u00e3o do d\u00f3lar)\u201d, disse Andr\u00e9 Almeida, analista do Sistema Nacional de \u00cdndices de Pre\u00e7os do IBGE.<\/p>\n<p>&nbsp;<\/p>\n<p>O \u201creal mais forte\u201d tamb\u00e9m foi citado pelo diretor de pesquisas macroecon\u00f4micas do Goldman Sachs, Alberto Ramos, como um dos fatores que devem \u201csustentar uma inflex\u00e3o da pol\u00edtica monet\u00e1ria na reuni\u00e3o (do Copom) em agosto\u201d.<\/p>\n<p>&nbsp;<\/p>\n<p>A isso, somam-se \u201cos pre\u00e7os das commodities contidos, os pre\u00e7os dos alimentos mais baixos, a defla\u00e7\u00e3o dos pre\u00e7os no atacado, a melhora das expectativas de infla\u00e7\u00e3o e a baixa moderada da infla\u00e7\u00e3o passada\u201d, disse Ramos, em relat\u00f3rio. (O Estado de S. Paulo\/Daniela Amorim e Fernanda Tridotto)<\/p>\n","protected":false},"excerpt":{"rendered":"<p>O Estado de S. Paulo &nbsp; A economia brasileira registrou defla\u00e7\u00e3o de 0,08% em junho, o maior recuo para o m\u00eas desde 2017. Com o resultado, a taxa acumulada em 12 meses pelo IPCA caiu de 3,94%, at\u00e9 maio, para 3,16%. A meta fixada para o ano \u00e9 de 3,25%. Pre\u00e7os de carros, combust\u00edveis e\u2026 <a class=\"readmore\" href=\"https:\/\/dana.com.br\/canaldana\/2023\/07\/12\/deflacao-em-junho-aumenta-a-expectativa-por-queda-nos-juros\/\">Leia mais \u00bb<\/a><\/p>\n","protected":false},"author":3,"featured_media":0,"comment_status":"closed","ping_status":"closed","sticky":false,"template":"","format":"standard","meta":{"_acf_changed":false,"footnotes":""},"categories":[79],"tags":[],"class_list":["post-66889","post","type-post","status-publish","format-standard","hentry","category-mercado"],"acf":[],"yoast_head":"<!-- This site is optimized with the Yoast SEO plugin v27.3 - https:\/\/yoast.com\/product\/yoast-seo-wordpress\/ -->\n<title>Defla\u00e7\u00e3o em junho aumenta a expectativa por queda nos juros - Canal Dana<\/title>\n<meta name=\"robots\" content=\"index, follow, max-snippet:-1, max-image-preview:large, max-video-preview:-1\" \/>\n<link rel=\"canonical\" href=\"https:\/\/dana.com.br\/canaldana\/2023\/07\/12\/deflacao-em-junho-aumenta-a-expectativa-por-queda-nos-juros\/\" \/>\n<meta property=\"og:locale\" content=\"pt_BR\" \/>\n<meta property=\"og:type\" content=\"article\" \/>\n<meta property=\"og:title\" content=\"Defla\u00e7\u00e3o em junho aumenta a expectativa por queda nos juros - Canal Dana\" \/>\n<meta property=\"og:description\" content=\"O Estado de S. Paulo &nbsp; A economia brasileira registrou defla\u00e7\u00e3o de 0,08% em junho, o maior recuo para o m\u00eas desde 2017. Com o resultado, a taxa acumulada em 12 meses pelo IPCA caiu de 3,94%, at\u00e9 maio, para 3,16%. A meta fixada para o ano \u00e9 de 3,25%. Pre\u00e7os de carros, combust\u00edveis e\u2026 Leia mais \u00bb\" \/>\n<meta property=\"og:url\" content=\"https:\/\/dana.com.br\/canaldana\/2023\/07\/12\/deflacao-em-junho-aumenta-a-expectativa-por-queda-nos-juros\/\" \/>\n<meta property=\"og:site_name\" content=\"Canal Dana\" \/>\n<meta property=\"article:published_time\" content=\"2023-07-12T11:27:48+00:00\" \/>\n<meta name=\"author\" content=\"Canal Dana\" \/>\n<meta name=\"twitter:card\" content=\"summary_large_image\" \/>\n<meta name=\"twitter:label1\" content=\"Escrito por\" \/>\n\t<meta name=\"twitter:data1\" content=\"Canal Dana\" \/>\n\t<meta name=\"twitter:label2\" content=\"Est. tempo de leitura\" \/>\n\t<meta name=\"twitter:data2\" content=\"5 minutos\" \/>\n<script type=\"application\/ld+json\" class=\"yoast-schema-graph\">{\"@context\":\"https:\\\/\\\/schema.org\",\"@graph\":[{\"@type\":\"Article\",\"@id\":\"https:\\\/\\\/dana.com.br\\\/canaldana\\\/2023\\\/07\\\/12\\\/deflacao-em-junho-aumenta-a-expectativa-por-queda-nos-juros\\\/#article\",\"isPartOf\":{\"@id\":\"https:\\\/\\\/dana.com.br\\\/canaldana\\\/2023\\\/07\\\/12\\\/deflacao-em-junho-aumenta-a-expectativa-por-queda-nos-juros\\\/\"},\"author\":{\"name\":\"Canal Dana\",\"@id\":\"https:\\\/\\\/dana.com.br\\\/canaldana\\\/#\\\/schema\\\/person\\\/3c21f22f56fcf3bc46b94bc60ea4fef6\"},\"headline\":\"Defla\u00e7\u00e3o em junho aumenta a expectativa por queda nos juros\",\"datePublished\":\"2023-07-12T11:27:48+00:00\",\"mainEntityOfPage\":{\"@id\":\"https:\\\/\\\/dana.com.br\\\/canaldana\\\/2023\\\/07\\\/12\\\/deflacao-em-junho-aumenta-a-expectativa-por-queda-nos-juros\\\/\"},\"wordCount\":812,\"articleSection\":[\"Mercado\"],\"inLanguage\":\"pt-BR\"},{\"@type\":\"WebPage\",\"@id\":\"https:\\\/\\\/dana.com.br\\\/canaldana\\\/2023\\\/07\\\/12\\\/deflacao-em-junho-aumenta-a-expectativa-por-queda-nos-juros\\\/\",\"url\":\"https:\\\/\\\/dana.com.br\\\/canaldana\\\/2023\\\/07\\\/12\\\/deflacao-em-junho-aumenta-a-expectativa-por-queda-nos-juros\\\/\",\"name\":\"Defla\u00e7\u00e3o em junho aumenta a expectativa por queda nos juros - Canal Dana\",\"isPartOf\":{\"@id\":\"https:\\\/\\\/dana.com.br\\\/canaldana\\\/#website\"},\"datePublished\":\"2023-07-12T11:27:48+00:00\",\"author\":{\"@id\":\"https:\\\/\\\/dana.com.br\\\/canaldana\\\/#\\\/schema\\\/person\\\/3c21f22f56fcf3bc46b94bc60ea4fef6\"},\"breadcrumb\":{\"@id\":\"https:\\\/\\\/dana.com.br\\\/canaldana\\\/2023\\\/07\\\/12\\\/deflacao-em-junho-aumenta-a-expectativa-por-queda-nos-juros\\\/#breadcrumb\"},\"inLanguage\":\"pt-BR\",\"potentialAction\":[{\"@type\":\"ReadAction\",\"target\":[\"https:\\\/\\\/dana.com.br\\\/canaldana\\\/2023\\\/07\\\/12\\\/deflacao-em-junho-aumenta-a-expectativa-por-queda-nos-juros\\\/\"]}]},{\"@type\":\"BreadcrumbList\",\"@id\":\"https:\\\/\\\/dana.com.br\\\/canaldana\\\/2023\\\/07\\\/12\\\/deflacao-em-junho-aumenta-a-expectativa-por-queda-nos-juros\\\/#breadcrumb\",\"itemListElement\":[{\"@type\":\"ListItem\",\"position\":1,\"name\":\"Home\",\"item\":\"https:\\\/\\\/dana.com.br\\\/canaldana\\\/\"},{\"@type\":\"ListItem\",\"position\":2,\"name\":\"Mercado\",\"item\":\"https:\\\/\\\/dana.com.br\\\/canaldana\\\/mercado\\\/\"},{\"@type\":\"ListItem\",\"position\":3,\"name\":\"Defla\u00e7\u00e3o em junho aumenta a expectativa por queda nos juros\"}]},{\"@type\":\"WebSite\",\"@id\":\"https:\\\/\\\/dana.com.br\\\/canaldana\\\/#website\",\"url\":\"https:\\\/\\\/dana.com.br\\\/canaldana\\\/\",\"name\":\"Canal Dana\",\"description\":\"Informativo com as principais not\u00edcias da ind\u00fastria automotiva\",\"potentialAction\":[{\"@type\":\"SearchAction\",\"target\":{\"@type\":\"EntryPoint\",\"urlTemplate\":\"https:\\\/\\\/dana.com.br\\\/canaldana\\\/?s={search_term_string}\"},\"query-input\":{\"@type\":\"PropertyValueSpecification\",\"valueRequired\":true,\"valueName\":\"search_term_string\"}}],\"inLanguage\":\"pt-BR\"},{\"@type\":\"Person\",\"@id\":\"https:\\\/\\\/dana.com.br\\\/canaldana\\\/#\\\/schema\\\/person\\\/3c21f22f56fcf3bc46b94bc60ea4fef6\",\"name\":\"Canal Dana\",\"image\":{\"@type\":\"ImageObject\",\"inLanguage\":\"pt-BR\",\"@id\":\"https:\\\/\\\/secure.gravatar.com\\\/avatar\\\/420aaf9278582877d9018637c6817617705899d2858d7572ef0fe59a6b6454b4?s=96&d=mm&r=g\",\"url\":\"https:\\\/\\\/secure.gravatar.com\\\/avatar\\\/420aaf9278582877d9018637c6817617705899d2858d7572ef0fe59a6b6454b4?s=96&d=mm&r=g\",\"contentUrl\":\"https:\\\/\\\/secure.gravatar.com\\\/avatar\\\/420aaf9278582877d9018637c6817617705899d2858d7572ef0fe59a6b6454b4?s=96&d=mm&r=g\",\"caption\":\"Canal Dana\"},\"url\":\"https:\\\/\\\/dana.com.br\\\/canaldana\\\/author\\\/cdeditor\\\/\"}]}<\/script>\n<!-- \/ Yoast SEO plugin. -->","yoast_head_json":{"title":"Defla\u00e7\u00e3o em junho aumenta a expectativa por queda nos juros - Canal Dana","robots":{"index":"index","follow":"follow","max-snippet":"max-snippet:-1","max-image-preview":"max-image-preview:large","max-video-preview":"max-video-preview:-1"},"canonical":"https:\/\/dana.com.br\/canaldana\/2023\/07\/12\/deflacao-em-junho-aumenta-a-expectativa-por-queda-nos-juros\/","og_locale":"pt_BR","og_type":"article","og_title":"Defla\u00e7\u00e3o em junho aumenta a expectativa por queda nos juros - Canal Dana","og_description":"O Estado de S. Paulo &nbsp; A economia brasileira registrou defla\u00e7\u00e3o de 0,08% em junho, o maior recuo para o m\u00eas desde 2017. Com o resultado, a taxa acumulada em 12 meses pelo IPCA caiu de 3,94%, at\u00e9 maio, para 3,16%. A meta fixada para o ano \u00e9 de 3,25%. Pre\u00e7os de carros, combust\u00edveis e\u2026 Leia mais \u00bb","og_url":"https:\/\/dana.com.br\/canaldana\/2023\/07\/12\/deflacao-em-junho-aumenta-a-expectativa-por-queda-nos-juros\/","og_site_name":"Canal Dana","article_published_time":"2023-07-12T11:27:48+00:00","author":"Canal Dana","twitter_card":"summary_large_image","twitter_misc":{"Escrito por":"Canal Dana","Est. tempo de leitura":"5 minutos"},"schema":{"@context":"https:\/\/schema.org","@graph":[{"@type":"Article","@id":"https:\/\/dana.com.br\/canaldana\/2023\/07\/12\/deflacao-em-junho-aumenta-a-expectativa-por-queda-nos-juros\/#article","isPartOf":{"@id":"https:\/\/dana.com.br\/canaldana\/2023\/07\/12\/deflacao-em-junho-aumenta-a-expectativa-por-queda-nos-juros\/"},"author":{"name":"Canal Dana","@id":"https:\/\/dana.com.br\/canaldana\/#\/schema\/person\/3c21f22f56fcf3bc46b94bc60ea4fef6"},"headline":"Defla\u00e7\u00e3o em junho aumenta a expectativa por queda nos juros","datePublished":"2023-07-12T11:27:48+00:00","mainEntityOfPage":{"@id":"https:\/\/dana.com.br\/canaldana\/2023\/07\/12\/deflacao-em-junho-aumenta-a-expectativa-por-queda-nos-juros\/"},"wordCount":812,"articleSection":["Mercado"],"inLanguage":"pt-BR"},{"@type":"WebPage","@id":"https:\/\/dana.com.br\/canaldana\/2023\/07\/12\/deflacao-em-junho-aumenta-a-expectativa-por-queda-nos-juros\/","url":"https:\/\/dana.com.br\/canaldana\/2023\/07\/12\/deflacao-em-junho-aumenta-a-expectativa-por-queda-nos-juros\/","name":"Defla\u00e7\u00e3o em junho aumenta a expectativa por queda nos juros - Canal Dana","isPartOf":{"@id":"https:\/\/dana.com.br\/canaldana\/#website"},"datePublished":"2023-07-12T11:27:48+00:00","author":{"@id":"https:\/\/dana.com.br\/canaldana\/#\/schema\/person\/3c21f22f56fcf3bc46b94bc60ea4fef6"},"breadcrumb":{"@id":"https:\/\/dana.com.br\/canaldana\/2023\/07\/12\/deflacao-em-junho-aumenta-a-expectativa-por-queda-nos-juros\/#breadcrumb"},"inLanguage":"pt-BR","potentialAction":[{"@type":"ReadAction","target":["https:\/\/dana.com.br\/canaldana\/2023\/07\/12\/deflacao-em-junho-aumenta-a-expectativa-por-queda-nos-juros\/"]}]},{"@type":"BreadcrumbList","@id":"https:\/\/dana.com.br\/canaldana\/2023\/07\/12\/deflacao-em-junho-aumenta-a-expectativa-por-queda-nos-juros\/#breadcrumb","itemListElement":[{"@type":"ListItem","position":1,"name":"Home","item":"https:\/\/dana.com.br\/canaldana\/"},{"@type":"ListItem","position":2,"name":"Mercado","item":"https:\/\/dana.com.br\/canaldana\/mercado\/"},{"@type":"ListItem","position":3,"name":"Defla\u00e7\u00e3o em junho aumenta a expectativa por queda nos juros"}]},{"@type":"WebSite","@id":"https:\/\/dana.com.br\/canaldana\/#website","url":"https:\/\/dana.com.br\/canaldana\/","name":"Canal Dana","description":"Informativo com as principais not\u00edcias da ind\u00fastria automotiva","potentialAction":[{"@type":"SearchAction","target":{"@type":"EntryPoint","urlTemplate":"https:\/\/dana.com.br\/canaldana\/?s={search_term_string}"},"query-input":{"@type":"PropertyValueSpecification","valueRequired":true,"valueName":"search_term_string"}}],"inLanguage":"pt-BR"},{"@type":"Person","@id":"https:\/\/dana.com.br\/canaldana\/#\/schema\/person\/3c21f22f56fcf3bc46b94bc60ea4fef6","name":"Canal Dana","image":{"@type":"ImageObject","inLanguage":"pt-BR","@id":"https:\/\/secure.gravatar.com\/avatar\/420aaf9278582877d9018637c6817617705899d2858d7572ef0fe59a6b6454b4?s=96&d=mm&r=g","url":"https:\/\/secure.gravatar.com\/avatar\/420aaf9278582877d9018637c6817617705899d2858d7572ef0fe59a6b6454b4?s=96&d=mm&r=g","contentUrl":"https:\/\/secure.gravatar.com\/avatar\/420aaf9278582877d9018637c6817617705899d2858d7572ef0fe59a6b6454b4?s=96&d=mm&r=g","caption":"Canal Dana"},"url":"https:\/\/dana.com.br\/canaldana\/author\/cdeditor\/"}]}},"_links":{"self":[{"href":"https:\/\/dana.com.br\/canaldana\/wp-json\/wp\/v2\/posts\/66889","targetHints":{"allow":["GET"]}}],"collection":[{"href":"https:\/\/dana.com.br\/canaldana\/wp-json\/wp\/v2\/posts"}],"about":[{"href":"https:\/\/dana.com.br\/canaldana\/wp-json\/wp\/v2\/types\/post"}],"author":[{"embeddable":true,"href":"https:\/\/dana.com.br\/canaldana\/wp-json\/wp\/v2\/users\/3"}],"replies":[{"embeddable":true,"href":"https:\/\/dana.com.br\/canaldana\/wp-json\/wp\/v2\/comments?post=66889"}],"version-history":[{"count":0,"href":"https:\/\/dana.com.br\/canaldana\/wp-json\/wp\/v2\/posts\/66889\/revisions"}],"wp:attachment":[{"href":"https:\/\/dana.com.br\/canaldana\/wp-json\/wp\/v2\/media?parent=66889"}],"wp:term":[{"taxonomy":"category","embeddable":true,"href":"https:\/\/dana.com.br\/canaldana\/wp-json\/wp\/v2\/categories?post=66889"},{"taxonomy":"post_tag","embeddable":true,"href":"https:\/\/dana.com.br\/canaldana\/wp-json\/wp\/v2\/tags?post=66889"}],"curies":[{"name":"wp","href":"https:\/\/api.w.org\/{rel}","templated":true}]}}