{"id":66885,"date":"2023-07-12T08:26:21","date_gmt":"2023-07-12T11:26:21","guid":{"rendered":"https:\/\/dana.com.br\/canaldana\/?p=66885"},"modified":"2023-07-12T08:26:21","modified_gmt":"2023-07-12T11:26:21","slug":"reforma-tributaria-camara-derruba-incentivos-para-byd-e-stellantis","status":"publish","type":"post","link":"https:\/\/dana.com.br\/canaldana\/2023\/07\/12\/reforma-tributaria-camara-derruba-incentivos-para-byd-e-stellantis\/","title":{"rendered":"Reforma tribut\u00e1ria: c\u00e2mara derruba incentivos para BYD e Stellantis"},"content":{"rendered":"<p><em>Motor 1 <\/em><\/p>\n<p>&nbsp;<\/p>\n<p>Aprovada na \u00faltima sexta-feira (7) na C\u00e2mara dos Deputados, a reforma tribut\u00e1ria dever\u00e1 gerar impactos importantes no segmento automotivo nos pr\u00f3ximos anos. Al\u00e9m da tributa\u00e7\u00e3o progressiva prevista para o IPVA conforme efici\u00eancia ambiental do carro, o novo regime tribut\u00e1rio dever\u00e1 encerrar a oferta incentivos fiscais para algumas montadoras.<\/p>\n<p>&nbsp;<\/p>\n<p>No plen\u00e1rio, foi retirada do texto a prorroga\u00e7\u00e3o de benef\u00edcios fiscais do Imposto sobre Produtos Industrializados (IPI) para plantas automobil\u00edsticas nas regi\u00f5es Norte, Nordeste e Centro-Oeste at\u00e9 dezembro de 2032.<\/p>\n<p>&nbsp;<\/p>\n<p>A emenda foi inclu\u00edda de \u00faltima hora e, na vota\u00e7\u00e3o do destaque que pedia a exclus\u00e3o desse trecho, houve 307 votos a favor da isen\u00e7\u00e3o e outros 166 contra. No entanto, para manter o pedido na reda\u00e7\u00e3o, seriam necess\u00e1rios 308 votos. Ou seja, a emenda caiu por apenas 1 voto.<\/p>\n<p>&nbsp;<\/p>\n<p>O artigo previa que projetos industriais aprovados at\u00e9 o fim de 2023 poderiam usufruir de benef\u00edcios tribut\u00e1rios de PIS, Cofins e IPI at\u00e9 o fim de 2032. O benef\u00edcio se aplicaria tamb\u00e9m a projetos ampliassem ou reiniciassem a produ\u00e7\u00e3o em plantas industriais inativas aprovados at\u00e9 dezembro de 2025.<\/p>\n<p>&nbsp;<\/p>\n<p>Entre os deputados que votaram contra o argumento foi de que o benef\u00edcio desfigurava o esp\u00edrito da reforma de cessar os benef\u00edcios tribut\u00e1rios criados para estimular a instala\u00e7\u00e3o de empresas em diferentes regi\u00f5es do pa\u00eds. Com o passar do tempo, haveria verdadeira guerra fiscal.<\/p>\n<p>&nbsp;<\/p>\n<p>Seriam beneficiadas com a emenda montadoras como Stellantis (que fabrica modelos Jeep, Fiat e Ram em Pernambuco) e BYD (que acaba de anunciar instala\u00e7\u00e3o de f\u00e1brica na Bahia onde antes operava a Ford). O texto ainda poder\u00e1 passar por altera\u00e7\u00f5es no Senado. (Motor 1\/Dyogo Fagundes)<\/p>\n","protected":false},"excerpt":{"rendered":"<p>Motor 1 &nbsp; Aprovada na \u00faltima sexta-feira (7) na C\u00e2mara dos Deputados, a reforma tribut\u00e1ria dever\u00e1 gerar impactos importantes no segmento automotivo nos pr\u00f3ximos anos. Al\u00e9m da tributa\u00e7\u00e3o progressiva prevista para o IPVA conforme efici\u00eancia ambiental do carro, o novo regime tribut\u00e1rio dever\u00e1 encerrar a oferta incentivos fiscais para algumas montadoras. &nbsp; No plen\u00e1rio, foi\u2026 <a class=\"readmore\" href=\"https:\/\/dana.com.br\/canaldana\/2023\/07\/12\/reforma-tributaria-camara-derruba-incentivos-para-byd-e-stellantis\/\">Leia mais \u00bb<\/a><\/p>\n","protected":false},"author":3,"featured_media":0,"comment_status":"closed","ping_status":"closed","sticky":false,"template":"","format":"standard","meta":{"_acf_changed":false,"footnotes":""},"categories":[79],"tags":[],"class_list":["post-66885","post","type-post","status-publish","format-standard","hentry","category-mercado"],"acf":[],"yoast_head":"<!-- This site is optimized with the Yoast SEO plugin v27.3 - https:\/\/yoast.com\/product\/yoast-seo-wordpress\/ -->\n<title>Reforma tribut\u00e1ria: c\u00e2mara derruba incentivos para BYD e Stellantis - Canal Dana<\/title>\n<meta name=\"robots\" content=\"index, follow, max-snippet:-1, max-image-preview:large, max-video-preview:-1\" \/>\n<link rel=\"canonical\" href=\"https:\/\/dana.com.br\/canaldana\/2023\/07\/12\/reforma-tributaria-camara-derruba-incentivos-para-byd-e-stellantis\/\" \/>\n<meta property=\"og:locale\" content=\"pt_BR\" \/>\n<meta property=\"og:type\" content=\"article\" \/>\n<meta property=\"og:title\" content=\"Reforma tribut\u00e1ria: c\u00e2mara derruba incentivos para BYD e Stellantis - Canal Dana\" \/>\n<meta property=\"og:description\" content=\"Motor 1 &nbsp; Aprovada na \u00faltima sexta-feira (7) na C\u00e2mara dos Deputados, a reforma tribut\u00e1ria dever\u00e1 gerar impactos importantes no segmento automotivo nos pr\u00f3ximos anos. Al\u00e9m da tributa\u00e7\u00e3o progressiva prevista para o IPVA conforme efici\u00eancia ambiental do carro, o novo regime tribut\u00e1rio dever\u00e1 encerrar a oferta incentivos fiscais para algumas montadoras. &nbsp; No plen\u00e1rio, foi\u2026 Leia mais \u00bb\" \/>\n<meta property=\"og:url\" content=\"https:\/\/dana.com.br\/canaldana\/2023\/07\/12\/reforma-tributaria-camara-derruba-incentivos-para-byd-e-stellantis\/\" \/>\n<meta property=\"og:site_name\" content=\"Canal Dana\" \/>\n<meta property=\"article:published_time\" content=\"2023-07-12T11:26:21+00:00\" \/>\n<meta name=\"author\" content=\"Canal Dana\" \/>\n<meta name=\"twitter:card\" content=\"summary_large_image\" \/>\n<meta name=\"twitter:label1\" content=\"Escrito por\" \/>\n\t<meta name=\"twitter:data1\" content=\"Canal Dana\" \/>\n\t<meta name=\"twitter:label2\" content=\"Est. tempo de leitura\" \/>\n\t<meta name=\"twitter:data2\" content=\"2 minutos\" \/>\n<script type=\"application\/ld+json\" class=\"yoast-schema-graph\">{\"@context\":\"https:\\\/\\\/schema.org\",\"@graph\":[{\"@type\":\"Article\",\"@id\":\"https:\\\/\\\/dana.com.br\\\/canaldana\\\/2023\\\/07\\\/12\\\/reforma-tributaria-camara-derruba-incentivos-para-byd-e-stellantis\\\/#article\",\"isPartOf\":{\"@id\":\"https:\\\/\\\/dana.com.br\\\/canaldana\\\/2023\\\/07\\\/12\\\/reforma-tributaria-camara-derruba-incentivos-para-byd-e-stellantis\\\/\"},\"author\":{\"name\":\"Canal Dana\",\"@id\":\"https:\\\/\\\/dana.com.br\\\/canaldana\\\/#\\\/schema\\\/person\\\/3c21f22f56fcf3bc46b94bc60ea4fef6\"},\"headline\":\"Reforma tribut\u00e1ria: c\u00e2mara derruba incentivos para BYD e Stellantis\",\"datePublished\":\"2023-07-12T11:26:21+00:00\",\"mainEntityOfPage\":{\"@id\":\"https:\\\/\\\/dana.com.br\\\/canaldana\\\/2023\\\/07\\\/12\\\/reforma-tributaria-camara-derruba-incentivos-para-byd-e-stellantis\\\/\"},\"wordCount\":307,\"articleSection\":[\"Mercado\"],\"inLanguage\":\"pt-BR\"},{\"@type\":\"WebPage\",\"@id\":\"https:\\\/\\\/dana.com.br\\\/canaldana\\\/2023\\\/07\\\/12\\\/reforma-tributaria-camara-derruba-incentivos-para-byd-e-stellantis\\\/\",\"url\":\"https:\\\/\\\/dana.com.br\\\/canaldana\\\/2023\\\/07\\\/12\\\/reforma-tributaria-camara-derruba-incentivos-para-byd-e-stellantis\\\/\",\"name\":\"Reforma tribut\u00e1ria: c\u00e2mara derruba incentivos para BYD e Stellantis - Canal Dana\",\"isPartOf\":{\"@id\":\"https:\\\/\\\/dana.com.br\\\/canaldana\\\/#website\"},\"datePublished\":\"2023-07-12T11:26:21+00:00\",\"author\":{\"@id\":\"https:\\\/\\\/dana.com.br\\\/canaldana\\\/#\\\/schema\\\/person\\\/3c21f22f56fcf3bc46b94bc60ea4fef6\"},\"breadcrumb\":{\"@id\":\"https:\\\/\\\/dana.com.br\\\/canaldana\\\/2023\\\/07\\\/12\\\/reforma-tributaria-camara-derruba-incentivos-para-byd-e-stellantis\\\/#breadcrumb\"},\"inLanguage\":\"pt-BR\",\"potentialAction\":[{\"@type\":\"ReadAction\",\"target\":[\"https:\\\/\\\/dana.com.br\\\/canaldana\\\/2023\\\/07\\\/12\\\/reforma-tributaria-camara-derruba-incentivos-para-byd-e-stellantis\\\/\"]}]},{\"@type\":\"BreadcrumbList\",\"@id\":\"https:\\\/\\\/dana.com.br\\\/canaldana\\\/2023\\\/07\\\/12\\\/reforma-tributaria-camara-derruba-incentivos-para-byd-e-stellantis\\\/#breadcrumb\",\"itemListElement\":[{\"@type\":\"ListItem\",\"position\":1,\"name\":\"Home\",\"item\":\"https:\\\/\\\/dana.com.br\\\/canaldana\\\/\"},{\"@type\":\"ListItem\",\"position\":2,\"name\":\"Mercado\",\"item\":\"https:\\\/\\\/dana.com.br\\\/canaldana\\\/mercado\\\/\"},{\"@type\":\"ListItem\",\"position\":3,\"name\":\"Reforma tribut\u00e1ria: c\u00e2mara derruba incentivos para BYD e Stellantis\"}]},{\"@type\":\"WebSite\",\"@id\":\"https:\\\/\\\/dana.com.br\\\/canaldana\\\/#website\",\"url\":\"https:\\\/\\\/dana.com.br\\\/canaldana\\\/\",\"name\":\"Canal Dana\",\"description\":\"Informativo com as principais not\u00edcias da ind\u00fastria automotiva\",\"potentialAction\":[{\"@type\":\"SearchAction\",\"target\":{\"@type\":\"EntryPoint\",\"urlTemplate\":\"https:\\\/\\\/dana.com.br\\\/canaldana\\\/?s={search_term_string}\"},\"query-input\":{\"@type\":\"PropertyValueSpecification\",\"valueRequired\":true,\"valueName\":\"search_term_string\"}}],\"inLanguage\":\"pt-BR\"},{\"@type\":\"Person\",\"@id\":\"https:\\\/\\\/dana.com.br\\\/canaldana\\\/#\\\/schema\\\/person\\\/3c21f22f56fcf3bc46b94bc60ea4fef6\",\"name\":\"Canal Dana\",\"image\":{\"@type\":\"ImageObject\",\"inLanguage\":\"pt-BR\",\"@id\":\"https:\\\/\\\/secure.gravatar.com\\\/avatar\\\/420aaf9278582877d9018637c6817617705899d2858d7572ef0fe59a6b6454b4?s=96&d=mm&r=g\",\"url\":\"https:\\\/\\\/secure.gravatar.com\\\/avatar\\\/420aaf9278582877d9018637c6817617705899d2858d7572ef0fe59a6b6454b4?s=96&d=mm&r=g\",\"contentUrl\":\"https:\\\/\\\/secure.gravatar.com\\\/avatar\\\/420aaf9278582877d9018637c6817617705899d2858d7572ef0fe59a6b6454b4?s=96&d=mm&r=g\",\"caption\":\"Canal Dana\"},\"url\":\"https:\\\/\\\/dana.com.br\\\/canaldana\\\/author\\\/cdeditor\\\/\"}]}<\/script>\n<!-- \/ Yoast SEO plugin. -->","yoast_head_json":{"title":"Reforma tribut\u00e1ria: c\u00e2mara derruba incentivos para BYD e Stellantis - Canal Dana","robots":{"index":"index","follow":"follow","max-snippet":"max-snippet:-1","max-image-preview":"max-image-preview:large","max-video-preview":"max-video-preview:-1"},"canonical":"https:\/\/dana.com.br\/canaldana\/2023\/07\/12\/reforma-tributaria-camara-derruba-incentivos-para-byd-e-stellantis\/","og_locale":"pt_BR","og_type":"article","og_title":"Reforma tribut\u00e1ria: c\u00e2mara derruba incentivos para BYD e Stellantis - Canal Dana","og_description":"Motor 1 &nbsp; Aprovada na \u00faltima sexta-feira (7) na C\u00e2mara dos Deputados, a reforma tribut\u00e1ria dever\u00e1 gerar impactos importantes no segmento automotivo nos pr\u00f3ximos anos. Al\u00e9m da tributa\u00e7\u00e3o progressiva prevista para o IPVA conforme efici\u00eancia ambiental do carro, o novo regime tribut\u00e1rio dever\u00e1 encerrar a oferta incentivos fiscais para algumas montadoras. &nbsp; No plen\u00e1rio, foi\u2026 Leia mais \u00bb","og_url":"https:\/\/dana.com.br\/canaldana\/2023\/07\/12\/reforma-tributaria-camara-derruba-incentivos-para-byd-e-stellantis\/","og_site_name":"Canal Dana","article_published_time":"2023-07-12T11:26:21+00:00","author":"Canal Dana","twitter_card":"summary_large_image","twitter_misc":{"Escrito por":"Canal Dana","Est. tempo de leitura":"2 minutos"},"schema":{"@context":"https:\/\/schema.org","@graph":[{"@type":"Article","@id":"https:\/\/dana.com.br\/canaldana\/2023\/07\/12\/reforma-tributaria-camara-derruba-incentivos-para-byd-e-stellantis\/#article","isPartOf":{"@id":"https:\/\/dana.com.br\/canaldana\/2023\/07\/12\/reforma-tributaria-camara-derruba-incentivos-para-byd-e-stellantis\/"},"author":{"name":"Canal Dana","@id":"https:\/\/dana.com.br\/canaldana\/#\/schema\/person\/3c21f22f56fcf3bc46b94bc60ea4fef6"},"headline":"Reforma tribut\u00e1ria: c\u00e2mara derruba incentivos para BYD e Stellantis","datePublished":"2023-07-12T11:26:21+00:00","mainEntityOfPage":{"@id":"https:\/\/dana.com.br\/canaldana\/2023\/07\/12\/reforma-tributaria-camara-derruba-incentivos-para-byd-e-stellantis\/"},"wordCount":307,"articleSection":["Mercado"],"inLanguage":"pt-BR"},{"@type":"WebPage","@id":"https:\/\/dana.com.br\/canaldana\/2023\/07\/12\/reforma-tributaria-camara-derruba-incentivos-para-byd-e-stellantis\/","url":"https:\/\/dana.com.br\/canaldana\/2023\/07\/12\/reforma-tributaria-camara-derruba-incentivos-para-byd-e-stellantis\/","name":"Reforma tribut\u00e1ria: c\u00e2mara derruba incentivos para BYD e Stellantis - Canal Dana","isPartOf":{"@id":"https:\/\/dana.com.br\/canaldana\/#website"},"datePublished":"2023-07-12T11:26:21+00:00","author":{"@id":"https:\/\/dana.com.br\/canaldana\/#\/schema\/person\/3c21f22f56fcf3bc46b94bc60ea4fef6"},"breadcrumb":{"@id":"https:\/\/dana.com.br\/canaldana\/2023\/07\/12\/reforma-tributaria-camara-derruba-incentivos-para-byd-e-stellantis\/#breadcrumb"},"inLanguage":"pt-BR","potentialAction":[{"@type":"ReadAction","target":["https:\/\/dana.com.br\/canaldana\/2023\/07\/12\/reforma-tributaria-camara-derruba-incentivos-para-byd-e-stellantis\/"]}]},{"@type":"BreadcrumbList","@id":"https:\/\/dana.com.br\/canaldana\/2023\/07\/12\/reforma-tributaria-camara-derruba-incentivos-para-byd-e-stellantis\/#breadcrumb","itemListElement":[{"@type":"ListItem","position":1,"name":"Home","item":"https:\/\/dana.com.br\/canaldana\/"},{"@type":"ListItem","position":2,"name":"Mercado","item":"https:\/\/dana.com.br\/canaldana\/mercado\/"},{"@type":"ListItem","position":3,"name":"Reforma tribut\u00e1ria: c\u00e2mara derruba incentivos para BYD e Stellantis"}]},{"@type":"WebSite","@id":"https:\/\/dana.com.br\/canaldana\/#website","url":"https:\/\/dana.com.br\/canaldana\/","name":"Canal Dana","description":"Informativo com as principais not\u00edcias da ind\u00fastria automotiva","potentialAction":[{"@type":"SearchAction","target":{"@type":"EntryPoint","urlTemplate":"https:\/\/dana.com.br\/canaldana\/?s={search_term_string}"},"query-input":{"@type":"PropertyValueSpecification","valueRequired":true,"valueName":"search_term_string"}}],"inLanguage":"pt-BR"},{"@type":"Person","@id":"https:\/\/dana.com.br\/canaldana\/#\/schema\/person\/3c21f22f56fcf3bc46b94bc60ea4fef6","name":"Canal Dana","image":{"@type":"ImageObject","inLanguage":"pt-BR","@id":"https:\/\/secure.gravatar.com\/avatar\/420aaf9278582877d9018637c6817617705899d2858d7572ef0fe59a6b6454b4?s=96&d=mm&r=g","url":"https:\/\/secure.gravatar.com\/avatar\/420aaf9278582877d9018637c6817617705899d2858d7572ef0fe59a6b6454b4?s=96&d=mm&r=g","contentUrl":"https:\/\/secure.gravatar.com\/avatar\/420aaf9278582877d9018637c6817617705899d2858d7572ef0fe59a6b6454b4?s=96&d=mm&r=g","caption":"Canal Dana"},"url":"https:\/\/dana.com.br\/canaldana\/author\/cdeditor\/"}]}},"_links":{"self":[{"href":"https:\/\/dana.com.br\/canaldana\/wp-json\/wp\/v2\/posts\/66885","targetHints":{"allow":["GET"]}}],"collection":[{"href":"https:\/\/dana.com.br\/canaldana\/wp-json\/wp\/v2\/posts"}],"about":[{"href":"https:\/\/dana.com.br\/canaldana\/wp-json\/wp\/v2\/types\/post"}],"author":[{"embeddable":true,"href":"https:\/\/dana.com.br\/canaldana\/wp-json\/wp\/v2\/users\/3"}],"replies":[{"embeddable":true,"href":"https:\/\/dana.com.br\/canaldana\/wp-json\/wp\/v2\/comments?post=66885"}],"version-history":[{"count":0,"href":"https:\/\/dana.com.br\/canaldana\/wp-json\/wp\/v2\/posts\/66885\/revisions"}],"wp:attachment":[{"href":"https:\/\/dana.com.br\/canaldana\/wp-json\/wp\/v2\/media?parent=66885"}],"wp:term":[{"taxonomy":"category","embeddable":true,"href":"https:\/\/dana.com.br\/canaldana\/wp-json\/wp\/v2\/categories?post=66885"},{"taxonomy":"post_tag","embeddable":true,"href":"https:\/\/dana.com.br\/canaldana\/wp-json\/wp\/v2\/tags?post=66885"}],"curies":[{"name":"wp","href":"https:\/\/api.w.org\/{rel}","templated":true}]}}