{"id":66730,"date":"2023-07-05T08:42:20","date_gmt":"2023-07-05T11:42:20","guid":{"rendered":"https:\/\/dana.com.br\/canaldana\/?p=66730"},"modified":"2023-07-05T08:42:20","modified_gmt":"2023-07-05T11:42:20","slug":"ibge-producao-industrial-volta-a-ficar-no-azul-em-maio-e-cresce-03-em-relacao-a-abril","status":"publish","type":"post","link":"https:\/\/dana.com.br\/canaldana\/2023\/07\/05\/ibge-producao-industrial-volta-a-ficar-no-azul-em-maio-e-cresce-03-em-relacao-a-abril\/","title":{"rendered":"IBGE: produ\u00e7\u00e3o industrial volta a ficar no azul em maio e cresce 0,3% em rela\u00e7\u00e3o a abril"},"content":{"rendered":"<p><em>O Estado de S. Paulo Online <\/em><\/p>\n<p>&nbsp;<\/p>\n<p>A ind\u00fastria brasileira voltou ao azul em maio, dando sequ\u00eancia a uma trajet\u00f3ria vacilante ao longo de 2023. A produ\u00e7\u00e3o subiu 0,3% em rela\u00e7\u00e3o a abril, ap\u00f3s uma perda de 0,6% vista no m\u00eas anterior, segundo os dados da Pesquisa Industrial Mensal \u2013 Produ\u00e7\u00e3o F\u00edsica, divulgados nesta \u00faltima ter\u00e7a-feira, 4, pelo Instituto Brasileiro de Geografia e Estat\u00edstica (IBGE).<\/p>\n<p>&nbsp;<\/p>\n<p>\u201cVimos concentra\u00e7\u00e3o do crescimento em ind\u00fastria extrativa, enquanto a ind\u00fastria de transforma\u00e7\u00e3o, que \u00e9 mais c\u00edclica, caiu\u201d, apontou o economista Gabriel Couto, do Banco Santander Brasil. \u201cVemos uma fraqueza maior do setor nos pr\u00f3ximos meses porque ainda estamos lidando com condi\u00e7\u00f5es financeiras restritivas\u201d, previu.<\/p>\n<p>&nbsp;<\/p>\n<p>Em maio ante abril, houve expans\u00e3o de 1,2% na ind\u00fastria extrativa, ao passo que a ind\u00fastria de transforma\u00e7\u00e3o registrou ligeira queda de 0,1%, calculou a Federa\u00e7\u00e3o das Ind\u00fastrias do Estado de S\u00e3o Paulo (Fiesp). A entidade projeta que a ind\u00fastria toda tenha uma retra\u00e7\u00e3o de 0,5% na produ\u00e7\u00e3o em 2023, \u201ctendo como uma das principais causas o alto patamar da taxa de juros\u201d.<\/p>\n<p>&nbsp;<\/p>\n<p>Na passagem de abril para maio, houve expans\u00e3o em 19 dos 25 ramos pesquisados, maior espalhamento de crescimento desde setembro de 2020, quando o setor se recuperava do choque inicial provocado pela pandemia de covid-19.<\/p>\n<p>&nbsp;<\/p>\n<p>\u201cClaro que \u00e9 um resultado positivo muito pr\u00f3ximo da estabilidade, n\u00e3o elimina a perda do m\u00eas anterior. Mas esse espalhamento de alta entre as atividades \u00e9 positivo e n\u00e3o se observava h\u00e1 muito tempo\u201d, avaliou Andr\u00e9 Macedo, gerente da pesquisa do IBGE. \u201cMais que o resultado positivo em si, o fato de o resultado ter sido mais disseminado traz algum tipo de alento para a produ\u00e7\u00e3o industrial\u201d, opinou.<\/p>\n<p>&nbsp;<\/p>\n<p>Na s\u00e9rie com ajuste sazonal, a produ\u00e7\u00e3o industrial coleciona altos e baixos ao longo de 2023: janeiro (-0,3% ante o m\u00eas anterior); fevereiro (-0,2%), mar\u00e7o (1,1%), abril (-0,6%) e maio (0,3%).<\/p>\n<p>&nbsp;<\/p>\n<p>\u201cO setor industrial tem um saldo positivo de 0,4% ante o patamar que encerrou o ano passado\u201d, lembrou Macedo.<\/p>\n<p>&nbsp;<\/p>\n<p>Mesmo com a melhora no ritmo da produ\u00e7\u00e3o no m\u00eas de maio, o setor industrial operava 1,5% abaixo do patamar de fevereiro de 2020, no pr\u00e9-pandemia, al\u00e9m de 18,1% aqu\u00e9m do n\u00edvel recorde alcan\u00e7ado em maio de 2011.<\/p>\n<p>&nbsp;<\/p>\n<p>\u201cTem um espa\u00e7o importante a ser recuperado\u201d, resumiu Macedo. \u201cA gente vem operando entre o patamar de janeiro e fevereiro de 2009 j\u00e1 h\u00e1 bastante tempo, o setor industrial n\u00e3o consegue sair desse patamar.\u201d<\/p>\n<p>&nbsp;<\/p>\n<p>Macedo concorda que a taxa de juros elevada tem implica\u00e7\u00f5es negativas, afetando tanto o endividamento quanto a inadimpl\u00eancia das fam\u00edlias. A melhora no mercado de trabalho tende a ajudar a demanda dom\u00e9stica, mas ainda h\u00e1 altos \u00edndices de informalidade entre os ocupados, e o desemprego permanece elevado. Por outro lado, a infla\u00e7\u00e3o mais controlada \u201cpode significar alguma melhora para o consumo das fam\u00edlias\u201d, mencionou.<\/p>\n<p>&nbsp;<\/p>\n<p>Na passagem de abril para maio, as atividades de maior influ\u00eancia positiva foram derivados do petr\u00f3leo e biocombust\u00edveis (7,7%), ve\u00edculos automotores (7,4%) e m\u00e1quinas e equipamentos (12,3%). Os derivados de petr\u00f3leo completam quatro meses seguidos de expans\u00e3o na produ\u00e7\u00e3o, per\u00edodo em que acumularam ganho de 15,0%. J\u00e1 os ve\u00edculos voltaram a crescer ap\u00f3s uma perda acumulada de 2,6% nos meses de abril e mar\u00e7o. A atividade de m\u00e1quinas e equipamentos eliminou parte do recuo de 11,7% registrado no m\u00eas anterior.<\/p>\n<p>&nbsp;<\/p>\n<p>De acordo com Macedo, a produ\u00e7\u00e3o de ve\u00edculos cresceu em maio com a volta da produ\u00e7\u00e3o ap\u00f3s paralisa\u00e7\u00f5es e f\u00e9rias coletivas ocorridas no m\u00eas anterior, mas tamb\u00e9m uma prepara\u00e7\u00e3o das montadoras para a demanda futura estimulada pelo pacote que seria anunciado pelo governo para desconto na aquisi\u00e7\u00e3o de carros populares.<\/p>\n<p>&nbsp;<\/p>\n<p>Outras contribui\u00e7\u00f5es positivas relevantes para a m\u00e9dia da ind\u00fastria foram as das ind\u00fastrias extrativas (1,2%), produtos de metal (6,1%), outros equipamentos de transporte (10,2%), metalurgia (2,1%), produtos diversos (6,6%) e couro, artigos para viagem e cal\u00e7ados (4,9%)<\/p>\n<p>&nbsp;<\/p>\n<p>Na dire\u00e7\u00e3o oposta, entre as seis atividades em queda, os principais impactos negativos partiram de produtos aliment\u00edcios (-2,6%) e farmac\u00eauticos (-9,7%). Aliment\u00edcios registraram o quinto m\u00eas seguido de queda na produ\u00e7\u00e3o, com perda acumulada de 9,7% no per\u00edodo.<\/p>\n<p>&nbsp;<\/p>\n<p>\u201cEsses dois segmentos t\u00eam press\u00e3o significativa importante para o total industrial\u201d, confirmou Macedo. \u201cAliment\u00edcios e farmac\u00eauticos, podemos dizer que, assim, impediram um avan\u00e7o maior nesse setor industrial\u201d. (O Estado de S. Paulo Online\/Daniela Amorim e Marianna Gualter)<\/p>\n","protected":false},"excerpt":{"rendered":"<p>O Estado de S. Paulo Online &nbsp; A ind\u00fastria brasileira voltou ao azul em maio, dando sequ\u00eancia a uma trajet\u00f3ria vacilante ao longo de 2023. A produ\u00e7\u00e3o subiu 0,3% em rela\u00e7\u00e3o a abril, ap\u00f3s uma perda de 0,6% vista no m\u00eas anterior, segundo os dados da Pesquisa Industrial Mensal \u2013 Produ\u00e7\u00e3o F\u00edsica, divulgados nesta \u00faltima\u2026 <a class=\"readmore\" href=\"https:\/\/dana.com.br\/canaldana\/2023\/07\/05\/ibge-producao-industrial-volta-a-ficar-no-azul-em-maio-e-cresce-03-em-relacao-a-abril\/\">Leia mais \u00bb<\/a><\/p>\n","protected":false},"author":3,"featured_media":0,"comment_status":"closed","ping_status":"closed","sticky":false,"template":"","format":"standard","meta":{"_acf_changed":false,"footnotes":""},"categories":[79],"tags":[],"class_list":["post-66730","post","type-post","status-publish","format-standard","hentry","category-mercado"],"acf":[],"yoast_head":"<!-- This site is optimized with the Yoast SEO plugin v27.3 - https:\/\/yoast.com\/product\/yoast-seo-wordpress\/ -->\n<title>IBGE: produ\u00e7\u00e3o industrial volta a ficar no azul em maio e cresce 0,3% em rela\u00e7\u00e3o a abril - Canal Dana<\/title>\n<meta name=\"robots\" content=\"index, follow, max-snippet:-1, max-image-preview:large, max-video-preview:-1\" \/>\n<link rel=\"canonical\" href=\"https:\/\/dana.com.br\/canaldana\/2023\/07\/05\/ibge-producao-industrial-volta-a-ficar-no-azul-em-maio-e-cresce-03-em-relacao-a-abril\/\" \/>\n<meta property=\"og:locale\" content=\"pt_BR\" \/>\n<meta property=\"og:type\" content=\"article\" \/>\n<meta property=\"og:title\" content=\"IBGE: produ\u00e7\u00e3o industrial volta a ficar no azul em maio e cresce 0,3% em rela\u00e7\u00e3o a abril - Canal Dana\" \/>\n<meta property=\"og:description\" content=\"O Estado de S. Paulo Online &nbsp; A ind\u00fastria brasileira voltou ao azul em maio, dando sequ\u00eancia a uma trajet\u00f3ria vacilante ao longo de 2023. A produ\u00e7\u00e3o subiu 0,3% em rela\u00e7\u00e3o a abril, ap\u00f3s uma perda de 0,6% vista no m\u00eas anterior, segundo os dados da Pesquisa Industrial Mensal \u2013 Produ\u00e7\u00e3o F\u00edsica, divulgados nesta \u00faltima\u2026 Leia mais \u00bb\" \/>\n<meta property=\"og:url\" content=\"https:\/\/dana.com.br\/canaldana\/2023\/07\/05\/ibge-producao-industrial-volta-a-ficar-no-azul-em-maio-e-cresce-03-em-relacao-a-abril\/\" \/>\n<meta property=\"og:site_name\" content=\"Canal Dana\" \/>\n<meta property=\"article:published_time\" content=\"2023-07-05T11:42:20+00:00\" \/>\n<meta name=\"author\" content=\"Canal Dana\" \/>\n<meta name=\"twitter:card\" content=\"summary_large_image\" \/>\n<meta name=\"twitter:label1\" content=\"Escrito por\" \/>\n\t<meta name=\"twitter:data1\" content=\"Canal Dana\" \/>\n\t<meta name=\"twitter:label2\" content=\"Est. tempo de leitura\" \/>\n\t<meta name=\"twitter:data2\" content=\"4 minutos\" \/>\n<script type=\"application\/ld+json\" class=\"yoast-schema-graph\">{\"@context\":\"https:\\\/\\\/schema.org\",\"@graph\":[{\"@type\":\"Article\",\"@id\":\"https:\\\/\\\/dana.com.br\\\/canaldana\\\/2023\\\/07\\\/05\\\/ibge-producao-industrial-volta-a-ficar-no-azul-em-maio-e-cresce-03-em-relacao-a-abril\\\/#article\",\"isPartOf\":{\"@id\":\"https:\\\/\\\/dana.com.br\\\/canaldana\\\/2023\\\/07\\\/05\\\/ibge-producao-industrial-volta-a-ficar-no-azul-em-maio-e-cresce-03-em-relacao-a-abril\\\/\"},\"author\":{\"name\":\"Canal Dana\",\"@id\":\"https:\\\/\\\/dana.com.br\\\/canaldana\\\/#\\\/schema\\\/person\\\/3c21f22f56fcf3bc46b94bc60ea4fef6\"},\"headline\":\"IBGE: produ\u00e7\u00e3o industrial volta a ficar no azul em maio e cresce 0,3% em rela\u00e7\u00e3o a abril\",\"datePublished\":\"2023-07-05T11:42:20+00:00\",\"mainEntityOfPage\":{\"@id\":\"https:\\\/\\\/dana.com.br\\\/canaldana\\\/2023\\\/07\\\/05\\\/ibge-producao-industrial-volta-a-ficar-no-azul-em-maio-e-cresce-03-em-relacao-a-abril\\\/\"},\"wordCount\":793,\"articleSection\":[\"Mercado\"],\"inLanguage\":\"pt-BR\"},{\"@type\":\"WebPage\",\"@id\":\"https:\\\/\\\/dana.com.br\\\/canaldana\\\/2023\\\/07\\\/05\\\/ibge-producao-industrial-volta-a-ficar-no-azul-em-maio-e-cresce-03-em-relacao-a-abril\\\/\",\"url\":\"https:\\\/\\\/dana.com.br\\\/canaldana\\\/2023\\\/07\\\/05\\\/ibge-producao-industrial-volta-a-ficar-no-azul-em-maio-e-cresce-03-em-relacao-a-abril\\\/\",\"name\":\"IBGE: produ\u00e7\u00e3o industrial volta a ficar no azul em maio e cresce 0,3% em rela\u00e7\u00e3o a abril - Canal Dana\",\"isPartOf\":{\"@id\":\"https:\\\/\\\/dana.com.br\\\/canaldana\\\/#website\"},\"datePublished\":\"2023-07-05T11:42:20+00:00\",\"author\":{\"@id\":\"https:\\\/\\\/dana.com.br\\\/canaldana\\\/#\\\/schema\\\/person\\\/3c21f22f56fcf3bc46b94bc60ea4fef6\"},\"breadcrumb\":{\"@id\":\"https:\\\/\\\/dana.com.br\\\/canaldana\\\/2023\\\/07\\\/05\\\/ibge-producao-industrial-volta-a-ficar-no-azul-em-maio-e-cresce-03-em-relacao-a-abril\\\/#breadcrumb\"},\"inLanguage\":\"pt-BR\",\"potentialAction\":[{\"@type\":\"ReadAction\",\"target\":[\"https:\\\/\\\/dana.com.br\\\/canaldana\\\/2023\\\/07\\\/05\\\/ibge-producao-industrial-volta-a-ficar-no-azul-em-maio-e-cresce-03-em-relacao-a-abril\\\/\"]}]},{\"@type\":\"BreadcrumbList\",\"@id\":\"https:\\\/\\\/dana.com.br\\\/canaldana\\\/2023\\\/07\\\/05\\\/ibge-producao-industrial-volta-a-ficar-no-azul-em-maio-e-cresce-03-em-relacao-a-abril\\\/#breadcrumb\",\"itemListElement\":[{\"@type\":\"ListItem\",\"position\":1,\"name\":\"Home\",\"item\":\"https:\\\/\\\/dana.com.br\\\/canaldana\\\/\"},{\"@type\":\"ListItem\",\"position\":2,\"name\":\"Mercado\",\"item\":\"https:\\\/\\\/dana.com.br\\\/canaldana\\\/mercado\\\/\"},{\"@type\":\"ListItem\",\"position\":3,\"name\":\"IBGE: produ\u00e7\u00e3o industrial volta a ficar no azul em maio e cresce 0,3% em rela\u00e7\u00e3o a abril\"}]},{\"@type\":\"WebSite\",\"@id\":\"https:\\\/\\\/dana.com.br\\\/canaldana\\\/#website\",\"url\":\"https:\\\/\\\/dana.com.br\\\/canaldana\\\/\",\"name\":\"Canal Dana\",\"description\":\"Informativo com as principais not\u00edcias da ind\u00fastria automotiva\",\"potentialAction\":[{\"@type\":\"SearchAction\",\"target\":{\"@type\":\"EntryPoint\",\"urlTemplate\":\"https:\\\/\\\/dana.com.br\\\/canaldana\\\/?s={search_term_string}\"},\"query-input\":{\"@type\":\"PropertyValueSpecification\",\"valueRequired\":true,\"valueName\":\"search_term_string\"}}],\"inLanguage\":\"pt-BR\"},{\"@type\":\"Person\",\"@id\":\"https:\\\/\\\/dana.com.br\\\/canaldana\\\/#\\\/schema\\\/person\\\/3c21f22f56fcf3bc46b94bc60ea4fef6\",\"name\":\"Canal Dana\",\"image\":{\"@type\":\"ImageObject\",\"inLanguage\":\"pt-BR\",\"@id\":\"https:\\\/\\\/secure.gravatar.com\\\/avatar\\\/420aaf9278582877d9018637c6817617705899d2858d7572ef0fe59a6b6454b4?s=96&d=mm&r=g\",\"url\":\"https:\\\/\\\/secure.gravatar.com\\\/avatar\\\/420aaf9278582877d9018637c6817617705899d2858d7572ef0fe59a6b6454b4?s=96&d=mm&r=g\",\"contentUrl\":\"https:\\\/\\\/secure.gravatar.com\\\/avatar\\\/420aaf9278582877d9018637c6817617705899d2858d7572ef0fe59a6b6454b4?s=96&d=mm&r=g\",\"caption\":\"Canal Dana\"},\"url\":\"https:\\\/\\\/dana.com.br\\\/canaldana\\\/author\\\/cdeditor\\\/\"}]}<\/script>\n<!-- \/ Yoast SEO plugin. -->","yoast_head_json":{"title":"IBGE: produ\u00e7\u00e3o industrial volta a ficar no azul em maio e cresce 0,3% em rela\u00e7\u00e3o a abril - Canal Dana","robots":{"index":"index","follow":"follow","max-snippet":"max-snippet:-1","max-image-preview":"max-image-preview:large","max-video-preview":"max-video-preview:-1"},"canonical":"https:\/\/dana.com.br\/canaldana\/2023\/07\/05\/ibge-producao-industrial-volta-a-ficar-no-azul-em-maio-e-cresce-03-em-relacao-a-abril\/","og_locale":"pt_BR","og_type":"article","og_title":"IBGE: produ\u00e7\u00e3o industrial volta a ficar no azul em maio e cresce 0,3% em rela\u00e7\u00e3o a abril - Canal Dana","og_description":"O Estado de S. Paulo Online &nbsp; A ind\u00fastria brasileira voltou ao azul em maio, dando sequ\u00eancia a uma trajet\u00f3ria vacilante ao longo de 2023. A produ\u00e7\u00e3o subiu 0,3% em rela\u00e7\u00e3o a abril, ap\u00f3s uma perda de 0,6% vista no m\u00eas anterior, segundo os dados da Pesquisa Industrial Mensal \u2013 Produ\u00e7\u00e3o F\u00edsica, divulgados nesta \u00faltima\u2026 Leia mais \u00bb","og_url":"https:\/\/dana.com.br\/canaldana\/2023\/07\/05\/ibge-producao-industrial-volta-a-ficar-no-azul-em-maio-e-cresce-03-em-relacao-a-abril\/","og_site_name":"Canal Dana","article_published_time":"2023-07-05T11:42:20+00:00","author":"Canal Dana","twitter_card":"summary_large_image","twitter_misc":{"Escrito por":"Canal Dana","Est. tempo de leitura":"4 minutos"},"schema":{"@context":"https:\/\/schema.org","@graph":[{"@type":"Article","@id":"https:\/\/dana.com.br\/canaldana\/2023\/07\/05\/ibge-producao-industrial-volta-a-ficar-no-azul-em-maio-e-cresce-03-em-relacao-a-abril\/#article","isPartOf":{"@id":"https:\/\/dana.com.br\/canaldana\/2023\/07\/05\/ibge-producao-industrial-volta-a-ficar-no-azul-em-maio-e-cresce-03-em-relacao-a-abril\/"},"author":{"name":"Canal Dana","@id":"https:\/\/dana.com.br\/canaldana\/#\/schema\/person\/3c21f22f56fcf3bc46b94bc60ea4fef6"},"headline":"IBGE: produ\u00e7\u00e3o industrial volta a ficar no azul em maio e cresce 0,3% em rela\u00e7\u00e3o a abril","datePublished":"2023-07-05T11:42:20+00:00","mainEntityOfPage":{"@id":"https:\/\/dana.com.br\/canaldana\/2023\/07\/05\/ibge-producao-industrial-volta-a-ficar-no-azul-em-maio-e-cresce-03-em-relacao-a-abril\/"},"wordCount":793,"articleSection":["Mercado"],"inLanguage":"pt-BR"},{"@type":"WebPage","@id":"https:\/\/dana.com.br\/canaldana\/2023\/07\/05\/ibge-producao-industrial-volta-a-ficar-no-azul-em-maio-e-cresce-03-em-relacao-a-abril\/","url":"https:\/\/dana.com.br\/canaldana\/2023\/07\/05\/ibge-producao-industrial-volta-a-ficar-no-azul-em-maio-e-cresce-03-em-relacao-a-abril\/","name":"IBGE: produ\u00e7\u00e3o industrial volta a ficar no azul em maio e cresce 0,3% em rela\u00e7\u00e3o a abril - Canal Dana","isPartOf":{"@id":"https:\/\/dana.com.br\/canaldana\/#website"},"datePublished":"2023-07-05T11:42:20+00:00","author":{"@id":"https:\/\/dana.com.br\/canaldana\/#\/schema\/person\/3c21f22f56fcf3bc46b94bc60ea4fef6"},"breadcrumb":{"@id":"https:\/\/dana.com.br\/canaldana\/2023\/07\/05\/ibge-producao-industrial-volta-a-ficar-no-azul-em-maio-e-cresce-03-em-relacao-a-abril\/#breadcrumb"},"inLanguage":"pt-BR","potentialAction":[{"@type":"ReadAction","target":["https:\/\/dana.com.br\/canaldana\/2023\/07\/05\/ibge-producao-industrial-volta-a-ficar-no-azul-em-maio-e-cresce-03-em-relacao-a-abril\/"]}]},{"@type":"BreadcrumbList","@id":"https:\/\/dana.com.br\/canaldana\/2023\/07\/05\/ibge-producao-industrial-volta-a-ficar-no-azul-em-maio-e-cresce-03-em-relacao-a-abril\/#breadcrumb","itemListElement":[{"@type":"ListItem","position":1,"name":"Home","item":"https:\/\/dana.com.br\/canaldana\/"},{"@type":"ListItem","position":2,"name":"Mercado","item":"https:\/\/dana.com.br\/canaldana\/mercado\/"},{"@type":"ListItem","position":3,"name":"IBGE: produ\u00e7\u00e3o industrial volta a ficar no azul em maio e cresce 0,3% em rela\u00e7\u00e3o a abril"}]},{"@type":"WebSite","@id":"https:\/\/dana.com.br\/canaldana\/#website","url":"https:\/\/dana.com.br\/canaldana\/","name":"Canal Dana","description":"Informativo com as principais not\u00edcias da ind\u00fastria automotiva","potentialAction":[{"@type":"SearchAction","target":{"@type":"EntryPoint","urlTemplate":"https:\/\/dana.com.br\/canaldana\/?s={search_term_string}"},"query-input":{"@type":"PropertyValueSpecification","valueRequired":true,"valueName":"search_term_string"}}],"inLanguage":"pt-BR"},{"@type":"Person","@id":"https:\/\/dana.com.br\/canaldana\/#\/schema\/person\/3c21f22f56fcf3bc46b94bc60ea4fef6","name":"Canal Dana","image":{"@type":"ImageObject","inLanguage":"pt-BR","@id":"https:\/\/secure.gravatar.com\/avatar\/420aaf9278582877d9018637c6817617705899d2858d7572ef0fe59a6b6454b4?s=96&d=mm&r=g","url":"https:\/\/secure.gravatar.com\/avatar\/420aaf9278582877d9018637c6817617705899d2858d7572ef0fe59a6b6454b4?s=96&d=mm&r=g","contentUrl":"https:\/\/secure.gravatar.com\/avatar\/420aaf9278582877d9018637c6817617705899d2858d7572ef0fe59a6b6454b4?s=96&d=mm&r=g","caption":"Canal Dana"},"url":"https:\/\/dana.com.br\/canaldana\/author\/cdeditor\/"}]}},"_links":{"self":[{"href":"https:\/\/dana.com.br\/canaldana\/wp-json\/wp\/v2\/posts\/66730","targetHints":{"allow":["GET"]}}],"collection":[{"href":"https:\/\/dana.com.br\/canaldana\/wp-json\/wp\/v2\/posts"}],"about":[{"href":"https:\/\/dana.com.br\/canaldana\/wp-json\/wp\/v2\/types\/post"}],"author":[{"embeddable":true,"href":"https:\/\/dana.com.br\/canaldana\/wp-json\/wp\/v2\/users\/3"}],"replies":[{"embeddable":true,"href":"https:\/\/dana.com.br\/canaldana\/wp-json\/wp\/v2\/comments?post=66730"}],"version-history":[{"count":0,"href":"https:\/\/dana.com.br\/canaldana\/wp-json\/wp\/v2\/posts\/66730\/revisions"}],"wp:attachment":[{"href":"https:\/\/dana.com.br\/canaldana\/wp-json\/wp\/v2\/media?parent=66730"}],"wp:term":[{"taxonomy":"category","embeddable":true,"href":"https:\/\/dana.com.br\/canaldana\/wp-json\/wp\/v2\/categories?post=66730"},{"taxonomy":"post_tag","embeddable":true,"href":"https:\/\/dana.com.br\/canaldana\/wp-json\/wp\/v2\/tags?post=66730"}],"curies":[{"name":"wp","href":"https:\/\/api.w.org\/{rel}","templated":true}]}}