{"id":66724,"date":"2023-07-05T08:40:38","date_gmt":"2023-07-05T11:40:38","guid":{"rendered":"https:\/\/dana.com.br\/canaldana\/?p=66724"},"modified":"2023-07-05T08:40:38","modified_gmt":"2023-07-05T11:40:38","slug":"mercado-de-caminhoes-fecha-primeiro-semestre-em-queda-de-12","status":"publish","type":"post","link":"https:\/\/dana.com.br\/canaldana\/2023\/07\/05\/mercado-de-caminhoes-fecha-primeiro-semestre-em-queda-de-12\/","title":{"rendered":"Mercado de caminh\u00f5es fecha primeiro semestre em queda de 12%"},"content":{"rendered":"<p><em>AutoInd\u00fastria<\/em><\/p>\n<p>&nbsp;<\/p>\n<p>As vendas de caminh\u00f5es novos na primeira metade do ano somaram 50,3 mil unidades, volume 12,1% menor ao registrado no mesmo per\u00edodo do ano passado, quando os emplacamentos acumularam perto de 57,3 mil unidades. Os dados s\u00e3o da Fenabrave, apresentado na ter\u00e7a-feira, 4.<\/p>\n<p>&nbsp;<\/p>\n<p>Cabe lembrar que ao longo do primeiro semestre do ano passado, o setor automotivo enfrentava a fase mais aguda da escassez de componentes nas linhas de montagem, o que provocou falta de produtos. Segundo a federa\u00e7\u00e3o que representa os concession\u00e1rios, as tens\u00f5es agora t\u00eam naturezas mais econ\u00f4micas em vez de log\u00edsticas.<\/p>\n<p>&nbsp;<\/p>\n<p>Para o presidente da Fenabrave, Andreta Jr., o segmento sofre com juros altos e aumento da inadimpl\u00eancia, o que dificulta financiamentos dos novos produtos adequados \u00e0s normas do Proconve P8, equivalentes ao Euro 6, ve\u00edculos entre 15% e 20% mais caros.<\/p>\n<p>&nbsp;<\/p>\n<p>\u201cO mercado tem mostrado cautela para finalizar a aquisi\u00e7\u00e3o de ve\u00edculos novos em fun\u00e7\u00e3o dos pre\u00e7os dos produtos com a nova tecnologia\u201d, resume em nota o dirigente.<\/p>\n<p>&nbsp;<\/p>\n<p>No m\u00eas passado, as vendas de caminh\u00f5es registraram queda de 2,17% em rela\u00e7\u00e3o a maio, de 7,9 mil para 7,7 mil emplacamentos. Na compara\u00e7\u00e3o com junho de 2021, quando anotou 10,8 mil licenciamentos, a retra\u00e7\u00e3o chegou a quase 29%.<\/p>\n<p>&nbsp;<\/p>\n<p>Embora o segmento de caminh\u00f5es tamb\u00e9m tenha sido beneficiado com o desconto tribut\u00e1rio previsto na MP 1.175, a medida n\u00e3o impulsionou neg\u00f3cios. Segundo Andreta Jr., o transportador, principalmente o aut\u00f4nomo, aguarda o programa Renovar, atualmente em gesta\u00e7\u00e3o operacional entre o governo e organiza\u00e7\u00f5es do setor. (AutoInd\u00fastria)<\/p>\n","protected":false},"excerpt":{"rendered":"<p>AutoInd\u00fastria &nbsp; As vendas de caminh\u00f5es novos na primeira metade do ano somaram 50,3 mil unidades, volume 12,1% menor ao registrado no mesmo per\u00edodo do ano passado, quando os emplacamentos acumularam perto de 57,3 mil unidades. Os dados s\u00e3o da Fenabrave, apresentado na ter\u00e7a-feira, 4. &nbsp; Cabe lembrar que ao longo do primeiro semestre do\u2026 <a class=\"readmore\" href=\"https:\/\/dana.com.br\/canaldana\/2023\/07\/05\/mercado-de-caminhoes-fecha-primeiro-semestre-em-queda-de-12\/\">Leia mais \u00bb<\/a><\/p>\n","protected":false},"author":3,"featured_media":0,"comment_status":"closed","ping_status":"closed","sticky":false,"template":"","format":"standard","meta":{"_acf_changed":false,"footnotes":""},"categories":[79],"tags":[],"class_list":["post-66724","post","type-post","status-publish","format-standard","hentry","category-mercado"],"acf":[],"yoast_head":"<!-- This site is optimized with the Yoast SEO plugin v27.3 - https:\/\/yoast.com\/product\/yoast-seo-wordpress\/ -->\n<title>Mercado de caminh\u00f5es fecha primeiro semestre em queda de 12% - Canal Dana<\/title>\n<meta name=\"robots\" content=\"index, follow, max-snippet:-1, max-image-preview:large, max-video-preview:-1\" \/>\n<link rel=\"canonical\" href=\"https:\/\/dana.com.br\/canaldana\/2023\/07\/05\/mercado-de-caminhoes-fecha-primeiro-semestre-em-queda-de-12\/\" \/>\n<meta property=\"og:locale\" content=\"pt_BR\" \/>\n<meta property=\"og:type\" content=\"article\" \/>\n<meta property=\"og:title\" content=\"Mercado de caminh\u00f5es fecha primeiro semestre em queda de 12% - Canal Dana\" \/>\n<meta property=\"og:description\" content=\"AutoInd\u00fastria &nbsp; As vendas de caminh\u00f5es novos na primeira metade do ano somaram 50,3 mil unidades, volume 12,1% menor ao registrado no mesmo per\u00edodo do ano passado, quando os emplacamentos acumularam perto de 57,3 mil unidades. Os dados s\u00e3o da Fenabrave, apresentado na ter\u00e7a-feira, 4. &nbsp; Cabe lembrar que ao longo do primeiro semestre do\u2026 Leia mais \u00bb\" \/>\n<meta property=\"og:url\" content=\"https:\/\/dana.com.br\/canaldana\/2023\/07\/05\/mercado-de-caminhoes-fecha-primeiro-semestre-em-queda-de-12\/\" \/>\n<meta property=\"og:site_name\" content=\"Canal Dana\" \/>\n<meta property=\"article:published_time\" content=\"2023-07-05T11:40:38+00:00\" \/>\n<meta name=\"author\" content=\"Canal Dana\" \/>\n<meta name=\"twitter:card\" content=\"summary_large_image\" \/>\n<meta name=\"twitter:label1\" content=\"Escrito por\" \/>\n\t<meta name=\"twitter:data1\" content=\"Canal Dana\" \/>\n\t<meta name=\"twitter:label2\" content=\"Est. tempo de leitura\" \/>\n\t<meta name=\"twitter:data2\" content=\"2 minutos\" \/>\n<script type=\"application\/ld+json\" class=\"yoast-schema-graph\">{\"@context\":\"https:\\\/\\\/schema.org\",\"@graph\":[{\"@type\":\"Article\",\"@id\":\"https:\\\/\\\/dana.com.br\\\/canaldana\\\/2023\\\/07\\\/05\\\/mercado-de-caminhoes-fecha-primeiro-semestre-em-queda-de-12\\\/#article\",\"isPartOf\":{\"@id\":\"https:\\\/\\\/dana.com.br\\\/canaldana\\\/2023\\\/07\\\/05\\\/mercado-de-caminhoes-fecha-primeiro-semestre-em-queda-de-12\\\/\"},\"author\":{\"name\":\"Canal Dana\",\"@id\":\"https:\\\/\\\/dana.com.br\\\/canaldana\\\/#\\\/schema\\\/person\\\/3c21f22f56fcf3bc46b94bc60ea4fef6\"},\"headline\":\"Mercado de caminh\u00f5es fecha primeiro semestre em queda de 12%\",\"datePublished\":\"2023-07-05T11:40:38+00:00\",\"mainEntityOfPage\":{\"@id\":\"https:\\\/\\\/dana.com.br\\\/canaldana\\\/2023\\\/07\\\/05\\\/mercado-de-caminhoes-fecha-primeiro-semestre-em-queda-de-12\\\/\"},\"wordCount\":281,\"articleSection\":[\"Mercado\"],\"inLanguage\":\"pt-BR\"},{\"@type\":\"WebPage\",\"@id\":\"https:\\\/\\\/dana.com.br\\\/canaldana\\\/2023\\\/07\\\/05\\\/mercado-de-caminhoes-fecha-primeiro-semestre-em-queda-de-12\\\/\",\"url\":\"https:\\\/\\\/dana.com.br\\\/canaldana\\\/2023\\\/07\\\/05\\\/mercado-de-caminhoes-fecha-primeiro-semestre-em-queda-de-12\\\/\",\"name\":\"Mercado de caminh\u00f5es fecha primeiro semestre em queda de 12% - Canal Dana\",\"isPartOf\":{\"@id\":\"https:\\\/\\\/dana.com.br\\\/canaldana\\\/#website\"},\"datePublished\":\"2023-07-05T11:40:38+00:00\",\"author\":{\"@id\":\"https:\\\/\\\/dana.com.br\\\/canaldana\\\/#\\\/schema\\\/person\\\/3c21f22f56fcf3bc46b94bc60ea4fef6\"},\"breadcrumb\":{\"@id\":\"https:\\\/\\\/dana.com.br\\\/canaldana\\\/2023\\\/07\\\/05\\\/mercado-de-caminhoes-fecha-primeiro-semestre-em-queda-de-12\\\/#breadcrumb\"},\"inLanguage\":\"pt-BR\",\"potentialAction\":[{\"@type\":\"ReadAction\",\"target\":[\"https:\\\/\\\/dana.com.br\\\/canaldana\\\/2023\\\/07\\\/05\\\/mercado-de-caminhoes-fecha-primeiro-semestre-em-queda-de-12\\\/\"]}]},{\"@type\":\"BreadcrumbList\",\"@id\":\"https:\\\/\\\/dana.com.br\\\/canaldana\\\/2023\\\/07\\\/05\\\/mercado-de-caminhoes-fecha-primeiro-semestre-em-queda-de-12\\\/#breadcrumb\",\"itemListElement\":[{\"@type\":\"ListItem\",\"position\":1,\"name\":\"Home\",\"item\":\"https:\\\/\\\/dana.com.br\\\/canaldana\\\/\"},{\"@type\":\"ListItem\",\"position\":2,\"name\":\"Mercado\",\"item\":\"https:\\\/\\\/dana.com.br\\\/canaldana\\\/mercado\\\/\"},{\"@type\":\"ListItem\",\"position\":3,\"name\":\"Mercado de caminh\u00f5es fecha primeiro semestre em queda de 12%\"}]},{\"@type\":\"WebSite\",\"@id\":\"https:\\\/\\\/dana.com.br\\\/canaldana\\\/#website\",\"url\":\"https:\\\/\\\/dana.com.br\\\/canaldana\\\/\",\"name\":\"Canal Dana\",\"description\":\"Informativo com as principais not\u00edcias da ind\u00fastria automotiva\",\"potentialAction\":[{\"@type\":\"SearchAction\",\"target\":{\"@type\":\"EntryPoint\",\"urlTemplate\":\"https:\\\/\\\/dana.com.br\\\/canaldana\\\/?s={search_term_string}\"},\"query-input\":{\"@type\":\"PropertyValueSpecification\",\"valueRequired\":true,\"valueName\":\"search_term_string\"}}],\"inLanguage\":\"pt-BR\"},{\"@type\":\"Person\",\"@id\":\"https:\\\/\\\/dana.com.br\\\/canaldana\\\/#\\\/schema\\\/person\\\/3c21f22f56fcf3bc46b94bc60ea4fef6\",\"name\":\"Canal Dana\",\"image\":{\"@type\":\"ImageObject\",\"inLanguage\":\"pt-BR\",\"@id\":\"https:\\\/\\\/secure.gravatar.com\\\/avatar\\\/420aaf9278582877d9018637c6817617705899d2858d7572ef0fe59a6b6454b4?s=96&d=mm&r=g\",\"url\":\"https:\\\/\\\/secure.gravatar.com\\\/avatar\\\/420aaf9278582877d9018637c6817617705899d2858d7572ef0fe59a6b6454b4?s=96&d=mm&r=g\",\"contentUrl\":\"https:\\\/\\\/secure.gravatar.com\\\/avatar\\\/420aaf9278582877d9018637c6817617705899d2858d7572ef0fe59a6b6454b4?s=96&d=mm&r=g\",\"caption\":\"Canal Dana\"},\"url\":\"https:\\\/\\\/dana.com.br\\\/canaldana\\\/author\\\/cdeditor\\\/\"}]}<\/script>\n<!-- \/ Yoast SEO plugin. -->","yoast_head_json":{"title":"Mercado de caminh\u00f5es fecha primeiro semestre em queda de 12% - Canal Dana","robots":{"index":"index","follow":"follow","max-snippet":"max-snippet:-1","max-image-preview":"max-image-preview:large","max-video-preview":"max-video-preview:-1"},"canonical":"https:\/\/dana.com.br\/canaldana\/2023\/07\/05\/mercado-de-caminhoes-fecha-primeiro-semestre-em-queda-de-12\/","og_locale":"pt_BR","og_type":"article","og_title":"Mercado de caminh\u00f5es fecha primeiro semestre em queda de 12% - Canal Dana","og_description":"AutoInd\u00fastria &nbsp; As vendas de caminh\u00f5es novos na primeira metade do ano somaram 50,3 mil unidades, volume 12,1% menor ao registrado no mesmo per\u00edodo do ano passado, quando os emplacamentos acumularam perto de 57,3 mil unidades. Os dados s\u00e3o da Fenabrave, apresentado na ter\u00e7a-feira, 4. &nbsp; Cabe lembrar que ao longo do primeiro semestre do\u2026 Leia mais \u00bb","og_url":"https:\/\/dana.com.br\/canaldana\/2023\/07\/05\/mercado-de-caminhoes-fecha-primeiro-semestre-em-queda-de-12\/","og_site_name":"Canal Dana","article_published_time":"2023-07-05T11:40:38+00:00","author":"Canal Dana","twitter_card":"summary_large_image","twitter_misc":{"Escrito por":"Canal Dana","Est. tempo de leitura":"2 minutos"},"schema":{"@context":"https:\/\/schema.org","@graph":[{"@type":"Article","@id":"https:\/\/dana.com.br\/canaldana\/2023\/07\/05\/mercado-de-caminhoes-fecha-primeiro-semestre-em-queda-de-12\/#article","isPartOf":{"@id":"https:\/\/dana.com.br\/canaldana\/2023\/07\/05\/mercado-de-caminhoes-fecha-primeiro-semestre-em-queda-de-12\/"},"author":{"name":"Canal Dana","@id":"https:\/\/dana.com.br\/canaldana\/#\/schema\/person\/3c21f22f56fcf3bc46b94bc60ea4fef6"},"headline":"Mercado de caminh\u00f5es fecha primeiro semestre em queda de 12%","datePublished":"2023-07-05T11:40:38+00:00","mainEntityOfPage":{"@id":"https:\/\/dana.com.br\/canaldana\/2023\/07\/05\/mercado-de-caminhoes-fecha-primeiro-semestre-em-queda-de-12\/"},"wordCount":281,"articleSection":["Mercado"],"inLanguage":"pt-BR"},{"@type":"WebPage","@id":"https:\/\/dana.com.br\/canaldana\/2023\/07\/05\/mercado-de-caminhoes-fecha-primeiro-semestre-em-queda-de-12\/","url":"https:\/\/dana.com.br\/canaldana\/2023\/07\/05\/mercado-de-caminhoes-fecha-primeiro-semestre-em-queda-de-12\/","name":"Mercado de caminh\u00f5es fecha primeiro semestre em queda de 12% - Canal Dana","isPartOf":{"@id":"https:\/\/dana.com.br\/canaldana\/#website"},"datePublished":"2023-07-05T11:40:38+00:00","author":{"@id":"https:\/\/dana.com.br\/canaldana\/#\/schema\/person\/3c21f22f56fcf3bc46b94bc60ea4fef6"},"breadcrumb":{"@id":"https:\/\/dana.com.br\/canaldana\/2023\/07\/05\/mercado-de-caminhoes-fecha-primeiro-semestre-em-queda-de-12\/#breadcrumb"},"inLanguage":"pt-BR","potentialAction":[{"@type":"ReadAction","target":["https:\/\/dana.com.br\/canaldana\/2023\/07\/05\/mercado-de-caminhoes-fecha-primeiro-semestre-em-queda-de-12\/"]}]},{"@type":"BreadcrumbList","@id":"https:\/\/dana.com.br\/canaldana\/2023\/07\/05\/mercado-de-caminhoes-fecha-primeiro-semestre-em-queda-de-12\/#breadcrumb","itemListElement":[{"@type":"ListItem","position":1,"name":"Home","item":"https:\/\/dana.com.br\/canaldana\/"},{"@type":"ListItem","position":2,"name":"Mercado","item":"https:\/\/dana.com.br\/canaldana\/mercado\/"},{"@type":"ListItem","position":3,"name":"Mercado de caminh\u00f5es fecha primeiro semestre em queda de 12%"}]},{"@type":"WebSite","@id":"https:\/\/dana.com.br\/canaldana\/#website","url":"https:\/\/dana.com.br\/canaldana\/","name":"Canal Dana","description":"Informativo com as principais not\u00edcias da ind\u00fastria automotiva","potentialAction":[{"@type":"SearchAction","target":{"@type":"EntryPoint","urlTemplate":"https:\/\/dana.com.br\/canaldana\/?s={search_term_string}"},"query-input":{"@type":"PropertyValueSpecification","valueRequired":true,"valueName":"search_term_string"}}],"inLanguage":"pt-BR"},{"@type":"Person","@id":"https:\/\/dana.com.br\/canaldana\/#\/schema\/person\/3c21f22f56fcf3bc46b94bc60ea4fef6","name":"Canal Dana","image":{"@type":"ImageObject","inLanguage":"pt-BR","@id":"https:\/\/secure.gravatar.com\/avatar\/420aaf9278582877d9018637c6817617705899d2858d7572ef0fe59a6b6454b4?s=96&d=mm&r=g","url":"https:\/\/secure.gravatar.com\/avatar\/420aaf9278582877d9018637c6817617705899d2858d7572ef0fe59a6b6454b4?s=96&d=mm&r=g","contentUrl":"https:\/\/secure.gravatar.com\/avatar\/420aaf9278582877d9018637c6817617705899d2858d7572ef0fe59a6b6454b4?s=96&d=mm&r=g","caption":"Canal Dana"},"url":"https:\/\/dana.com.br\/canaldana\/author\/cdeditor\/"}]}},"_links":{"self":[{"href":"https:\/\/dana.com.br\/canaldana\/wp-json\/wp\/v2\/posts\/66724","targetHints":{"allow":["GET"]}}],"collection":[{"href":"https:\/\/dana.com.br\/canaldana\/wp-json\/wp\/v2\/posts"}],"about":[{"href":"https:\/\/dana.com.br\/canaldana\/wp-json\/wp\/v2\/types\/post"}],"author":[{"embeddable":true,"href":"https:\/\/dana.com.br\/canaldana\/wp-json\/wp\/v2\/users\/3"}],"replies":[{"embeddable":true,"href":"https:\/\/dana.com.br\/canaldana\/wp-json\/wp\/v2\/comments?post=66724"}],"version-history":[{"count":0,"href":"https:\/\/dana.com.br\/canaldana\/wp-json\/wp\/v2\/posts\/66724\/revisions"}],"wp:attachment":[{"href":"https:\/\/dana.com.br\/canaldana\/wp-json\/wp\/v2\/media?parent=66724"}],"wp:term":[{"taxonomy":"category","embeddable":true,"href":"https:\/\/dana.com.br\/canaldana\/wp-json\/wp\/v2\/categories?post=66724"},{"taxonomy":"post_tag","embeddable":true,"href":"https:\/\/dana.com.br\/canaldana\/wp-json\/wp\/v2\/tags?post=66724"}],"curies":[{"name":"wp","href":"https:\/\/api.w.org\/{rel}","templated":true}]}}