{"id":66690,"date":"2023-07-04T09:04:33","date_gmt":"2023-07-04T12:04:33","guid":{"rendered":"https:\/\/dana.com.br\/canaldana\/?p=66690"},"modified":"2023-07-04T09:04:33","modified_gmt":"2023-07-04T12:04:33","slug":"ministerio-da-fazenda-deve-elevar-previsao-do-pib-do-ano-para-25-a-3","status":"publish","type":"post","link":"https:\/\/dana.com.br\/canaldana\/2023\/07\/04\/ministerio-da-fazenda-deve-elevar-previsao-do-pib-do-ano-para-25-a-3\/","title":{"rendered":"Minist\u00e9rio da Fazenda deve elevar previs\u00e3o do PIB do ano para 2,5% a 3%"},"content":{"rendered":"<p><em>O Estado de S. Paulo\u00a0 <\/em><\/p>\n<p>&nbsp;<\/p>\n<p>O secret\u00e1rio de Pol\u00edtica Econ\u00f4mica do Minist\u00e9rio da Fazenda, Guilherme Mello, disse ontem que a pasta est\u00e1 revisando os cen\u00e1rios de crescimento e que a estimativa para a varia\u00e7\u00e3o do PIB em 2023 deve ficar agora entre 2,5% e 3% em 2023. Ele representou o ministro da Fazenda, Fernando Haddad, na reuni\u00e3o de instala\u00e7\u00e3o da comiss\u00e3o tem\u00e1tica de assuntos econ\u00f4micos do Conselho de Desenvolvimento Econ\u00f4mico Social e Sustent\u00e1vel (mais conhecido como \u201cConselh\u00e3o\u201d).<\/p>\n<p>&nbsp;<\/p>\n<p>\u201cNossa previs\u00e3o inicial era de 2%, enquanto mercado esperava menos de 1%. Mas esse cen\u00e1rio ser\u00e1 revisado para cima. Estamos mais pr\u00f3ximos da realidade de crescimento de 2,5% a 3% neste ano\u201d, afirmou o secret\u00e1rio.<\/p>\n<p>&nbsp;<\/p>\n<p>O Boletim Focus (uma compila\u00e7\u00e3o feita pelo Banco Central das proje\u00e7\u00f5es de economistas de bancos e consultorias) tamb\u00e9m divulgado ontem voltou a mostrar aumento na estimativa de crescimento econ\u00f4mico para este ano, mas desta vez de forma marginal. A mediana para a alta do PIB em 2023 subiu de 2,18% para 2,19%, ante 1,68% h\u00e1 um m\u00eas.<\/p>\n<p>&nbsp;<\/p>\n<p>Mello trabalha com a revis\u00e3o das expectativas nas pr\u00f3ximas semanas no Focus. Aos integrantes do Conselh\u00e3o, o secret\u00e1rio afirmou que o cen\u00e1rio econ\u00f4mico melhorou, com infla\u00e7\u00e3o e juros de longo prazo em queda, enquanto a taxa de c\u00e2mbio estaria mais pr\u00f3xima do equil\u00edbrio. Segundo ele, isso vai incentivar a retomada dos investimentos.<\/p>\n<p>&nbsp;<\/p>\n<p>O secret\u00e1rio disse que essa melhoria no cen\u00e1rio \u00e9 importante para \u201ca harmoniza\u00e7\u00e3o\u201d da pol\u00edtica macroecon\u00f4mica. \u201cEstamos fazendo um trabalho muito duro no fiscal\u201d, disse ele, citando a\u00e7\u00f5es de reconstru\u00e7\u00e3o da base fiscal, o novo arcabou\u00e7o e mudan\u00e7as microecon\u00f4micas, como o marco das garantias.<\/p>\n<p>&nbsp;<\/p>\n<p>Na avalia\u00e7\u00e3o de Mello, essas a\u00e7\u00f5es, em conjunto com a mudan\u00e7a no sistema de meta de infla\u00e7\u00e3o \u2013 de ano-calend\u00e1rio para cont\u00ednua, sacramentado na semana passada pelo Conselho Monet\u00e1rio Nacional (CMN) \u2013 v\u00e3o colaborar para \u201charmonizar\u201d as pol\u00edticas fiscal e monet\u00e1ria, o que se refletir\u00e1 na taxa de juros. O governo tem feito press\u00e3o sobre o BC para o in\u00edcio de um ciclo de corte da Selic \u2013 mantida em 13,75% ao ano desde agosto do ano passado.<\/p>\n<p>&nbsp;<\/p>\n<p><strong>&#8220;Custo adequado&#8221;<\/strong><\/p>\n<p>&nbsp;<\/p>\n<p>Apesar dessas cr\u00edticas do governo, o diretor de Relacionamento, Cidadania e Supervis\u00e3o de Conduta do BC, Maur\u00edcio Moura, afirmou que a surpresa positiva do desempenho do PIB no come\u00e7o do ano mostraria que o enfrentamento \u00e0 infla\u00e7\u00e3o est\u00e1 ocorrendo com o menor custo para a economia.<\/p>\n<p>&nbsp;<\/p>\n<p>\u201cO processo de combate \u00e0 infla\u00e7\u00e3o tende a ter repercuss\u00e3o na economia. Mas as amostras de que o PIB est\u00e1 crescendo e a infla\u00e7\u00e3o est\u00e1 caindo mostram que estamos indo no caminho certo, com custo adequado, sem penalizar a economia\u201d, afirmou ele, em participa\u00e7\u00e3o<\/p>\n<p>&nbsp;<\/p>\n<p>Para cima Boletim Focus de ontem projetou um aumento do PIB de 2,19%, ante 1,68% h\u00e1 um m\u00eas na LiveBC, realizada semanalmente pela autarquia.<\/p>\n<p>&nbsp;<\/p>\n<p>Embora a Selic esteja estacionada h\u00e1 sete reuni\u00f5es consecutivas do Comit\u00ea de Pol\u00edtica Monet\u00e1ria (Copom), Moura destacou que os juros futuros j\u00e1 est\u00e3o caindo, melhorando as condi\u00e7\u00f5es para os tomadores que buscam recursos para fazer investimentos. (O Estado de S. Paulo\/Fernanda Trisotto e Eduardo Laguna)<\/p>\n","protected":false},"excerpt":{"rendered":"<p>O Estado de S. Paulo\u00a0 &nbsp; O secret\u00e1rio de Pol\u00edtica Econ\u00f4mica do Minist\u00e9rio da Fazenda, Guilherme Mello, disse ontem que a pasta est\u00e1 revisando os cen\u00e1rios de crescimento e que a estimativa para a varia\u00e7\u00e3o do PIB em 2023 deve ficar agora entre 2,5% e 3% em 2023. Ele representou o ministro da Fazenda, Fernando\u2026 <a class=\"readmore\" href=\"https:\/\/dana.com.br\/canaldana\/2023\/07\/04\/ministerio-da-fazenda-deve-elevar-previsao-do-pib-do-ano-para-25-a-3\/\">Leia mais \u00bb<\/a><\/p>\n","protected":false},"author":3,"featured_media":0,"comment_status":"closed","ping_status":"closed","sticky":false,"template":"","format":"standard","meta":{"_acf_changed":false,"footnotes":""},"categories":[79],"tags":[],"class_list":["post-66690","post","type-post","status-publish","format-standard","hentry","category-mercado"],"acf":[],"yoast_head":"<!-- This site is optimized with the Yoast SEO plugin v27.3 - https:\/\/yoast.com\/product\/yoast-seo-wordpress\/ -->\n<title>Minist\u00e9rio da Fazenda deve elevar previs\u00e3o do PIB do ano para 2,5% a 3% - Canal Dana<\/title>\n<meta name=\"robots\" content=\"index, follow, max-snippet:-1, max-image-preview:large, max-video-preview:-1\" \/>\n<link rel=\"canonical\" href=\"https:\/\/dana.com.br\/canaldana\/2023\/07\/04\/ministerio-da-fazenda-deve-elevar-previsao-do-pib-do-ano-para-25-a-3\/\" \/>\n<meta property=\"og:locale\" content=\"pt_BR\" \/>\n<meta property=\"og:type\" content=\"article\" \/>\n<meta property=\"og:title\" content=\"Minist\u00e9rio da Fazenda deve elevar previs\u00e3o do PIB do ano para 2,5% a 3% - Canal Dana\" \/>\n<meta property=\"og:description\" content=\"O Estado de S. Paulo\u00a0 &nbsp; O secret\u00e1rio de Pol\u00edtica Econ\u00f4mica do Minist\u00e9rio da Fazenda, Guilherme Mello, disse ontem que a pasta est\u00e1 revisando os cen\u00e1rios de crescimento e que a estimativa para a varia\u00e7\u00e3o do PIB em 2023 deve ficar agora entre 2,5% e 3% em 2023. Ele representou o ministro da Fazenda, Fernando\u2026 Leia mais \u00bb\" \/>\n<meta property=\"og:url\" content=\"https:\/\/dana.com.br\/canaldana\/2023\/07\/04\/ministerio-da-fazenda-deve-elevar-previsao-do-pib-do-ano-para-25-a-3\/\" \/>\n<meta property=\"og:site_name\" content=\"Canal Dana\" \/>\n<meta property=\"article:published_time\" content=\"2023-07-04T12:04:33+00:00\" \/>\n<meta name=\"author\" content=\"Canal Dana\" \/>\n<meta name=\"twitter:card\" content=\"summary_large_image\" \/>\n<meta name=\"twitter:label1\" content=\"Escrito por\" \/>\n\t<meta name=\"twitter:data1\" content=\"Canal Dana\" \/>\n\t<meta name=\"twitter:label2\" content=\"Est. tempo de leitura\" \/>\n\t<meta name=\"twitter:data2\" content=\"3 minutos\" \/>\n<script type=\"application\/ld+json\" class=\"yoast-schema-graph\">{\"@context\":\"https:\\\/\\\/schema.org\",\"@graph\":[{\"@type\":\"Article\",\"@id\":\"https:\\\/\\\/dana.com.br\\\/canaldana\\\/2023\\\/07\\\/04\\\/ministerio-da-fazenda-deve-elevar-previsao-do-pib-do-ano-para-25-a-3\\\/#article\",\"isPartOf\":{\"@id\":\"https:\\\/\\\/dana.com.br\\\/canaldana\\\/2023\\\/07\\\/04\\\/ministerio-da-fazenda-deve-elevar-previsao-do-pib-do-ano-para-25-a-3\\\/\"},\"author\":{\"name\":\"Canal Dana\",\"@id\":\"https:\\\/\\\/dana.com.br\\\/canaldana\\\/#\\\/schema\\\/person\\\/3c21f22f56fcf3bc46b94bc60ea4fef6\"},\"headline\":\"Minist\u00e9rio da Fazenda deve elevar previs\u00e3o do PIB do ano para 2,5% a 3%\",\"datePublished\":\"2023-07-04T12:04:33+00:00\",\"mainEntityOfPage\":{\"@id\":\"https:\\\/\\\/dana.com.br\\\/canaldana\\\/2023\\\/07\\\/04\\\/ministerio-da-fazenda-deve-elevar-previsao-do-pib-do-ano-para-25-a-3\\\/\"},\"wordCount\":579,\"articleSection\":[\"Mercado\"],\"inLanguage\":\"pt-BR\"},{\"@type\":\"WebPage\",\"@id\":\"https:\\\/\\\/dana.com.br\\\/canaldana\\\/2023\\\/07\\\/04\\\/ministerio-da-fazenda-deve-elevar-previsao-do-pib-do-ano-para-25-a-3\\\/\",\"url\":\"https:\\\/\\\/dana.com.br\\\/canaldana\\\/2023\\\/07\\\/04\\\/ministerio-da-fazenda-deve-elevar-previsao-do-pib-do-ano-para-25-a-3\\\/\",\"name\":\"Minist\u00e9rio da Fazenda deve elevar previs\u00e3o do PIB do ano para 2,5% a 3% - Canal Dana\",\"isPartOf\":{\"@id\":\"https:\\\/\\\/dana.com.br\\\/canaldana\\\/#website\"},\"datePublished\":\"2023-07-04T12:04:33+00:00\",\"author\":{\"@id\":\"https:\\\/\\\/dana.com.br\\\/canaldana\\\/#\\\/schema\\\/person\\\/3c21f22f56fcf3bc46b94bc60ea4fef6\"},\"breadcrumb\":{\"@id\":\"https:\\\/\\\/dana.com.br\\\/canaldana\\\/2023\\\/07\\\/04\\\/ministerio-da-fazenda-deve-elevar-previsao-do-pib-do-ano-para-25-a-3\\\/#breadcrumb\"},\"inLanguage\":\"pt-BR\",\"potentialAction\":[{\"@type\":\"ReadAction\",\"target\":[\"https:\\\/\\\/dana.com.br\\\/canaldana\\\/2023\\\/07\\\/04\\\/ministerio-da-fazenda-deve-elevar-previsao-do-pib-do-ano-para-25-a-3\\\/\"]}]},{\"@type\":\"BreadcrumbList\",\"@id\":\"https:\\\/\\\/dana.com.br\\\/canaldana\\\/2023\\\/07\\\/04\\\/ministerio-da-fazenda-deve-elevar-previsao-do-pib-do-ano-para-25-a-3\\\/#breadcrumb\",\"itemListElement\":[{\"@type\":\"ListItem\",\"position\":1,\"name\":\"Home\",\"item\":\"https:\\\/\\\/dana.com.br\\\/canaldana\\\/\"},{\"@type\":\"ListItem\",\"position\":2,\"name\":\"Mercado\",\"item\":\"https:\\\/\\\/dana.com.br\\\/canaldana\\\/mercado\\\/\"},{\"@type\":\"ListItem\",\"position\":3,\"name\":\"Minist\u00e9rio da Fazenda deve elevar previs\u00e3o do PIB do ano para 2,5% a 3%\"}]},{\"@type\":\"WebSite\",\"@id\":\"https:\\\/\\\/dana.com.br\\\/canaldana\\\/#website\",\"url\":\"https:\\\/\\\/dana.com.br\\\/canaldana\\\/\",\"name\":\"Canal Dana\",\"description\":\"Informativo com as principais not\u00edcias da ind\u00fastria automotiva\",\"potentialAction\":[{\"@type\":\"SearchAction\",\"target\":{\"@type\":\"EntryPoint\",\"urlTemplate\":\"https:\\\/\\\/dana.com.br\\\/canaldana\\\/?s={search_term_string}\"},\"query-input\":{\"@type\":\"PropertyValueSpecification\",\"valueRequired\":true,\"valueName\":\"search_term_string\"}}],\"inLanguage\":\"pt-BR\"},{\"@type\":\"Person\",\"@id\":\"https:\\\/\\\/dana.com.br\\\/canaldana\\\/#\\\/schema\\\/person\\\/3c21f22f56fcf3bc46b94bc60ea4fef6\",\"name\":\"Canal Dana\",\"image\":{\"@type\":\"ImageObject\",\"inLanguage\":\"pt-BR\",\"@id\":\"https:\\\/\\\/secure.gravatar.com\\\/avatar\\\/420aaf9278582877d9018637c6817617705899d2858d7572ef0fe59a6b6454b4?s=96&d=mm&r=g\",\"url\":\"https:\\\/\\\/secure.gravatar.com\\\/avatar\\\/420aaf9278582877d9018637c6817617705899d2858d7572ef0fe59a6b6454b4?s=96&d=mm&r=g\",\"contentUrl\":\"https:\\\/\\\/secure.gravatar.com\\\/avatar\\\/420aaf9278582877d9018637c6817617705899d2858d7572ef0fe59a6b6454b4?s=96&d=mm&r=g\",\"caption\":\"Canal Dana\"},\"url\":\"https:\\\/\\\/dana.com.br\\\/canaldana\\\/author\\\/cdeditor\\\/\"}]}<\/script>\n<!-- \/ Yoast SEO plugin. -->","yoast_head_json":{"title":"Minist\u00e9rio da Fazenda deve elevar previs\u00e3o do PIB do ano para 2,5% a 3% - Canal Dana","robots":{"index":"index","follow":"follow","max-snippet":"max-snippet:-1","max-image-preview":"max-image-preview:large","max-video-preview":"max-video-preview:-1"},"canonical":"https:\/\/dana.com.br\/canaldana\/2023\/07\/04\/ministerio-da-fazenda-deve-elevar-previsao-do-pib-do-ano-para-25-a-3\/","og_locale":"pt_BR","og_type":"article","og_title":"Minist\u00e9rio da Fazenda deve elevar previs\u00e3o do PIB do ano para 2,5% a 3% - Canal Dana","og_description":"O Estado de S. Paulo\u00a0 &nbsp; O secret\u00e1rio de Pol\u00edtica Econ\u00f4mica do Minist\u00e9rio da Fazenda, Guilherme Mello, disse ontem que a pasta est\u00e1 revisando os cen\u00e1rios de crescimento e que a estimativa para a varia\u00e7\u00e3o do PIB em 2023 deve ficar agora entre 2,5% e 3% em 2023. Ele representou o ministro da Fazenda, Fernando\u2026 Leia mais \u00bb","og_url":"https:\/\/dana.com.br\/canaldana\/2023\/07\/04\/ministerio-da-fazenda-deve-elevar-previsao-do-pib-do-ano-para-25-a-3\/","og_site_name":"Canal Dana","article_published_time":"2023-07-04T12:04:33+00:00","author":"Canal Dana","twitter_card":"summary_large_image","twitter_misc":{"Escrito por":"Canal Dana","Est. tempo de leitura":"3 minutos"},"schema":{"@context":"https:\/\/schema.org","@graph":[{"@type":"Article","@id":"https:\/\/dana.com.br\/canaldana\/2023\/07\/04\/ministerio-da-fazenda-deve-elevar-previsao-do-pib-do-ano-para-25-a-3\/#article","isPartOf":{"@id":"https:\/\/dana.com.br\/canaldana\/2023\/07\/04\/ministerio-da-fazenda-deve-elevar-previsao-do-pib-do-ano-para-25-a-3\/"},"author":{"name":"Canal Dana","@id":"https:\/\/dana.com.br\/canaldana\/#\/schema\/person\/3c21f22f56fcf3bc46b94bc60ea4fef6"},"headline":"Minist\u00e9rio da Fazenda deve elevar previs\u00e3o do PIB do ano para 2,5% a 3%","datePublished":"2023-07-04T12:04:33+00:00","mainEntityOfPage":{"@id":"https:\/\/dana.com.br\/canaldana\/2023\/07\/04\/ministerio-da-fazenda-deve-elevar-previsao-do-pib-do-ano-para-25-a-3\/"},"wordCount":579,"articleSection":["Mercado"],"inLanguage":"pt-BR"},{"@type":"WebPage","@id":"https:\/\/dana.com.br\/canaldana\/2023\/07\/04\/ministerio-da-fazenda-deve-elevar-previsao-do-pib-do-ano-para-25-a-3\/","url":"https:\/\/dana.com.br\/canaldana\/2023\/07\/04\/ministerio-da-fazenda-deve-elevar-previsao-do-pib-do-ano-para-25-a-3\/","name":"Minist\u00e9rio da Fazenda deve elevar previs\u00e3o do PIB do ano para 2,5% a 3% - Canal Dana","isPartOf":{"@id":"https:\/\/dana.com.br\/canaldana\/#website"},"datePublished":"2023-07-04T12:04:33+00:00","author":{"@id":"https:\/\/dana.com.br\/canaldana\/#\/schema\/person\/3c21f22f56fcf3bc46b94bc60ea4fef6"},"breadcrumb":{"@id":"https:\/\/dana.com.br\/canaldana\/2023\/07\/04\/ministerio-da-fazenda-deve-elevar-previsao-do-pib-do-ano-para-25-a-3\/#breadcrumb"},"inLanguage":"pt-BR","potentialAction":[{"@type":"ReadAction","target":["https:\/\/dana.com.br\/canaldana\/2023\/07\/04\/ministerio-da-fazenda-deve-elevar-previsao-do-pib-do-ano-para-25-a-3\/"]}]},{"@type":"BreadcrumbList","@id":"https:\/\/dana.com.br\/canaldana\/2023\/07\/04\/ministerio-da-fazenda-deve-elevar-previsao-do-pib-do-ano-para-25-a-3\/#breadcrumb","itemListElement":[{"@type":"ListItem","position":1,"name":"Home","item":"https:\/\/dana.com.br\/canaldana\/"},{"@type":"ListItem","position":2,"name":"Mercado","item":"https:\/\/dana.com.br\/canaldana\/mercado\/"},{"@type":"ListItem","position":3,"name":"Minist\u00e9rio da Fazenda deve elevar previs\u00e3o do PIB do ano para 2,5% a 3%"}]},{"@type":"WebSite","@id":"https:\/\/dana.com.br\/canaldana\/#website","url":"https:\/\/dana.com.br\/canaldana\/","name":"Canal Dana","description":"Informativo com as principais not\u00edcias da ind\u00fastria automotiva","potentialAction":[{"@type":"SearchAction","target":{"@type":"EntryPoint","urlTemplate":"https:\/\/dana.com.br\/canaldana\/?s={search_term_string}"},"query-input":{"@type":"PropertyValueSpecification","valueRequired":true,"valueName":"search_term_string"}}],"inLanguage":"pt-BR"},{"@type":"Person","@id":"https:\/\/dana.com.br\/canaldana\/#\/schema\/person\/3c21f22f56fcf3bc46b94bc60ea4fef6","name":"Canal Dana","image":{"@type":"ImageObject","inLanguage":"pt-BR","@id":"https:\/\/secure.gravatar.com\/avatar\/420aaf9278582877d9018637c6817617705899d2858d7572ef0fe59a6b6454b4?s=96&d=mm&r=g","url":"https:\/\/secure.gravatar.com\/avatar\/420aaf9278582877d9018637c6817617705899d2858d7572ef0fe59a6b6454b4?s=96&d=mm&r=g","contentUrl":"https:\/\/secure.gravatar.com\/avatar\/420aaf9278582877d9018637c6817617705899d2858d7572ef0fe59a6b6454b4?s=96&d=mm&r=g","caption":"Canal Dana"},"url":"https:\/\/dana.com.br\/canaldana\/author\/cdeditor\/"}]}},"_links":{"self":[{"href":"https:\/\/dana.com.br\/canaldana\/wp-json\/wp\/v2\/posts\/66690","targetHints":{"allow":["GET"]}}],"collection":[{"href":"https:\/\/dana.com.br\/canaldana\/wp-json\/wp\/v2\/posts"}],"about":[{"href":"https:\/\/dana.com.br\/canaldana\/wp-json\/wp\/v2\/types\/post"}],"author":[{"embeddable":true,"href":"https:\/\/dana.com.br\/canaldana\/wp-json\/wp\/v2\/users\/3"}],"replies":[{"embeddable":true,"href":"https:\/\/dana.com.br\/canaldana\/wp-json\/wp\/v2\/comments?post=66690"}],"version-history":[{"count":0,"href":"https:\/\/dana.com.br\/canaldana\/wp-json\/wp\/v2\/posts\/66690\/revisions"}],"wp:attachment":[{"href":"https:\/\/dana.com.br\/canaldana\/wp-json\/wp\/v2\/media?parent=66690"}],"wp:term":[{"taxonomy":"category","embeddable":true,"href":"https:\/\/dana.com.br\/canaldana\/wp-json\/wp\/v2\/categories?post=66690"},{"taxonomy":"post_tag","embeddable":true,"href":"https:\/\/dana.com.br\/canaldana\/wp-json\/wp\/v2\/tags?post=66690"}],"curies":[{"name":"wp","href":"https:\/\/api.w.org\/{rel}","templated":true}]}}