{"id":66657,"date":"2023-07-03T08:32:44","date_gmt":"2023-07-03T11:32:44","guid":{"rendered":"https:\/\/dana.com.br\/canaldana\/?p=66657"},"modified":"2023-07-03T08:32:44","modified_gmt":"2023-07-03T11:32:44","slug":"fretadao-faz-ponte-entre-o-transporte-de-passageiros-e-as-empresas","status":"publish","type":"post","link":"https:\/\/dana.com.br\/canaldana\/2023\/07\/03\/fretadao-faz-ponte-entre-o-transporte-de-passageiros-e-as-empresas\/","title":{"rendered":"Fretad\u00e3o faz ponte entre o transporte de passageiros e as empresas"},"content":{"rendered":"<p><em>AutoInd\u00fastria <\/em><\/p>\n<p>&nbsp;<\/p>\n<p>De um lado a empresa que busca beneficiar os funcion\u00e1rios com transporte seguro e eficiente. De outro, o frotista qualificado para a presta\u00e7\u00e3o de servi\u00e7o de fretamento. No meio, o Fretad\u00e3o, que n\u00e3o s\u00f3 une os interesses, mas tamb\u00e9m desenvolve e administra a opera\u00e7\u00e3o.<\/p>\n<p>&nbsp;<\/p>\n<p>Surgido em 2015 como uma startup e fomentado a partir de tr\u00eas aportes de R$ 1 milh\u00e3o entre 2018 e 2020, o Fretad\u00e3o atua na gest\u00e3o de transporte compartilhado. A partir da necessidade das empresas e dos passageiros, a plataforma usa a tecnologia para conceber rotas, dimensionar frota, compartilhar itiner\u00e1rios entre mais de uma empresa e eleger o operador de transporte.<\/p>\n<p>&nbsp;<\/p>\n<p>\u201c\u00c9 uma solu\u00e7\u00e3o completa suportada por transportadores parceiros credenciados e ve\u00edculos homologados, o que refor\u00e7a o engajamento em seguran\u00e7a\u201d, resume Lu\u00eds Henrique Diogo, analista de marketing do Fretad\u00e3o. \u201cPor outro foco, tamb\u00e9m permite apoio para crescimento das empresas transportadoras.\u201d<\/p>\n<p>&nbsp;<\/p>\n<p><strong>Frota monitorada em tempo real<\/strong><\/p>\n<p>&nbsp;<\/p>\n<p>Certificado com os requisitos da ISO 39001 para gest\u00e3o de seguran\u00e7a vi\u00e1ria, o Fretad\u00e3o utiliza a tecnologia de telemetria para monitorar os ve\u00edculos em tempo real. A exemplo dos habituais sistemas de rastreamento, a ferramenta entrega \u00e0 equipe de gest\u00e3o informa\u00e7\u00f5es a respeito da condu\u00e7\u00e3o, como eventuais excessos de velocidade. Os dados gerados colaboram em a\u00e7\u00f5es de conscientiza\u00e7\u00e3o dos motoristas, orientados para desempenhar dire\u00e7\u00e3o segura.<\/p>\n<p>&nbsp;<\/p>\n<p>\u201cA telemetria tem garantido mais seguran\u00e7a aos passageiros. Conseguimos praticamente eliminar eventos de excesso de velocidade e reduzir em at\u00e9 50% o n\u00famero de acidentes\u201d, conta Gustavo Silva, engenheiro de seguran\u00e7a do Fretad\u00e3o.<\/p>\n<p>&nbsp;<\/p>\n<p>Atualmente, est\u00e3o sob gest\u00e3o da plataforma em torno de 900 ve\u00edculos que prestam servi\u00e7o de fretamento para 90 empresas de todos os portes em 16 estados do Pa\u00eds, que transportam mais de 26 mil passageiros por dia. (AutoInd\u00fastria\/D\u00e9cio Costa)<\/p>\n","protected":false},"excerpt":{"rendered":"<p>AutoInd\u00fastria &nbsp; De um lado a empresa que busca beneficiar os funcion\u00e1rios com transporte seguro e eficiente. De outro, o frotista qualificado para a presta\u00e7\u00e3o de servi\u00e7o de fretamento. No meio, o Fretad\u00e3o, que n\u00e3o s\u00f3 une os interesses, mas tamb\u00e9m desenvolve e administra a opera\u00e7\u00e3o. &nbsp; Surgido em 2015 como uma startup e fomentado\u2026 <a class=\"readmore\" href=\"https:\/\/dana.com.br\/canaldana\/2023\/07\/03\/fretadao-faz-ponte-entre-o-transporte-de-passageiros-e-as-empresas\/\">Leia mais \u00bb<\/a><\/p>\n","protected":false},"author":3,"featured_media":0,"comment_status":"closed","ping_status":"closed","sticky":false,"template":"","format":"standard","meta":{"_acf_changed":false,"footnotes":""},"categories":[79],"tags":[],"class_list":["post-66657","post","type-post","status-publish","format-standard","hentry","category-mercado"],"acf":[],"yoast_head":"<!-- This site is optimized with the Yoast SEO plugin v27.3 - https:\/\/yoast.com\/product\/yoast-seo-wordpress\/ -->\n<title>Fretad\u00e3o faz ponte entre o transporte de passageiros e as empresas - Canal Dana<\/title>\n<meta name=\"robots\" content=\"index, follow, max-snippet:-1, max-image-preview:large, max-video-preview:-1\" \/>\n<link rel=\"canonical\" href=\"https:\/\/dana.com.br\/canaldana\/2023\/07\/03\/fretadao-faz-ponte-entre-o-transporte-de-passageiros-e-as-empresas\/\" \/>\n<meta property=\"og:locale\" content=\"pt_BR\" \/>\n<meta property=\"og:type\" content=\"article\" \/>\n<meta property=\"og:title\" content=\"Fretad\u00e3o faz ponte entre o transporte de passageiros e as empresas - Canal Dana\" \/>\n<meta property=\"og:description\" content=\"AutoInd\u00fastria &nbsp; De um lado a empresa que busca beneficiar os funcion\u00e1rios com transporte seguro e eficiente. De outro, o frotista qualificado para a presta\u00e7\u00e3o de servi\u00e7o de fretamento. No meio, o Fretad\u00e3o, que n\u00e3o s\u00f3 une os interesses, mas tamb\u00e9m desenvolve e administra a opera\u00e7\u00e3o. &nbsp; Surgido em 2015 como uma startup e fomentado\u2026 Leia mais \u00bb\" \/>\n<meta property=\"og:url\" content=\"https:\/\/dana.com.br\/canaldana\/2023\/07\/03\/fretadao-faz-ponte-entre-o-transporte-de-passageiros-e-as-empresas\/\" \/>\n<meta property=\"og:site_name\" content=\"Canal Dana\" \/>\n<meta property=\"article:published_time\" content=\"2023-07-03T11:32:44+00:00\" \/>\n<meta name=\"author\" content=\"Canal Dana\" \/>\n<meta name=\"twitter:card\" content=\"summary_large_image\" \/>\n<meta name=\"twitter:label1\" content=\"Escrito por\" \/>\n\t<meta name=\"twitter:data1\" content=\"Canal Dana\" \/>\n\t<meta name=\"twitter:label2\" content=\"Est. tempo de leitura\" \/>\n\t<meta name=\"twitter:data2\" content=\"2 minutos\" \/>\n<script type=\"application\/ld+json\" class=\"yoast-schema-graph\">{\"@context\":\"https:\\\/\\\/schema.org\",\"@graph\":[{\"@type\":\"Article\",\"@id\":\"https:\\\/\\\/dana.com.br\\\/canaldana\\\/2023\\\/07\\\/03\\\/fretadao-faz-ponte-entre-o-transporte-de-passageiros-e-as-empresas\\\/#article\",\"isPartOf\":{\"@id\":\"https:\\\/\\\/dana.com.br\\\/canaldana\\\/2023\\\/07\\\/03\\\/fretadao-faz-ponte-entre-o-transporte-de-passageiros-e-as-empresas\\\/\"},\"author\":{\"name\":\"Canal Dana\",\"@id\":\"https:\\\/\\\/dana.com.br\\\/canaldana\\\/#\\\/schema\\\/person\\\/3c21f22f56fcf3bc46b94bc60ea4fef6\"},\"headline\":\"Fretad\u00e3o faz ponte entre o transporte de passageiros e as empresas\",\"datePublished\":\"2023-07-03T11:32:44+00:00\",\"mainEntityOfPage\":{\"@id\":\"https:\\\/\\\/dana.com.br\\\/canaldana\\\/2023\\\/07\\\/03\\\/fretadao-faz-ponte-entre-o-transporte-de-passageiros-e-as-empresas\\\/\"},\"wordCount\":337,\"articleSection\":[\"Mercado\"],\"inLanguage\":\"pt-BR\"},{\"@type\":\"WebPage\",\"@id\":\"https:\\\/\\\/dana.com.br\\\/canaldana\\\/2023\\\/07\\\/03\\\/fretadao-faz-ponte-entre-o-transporte-de-passageiros-e-as-empresas\\\/\",\"url\":\"https:\\\/\\\/dana.com.br\\\/canaldana\\\/2023\\\/07\\\/03\\\/fretadao-faz-ponte-entre-o-transporte-de-passageiros-e-as-empresas\\\/\",\"name\":\"Fretad\u00e3o faz ponte entre o transporte de passageiros e as empresas - Canal Dana\",\"isPartOf\":{\"@id\":\"https:\\\/\\\/dana.com.br\\\/canaldana\\\/#website\"},\"datePublished\":\"2023-07-03T11:32:44+00:00\",\"author\":{\"@id\":\"https:\\\/\\\/dana.com.br\\\/canaldana\\\/#\\\/schema\\\/person\\\/3c21f22f56fcf3bc46b94bc60ea4fef6\"},\"breadcrumb\":{\"@id\":\"https:\\\/\\\/dana.com.br\\\/canaldana\\\/2023\\\/07\\\/03\\\/fretadao-faz-ponte-entre-o-transporte-de-passageiros-e-as-empresas\\\/#breadcrumb\"},\"inLanguage\":\"pt-BR\",\"potentialAction\":[{\"@type\":\"ReadAction\",\"target\":[\"https:\\\/\\\/dana.com.br\\\/canaldana\\\/2023\\\/07\\\/03\\\/fretadao-faz-ponte-entre-o-transporte-de-passageiros-e-as-empresas\\\/\"]}]},{\"@type\":\"BreadcrumbList\",\"@id\":\"https:\\\/\\\/dana.com.br\\\/canaldana\\\/2023\\\/07\\\/03\\\/fretadao-faz-ponte-entre-o-transporte-de-passageiros-e-as-empresas\\\/#breadcrumb\",\"itemListElement\":[{\"@type\":\"ListItem\",\"position\":1,\"name\":\"Home\",\"item\":\"https:\\\/\\\/dana.com.br\\\/canaldana\\\/\"},{\"@type\":\"ListItem\",\"position\":2,\"name\":\"Mercado\",\"item\":\"https:\\\/\\\/dana.com.br\\\/canaldana\\\/mercado\\\/\"},{\"@type\":\"ListItem\",\"position\":3,\"name\":\"Fretad\u00e3o faz ponte entre o transporte de passageiros e as empresas\"}]},{\"@type\":\"WebSite\",\"@id\":\"https:\\\/\\\/dana.com.br\\\/canaldana\\\/#website\",\"url\":\"https:\\\/\\\/dana.com.br\\\/canaldana\\\/\",\"name\":\"Canal Dana\",\"description\":\"Informativo com as principais not\u00edcias da ind\u00fastria automotiva\",\"potentialAction\":[{\"@type\":\"SearchAction\",\"target\":{\"@type\":\"EntryPoint\",\"urlTemplate\":\"https:\\\/\\\/dana.com.br\\\/canaldana\\\/?s={search_term_string}\"},\"query-input\":{\"@type\":\"PropertyValueSpecification\",\"valueRequired\":true,\"valueName\":\"search_term_string\"}}],\"inLanguage\":\"pt-BR\"},{\"@type\":\"Person\",\"@id\":\"https:\\\/\\\/dana.com.br\\\/canaldana\\\/#\\\/schema\\\/person\\\/3c21f22f56fcf3bc46b94bc60ea4fef6\",\"name\":\"Canal Dana\",\"image\":{\"@type\":\"ImageObject\",\"inLanguage\":\"pt-BR\",\"@id\":\"https:\\\/\\\/secure.gravatar.com\\\/avatar\\\/420aaf9278582877d9018637c6817617705899d2858d7572ef0fe59a6b6454b4?s=96&d=mm&r=g\",\"url\":\"https:\\\/\\\/secure.gravatar.com\\\/avatar\\\/420aaf9278582877d9018637c6817617705899d2858d7572ef0fe59a6b6454b4?s=96&d=mm&r=g\",\"contentUrl\":\"https:\\\/\\\/secure.gravatar.com\\\/avatar\\\/420aaf9278582877d9018637c6817617705899d2858d7572ef0fe59a6b6454b4?s=96&d=mm&r=g\",\"caption\":\"Canal Dana\"},\"url\":\"https:\\\/\\\/dana.com.br\\\/canaldana\\\/author\\\/cdeditor\\\/\"}]}<\/script>\n<!-- \/ Yoast SEO plugin. -->","yoast_head_json":{"title":"Fretad\u00e3o faz ponte entre o transporte de passageiros e as empresas - Canal Dana","robots":{"index":"index","follow":"follow","max-snippet":"max-snippet:-1","max-image-preview":"max-image-preview:large","max-video-preview":"max-video-preview:-1"},"canonical":"https:\/\/dana.com.br\/canaldana\/2023\/07\/03\/fretadao-faz-ponte-entre-o-transporte-de-passageiros-e-as-empresas\/","og_locale":"pt_BR","og_type":"article","og_title":"Fretad\u00e3o faz ponte entre o transporte de passageiros e as empresas - Canal Dana","og_description":"AutoInd\u00fastria &nbsp; De um lado a empresa que busca beneficiar os funcion\u00e1rios com transporte seguro e eficiente. De outro, o frotista qualificado para a presta\u00e7\u00e3o de servi\u00e7o de fretamento. No meio, o Fretad\u00e3o, que n\u00e3o s\u00f3 une os interesses, mas tamb\u00e9m desenvolve e administra a opera\u00e7\u00e3o. &nbsp; Surgido em 2015 como uma startup e fomentado\u2026 Leia mais \u00bb","og_url":"https:\/\/dana.com.br\/canaldana\/2023\/07\/03\/fretadao-faz-ponte-entre-o-transporte-de-passageiros-e-as-empresas\/","og_site_name":"Canal Dana","article_published_time":"2023-07-03T11:32:44+00:00","author":"Canal Dana","twitter_card":"summary_large_image","twitter_misc":{"Escrito por":"Canal Dana","Est. tempo de leitura":"2 minutos"},"schema":{"@context":"https:\/\/schema.org","@graph":[{"@type":"Article","@id":"https:\/\/dana.com.br\/canaldana\/2023\/07\/03\/fretadao-faz-ponte-entre-o-transporte-de-passageiros-e-as-empresas\/#article","isPartOf":{"@id":"https:\/\/dana.com.br\/canaldana\/2023\/07\/03\/fretadao-faz-ponte-entre-o-transporte-de-passageiros-e-as-empresas\/"},"author":{"name":"Canal Dana","@id":"https:\/\/dana.com.br\/canaldana\/#\/schema\/person\/3c21f22f56fcf3bc46b94bc60ea4fef6"},"headline":"Fretad\u00e3o faz ponte entre o transporte de passageiros e as empresas","datePublished":"2023-07-03T11:32:44+00:00","mainEntityOfPage":{"@id":"https:\/\/dana.com.br\/canaldana\/2023\/07\/03\/fretadao-faz-ponte-entre-o-transporte-de-passageiros-e-as-empresas\/"},"wordCount":337,"articleSection":["Mercado"],"inLanguage":"pt-BR"},{"@type":"WebPage","@id":"https:\/\/dana.com.br\/canaldana\/2023\/07\/03\/fretadao-faz-ponte-entre-o-transporte-de-passageiros-e-as-empresas\/","url":"https:\/\/dana.com.br\/canaldana\/2023\/07\/03\/fretadao-faz-ponte-entre-o-transporte-de-passageiros-e-as-empresas\/","name":"Fretad\u00e3o faz ponte entre o transporte de passageiros e as empresas - Canal Dana","isPartOf":{"@id":"https:\/\/dana.com.br\/canaldana\/#website"},"datePublished":"2023-07-03T11:32:44+00:00","author":{"@id":"https:\/\/dana.com.br\/canaldana\/#\/schema\/person\/3c21f22f56fcf3bc46b94bc60ea4fef6"},"breadcrumb":{"@id":"https:\/\/dana.com.br\/canaldana\/2023\/07\/03\/fretadao-faz-ponte-entre-o-transporte-de-passageiros-e-as-empresas\/#breadcrumb"},"inLanguage":"pt-BR","potentialAction":[{"@type":"ReadAction","target":["https:\/\/dana.com.br\/canaldana\/2023\/07\/03\/fretadao-faz-ponte-entre-o-transporte-de-passageiros-e-as-empresas\/"]}]},{"@type":"BreadcrumbList","@id":"https:\/\/dana.com.br\/canaldana\/2023\/07\/03\/fretadao-faz-ponte-entre-o-transporte-de-passageiros-e-as-empresas\/#breadcrumb","itemListElement":[{"@type":"ListItem","position":1,"name":"Home","item":"https:\/\/dana.com.br\/canaldana\/"},{"@type":"ListItem","position":2,"name":"Mercado","item":"https:\/\/dana.com.br\/canaldana\/mercado\/"},{"@type":"ListItem","position":3,"name":"Fretad\u00e3o faz ponte entre o transporte de passageiros e as empresas"}]},{"@type":"WebSite","@id":"https:\/\/dana.com.br\/canaldana\/#website","url":"https:\/\/dana.com.br\/canaldana\/","name":"Canal Dana","description":"Informativo com as principais not\u00edcias da ind\u00fastria automotiva","potentialAction":[{"@type":"SearchAction","target":{"@type":"EntryPoint","urlTemplate":"https:\/\/dana.com.br\/canaldana\/?s={search_term_string}"},"query-input":{"@type":"PropertyValueSpecification","valueRequired":true,"valueName":"search_term_string"}}],"inLanguage":"pt-BR"},{"@type":"Person","@id":"https:\/\/dana.com.br\/canaldana\/#\/schema\/person\/3c21f22f56fcf3bc46b94bc60ea4fef6","name":"Canal Dana","image":{"@type":"ImageObject","inLanguage":"pt-BR","@id":"https:\/\/secure.gravatar.com\/avatar\/420aaf9278582877d9018637c6817617705899d2858d7572ef0fe59a6b6454b4?s=96&d=mm&r=g","url":"https:\/\/secure.gravatar.com\/avatar\/420aaf9278582877d9018637c6817617705899d2858d7572ef0fe59a6b6454b4?s=96&d=mm&r=g","contentUrl":"https:\/\/secure.gravatar.com\/avatar\/420aaf9278582877d9018637c6817617705899d2858d7572ef0fe59a6b6454b4?s=96&d=mm&r=g","caption":"Canal Dana"},"url":"https:\/\/dana.com.br\/canaldana\/author\/cdeditor\/"}]}},"_links":{"self":[{"href":"https:\/\/dana.com.br\/canaldana\/wp-json\/wp\/v2\/posts\/66657","targetHints":{"allow":["GET"]}}],"collection":[{"href":"https:\/\/dana.com.br\/canaldana\/wp-json\/wp\/v2\/posts"}],"about":[{"href":"https:\/\/dana.com.br\/canaldana\/wp-json\/wp\/v2\/types\/post"}],"author":[{"embeddable":true,"href":"https:\/\/dana.com.br\/canaldana\/wp-json\/wp\/v2\/users\/3"}],"replies":[{"embeddable":true,"href":"https:\/\/dana.com.br\/canaldana\/wp-json\/wp\/v2\/comments?post=66657"}],"version-history":[{"count":0,"href":"https:\/\/dana.com.br\/canaldana\/wp-json\/wp\/v2\/posts\/66657\/revisions"}],"wp:attachment":[{"href":"https:\/\/dana.com.br\/canaldana\/wp-json\/wp\/v2\/media?parent=66657"}],"wp:term":[{"taxonomy":"category","embeddable":true,"href":"https:\/\/dana.com.br\/canaldana\/wp-json\/wp\/v2\/categories?post=66657"},{"taxonomy":"post_tag","embeddable":true,"href":"https:\/\/dana.com.br\/canaldana\/wp-json\/wp\/v2\/tags?post=66657"}],"curies":[{"name":"wp","href":"https:\/\/api.w.org\/{rel}","templated":true}]}}