{"id":66649,"date":"2023-07-03T08:30:19","date_gmt":"2023-07-03T11:30:19","guid":{"rendered":"https:\/\/dana.com.br\/canaldana\/?p=66649"},"modified":"2023-07-03T08:30:19","modified_gmt":"2023-07-03T11:30:19","slug":"viacao-santa-cruz-adquire-52-chassis-euro-6-da-scania","status":"publish","type":"post","link":"https:\/\/dana.com.br\/canaldana\/2023\/07\/03\/viacao-santa-cruz-adquire-52-chassis-euro-6-da-scania\/","title":{"rendered":"Via\u00e7\u00e3o Santa Cruz adquire 52 chassis Euro 6 da Scania"},"content":{"rendered":"<p><em>Frota &amp; Cia <\/em><\/p>\n<p>&nbsp;<\/p>\n<p>A Via\u00e7\u00e3o Santa Cruz anunciou na \u00faltima quinta-feira, 29, a compra de um lote de\u00a0 52 modelos Scania K 370 4\u00d72, equipados de novos motores Euro 6. Trata-se do maior volume de \u00f4nibus 4\u00d72 Euro 6 vendido para um s\u00f3 cliente, at\u00e9 o momento, pela Scania, modelo tido como mais rent\u00e1vel, econ\u00f4mico e menos poluente.<\/p>\n<p>&nbsp;<\/p>\n<p>A operadora interestadual, que tem sede em Mogi Mirim (SP), e conta atualmente com uma frota de 96 \u00f4nibus, completou 65 anos recentemente. \u201cCome\u00e7amos a parceria com a Santa Cruz em 1998. Uma hist\u00f3ria muito virtuosa e sempre buscando oferecer o m\u00e1ximo desempenho dos \u00f4nibus Scania. Em 2016, fortalecemos ainda mais os neg\u00f3cios com as solu\u00e7\u00f5es financeiras, pelo Scania Banco e Cons\u00f3rcio, tendo at\u00e9 hoje uma \u00f3tima alternativa para viabilizar as compras\u201d, conta Ricardo Schmidt, vendedor de \u00f4nibus da WLM Quinta Roda.<\/p>\n<p>&nbsp;<\/p>\n<p>As carrocerias s\u00e3o Marcopolo Paradiso 1200 Gera\u00e7\u00e3o 8. Os modelos t\u00eam 46 lugares e s\u00e3o equipados com toalete e ar-condicionado. \u201c100% da nossa frota \u00e9 da marca Scania, e as carrocerias s\u00e3o Marcopolo G8. Com os novos 52 chassis, teremos uma frota de idade m\u00e9dia de dois anos. S\u00e3o produtos muito rent\u00e1veis, confort\u00e1veis e que entregam muita disponibilidade. Todos eles t\u00eam freio auxiliar Scania Retarder para a m\u00e1xima seguran\u00e7a dos passageiros. A frota \u00e9 100% conectada e com o pacote mais completo, o Desempenho, pois sabemos o quanto ela traz benef\u00edcios para a gest\u00e3o\u201d, salienta Francisco Mazon, propriet\u00e1rio da Via\u00e7\u00e3o Santa Cruz.<\/p>\n<p>&nbsp;<\/p>\n<p>Segundo ele, ao longo de sua hist\u00f3ria, a Santa Cruz investiu na constante renova\u00e7\u00e3o da frota, em busca dos melhores equipamentos de mobilidade. \u201cManter a frota renovada constantemente \u00e9 fundamental para nunca precisar de manuten\u00e7\u00e3o\u201d, explica o empres\u00e1rio do alto de sua experi\u00eancia que se espelha na gest\u00e3o do pr\u00f3prio pai, fundador da empresa.<\/p>\n<p>&nbsp;<\/p>\n<p>A primeira linha de \u00f4nibus no interior do estado de S\u00e3o Paulo foi inaugurada em 1958 pelo empres\u00e1rio Eug\u00eanio Mazon, por meio da Via\u00e7\u00e3o Santa Cruz. A trajet\u00f3ria da empresa \u00e9 marcada pelo investimento em qualidade, conforto, tranquilidade e seguran\u00e7a para os passageiros.\u00a0 \u201cA Via\u00e7\u00e3o Santa Cruz \u00e9 um dos principais clientes da Scania, em sua hist\u00f3ria.\u00a0 O cliente escolhe a Scania pela efici\u00eancia de nossos chassis, o que torna a nossa miss\u00e3o cada dia com mais responsabilidade. Parab\u00e9ns Via\u00e7\u00e3o Santa Cruz pelos seus 65 anos\u201d, diz Celso Mendon\u00e7a, gerente de Vendas de Solu\u00e7\u00f5es para Mobilidade da Scania Opera\u00e7\u00f5es Comerciais Brasil.<\/p>\n<p>&nbsp;<\/p>\n<p>Consolidada entre os estados de S\u00e3o Paulo e Minas Gerais, a Via\u00e7\u00e3o Santa Cruz atende um grande n\u00famero de cidades entre os dois estados. \u201cHoje, atuamos em 100 cidades, passando por tr\u00eas grandes eixos rodovi\u00e1rios, que movimentam milhares de passageiros.\u201d<\/p>\n<p>&nbsp;<\/p>\n<p>Para comemorar os 65 anos, a empresa escolheu um \u00f4nibus especial com chassi Scania K 400 4\u00d72. \u00c9 um modelo diferente. com uma pintura vintage. \u201cTenho orgulho deste \u00f4nibus, prefixo 1958, ano da nossa funda\u00e7\u00e3o. Estamos comemorando em alto n\u00edvel nossos 65 anos com este \u00f4nibus completo, de um interior muito confort\u00e1vel, que tem todos os opcionais que a Scania oferece, al\u00e9m do sistema ADAS de m\u00e1xima seguran\u00e7a\u201d, completa Mazon.<\/p>\n<p>&nbsp;<\/p>\n<p><strong>M\u00e9ritos em ESG<\/strong><\/p>\n<p>&nbsp;<\/p>\n<p>A companhia tamb\u00e9m tem se destacado pela sua atua\u00e7\u00e3o em ESG. A sua Agenda ESG inclui a\u00e7\u00f5es ambientais, sociais e inovadoras em gest\u00e3o. No legado social, a Santa Cruz ficou conhecida pela funda\u00e7\u00e3o do Instituto da Crian\u00e7a e do Adolescente de Mogi Mirim, idealizado pela dona Sophia Mazon, conhecida como \u201cDona ICA\u201d, e que rendeu \u00e0 empresa pr\u00eamios como o Crian\u00e7a Esperan\u00e7a e o Melhores ONGs (reconhecimento conquistado durante tr\u00eas anos consecutivos). (Frota &amp; Cia\/Rosa M. Symanski)<\/p>\n","protected":false},"excerpt":{"rendered":"<p>Frota &amp; Cia &nbsp; A Via\u00e7\u00e3o Santa Cruz anunciou na \u00faltima quinta-feira, 29, a compra de um lote de\u00a0 52 modelos Scania K 370 4\u00d72, equipados de novos motores Euro 6. Trata-se do maior volume de \u00f4nibus 4\u00d72 Euro 6 vendido para um s\u00f3 cliente, at\u00e9 o momento, pela Scania, modelo tido como mais rent\u00e1vel,\u2026 <a class=\"readmore\" href=\"https:\/\/dana.com.br\/canaldana\/2023\/07\/03\/viacao-santa-cruz-adquire-52-chassis-euro-6-da-scania\/\">Leia mais \u00bb<\/a><\/p>\n","protected":false},"author":3,"featured_media":0,"comment_status":"closed","ping_status":"closed","sticky":false,"template":"","format":"standard","meta":{"_acf_changed":false,"footnotes":""},"categories":[79],"tags":[],"class_list":["post-66649","post","type-post","status-publish","format-standard","hentry","category-mercado"],"acf":[],"yoast_head":"<!-- This site is optimized with the Yoast SEO plugin v27.3 - https:\/\/yoast.com\/product\/yoast-seo-wordpress\/ -->\n<title>Via\u00e7\u00e3o Santa Cruz adquire 52 chassis Euro 6 da Scania - Canal Dana<\/title>\n<meta name=\"robots\" content=\"index, follow, max-snippet:-1, max-image-preview:large, max-video-preview:-1\" \/>\n<link rel=\"canonical\" href=\"https:\/\/dana.com.br\/canaldana\/2023\/07\/03\/viacao-santa-cruz-adquire-52-chassis-euro-6-da-scania\/\" \/>\n<meta property=\"og:locale\" content=\"pt_BR\" \/>\n<meta property=\"og:type\" content=\"article\" \/>\n<meta property=\"og:title\" content=\"Via\u00e7\u00e3o Santa Cruz adquire 52 chassis Euro 6 da Scania - Canal Dana\" \/>\n<meta property=\"og:description\" content=\"Frota &amp; Cia &nbsp; A Via\u00e7\u00e3o Santa Cruz anunciou na \u00faltima quinta-feira, 29, a compra de um lote de\u00a0 52 modelos Scania K 370 4\u00d72, equipados de novos motores Euro 6. Trata-se do maior volume de \u00f4nibus 4\u00d72 Euro 6 vendido para um s\u00f3 cliente, at\u00e9 o momento, pela Scania, modelo tido como mais rent\u00e1vel,\u2026 Leia mais \u00bb\" \/>\n<meta property=\"og:url\" content=\"https:\/\/dana.com.br\/canaldana\/2023\/07\/03\/viacao-santa-cruz-adquire-52-chassis-euro-6-da-scania\/\" \/>\n<meta property=\"og:site_name\" content=\"Canal Dana\" \/>\n<meta property=\"article:published_time\" content=\"2023-07-03T11:30:19+00:00\" \/>\n<meta name=\"author\" content=\"Canal Dana\" \/>\n<meta name=\"twitter:card\" content=\"summary_large_image\" \/>\n<meta name=\"twitter:label1\" content=\"Escrito por\" \/>\n\t<meta name=\"twitter:data1\" content=\"Canal Dana\" \/>\n\t<meta name=\"twitter:label2\" content=\"Est. tempo de leitura\" \/>\n\t<meta name=\"twitter:data2\" content=\"4 minutos\" \/>\n<script type=\"application\/ld+json\" class=\"yoast-schema-graph\">{\"@context\":\"https:\\\/\\\/schema.org\",\"@graph\":[{\"@type\":\"Article\",\"@id\":\"https:\\\/\\\/dana.com.br\\\/canaldana\\\/2023\\\/07\\\/03\\\/viacao-santa-cruz-adquire-52-chassis-euro-6-da-scania\\\/#article\",\"isPartOf\":{\"@id\":\"https:\\\/\\\/dana.com.br\\\/canaldana\\\/2023\\\/07\\\/03\\\/viacao-santa-cruz-adquire-52-chassis-euro-6-da-scania\\\/\"},\"author\":{\"name\":\"Canal Dana\",\"@id\":\"https:\\\/\\\/dana.com.br\\\/canaldana\\\/#\\\/schema\\\/person\\\/3c21f22f56fcf3bc46b94bc60ea4fef6\"},\"headline\":\"Via\u00e7\u00e3o Santa Cruz adquire 52 chassis Euro 6 da Scania\",\"datePublished\":\"2023-07-03T11:30:19+00:00\",\"mainEntityOfPage\":{\"@id\":\"https:\\\/\\\/dana.com.br\\\/canaldana\\\/2023\\\/07\\\/03\\\/viacao-santa-cruz-adquire-52-chassis-euro-6-da-scania\\\/\"},\"wordCount\":643,\"articleSection\":[\"Mercado\"],\"inLanguage\":\"pt-BR\"},{\"@type\":\"WebPage\",\"@id\":\"https:\\\/\\\/dana.com.br\\\/canaldana\\\/2023\\\/07\\\/03\\\/viacao-santa-cruz-adquire-52-chassis-euro-6-da-scania\\\/\",\"url\":\"https:\\\/\\\/dana.com.br\\\/canaldana\\\/2023\\\/07\\\/03\\\/viacao-santa-cruz-adquire-52-chassis-euro-6-da-scania\\\/\",\"name\":\"Via\u00e7\u00e3o Santa Cruz adquire 52 chassis Euro 6 da Scania - Canal Dana\",\"isPartOf\":{\"@id\":\"https:\\\/\\\/dana.com.br\\\/canaldana\\\/#website\"},\"datePublished\":\"2023-07-03T11:30:19+00:00\",\"author\":{\"@id\":\"https:\\\/\\\/dana.com.br\\\/canaldana\\\/#\\\/schema\\\/person\\\/3c21f22f56fcf3bc46b94bc60ea4fef6\"},\"breadcrumb\":{\"@id\":\"https:\\\/\\\/dana.com.br\\\/canaldana\\\/2023\\\/07\\\/03\\\/viacao-santa-cruz-adquire-52-chassis-euro-6-da-scania\\\/#breadcrumb\"},\"inLanguage\":\"pt-BR\",\"potentialAction\":[{\"@type\":\"ReadAction\",\"target\":[\"https:\\\/\\\/dana.com.br\\\/canaldana\\\/2023\\\/07\\\/03\\\/viacao-santa-cruz-adquire-52-chassis-euro-6-da-scania\\\/\"]}]},{\"@type\":\"BreadcrumbList\",\"@id\":\"https:\\\/\\\/dana.com.br\\\/canaldana\\\/2023\\\/07\\\/03\\\/viacao-santa-cruz-adquire-52-chassis-euro-6-da-scania\\\/#breadcrumb\",\"itemListElement\":[{\"@type\":\"ListItem\",\"position\":1,\"name\":\"Home\",\"item\":\"https:\\\/\\\/dana.com.br\\\/canaldana\\\/\"},{\"@type\":\"ListItem\",\"position\":2,\"name\":\"Mercado\",\"item\":\"https:\\\/\\\/dana.com.br\\\/canaldana\\\/mercado\\\/\"},{\"@type\":\"ListItem\",\"position\":3,\"name\":\"Via\u00e7\u00e3o Santa Cruz adquire 52 chassis Euro 6 da Scania\"}]},{\"@type\":\"WebSite\",\"@id\":\"https:\\\/\\\/dana.com.br\\\/canaldana\\\/#website\",\"url\":\"https:\\\/\\\/dana.com.br\\\/canaldana\\\/\",\"name\":\"Canal Dana\",\"description\":\"Informativo com as principais not\u00edcias da ind\u00fastria automotiva\",\"potentialAction\":[{\"@type\":\"SearchAction\",\"target\":{\"@type\":\"EntryPoint\",\"urlTemplate\":\"https:\\\/\\\/dana.com.br\\\/canaldana\\\/?s={search_term_string}\"},\"query-input\":{\"@type\":\"PropertyValueSpecification\",\"valueRequired\":true,\"valueName\":\"search_term_string\"}}],\"inLanguage\":\"pt-BR\"},{\"@type\":\"Person\",\"@id\":\"https:\\\/\\\/dana.com.br\\\/canaldana\\\/#\\\/schema\\\/person\\\/3c21f22f56fcf3bc46b94bc60ea4fef6\",\"name\":\"Canal Dana\",\"image\":{\"@type\":\"ImageObject\",\"inLanguage\":\"pt-BR\",\"@id\":\"https:\\\/\\\/secure.gravatar.com\\\/avatar\\\/420aaf9278582877d9018637c6817617705899d2858d7572ef0fe59a6b6454b4?s=96&d=mm&r=g\",\"url\":\"https:\\\/\\\/secure.gravatar.com\\\/avatar\\\/420aaf9278582877d9018637c6817617705899d2858d7572ef0fe59a6b6454b4?s=96&d=mm&r=g\",\"contentUrl\":\"https:\\\/\\\/secure.gravatar.com\\\/avatar\\\/420aaf9278582877d9018637c6817617705899d2858d7572ef0fe59a6b6454b4?s=96&d=mm&r=g\",\"caption\":\"Canal Dana\"},\"url\":\"https:\\\/\\\/dana.com.br\\\/canaldana\\\/author\\\/cdeditor\\\/\"}]}<\/script>\n<!-- \/ Yoast SEO plugin. -->","yoast_head_json":{"title":"Via\u00e7\u00e3o Santa Cruz adquire 52 chassis Euro 6 da Scania - Canal Dana","robots":{"index":"index","follow":"follow","max-snippet":"max-snippet:-1","max-image-preview":"max-image-preview:large","max-video-preview":"max-video-preview:-1"},"canonical":"https:\/\/dana.com.br\/canaldana\/2023\/07\/03\/viacao-santa-cruz-adquire-52-chassis-euro-6-da-scania\/","og_locale":"pt_BR","og_type":"article","og_title":"Via\u00e7\u00e3o Santa Cruz adquire 52 chassis Euro 6 da Scania - Canal Dana","og_description":"Frota &amp; Cia &nbsp; A Via\u00e7\u00e3o Santa Cruz anunciou na \u00faltima quinta-feira, 29, a compra de um lote de\u00a0 52 modelos Scania K 370 4\u00d72, equipados de novos motores Euro 6. Trata-se do maior volume de \u00f4nibus 4\u00d72 Euro 6 vendido para um s\u00f3 cliente, at\u00e9 o momento, pela Scania, modelo tido como mais rent\u00e1vel,\u2026 Leia mais \u00bb","og_url":"https:\/\/dana.com.br\/canaldana\/2023\/07\/03\/viacao-santa-cruz-adquire-52-chassis-euro-6-da-scania\/","og_site_name":"Canal Dana","article_published_time":"2023-07-03T11:30:19+00:00","author":"Canal Dana","twitter_card":"summary_large_image","twitter_misc":{"Escrito por":"Canal Dana","Est. tempo de leitura":"4 minutos"},"schema":{"@context":"https:\/\/schema.org","@graph":[{"@type":"Article","@id":"https:\/\/dana.com.br\/canaldana\/2023\/07\/03\/viacao-santa-cruz-adquire-52-chassis-euro-6-da-scania\/#article","isPartOf":{"@id":"https:\/\/dana.com.br\/canaldana\/2023\/07\/03\/viacao-santa-cruz-adquire-52-chassis-euro-6-da-scania\/"},"author":{"name":"Canal Dana","@id":"https:\/\/dana.com.br\/canaldana\/#\/schema\/person\/3c21f22f56fcf3bc46b94bc60ea4fef6"},"headline":"Via\u00e7\u00e3o Santa Cruz adquire 52 chassis Euro 6 da Scania","datePublished":"2023-07-03T11:30:19+00:00","mainEntityOfPage":{"@id":"https:\/\/dana.com.br\/canaldana\/2023\/07\/03\/viacao-santa-cruz-adquire-52-chassis-euro-6-da-scania\/"},"wordCount":643,"articleSection":["Mercado"],"inLanguage":"pt-BR"},{"@type":"WebPage","@id":"https:\/\/dana.com.br\/canaldana\/2023\/07\/03\/viacao-santa-cruz-adquire-52-chassis-euro-6-da-scania\/","url":"https:\/\/dana.com.br\/canaldana\/2023\/07\/03\/viacao-santa-cruz-adquire-52-chassis-euro-6-da-scania\/","name":"Via\u00e7\u00e3o Santa Cruz adquire 52 chassis Euro 6 da Scania - Canal Dana","isPartOf":{"@id":"https:\/\/dana.com.br\/canaldana\/#website"},"datePublished":"2023-07-03T11:30:19+00:00","author":{"@id":"https:\/\/dana.com.br\/canaldana\/#\/schema\/person\/3c21f22f56fcf3bc46b94bc60ea4fef6"},"breadcrumb":{"@id":"https:\/\/dana.com.br\/canaldana\/2023\/07\/03\/viacao-santa-cruz-adquire-52-chassis-euro-6-da-scania\/#breadcrumb"},"inLanguage":"pt-BR","potentialAction":[{"@type":"ReadAction","target":["https:\/\/dana.com.br\/canaldana\/2023\/07\/03\/viacao-santa-cruz-adquire-52-chassis-euro-6-da-scania\/"]}]},{"@type":"BreadcrumbList","@id":"https:\/\/dana.com.br\/canaldana\/2023\/07\/03\/viacao-santa-cruz-adquire-52-chassis-euro-6-da-scania\/#breadcrumb","itemListElement":[{"@type":"ListItem","position":1,"name":"Home","item":"https:\/\/dana.com.br\/canaldana\/"},{"@type":"ListItem","position":2,"name":"Mercado","item":"https:\/\/dana.com.br\/canaldana\/mercado\/"},{"@type":"ListItem","position":3,"name":"Via\u00e7\u00e3o Santa Cruz adquire 52 chassis Euro 6 da Scania"}]},{"@type":"WebSite","@id":"https:\/\/dana.com.br\/canaldana\/#website","url":"https:\/\/dana.com.br\/canaldana\/","name":"Canal Dana","description":"Informativo com as principais not\u00edcias da ind\u00fastria automotiva","potentialAction":[{"@type":"SearchAction","target":{"@type":"EntryPoint","urlTemplate":"https:\/\/dana.com.br\/canaldana\/?s={search_term_string}"},"query-input":{"@type":"PropertyValueSpecification","valueRequired":true,"valueName":"search_term_string"}}],"inLanguage":"pt-BR"},{"@type":"Person","@id":"https:\/\/dana.com.br\/canaldana\/#\/schema\/person\/3c21f22f56fcf3bc46b94bc60ea4fef6","name":"Canal Dana","image":{"@type":"ImageObject","inLanguage":"pt-BR","@id":"https:\/\/secure.gravatar.com\/avatar\/420aaf9278582877d9018637c6817617705899d2858d7572ef0fe59a6b6454b4?s=96&d=mm&r=g","url":"https:\/\/secure.gravatar.com\/avatar\/420aaf9278582877d9018637c6817617705899d2858d7572ef0fe59a6b6454b4?s=96&d=mm&r=g","contentUrl":"https:\/\/secure.gravatar.com\/avatar\/420aaf9278582877d9018637c6817617705899d2858d7572ef0fe59a6b6454b4?s=96&d=mm&r=g","caption":"Canal Dana"},"url":"https:\/\/dana.com.br\/canaldana\/author\/cdeditor\/"}]}},"_links":{"self":[{"href":"https:\/\/dana.com.br\/canaldana\/wp-json\/wp\/v2\/posts\/66649","targetHints":{"allow":["GET"]}}],"collection":[{"href":"https:\/\/dana.com.br\/canaldana\/wp-json\/wp\/v2\/posts"}],"about":[{"href":"https:\/\/dana.com.br\/canaldana\/wp-json\/wp\/v2\/types\/post"}],"author":[{"embeddable":true,"href":"https:\/\/dana.com.br\/canaldana\/wp-json\/wp\/v2\/users\/3"}],"replies":[{"embeddable":true,"href":"https:\/\/dana.com.br\/canaldana\/wp-json\/wp\/v2\/comments?post=66649"}],"version-history":[{"count":0,"href":"https:\/\/dana.com.br\/canaldana\/wp-json\/wp\/v2\/posts\/66649\/revisions"}],"wp:attachment":[{"href":"https:\/\/dana.com.br\/canaldana\/wp-json\/wp\/v2\/media?parent=66649"}],"wp:term":[{"taxonomy":"category","embeddable":true,"href":"https:\/\/dana.com.br\/canaldana\/wp-json\/wp\/v2\/categories?post=66649"},{"taxonomy":"post_tag","embeddable":true,"href":"https:\/\/dana.com.br\/canaldana\/wp-json\/wp\/v2\/tags?post=66649"}],"curies":[{"name":"wp","href":"https:\/\/api.w.org\/{rel}","templated":true}]}}