{"id":66347,"date":"2023-06-19T09:07:00","date_gmt":"2023-06-19T12:07:00","guid":{"rendered":"https:\/\/dana.com.br\/canaldana\/?p=66347"},"modified":"2023-06-19T09:07:00","modified_gmt":"2023-06-19T12:07:00","slug":"quase-50-dos-domicilios-tem-carro-no-brasil-25-possuem-moto","status":"publish","type":"post","link":"https:\/\/dana.com.br\/canaldana\/2023\/06\/19\/quase-50-dos-domicilios-tem-carro-no-brasil-25-possuem-moto\/","title":{"rendered":"Quase 50% dos domic\u00edlios t\u00eam carro no Brasil; 25% possuem moto"},"content":{"rendered":"<p><em>Portal da Autope\u00e7as<\/em><\/p>\n<p>&nbsp;<\/p>\n<p>Os carros est\u00e3o presentes em quase metade dos domic\u00edlios brasileiros, enquanto as motocicletas fazem parte da rotina de um quarto dos lares no pa\u00eds.<\/p>\n<p>&nbsp;<\/p>\n<p>As conclus\u00f5es s\u00e3o de uma pesquisa divulgada nesta \u00faltima sexta-feira (16) pelo IBGE (Instituto Brasileiro de Geografia e Estat\u00edstica).<\/p>\n<p>&nbsp;<\/p>\n<p>Em termos absolutos, o n\u00famero de domic\u00edlios com carro passou de 34,9 milh\u00f5es em 2019 para 36,9 milh\u00f5es em 2022. O aumento foi de 5,8%.<\/p>\n<p>&nbsp;<\/p>\n<p>J\u00e1 o n\u00famero de lares com motocicleta saiu de 16,8 milh\u00f5es em 2019 para 18,6 milh\u00f5es em 2022. A alta foi de 10,2%.<\/p>\n<p>&nbsp;<\/p>\n<p>Em termos percentuais, os domic\u00edlios com autom\u00f3veis foram de 49,4% para 49,8% no per\u00edodo. O patamar mais recente \u00e9 o maior de uma s\u00e9rie hist\u00f3rica iniciada em 2016.<\/p>\n<p>&nbsp;<\/p>\n<p>Entre as motocicletas, a propor\u00e7\u00e3o subiu de 23,8% em 2019 para 25% em 2022. O n\u00edvel mais recente representa outro recorde na s\u00e9rie, al\u00e9m de sinalizar um aumento maior (1,2 ponto percentual) do que o dos carros (0,4 ponto percentual).<\/p>\n<p>&nbsp;<\/p>\n<p>Os dados integram uma vers\u00e3o da Pnad Cont\u00ednua sobre as caracter\u00edsticas dos moradores e dos domic\u00edlios. Em 2022, a pesquisa estimou o n\u00famero de lares no pa\u00eds em 74,1 milh\u00f5es.<\/p>\n<p>&nbsp;<\/p>\n<p>Parte da coleta da Pnad foi afetada pela pandemia de Covid-19 em 2020 e 2021. Por isso, a compara\u00e7\u00e3o da posse dos bens \u00e9 feita entre 2022 e 2019.<\/p>\n<p>&nbsp;<\/p>\n<p><strong>Moto supera carro no Norte e no Nordeste <\/strong><\/p>\n<p>&nbsp;<\/p>\n<p>Os domic\u00edlios do Sul apresentaram o maior percentual de posse de autom\u00f3vel entre as regi\u00f5es em 2022 (69,2%). O Nordeste (29,9%) e o Norte (30,7%) registraram as menores propor\u00e7\u00f5es desse bem.<\/p>\n<p>&nbsp;<\/p>\n<p>As duas regi\u00f5es tamb\u00e9m se destacam por terem percentuais mais elevados de motos do que de carros. A propor\u00e7\u00e3o de domic\u00edlios com motocicletas foi de 35,3% no Norte e de 33% no Nordeste.<\/p>\n<p>&nbsp;<\/p>\n<p>No Sudeste, 56,4% dos lares tinham autom\u00f3veis em 2022. A propor\u00e7\u00e3o relativa a motocicletas foi de 18,8% na regi\u00e3o. (Portal da Autope\u00e7as)<\/p>\n","protected":false},"excerpt":{"rendered":"<p>Portal da Autope\u00e7as &nbsp; Os carros est\u00e3o presentes em quase metade dos domic\u00edlios brasileiros, enquanto as motocicletas fazem parte da rotina de um quarto dos lares no pa\u00eds. &nbsp; As conclus\u00f5es s\u00e3o de uma pesquisa divulgada nesta \u00faltima sexta-feira (16) pelo IBGE (Instituto Brasileiro de Geografia e Estat\u00edstica). &nbsp; Em termos absolutos, o n\u00famero de\u2026 <a class=\"readmore\" href=\"https:\/\/dana.com.br\/canaldana\/2023\/06\/19\/quase-50-dos-domicilios-tem-carro-no-brasil-25-possuem-moto\/\">Leia mais \u00bb<\/a><\/p>\n","protected":false},"author":3,"featured_media":0,"comment_status":"closed","ping_status":"closed","sticky":false,"template":"","format":"standard","meta":{"_acf_changed":false,"footnotes":""},"categories":[79],"tags":[],"class_list":["post-66347","post","type-post","status-publish","format-standard","hentry","category-mercado"],"acf":[],"yoast_head":"<!-- This site is optimized with the Yoast SEO plugin v27.3 - https:\/\/yoast.com\/product\/yoast-seo-wordpress\/ -->\n<title>Quase 50% dos domic\u00edlios t\u00eam carro no Brasil; 25% possuem moto - Canal Dana<\/title>\n<meta name=\"robots\" content=\"index, follow, max-snippet:-1, max-image-preview:large, max-video-preview:-1\" \/>\n<link rel=\"canonical\" href=\"https:\/\/dana.com.br\/canaldana\/2023\/06\/19\/quase-50-dos-domicilios-tem-carro-no-brasil-25-possuem-moto\/\" \/>\n<meta property=\"og:locale\" content=\"pt_BR\" \/>\n<meta property=\"og:type\" content=\"article\" \/>\n<meta property=\"og:title\" content=\"Quase 50% dos domic\u00edlios t\u00eam carro no Brasil; 25% possuem moto - Canal Dana\" \/>\n<meta property=\"og:description\" content=\"Portal da Autope\u00e7as &nbsp; Os carros est\u00e3o presentes em quase metade dos domic\u00edlios brasileiros, enquanto as motocicletas fazem parte da rotina de um quarto dos lares no pa\u00eds. &nbsp; As conclus\u00f5es s\u00e3o de uma pesquisa divulgada nesta \u00faltima sexta-feira (16) pelo IBGE (Instituto Brasileiro de Geografia e Estat\u00edstica). &nbsp; Em termos absolutos, o n\u00famero de\u2026 Leia mais \u00bb\" \/>\n<meta property=\"og:url\" content=\"https:\/\/dana.com.br\/canaldana\/2023\/06\/19\/quase-50-dos-domicilios-tem-carro-no-brasil-25-possuem-moto\/\" \/>\n<meta property=\"og:site_name\" content=\"Canal Dana\" \/>\n<meta property=\"article:published_time\" content=\"2023-06-19T12:07:00+00:00\" \/>\n<meta name=\"author\" content=\"Canal Dana\" \/>\n<meta name=\"twitter:card\" content=\"summary_large_image\" \/>\n<meta name=\"twitter:label1\" content=\"Escrito por\" \/>\n\t<meta name=\"twitter:data1\" content=\"Canal Dana\" \/>\n\t<meta name=\"twitter:label2\" content=\"Est. tempo de leitura\" \/>\n\t<meta name=\"twitter:data2\" content=\"2 minutos\" \/>\n<script type=\"application\/ld+json\" class=\"yoast-schema-graph\">{\"@context\":\"https:\\\/\\\/schema.org\",\"@graph\":[{\"@type\":\"Article\",\"@id\":\"https:\\\/\\\/dana.com.br\\\/canaldana\\\/2023\\\/06\\\/19\\\/quase-50-dos-domicilios-tem-carro-no-brasil-25-possuem-moto\\\/#article\",\"isPartOf\":{\"@id\":\"https:\\\/\\\/dana.com.br\\\/canaldana\\\/2023\\\/06\\\/19\\\/quase-50-dos-domicilios-tem-carro-no-brasil-25-possuem-moto\\\/\"},\"author\":{\"name\":\"Canal Dana\",\"@id\":\"https:\\\/\\\/dana.com.br\\\/canaldana\\\/#\\\/schema\\\/person\\\/3c21f22f56fcf3bc46b94bc60ea4fef6\"},\"headline\":\"Quase 50% dos domic\u00edlios t\u00eam carro no Brasil; 25% possuem moto\",\"datePublished\":\"2023-06-19T12:07:00+00:00\",\"mainEntityOfPage\":{\"@id\":\"https:\\\/\\\/dana.com.br\\\/canaldana\\\/2023\\\/06\\\/19\\\/quase-50-dos-domicilios-tem-carro-no-brasil-25-possuem-moto\\\/\"},\"wordCount\":344,\"articleSection\":[\"Mercado\"],\"inLanguage\":\"pt-BR\"},{\"@type\":\"WebPage\",\"@id\":\"https:\\\/\\\/dana.com.br\\\/canaldana\\\/2023\\\/06\\\/19\\\/quase-50-dos-domicilios-tem-carro-no-brasil-25-possuem-moto\\\/\",\"url\":\"https:\\\/\\\/dana.com.br\\\/canaldana\\\/2023\\\/06\\\/19\\\/quase-50-dos-domicilios-tem-carro-no-brasil-25-possuem-moto\\\/\",\"name\":\"Quase 50% dos domic\u00edlios t\u00eam carro no Brasil; 25% possuem moto - Canal Dana\",\"isPartOf\":{\"@id\":\"https:\\\/\\\/dana.com.br\\\/canaldana\\\/#website\"},\"datePublished\":\"2023-06-19T12:07:00+00:00\",\"author\":{\"@id\":\"https:\\\/\\\/dana.com.br\\\/canaldana\\\/#\\\/schema\\\/person\\\/3c21f22f56fcf3bc46b94bc60ea4fef6\"},\"breadcrumb\":{\"@id\":\"https:\\\/\\\/dana.com.br\\\/canaldana\\\/2023\\\/06\\\/19\\\/quase-50-dos-domicilios-tem-carro-no-brasil-25-possuem-moto\\\/#breadcrumb\"},\"inLanguage\":\"pt-BR\",\"potentialAction\":[{\"@type\":\"ReadAction\",\"target\":[\"https:\\\/\\\/dana.com.br\\\/canaldana\\\/2023\\\/06\\\/19\\\/quase-50-dos-domicilios-tem-carro-no-brasil-25-possuem-moto\\\/\"]}]},{\"@type\":\"BreadcrumbList\",\"@id\":\"https:\\\/\\\/dana.com.br\\\/canaldana\\\/2023\\\/06\\\/19\\\/quase-50-dos-domicilios-tem-carro-no-brasil-25-possuem-moto\\\/#breadcrumb\",\"itemListElement\":[{\"@type\":\"ListItem\",\"position\":1,\"name\":\"Home\",\"item\":\"https:\\\/\\\/dana.com.br\\\/canaldana\\\/\"},{\"@type\":\"ListItem\",\"position\":2,\"name\":\"Mercado\",\"item\":\"https:\\\/\\\/dana.com.br\\\/canaldana\\\/mercado\\\/\"},{\"@type\":\"ListItem\",\"position\":3,\"name\":\"Quase 50% dos domic\u00edlios t\u00eam carro no Brasil; 25% possuem moto\"}]},{\"@type\":\"WebSite\",\"@id\":\"https:\\\/\\\/dana.com.br\\\/canaldana\\\/#website\",\"url\":\"https:\\\/\\\/dana.com.br\\\/canaldana\\\/\",\"name\":\"Canal Dana\",\"description\":\"Informativo com as principais not\u00edcias da ind\u00fastria automotiva\",\"potentialAction\":[{\"@type\":\"SearchAction\",\"target\":{\"@type\":\"EntryPoint\",\"urlTemplate\":\"https:\\\/\\\/dana.com.br\\\/canaldana\\\/?s={search_term_string}\"},\"query-input\":{\"@type\":\"PropertyValueSpecification\",\"valueRequired\":true,\"valueName\":\"search_term_string\"}}],\"inLanguage\":\"pt-BR\"},{\"@type\":\"Person\",\"@id\":\"https:\\\/\\\/dana.com.br\\\/canaldana\\\/#\\\/schema\\\/person\\\/3c21f22f56fcf3bc46b94bc60ea4fef6\",\"name\":\"Canal Dana\",\"image\":{\"@type\":\"ImageObject\",\"inLanguage\":\"pt-BR\",\"@id\":\"https:\\\/\\\/secure.gravatar.com\\\/avatar\\\/420aaf9278582877d9018637c6817617705899d2858d7572ef0fe59a6b6454b4?s=96&d=mm&r=g\",\"url\":\"https:\\\/\\\/secure.gravatar.com\\\/avatar\\\/420aaf9278582877d9018637c6817617705899d2858d7572ef0fe59a6b6454b4?s=96&d=mm&r=g\",\"contentUrl\":\"https:\\\/\\\/secure.gravatar.com\\\/avatar\\\/420aaf9278582877d9018637c6817617705899d2858d7572ef0fe59a6b6454b4?s=96&d=mm&r=g\",\"caption\":\"Canal Dana\"},\"url\":\"https:\\\/\\\/dana.com.br\\\/canaldana\\\/author\\\/cdeditor\\\/\"}]}<\/script>\n<!-- \/ Yoast SEO plugin. -->","yoast_head_json":{"title":"Quase 50% dos domic\u00edlios t\u00eam carro no Brasil; 25% possuem moto - Canal Dana","robots":{"index":"index","follow":"follow","max-snippet":"max-snippet:-1","max-image-preview":"max-image-preview:large","max-video-preview":"max-video-preview:-1"},"canonical":"https:\/\/dana.com.br\/canaldana\/2023\/06\/19\/quase-50-dos-domicilios-tem-carro-no-brasil-25-possuem-moto\/","og_locale":"pt_BR","og_type":"article","og_title":"Quase 50% dos domic\u00edlios t\u00eam carro no Brasil; 25% possuem moto - Canal Dana","og_description":"Portal da Autope\u00e7as &nbsp; Os carros est\u00e3o presentes em quase metade dos domic\u00edlios brasileiros, enquanto as motocicletas fazem parte da rotina de um quarto dos lares no pa\u00eds. &nbsp; As conclus\u00f5es s\u00e3o de uma pesquisa divulgada nesta \u00faltima sexta-feira (16) pelo IBGE (Instituto Brasileiro de Geografia e Estat\u00edstica). &nbsp; Em termos absolutos, o n\u00famero de\u2026 Leia mais \u00bb","og_url":"https:\/\/dana.com.br\/canaldana\/2023\/06\/19\/quase-50-dos-domicilios-tem-carro-no-brasil-25-possuem-moto\/","og_site_name":"Canal Dana","article_published_time":"2023-06-19T12:07:00+00:00","author":"Canal Dana","twitter_card":"summary_large_image","twitter_misc":{"Escrito por":"Canal Dana","Est. tempo de leitura":"2 minutos"},"schema":{"@context":"https:\/\/schema.org","@graph":[{"@type":"Article","@id":"https:\/\/dana.com.br\/canaldana\/2023\/06\/19\/quase-50-dos-domicilios-tem-carro-no-brasil-25-possuem-moto\/#article","isPartOf":{"@id":"https:\/\/dana.com.br\/canaldana\/2023\/06\/19\/quase-50-dos-domicilios-tem-carro-no-brasil-25-possuem-moto\/"},"author":{"name":"Canal Dana","@id":"https:\/\/dana.com.br\/canaldana\/#\/schema\/person\/3c21f22f56fcf3bc46b94bc60ea4fef6"},"headline":"Quase 50% dos domic\u00edlios t\u00eam carro no Brasil; 25% possuem moto","datePublished":"2023-06-19T12:07:00+00:00","mainEntityOfPage":{"@id":"https:\/\/dana.com.br\/canaldana\/2023\/06\/19\/quase-50-dos-domicilios-tem-carro-no-brasil-25-possuem-moto\/"},"wordCount":344,"articleSection":["Mercado"],"inLanguage":"pt-BR"},{"@type":"WebPage","@id":"https:\/\/dana.com.br\/canaldana\/2023\/06\/19\/quase-50-dos-domicilios-tem-carro-no-brasil-25-possuem-moto\/","url":"https:\/\/dana.com.br\/canaldana\/2023\/06\/19\/quase-50-dos-domicilios-tem-carro-no-brasil-25-possuem-moto\/","name":"Quase 50% dos domic\u00edlios t\u00eam carro no Brasil; 25% possuem moto - Canal Dana","isPartOf":{"@id":"https:\/\/dana.com.br\/canaldana\/#website"},"datePublished":"2023-06-19T12:07:00+00:00","author":{"@id":"https:\/\/dana.com.br\/canaldana\/#\/schema\/person\/3c21f22f56fcf3bc46b94bc60ea4fef6"},"breadcrumb":{"@id":"https:\/\/dana.com.br\/canaldana\/2023\/06\/19\/quase-50-dos-domicilios-tem-carro-no-brasil-25-possuem-moto\/#breadcrumb"},"inLanguage":"pt-BR","potentialAction":[{"@type":"ReadAction","target":["https:\/\/dana.com.br\/canaldana\/2023\/06\/19\/quase-50-dos-domicilios-tem-carro-no-brasil-25-possuem-moto\/"]}]},{"@type":"BreadcrumbList","@id":"https:\/\/dana.com.br\/canaldana\/2023\/06\/19\/quase-50-dos-domicilios-tem-carro-no-brasil-25-possuem-moto\/#breadcrumb","itemListElement":[{"@type":"ListItem","position":1,"name":"Home","item":"https:\/\/dana.com.br\/canaldana\/"},{"@type":"ListItem","position":2,"name":"Mercado","item":"https:\/\/dana.com.br\/canaldana\/mercado\/"},{"@type":"ListItem","position":3,"name":"Quase 50% dos domic\u00edlios t\u00eam carro no Brasil; 25% possuem moto"}]},{"@type":"WebSite","@id":"https:\/\/dana.com.br\/canaldana\/#website","url":"https:\/\/dana.com.br\/canaldana\/","name":"Canal Dana","description":"Informativo com as principais not\u00edcias da ind\u00fastria automotiva","potentialAction":[{"@type":"SearchAction","target":{"@type":"EntryPoint","urlTemplate":"https:\/\/dana.com.br\/canaldana\/?s={search_term_string}"},"query-input":{"@type":"PropertyValueSpecification","valueRequired":true,"valueName":"search_term_string"}}],"inLanguage":"pt-BR"},{"@type":"Person","@id":"https:\/\/dana.com.br\/canaldana\/#\/schema\/person\/3c21f22f56fcf3bc46b94bc60ea4fef6","name":"Canal Dana","image":{"@type":"ImageObject","inLanguage":"pt-BR","@id":"https:\/\/secure.gravatar.com\/avatar\/420aaf9278582877d9018637c6817617705899d2858d7572ef0fe59a6b6454b4?s=96&d=mm&r=g","url":"https:\/\/secure.gravatar.com\/avatar\/420aaf9278582877d9018637c6817617705899d2858d7572ef0fe59a6b6454b4?s=96&d=mm&r=g","contentUrl":"https:\/\/secure.gravatar.com\/avatar\/420aaf9278582877d9018637c6817617705899d2858d7572ef0fe59a6b6454b4?s=96&d=mm&r=g","caption":"Canal Dana"},"url":"https:\/\/dana.com.br\/canaldana\/author\/cdeditor\/"}]}},"_links":{"self":[{"href":"https:\/\/dana.com.br\/canaldana\/wp-json\/wp\/v2\/posts\/66347","targetHints":{"allow":["GET"]}}],"collection":[{"href":"https:\/\/dana.com.br\/canaldana\/wp-json\/wp\/v2\/posts"}],"about":[{"href":"https:\/\/dana.com.br\/canaldana\/wp-json\/wp\/v2\/types\/post"}],"author":[{"embeddable":true,"href":"https:\/\/dana.com.br\/canaldana\/wp-json\/wp\/v2\/users\/3"}],"replies":[{"embeddable":true,"href":"https:\/\/dana.com.br\/canaldana\/wp-json\/wp\/v2\/comments?post=66347"}],"version-history":[{"count":0,"href":"https:\/\/dana.com.br\/canaldana\/wp-json\/wp\/v2\/posts\/66347\/revisions"}],"wp:attachment":[{"href":"https:\/\/dana.com.br\/canaldana\/wp-json\/wp\/v2\/media?parent=66347"}],"wp:term":[{"taxonomy":"category","embeddable":true,"href":"https:\/\/dana.com.br\/canaldana\/wp-json\/wp\/v2\/categories?post=66347"},{"taxonomy":"post_tag","embeddable":true,"href":"https:\/\/dana.com.br\/canaldana\/wp-json\/wp\/v2\/tags?post=66347"}],"curies":[{"name":"wp","href":"https:\/\/api.w.org\/{rel}","templated":true}]}}