{"id":66345,"date":"2023-06-19T09:06:16","date_gmt":"2023-06-19T12:06:16","guid":{"rendered":"https:\/\/dana.com.br\/canaldana\/?p=66345"},"modified":"2023-06-19T09:06:16","modified_gmt":"2023-06-19T12:06:16","slug":"volkswagen-t-cross-dispara-e-e-o-carro-mais-vendido-na-1a-quinzena-de-junho","status":"publish","type":"post","link":"https:\/\/dana.com.br\/canaldana\/2023\/06\/19\/volkswagen-t-cross-dispara-e-e-o-carro-mais-vendido-na-1a-quinzena-de-junho\/","title":{"rendered":"Volkswagen T-Cross dispara e \u00e9 o carro mais vendido na 1\u00aa quinzena de junho"},"content":{"rendered":"<p><em>Motor 1 <\/em><\/p>\n<p>&nbsp;<\/p>\n<p>O ranking de modelos preferidos do consumidor brasileiro na 1\u00aa quinzena de junho mostra uma incomum dan\u00e7a das cadeiras na disputa pelas primeiras coloca\u00e7\u00f5es. De acordo com os n\u00fameros oficiais de emplacamentos divulgados pela Fenabrave at\u00e9 ontem (15\/06), a lideran\u00e7a da Fiat Strada (3.671) n\u00e3o \u00e9 nenhuma novidade, mas da 2\u00aa posi\u00e7\u00e3o em diante temos v\u00e1rias altera\u00e7\u00f5es.<\/p>\n<p>&nbsp;<\/p>\n<p>8\u00ba colocado na 1\u00aa parcial de maio, o Volkswagen T-Cross (2.609) aparece em 2\u00ba neste in\u00edcio de m\u00eas, com outro VW \u2013 o Polo (2.352) \u2013 completando o p\u00f3dio. Da 4\u00aa \u00e0 6\u00aa posi\u00e7\u00f5es, h\u00e1 uma disputa acirrada entre SUVs, com o Chevrolet Tracker (2.289) pouco \u00e0 frente do Honda HR-V (2.214) e do Hyundai Creta (2.178). P\u00f3dio nos meses anteriores, o Chevrolet Onix (1.895) por enquanto \u00e9 o 7\u00ba colocado.<\/p>\n<p>&nbsp;<\/p>\n<p>Al\u00e9m da l\u00edder Strada, o segmento de picapes tem outras duas representantes no top 10: a Fiat Toro (1.825) e a Toyota Hilux (1.775), 8\u00aa e 9\u00aa colocadas, respectivamente. A marca japonesa ainda emplaca o Corolla Cross (1.771) em 10\u00ba) e o Corolla (1.734) logo na sequ\u00eancia, este \u00faltimo como o sed\u00e3 mais bem posicionado da lista.<\/p>\n<p>&nbsp;<\/p>\n<p>Modelos que costumam aparecer entre os primeiros colocados ainda n\u00e3o engrenaram em junho: o Jeep Compass (1.446) surge na 14\u00aa coloca\u00e7\u00e3o, o Chevrolet Onix Plus (1.366) vem na sequ\u00eancia e o Hyundai HB20 (1.071) \u00e9 apenas o 19\u00ba &#8211; ainda pior, o Fiat Argo (956) s\u00f3 aparece em 23\u00ba. At\u00e9 o fim do m\u00eas ainda deveremos ter muitas mudan\u00e7as na ordem dos principais modelos em fun\u00e7\u00e3o dos incentivos do Governo Federal. (Motor 1\/Thiago Par\u00edsio)<\/p>\n","protected":false},"excerpt":{"rendered":"<p>Motor 1 &nbsp; O ranking de modelos preferidos do consumidor brasileiro na 1\u00aa quinzena de junho mostra uma incomum dan\u00e7a das cadeiras na disputa pelas primeiras coloca\u00e7\u00f5es. De acordo com os n\u00fameros oficiais de emplacamentos divulgados pela Fenabrave at\u00e9 ontem (15\/06), a lideran\u00e7a da Fiat Strada (3.671) n\u00e3o \u00e9 nenhuma novidade, mas da 2\u00aa posi\u00e7\u00e3o\u2026 <a class=\"readmore\" href=\"https:\/\/dana.com.br\/canaldana\/2023\/06\/19\/volkswagen-t-cross-dispara-e-e-o-carro-mais-vendido-na-1a-quinzena-de-junho\/\">Leia mais \u00bb<\/a><\/p>\n","protected":false},"author":3,"featured_media":0,"comment_status":"closed","ping_status":"closed","sticky":false,"template":"","format":"standard","meta":{"_acf_changed":false,"footnotes":""},"categories":[79],"tags":[],"class_list":["post-66345","post","type-post","status-publish","format-standard","hentry","category-mercado"],"acf":[],"yoast_head":"<!-- This site is optimized with the Yoast SEO plugin v27.3 - https:\/\/yoast.com\/product\/yoast-seo-wordpress\/ -->\n<title>Volkswagen T-Cross dispara e \u00e9 o carro mais vendido na 1\u00aa quinzena de junho - Canal Dana<\/title>\n<meta name=\"robots\" content=\"index, follow, max-snippet:-1, max-image-preview:large, max-video-preview:-1\" \/>\n<link rel=\"canonical\" href=\"https:\/\/dana.com.br\/canaldana\/2023\/06\/19\/volkswagen-t-cross-dispara-e-e-o-carro-mais-vendido-na-1a-quinzena-de-junho\/\" \/>\n<meta property=\"og:locale\" content=\"pt_BR\" \/>\n<meta property=\"og:type\" content=\"article\" \/>\n<meta property=\"og:title\" content=\"Volkswagen T-Cross dispara e \u00e9 o carro mais vendido na 1\u00aa quinzena de junho - Canal Dana\" \/>\n<meta property=\"og:description\" content=\"Motor 1 &nbsp; O ranking de modelos preferidos do consumidor brasileiro na 1\u00aa quinzena de junho mostra uma incomum dan\u00e7a das cadeiras na disputa pelas primeiras coloca\u00e7\u00f5es. De acordo com os n\u00fameros oficiais de emplacamentos divulgados pela Fenabrave at\u00e9 ontem (15\/06), a lideran\u00e7a da Fiat Strada (3.671) n\u00e3o \u00e9 nenhuma novidade, mas da 2\u00aa posi\u00e7\u00e3o\u2026 Leia mais \u00bb\" \/>\n<meta property=\"og:url\" content=\"https:\/\/dana.com.br\/canaldana\/2023\/06\/19\/volkswagen-t-cross-dispara-e-e-o-carro-mais-vendido-na-1a-quinzena-de-junho\/\" \/>\n<meta property=\"og:site_name\" content=\"Canal Dana\" \/>\n<meta property=\"article:published_time\" content=\"2023-06-19T12:06:16+00:00\" \/>\n<meta name=\"author\" content=\"Canal Dana\" \/>\n<meta name=\"twitter:card\" content=\"summary_large_image\" \/>\n<meta name=\"twitter:label1\" content=\"Escrito por\" \/>\n\t<meta name=\"twitter:data1\" content=\"Canal Dana\" \/>\n\t<meta name=\"twitter:label2\" content=\"Est. tempo de leitura\" \/>\n\t<meta name=\"twitter:data2\" content=\"2 minutos\" \/>\n<script type=\"application\/ld+json\" class=\"yoast-schema-graph\">{\"@context\":\"https:\\\/\\\/schema.org\",\"@graph\":[{\"@type\":\"Article\",\"@id\":\"https:\\\/\\\/dana.com.br\\\/canaldana\\\/2023\\\/06\\\/19\\\/volkswagen-t-cross-dispara-e-e-o-carro-mais-vendido-na-1a-quinzena-de-junho\\\/#article\",\"isPartOf\":{\"@id\":\"https:\\\/\\\/dana.com.br\\\/canaldana\\\/2023\\\/06\\\/19\\\/volkswagen-t-cross-dispara-e-e-o-carro-mais-vendido-na-1a-quinzena-de-junho\\\/\"},\"author\":{\"name\":\"Canal Dana\",\"@id\":\"https:\\\/\\\/dana.com.br\\\/canaldana\\\/#\\\/schema\\\/person\\\/3c21f22f56fcf3bc46b94bc60ea4fef6\"},\"headline\":\"Volkswagen T-Cross dispara e \u00e9 o carro mais vendido na 1\u00aa quinzena de junho\",\"datePublished\":\"2023-06-19T12:06:16+00:00\",\"mainEntityOfPage\":{\"@id\":\"https:\\\/\\\/dana.com.br\\\/canaldana\\\/2023\\\/06\\\/19\\\/volkswagen-t-cross-dispara-e-e-o-carro-mais-vendido-na-1a-quinzena-de-junho\\\/\"},\"wordCount\":261,\"articleSection\":[\"Mercado\"],\"inLanguage\":\"pt-BR\"},{\"@type\":\"WebPage\",\"@id\":\"https:\\\/\\\/dana.com.br\\\/canaldana\\\/2023\\\/06\\\/19\\\/volkswagen-t-cross-dispara-e-e-o-carro-mais-vendido-na-1a-quinzena-de-junho\\\/\",\"url\":\"https:\\\/\\\/dana.com.br\\\/canaldana\\\/2023\\\/06\\\/19\\\/volkswagen-t-cross-dispara-e-e-o-carro-mais-vendido-na-1a-quinzena-de-junho\\\/\",\"name\":\"Volkswagen T-Cross dispara e \u00e9 o carro mais vendido na 1\u00aa quinzena de junho - Canal Dana\",\"isPartOf\":{\"@id\":\"https:\\\/\\\/dana.com.br\\\/canaldana\\\/#website\"},\"datePublished\":\"2023-06-19T12:06:16+00:00\",\"author\":{\"@id\":\"https:\\\/\\\/dana.com.br\\\/canaldana\\\/#\\\/schema\\\/person\\\/3c21f22f56fcf3bc46b94bc60ea4fef6\"},\"breadcrumb\":{\"@id\":\"https:\\\/\\\/dana.com.br\\\/canaldana\\\/2023\\\/06\\\/19\\\/volkswagen-t-cross-dispara-e-e-o-carro-mais-vendido-na-1a-quinzena-de-junho\\\/#breadcrumb\"},\"inLanguage\":\"pt-BR\",\"potentialAction\":[{\"@type\":\"ReadAction\",\"target\":[\"https:\\\/\\\/dana.com.br\\\/canaldana\\\/2023\\\/06\\\/19\\\/volkswagen-t-cross-dispara-e-e-o-carro-mais-vendido-na-1a-quinzena-de-junho\\\/\"]}]},{\"@type\":\"BreadcrumbList\",\"@id\":\"https:\\\/\\\/dana.com.br\\\/canaldana\\\/2023\\\/06\\\/19\\\/volkswagen-t-cross-dispara-e-e-o-carro-mais-vendido-na-1a-quinzena-de-junho\\\/#breadcrumb\",\"itemListElement\":[{\"@type\":\"ListItem\",\"position\":1,\"name\":\"Home\",\"item\":\"https:\\\/\\\/dana.com.br\\\/canaldana\\\/\"},{\"@type\":\"ListItem\",\"position\":2,\"name\":\"Mercado\",\"item\":\"https:\\\/\\\/dana.com.br\\\/canaldana\\\/mercado\\\/\"},{\"@type\":\"ListItem\",\"position\":3,\"name\":\"Volkswagen T-Cross dispara e \u00e9 o carro mais vendido na 1\u00aa quinzena de junho\"}]},{\"@type\":\"WebSite\",\"@id\":\"https:\\\/\\\/dana.com.br\\\/canaldana\\\/#website\",\"url\":\"https:\\\/\\\/dana.com.br\\\/canaldana\\\/\",\"name\":\"Canal Dana\",\"description\":\"Informativo com as principais not\u00edcias da ind\u00fastria automotiva\",\"potentialAction\":[{\"@type\":\"SearchAction\",\"target\":{\"@type\":\"EntryPoint\",\"urlTemplate\":\"https:\\\/\\\/dana.com.br\\\/canaldana\\\/?s={search_term_string}\"},\"query-input\":{\"@type\":\"PropertyValueSpecification\",\"valueRequired\":true,\"valueName\":\"search_term_string\"}}],\"inLanguage\":\"pt-BR\"},{\"@type\":\"Person\",\"@id\":\"https:\\\/\\\/dana.com.br\\\/canaldana\\\/#\\\/schema\\\/person\\\/3c21f22f56fcf3bc46b94bc60ea4fef6\",\"name\":\"Canal Dana\",\"image\":{\"@type\":\"ImageObject\",\"inLanguage\":\"pt-BR\",\"@id\":\"https:\\\/\\\/secure.gravatar.com\\\/avatar\\\/420aaf9278582877d9018637c6817617705899d2858d7572ef0fe59a6b6454b4?s=96&d=mm&r=g\",\"url\":\"https:\\\/\\\/secure.gravatar.com\\\/avatar\\\/420aaf9278582877d9018637c6817617705899d2858d7572ef0fe59a6b6454b4?s=96&d=mm&r=g\",\"contentUrl\":\"https:\\\/\\\/secure.gravatar.com\\\/avatar\\\/420aaf9278582877d9018637c6817617705899d2858d7572ef0fe59a6b6454b4?s=96&d=mm&r=g\",\"caption\":\"Canal Dana\"},\"url\":\"https:\\\/\\\/dana.com.br\\\/canaldana\\\/author\\\/cdeditor\\\/\"}]}<\/script>\n<!-- \/ Yoast SEO plugin. -->","yoast_head_json":{"title":"Volkswagen T-Cross dispara e \u00e9 o carro mais vendido na 1\u00aa quinzena de junho - Canal Dana","robots":{"index":"index","follow":"follow","max-snippet":"max-snippet:-1","max-image-preview":"max-image-preview:large","max-video-preview":"max-video-preview:-1"},"canonical":"https:\/\/dana.com.br\/canaldana\/2023\/06\/19\/volkswagen-t-cross-dispara-e-e-o-carro-mais-vendido-na-1a-quinzena-de-junho\/","og_locale":"pt_BR","og_type":"article","og_title":"Volkswagen T-Cross dispara e \u00e9 o carro mais vendido na 1\u00aa quinzena de junho - Canal Dana","og_description":"Motor 1 &nbsp; O ranking de modelos preferidos do consumidor brasileiro na 1\u00aa quinzena de junho mostra uma incomum dan\u00e7a das cadeiras na disputa pelas primeiras coloca\u00e7\u00f5es. De acordo com os n\u00fameros oficiais de emplacamentos divulgados pela Fenabrave at\u00e9 ontem (15\/06), a lideran\u00e7a da Fiat Strada (3.671) n\u00e3o \u00e9 nenhuma novidade, mas da 2\u00aa posi\u00e7\u00e3o\u2026 Leia mais \u00bb","og_url":"https:\/\/dana.com.br\/canaldana\/2023\/06\/19\/volkswagen-t-cross-dispara-e-e-o-carro-mais-vendido-na-1a-quinzena-de-junho\/","og_site_name":"Canal Dana","article_published_time":"2023-06-19T12:06:16+00:00","author":"Canal Dana","twitter_card":"summary_large_image","twitter_misc":{"Escrito por":"Canal Dana","Est. tempo de leitura":"2 minutos"},"schema":{"@context":"https:\/\/schema.org","@graph":[{"@type":"Article","@id":"https:\/\/dana.com.br\/canaldana\/2023\/06\/19\/volkswagen-t-cross-dispara-e-e-o-carro-mais-vendido-na-1a-quinzena-de-junho\/#article","isPartOf":{"@id":"https:\/\/dana.com.br\/canaldana\/2023\/06\/19\/volkswagen-t-cross-dispara-e-e-o-carro-mais-vendido-na-1a-quinzena-de-junho\/"},"author":{"name":"Canal Dana","@id":"https:\/\/dana.com.br\/canaldana\/#\/schema\/person\/3c21f22f56fcf3bc46b94bc60ea4fef6"},"headline":"Volkswagen T-Cross dispara e \u00e9 o carro mais vendido na 1\u00aa quinzena de junho","datePublished":"2023-06-19T12:06:16+00:00","mainEntityOfPage":{"@id":"https:\/\/dana.com.br\/canaldana\/2023\/06\/19\/volkswagen-t-cross-dispara-e-e-o-carro-mais-vendido-na-1a-quinzena-de-junho\/"},"wordCount":261,"articleSection":["Mercado"],"inLanguage":"pt-BR"},{"@type":"WebPage","@id":"https:\/\/dana.com.br\/canaldana\/2023\/06\/19\/volkswagen-t-cross-dispara-e-e-o-carro-mais-vendido-na-1a-quinzena-de-junho\/","url":"https:\/\/dana.com.br\/canaldana\/2023\/06\/19\/volkswagen-t-cross-dispara-e-e-o-carro-mais-vendido-na-1a-quinzena-de-junho\/","name":"Volkswagen T-Cross dispara e \u00e9 o carro mais vendido na 1\u00aa quinzena de junho - Canal Dana","isPartOf":{"@id":"https:\/\/dana.com.br\/canaldana\/#website"},"datePublished":"2023-06-19T12:06:16+00:00","author":{"@id":"https:\/\/dana.com.br\/canaldana\/#\/schema\/person\/3c21f22f56fcf3bc46b94bc60ea4fef6"},"breadcrumb":{"@id":"https:\/\/dana.com.br\/canaldana\/2023\/06\/19\/volkswagen-t-cross-dispara-e-e-o-carro-mais-vendido-na-1a-quinzena-de-junho\/#breadcrumb"},"inLanguage":"pt-BR","potentialAction":[{"@type":"ReadAction","target":["https:\/\/dana.com.br\/canaldana\/2023\/06\/19\/volkswagen-t-cross-dispara-e-e-o-carro-mais-vendido-na-1a-quinzena-de-junho\/"]}]},{"@type":"BreadcrumbList","@id":"https:\/\/dana.com.br\/canaldana\/2023\/06\/19\/volkswagen-t-cross-dispara-e-e-o-carro-mais-vendido-na-1a-quinzena-de-junho\/#breadcrumb","itemListElement":[{"@type":"ListItem","position":1,"name":"Home","item":"https:\/\/dana.com.br\/canaldana\/"},{"@type":"ListItem","position":2,"name":"Mercado","item":"https:\/\/dana.com.br\/canaldana\/mercado\/"},{"@type":"ListItem","position":3,"name":"Volkswagen T-Cross dispara e \u00e9 o carro mais vendido na 1\u00aa quinzena de junho"}]},{"@type":"WebSite","@id":"https:\/\/dana.com.br\/canaldana\/#website","url":"https:\/\/dana.com.br\/canaldana\/","name":"Canal Dana","description":"Informativo com as principais not\u00edcias da ind\u00fastria automotiva","potentialAction":[{"@type":"SearchAction","target":{"@type":"EntryPoint","urlTemplate":"https:\/\/dana.com.br\/canaldana\/?s={search_term_string}"},"query-input":{"@type":"PropertyValueSpecification","valueRequired":true,"valueName":"search_term_string"}}],"inLanguage":"pt-BR"},{"@type":"Person","@id":"https:\/\/dana.com.br\/canaldana\/#\/schema\/person\/3c21f22f56fcf3bc46b94bc60ea4fef6","name":"Canal Dana","image":{"@type":"ImageObject","inLanguage":"pt-BR","@id":"https:\/\/secure.gravatar.com\/avatar\/420aaf9278582877d9018637c6817617705899d2858d7572ef0fe59a6b6454b4?s=96&d=mm&r=g","url":"https:\/\/secure.gravatar.com\/avatar\/420aaf9278582877d9018637c6817617705899d2858d7572ef0fe59a6b6454b4?s=96&d=mm&r=g","contentUrl":"https:\/\/secure.gravatar.com\/avatar\/420aaf9278582877d9018637c6817617705899d2858d7572ef0fe59a6b6454b4?s=96&d=mm&r=g","caption":"Canal Dana"},"url":"https:\/\/dana.com.br\/canaldana\/author\/cdeditor\/"}]}},"_links":{"self":[{"href":"https:\/\/dana.com.br\/canaldana\/wp-json\/wp\/v2\/posts\/66345","targetHints":{"allow":["GET"]}}],"collection":[{"href":"https:\/\/dana.com.br\/canaldana\/wp-json\/wp\/v2\/posts"}],"about":[{"href":"https:\/\/dana.com.br\/canaldana\/wp-json\/wp\/v2\/types\/post"}],"author":[{"embeddable":true,"href":"https:\/\/dana.com.br\/canaldana\/wp-json\/wp\/v2\/users\/3"}],"replies":[{"embeddable":true,"href":"https:\/\/dana.com.br\/canaldana\/wp-json\/wp\/v2\/comments?post=66345"}],"version-history":[{"count":0,"href":"https:\/\/dana.com.br\/canaldana\/wp-json\/wp\/v2\/posts\/66345\/revisions"}],"wp:attachment":[{"href":"https:\/\/dana.com.br\/canaldana\/wp-json\/wp\/v2\/media?parent=66345"}],"wp:term":[{"taxonomy":"category","embeddable":true,"href":"https:\/\/dana.com.br\/canaldana\/wp-json\/wp\/v2\/categories?post=66345"},{"taxonomy":"post_tag","embeddable":true,"href":"https:\/\/dana.com.br\/canaldana\/wp-json\/wp\/v2\/tags?post=66345"}],"curies":[{"name":"wp","href":"https:\/\/api.w.org\/{rel}","templated":true}]}}