{"id":6529,"date":"2016-03-03T08:30:27","date_gmt":"2016-03-03T11:30:27","guid":{"rendered":"http:\/\/dana.com.br\/canaldana\/?p=6529"},"modified":"2016-03-03T08:30:27","modified_gmt":"2016-03-03T11:30:27","slug":"com-retoque-no-visual-e-motor-1-2-peugeot-2008-e-apresentado-em-genebra","status":"publish","type":"post","link":"https:\/\/dana.com.br\/canaldana\/2016\/03\/03\/com-retoque-no-visual-e-motor-1-2-peugeot-2008-e-apresentado-em-genebra\/","title":{"rendered":"Com retoque no visual e motor 1.2, Peugeot 2008 \u00e9 apresentado em Genebra"},"content":{"rendered":"<p><em>Carplace<\/em><\/p>\n<p>&nbsp;<\/p>\n<p>Lan\u00e7ado em maio de 2013 na Europa, o Peugeot 2008 modelo 2017 \u00e9 apresentado no Sal\u00e3o de Genebra com sua primeira reestiliza\u00e7\u00e3o. Com mudan\u00e7as bem sutis no visual, as principais novidades ficam mesmo por conta do novo motor e da in\u00e9dita vers\u00e3o GT Line.<\/p>\n<p>&nbsp;<\/p>\n<p>Em termos de visual, as principais mudan\u00e7as est\u00e3o na parte dianteira: grade frontal com detalhes cromados, far\u00f3is escurecidos e para-choque com base mais alta. Na traseira, mudam apenas as lanternas, agora escurecidas. Saias laterais e rodas tamb\u00e9m recebem pequenas modifica\u00e7\u00f5es. No interior, a novidade \u00e9 a nova central multim\u00eddia com os sistemas MirrorLink e Apple CarPlay.<\/p>\n<p>&nbsp;<\/p>\n<p>A in\u00e9dita vers\u00e3o GT Line adiciona rodas de liga leve aro 17?, emblemas alusivos e interior personalizado em preto com detalhes em vermelho.<\/p>\n<p>&nbsp;<\/p>\n<p>Mas o principal atrativo do 2008 2017 \u00e9 a nova gama de motores, composta pelo propulsor 1.2 tr\u00eas cilindros em tr\u00eas vers\u00f5es. Veja detalhes abaixo:<\/p>\n<p>&nbsp;<\/p>\n<p><strong>Gasolina<\/strong><\/p>\n<p>1.2L PureTech 82 cv, manual de 5 marchas<\/p>\n<p>1.2L PureTech 82 cv, automatizado de 5 marchas<\/p>\n<p>1.2L PureTech 110 cv (Start\/Stop), manual de cinco marchas 5-speed manual gearbox<\/p>\n<p>1.2L PureTech 110 cv (Start\/Stop), autom\u00e1tico de 6 velocidades (EAT6)<\/p>\n<p>1.2L PureTech 130 cv (Start\/Stop), manual de 6 marchas<\/p>\n<p>&nbsp;<\/p>\n<p><strong>Diesel<\/strong><\/p>\n<p>1.6L BlueHDi 75 cv, manual de 5 marchas<\/p>\n<p>1.6L BlueHDi 100 cv, manual de 5 marchas<\/p>\n<p>1.6L BlueHDi 120 cv (Start\/Stop), manual de 6 marchas<\/p>\n<p>&nbsp;<\/p>\n<p>Diferente do Brasil, onde as vendas do 2008 s\u00e3o modestas perante os rivais, na Europa ele \u00e9 um ve\u00edculo importante para Peugeot e bastante popular: j\u00e1 emplacou mais de 500.000 unidades desde o lan\u00e7amento. Por aqui, a reestiliza\u00e7\u00e3o ainda deve demorar, afinal, o modelo foi lan\u00e7ado no ano passado. (Carplace)<\/p>\n","protected":false},"excerpt":{"rendered":"<p>Carplace &nbsp; Lan\u00e7ado em maio de 2013 na Europa, o Peugeot 2008 modelo 2017 \u00e9 apresentado no Sal\u00e3o de Genebra com sua primeira reestiliza\u00e7\u00e3o. Com mudan\u00e7as bem sutis no visual, as principais novidades ficam mesmo por conta do novo motor e da in\u00e9dita vers\u00e3o GT Line. &nbsp; Em termos de visual, as principais mudan\u00e7as est\u00e3o\u2026 <a class=\"readmore\" href=\"https:\/\/dana.com.br\/canaldana\/2016\/03\/03\/com-retoque-no-visual-e-motor-1-2-peugeot-2008-e-apresentado-em-genebra\/\">Leia mais \u00bb<\/a><\/p>\n","protected":false},"author":3,"featured_media":0,"comment_status":"closed","ping_status":"closed","sticky":false,"template":"","format":"standard","meta":{"_acf_changed":false,"footnotes":""},"categories":[70],"tags":[],"class_list":["post-6529","post","type-post","status-publish","format-standard","hentry","category-salao-de-genebra"],"acf":[],"yoast_head":"<!-- This site is optimized with the Yoast SEO plugin v27.5 - https:\/\/yoast.com\/product\/yoast-seo-wordpress\/ -->\n<title>Com retoque no visual e motor 1.2, Peugeot 2008 \u00e9 apresentado em Genebra - Canal Dana<\/title>\n<meta name=\"robots\" content=\"index, follow, max-snippet:-1, max-image-preview:large, max-video-preview:-1\" \/>\n<link rel=\"canonical\" href=\"https:\/\/dana.com.br\/canaldana\/2016\/03\/03\/com-retoque-no-visual-e-motor-1-2-peugeot-2008-e-apresentado-em-genebra\/\" \/>\n<meta property=\"og:locale\" content=\"pt_BR\" \/>\n<meta property=\"og:type\" content=\"article\" \/>\n<meta property=\"og:title\" content=\"Com retoque no visual e motor 1.2, Peugeot 2008 \u00e9 apresentado em Genebra - Canal Dana\" \/>\n<meta property=\"og:description\" content=\"Carplace &nbsp; Lan\u00e7ado em maio de 2013 na Europa, o Peugeot 2008 modelo 2017 \u00e9 apresentado no Sal\u00e3o de Genebra com sua primeira reestiliza\u00e7\u00e3o. Com mudan\u00e7as bem sutis no visual, as principais novidades ficam mesmo por conta do novo motor e da in\u00e9dita vers\u00e3o GT Line. &nbsp; Em termos de visual, as principais mudan\u00e7as est\u00e3o\u2026 Leia mais \u00bb\" \/>\n<meta property=\"og:url\" content=\"https:\/\/dana.com.br\/canaldana\/2016\/03\/03\/com-retoque-no-visual-e-motor-1-2-peugeot-2008-e-apresentado-em-genebra\/\" \/>\n<meta property=\"og:site_name\" content=\"Canal Dana\" \/>\n<meta property=\"article:published_time\" content=\"2016-03-03T11:30:27+00:00\" \/>\n<meta name=\"author\" content=\"Canal Dana\" \/>\n<meta name=\"twitter:card\" content=\"summary_large_image\" \/>\n<meta name=\"twitter:label1\" content=\"Escrito por\" \/>\n\t<meta name=\"twitter:data1\" content=\"Canal Dana\" \/>\n\t<meta name=\"twitter:label2\" content=\"Est. tempo de leitura\" \/>\n\t<meta name=\"twitter:data2\" content=\"1 minuto\" \/>\n<script type=\"application\/ld+json\" class=\"yoast-schema-graph\">{\"@context\":\"https:\\\/\\\/schema.org\",\"@graph\":[{\"@type\":\"Article\",\"@id\":\"https:\\\/\\\/dana.com.br\\\/canaldana\\\/2016\\\/03\\\/03\\\/com-retoque-no-visual-e-motor-1-2-peugeot-2008-e-apresentado-em-genebra\\\/#article\",\"isPartOf\":{\"@id\":\"https:\\\/\\\/dana.com.br\\\/canaldana\\\/2016\\\/03\\\/03\\\/com-retoque-no-visual-e-motor-1-2-peugeot-2008-e-apresentado-em-genebra\\\/\"},\"author\":{\"name\":\"Canal Dana\",\"@id\":\"https:\\\/\\\/dana.com.br\\\/canaldana\\\/#\\\/schema\\\/person\\\/3c21f22f56fcf3bc46b94bc60ea4fef6\"},\"headline\":\"Com retoque no visual e motor 1.2, Peugeot 2008 \u00e9 apresentado em Genebra\",\"datePublished\":\"2016-03-03T11:30:27+00:00\",\"mainEntityOfPage\":{\"@id\":\"https:\\\/\\\/dana.com.br\\\/canaldana\\\/2016\\\/03\\\/03\\\/com-retoque-no-visual-e-motor-1-2-peugeot-2008-e-apresentado-em-genebra\\\/\"},\"wordCount\":289,\"articleSection\":[\"Sal\u00e3o de Genebra\"],\"inLanguage\":\"pt-BR\"},{\"@type\":\"WebPage\",\"@id\":\"https:\\\/\\\/dana.com.br\\\/canaldana\\\/2016\\\/03\\\/03\\\/com-retoque-no-visual-e-motor-1-2-peugeot-2008-e-apresentado-em-genebra\\\/\",\"url\":\"https:\\\/\\\/dana.com.br\\\/canaldana\\\/2016\\\/03\\\/03\\\/com-retoque-no-visual-e-motor-1-2-peugeot-2008-e-apresentado-em-genebra\\\/\",\"name\":\"Com retoque no visual e motor 1.2, Peugeot 2008 \u00e9 apresentado em Genebra - Canal Dana\",\"isPartOf\":{\"@id\":\"https:\\\/\\\/dana.com.br\\\/canaldana\\\/#website\"},\"datePublished\":\"2016-03-03T11:30:27+00:00\",\"author\":{\"@id\":\"https:\\\/\\\/dana.com.br\\\/canaldana\\\/#\\\/schema\\\/person\\\/3c21f22f56fcf3bc46b94bc60ea4fef6\"},\"breadcrumb\":{\"@id\":\"https:\\\/\\\/dana.com.br\\\/canaldana\\\/2016\\\/03\\\/03\\\/com-retoque-no-visual-e-motor-1-2-peugeot-2008-e-apresentado-em-genebra\\\/#breadcrumb\"},\"inLanguage\":\"pt-BR\",\"potentialAction\":[{\"@type\":\"ReadAction\",\"target\":[\"https:\\\/\\\/dana.com.br\\\/canaldana\\\/2016\\\/03\\\/03\\\/com-retoque-no-visual-e-motor-1-2-peugeot-2008-e-apresentado-em-genebra\\\/\"]}]},{\"@type\":\"BreadcrumbList\",\"@id\":\"https:\\\/\\\/dana.com.br\\\/canaldana\\\/2016\\\/03\\\/03\\\/com-retoque-no-visual-e-motor-1-2-peugeot-2008-e-apresentado-em-genebra\\\/#breadcrumb\",\"itemListElement\":[{\"@type\":\"ListItem\",\"position\":1,\"name\":\"Home\",\"item\":\"https:\\\/\\\/dana.com.br\\\/canaldana\\\/\"},{\"@type\":\"ListItem\",\"position\":2,\"name\":\"Sal\u00e3o de Genebra\",\"item\":\"https:\\\/\\\/dana.com.br\\\/canaldana\\\/salao-de-genebra\\\/\"},{\"@type\":\"ListItem\",\"position\":3,\"name\":\"Com retoque no visual e motor 1.2, Peugeot 2008 \u00e9 apresentado em Genebra\"}]},{\"@type\":\"WebSite\",\"@id\":\"https:\\\/\\\/dana.com.br\\\/canaldana\\\/#website\",\"url\":\"https:\\\/\\\/dana.com.br\\\/canaldana\\\/\",\"name\":\"Canal Dana\",\"description\":\"Informativo com as principais not\u00edcias da ind\u00fastria automotiva\",\"potentialAction\":[{\"@type\":\"SearchAction\",\"target\":{\"@type\":\"EntryPoint\",\"urlTemplate\":\"https:\\\/\\\/dana.com.br\\\/canaldana\\\/?s={search_term_string}\"},\"query-input\":{\"@type\":\"PropertyValueSpecification\",\"valueRequired\":true,\"valueName\":\"search_term_string\"}}],\"inLanguage\":\"pt-BR\"},{\"@type\":\"Person\",\"@id\":\"https:\\\/\\\/dana.com.br\\\/canaldana\\\/#\\\/schema\\\/person\\\/3c21f22f56fcf3bc46b94bc60ea4fef6\",\"name\":\"Canal Dana\",\"image\":{\"@type\":\"ImageObject\",\"inLanguage\":\"pt-BR\",\"@id\":\"https:\\\/\\\/secure.gravatar.com\\\/avatar\\\/420aaf9278582877d9018637c6817617705899d2858d7572ef0fe59a6b6454b4?s=96&d=mm&r=g\",\"url\":\"https:\\\/\\\/secure.gravatar.com\\\/avatar\\\/420aaf9278582877d9018637c6817617705899d2858d7572ef0fe59a6b6454b4?s=96&d=mm&r=g\",\"contentUrl\":\"https:\\\/\\\/secure.gravatar.com\\\/avatar\\\/420aaf9278582877d9018637c6817617705899d2858d7572ef0fe59a6b6454b4?s=96&d=mm&r=g\",\"caption\":\"Canal Dana\"},\"url\":\"https:\\\/\\\/dana.com.br\\\/canaldana\\\/author\\\/cdeditor\\\/\"}]}<\/script>\n<!-- \/ Yoast SEO plugin. -->","yoast_head_json":{"title":"Com retoque no visual e motor 1.2, Peugeot 2008 \u00e9 apresentado em Genebra - Canal Dana","robots":{"index":"index","follow":"follow","max-snippet":"max-snippet:-1","max-image-preview":"max-image-preview:large","max-video-preview":"max-video-preview:-1"},"canonical":"https:\/\/dana.com.br\/canaldana\/2016\/03\/03\/com-retoque-no-visual-e-motor-1-2-peugeot-2008-e-apresentado-em-genebra\/","og_locale":"pt_BR","og_type":"article","og_title":"Com retoque no visual e motor 1.2, Peugeot 2008 \u00e9 apresentado em Genebra - Canal Dana","og_description":"Carplace &nbsp; Lan\u00e7ado em maio de 2013 na Europa, o Peugeot 2008 modelo 2017 \u00e9 apresentado no Sal\u00e3o de Genebra com sua primeira reestiliza\u00e7\u00e3o. Com mudan\u00e7as bem sutis no visual, as principais novidades ficam mesmo por conta do novo motor e da in\u00e9dita vers\u00e3o GT Line. &nbsp; Em termos de visual, as principais mudan\u00e7as est\u00e3o\u2026 Leia mais \u00bb","og_url":"https:\/\/dana.com.br\/canaldana\/2016\/03\/03\/com-retoque-no-visual-e-motor-1-2-peugeot-2008-e-apresentado-em-genebra\/","og_site_name":"Canal Dana","article_published_time":"2016-03-03T11:30:27+00:00","author":"Canal Dana","twitter_card":"summary_large_image","twitter_misc":{"Escrito por":"Canal Dana","Est. tempo de leitura":"1 minuto"},"schema":{"@context":"https:\/\/schema.org","@graph":[{"@type":"Article","@id":"https:\/\/dana.com.br\/canaldana\/2016\/03\/03\/com-retoque-no-visual-e-motor-1-2-peugeot-2008-e-apresentado-em-genebra\/#article","isPartOf":{"@id":"https:\/\/dana.com.br\/canaldana\/2016\/03\/03\/com-retoque-no-visual-e-motor-1-2-peugeot-2008-e-apresentado-em-genebra\/"},"author":{"name":"Canal Dana","@id":"https:\/\/dana.com.br\/canaldana\/#\/schema\/person\/3c21f22f56fcf3bc46b94bc60ea4fef6"},"headline":"Com retoque no visual e motor 1.2, Peugeot 2008 \u00e9 apresentado em Genebra","datePublished":"2016-03-03T11:30:27+00:00","mainEntityOfPage":{"@id":"https:\/\/dana.com.br\/canaldana\/2016\/03\/03\/com-retoque-no-visual-e-motor-1-2-peugeot-2008-e-apresentado-em-genebra\/"},"wordCount":289,"articleSection":["Sal\u00e3o de Genebra"],"inLanguage":"pt-BR"},{"@type":"WebPage","@id":"https:\/\/dana.com.br\/canaldana\/2016\/03\/03\/com-retoque-no-visual-e-motor-1-2-peugeot-2008-e-apresentado-em-genebra\/","url":"https:\/\/dana.com.br\/canaldana\/2016\/03\/03\/com-retoque-no-visual-e-motor-1-2-peugeot-2008-e-apresentado-em-genebra\/","name":"Com retoque no visual e motor 1.2, Peugeot 2008 \u00e9 apresentado em Genebra - Canal Dana","isPartOf":{"@id":"https:\/\/dana.com.br\/canaldana\/#website"},"datePublished":"2016-03-03T11:30:27+00:00","author":{"@id":"https:\/\/dana.com.br\/canaldana\/#\/schema\/person\/3c21f22f56fcf3bc46b94bc60ea4fef6"},"breadcrumb":{"@id":"https:\/\/dana.com.br\/canaldana\/2016\/03\/03\/com-retoque-no-visual-e-motor-1-2-peugeot-2008-e-apresentado-em-genebra\/#breadcrumb"},"inLanguage":"pt-BR","potentialAction":[{"@type":"ReadAction","target":["https:\/\/dana.com.br\/canaldana\/2016\/03\/03\/com-retoque-no-visual-e-motor-1-2-peugeot-2008-e-apresentado-em-genebra\/"]}]},{"@type":"BreadcrumbList","@id":"https:\/\/dana.com.br\/canaldana\/2016\/03\/03\/com-retoque-no-visual-e-motor-1-2-peugeot-2008-e-apresentado-em-genebra\/#breadcrumb","itemListElement":[{"@type":"ListItem","position":1,"name":"Home","item":"https:\/\/dana.com.br\/canaldana\/"},{"@type":"ListItem","position":2,"name":"Sal\u00e3o de Genebra","item":"https:\/\/dana.com.br\/canaldana\/salao-de-genebra\/"},{"@type":"ListItem","position":3,"name":"Com retoque no visual e motor 1.2, Peugeot 2008 \u00e9 apresentado em Genebra"}]},{"@type":"WebSite","@id":"https:\/\/dana.com.br\/canaldana\/#website","url":"https:\/\/dana.com.br\/canaldana\/","name":"Canal Dana","description":"Informativo com as principais not\u00edcias da ind\u00fastria automotiva","potentialAction":[{"@type":"SearchAction","target":{"@type":"EntryPoint","urlTemplate":"https:\/\/dana.com.br\/canaldana\/?s={search_term_string}"},"query-input":{"@type":"PropertyValueSpecification","valueRequired":true,"valueName":"search_term_string"}}],"inLanguage":"pt-BR"},{"@type":"Person","@id":"https:\/\/dana.com.br\/canaldana\/#\/schema\/person\/3c21f22f56fcf3bc46b94bc60ea4fef6","name":"Canal Dana","image":{"@type":"ImageObject","inLanguage":"pt-BR","@id":"https:\/\/secure.gravatar.com\/avatar\/420aaf9278582877d9018637c6817617705899d2858d7572ef0fe59a6b6454b4?s=96&d=mm&r=g","url":"https:\/\/secure.gravatar.com\/avatar\/420aaf9278582877d9018637c6817617705899d2858d7572ef0fe59a6b6454b4?s=96&d=mm&r=g","contentUrl":"https:\/\/secure.gravatar.com\/avatar\/420aaf9278582877d9018637c6817617705899d2858d7572ef0fe59a6b6454b4?s=96&d=mm&r=g","caption":"Canal Dana"},"url":"https:\/\/dana.com.br\/canaldana\/author\/cdeditor\/"}]}},"_links":{"self":[{"href":"https:\/\/dana.com.br\/canaldana\/wp-json\/wp\/v2\/posts\/6529","targetHints":{"allow":["GET"]}}],"collection":[{"href":"https:\/\/dana.com.br\/canaldana\/wp-json\/wp\/v2\/posts"}],"about":[{"href":"https:\/\/dana.com.br\/canaldana\/wp-json\/wp\/v2\/types\/post"}],"author":[{"embeddable":true,"href":"https:\/\/dana.com.br\/canaldana\/wp-json\/wp\/v2\/users\/3"}],"replies":[{"embeddable":true,"href":"https:\/\/dana.com.br\/canaldana\/wp-json\/wp\/v2\/comments?post=6529"}],"version-history":[{"count":0,"href":"https:\/\/dana.com.br\/canaldana\/wp-json\/wp\/v2\/posts\/6529\/revisions"}],"wp:attachment":[{"href":"https:\/\/dana.com.br\/canaldana\/wp-json\/wp\/v2\/media?parent=6529"}],"wp:term":[{"taxonomy":"category","embeddable":true,"href":"https:\/\/dana.com.br\/canaldana\/wp-json\/wp\/v2\/categories?post=6529"},{"taxonomy":"post_tag","embeddable":true,"href":"https:\/\/dana.com.br\/canaldana\/wp-json\/wp\/v2\/tags?post=6529"}],"curies":[{"name":"wp","href":"https:\/\/api.w.org\/{rel}","templated":true}]}}