{"id":64881,"date":"2023-04-10T08:53:47","date_gmt":"2023-04-10T11:53:47","guid":{"rendered":"https:\/\/dana.com.br\/canaldana\/?p=64881"},"modified":"2023-04-10T08:53:47","modified_gmt":"2023-04-10T11:53:47","slug":"anip-projeta-ano-de-crescimento-timido","status":"publish","type":"post","link":"https:\/\/dana.com.br\/canaldana\/2023\/04\/10\/anip-projeta-ano-de-crescimento-timido\/","title":{"rendered":"ANIP projeta ano de crescimento t\u00edmido"},"content":{"rendered":"<p><em>AutoInd\u00fastria<\/em><\/p>\n<p>&nbsp;<\/p>\n<p>A Anip enxerga mais um per\u00edodo que registrar\u00e1 desempenho de pouco de crescimento. Pelas estimativas da associa\u00e7\u00e3o dos fabricantes de pneus, as vendas em 2023 dever\u00e3o somar 57,6 milh\u00f5es de unidades, volume que se realizado, resultar\u00e1 em leve crescimento de 2% sobre o exerc\u00edcio de 2022.<\/p>\n<p>&nbsp;<\/p>\n<p>Para a Anip, ser\u00e1 mais um ano de dificuldades, com cen\u00e1rio econ\u00f4mico inst\u00e1vel, queda na venda de ve\u00edculos e equipamento, al\u00e9m de quebra na safra agr\u00edcola. O conjunto de fatores adversos impacta diretamente os segmentos de ve\u00edculos comerciais e m\u00e1quinas.<\/p>\n<p>&nbsp;<\/p>\n<p>\u201cTeremos mais um ano desafiador. As vendas nacionais de pneus devem apresentar um leve crescimento, apesar de todas as dificuldades a serem enfrentadas\u201d, resume em nota Klaus Curt M\u00fcller, presidente executivo da ANIP.<\/p>\n<p>&nbsp;<\/p>\n<p>No ano passado, a ind\u00fastria de pneus fechou com vendas de 56,5 milh\u00f5es de unidades, volume praticamente est\u00e1vel em rela\u00e7\u00e3o ao ano anterior, com ligeira queda de 0,2%. (AutoInd\u00fastria)<\/p>\n","protected":false},"excerpt":{"rendered":"<p>AutoInd\u00fastria &nbsp; A Anip enxerga mais um per\u00edodo que registrar\u00e1 desempenho de pouco de crescimento. Pelas estimativas da associa\u00e7\u00e3o dos fabricantes de pneus, as vendas em 2023 dever\u00e3o somar 57,6 milh\u00f5es de unidades, volume que se realizado, resultar\u00e1 em leve crescimento de 2% sobre o exerc\u00edcio de 2022. &nbsp; Para a Anip, ser\u00e1 mais um\u2026 <a class=\"readmore\" href=\"https:\/\/dana.com.br\/canaldana\/2023\/04\/10\/anip-projeta-ano-de-crescimento-timido\/\">Leia mais \u00bb<\/a><\/p>\n","protected":false},"author":3,"featured_media":0,"comment_status":"closed","ping_status":"closed","sticky":false,"template":"","format":"standard","meta":{"_acf_changed":false,"footnotes":""},"categories":[79],"tags":[],"class_list":["post-64881","post","type-post","status-publish","format-standard","hentry","category-mercado"],"acf":[],"yoast_head":"<!-- This site is optimized with the Yoast SEO plugin v27.3 - https:\/\/yoast.com\/product\/yoast-seo-wordpress\/ -->\n<title>ANIP projeta ano de crescimento t\u00edmido - Canal Dana<\/title>\n<meta name=\"robots\" content=\"index, follow, max-snippet:-1, max-image-preview:large, max-video-preview:-1\" \/>\n<link rel=\"canonical\" href=\"https:\/\/dana.com.br\/canaldana\/2023\/04\/10\/anip-projeta-ano-de-crescimento-timido\/\" \/>\n<meta property=\"og:locale\" content=\"pt_BR\" \/>\n<meta property=\"og:type\" content=\"article\" \/>\n<meta property=\"og:title\" content=\"ANIP projeta ano de crescimento t\u00edmido - Canal Dana\" \/>\n<meta property=\"og:description\" content=\"AutoInd\u00fastria &nbsp; A Anip enxerga mais um per\u00edodo que registrar\u00e1 desempenho de pouco de crescimento. Pelas estimativas da associa\u00e7\u00e3o dos fabricantes de pneus, as vendas em 2023 dever\u00e3o somar 57,6 milh\u00f5es de unidades, volume que se realizado, resultar\u00e1 em leve crescimento de 2% sobre o exerc\u00edcio de 2022. &nbsp; Para a Anip, ser\u00e1 mais um\u2026 Leia mais \u00bb\" \/>\n<meta property=\"og:url\" content=\"https:\/\/dana.com.br\/canaldana\/2023\/04\/10\/anip-projeta-ano-de-crescimento-timido\/\" \/>\n<meta property=\"og:site_name\" content=\"Canal Dana\" \/>\n<meta property=\"article:published_time\" content=\"2023-04-10T11:53:47+00:00\" \/>\n<meta name=\"author\" content=\"Canal Dana\" \/>\n<meta name=\"twitter:card\" content=\"summary_large_image\" \/>\n<meta name=\"twitter:label1\" content=\"Escrito por\" \/>\n\t<meta name=\"twitter:data1\" content=\"Canal Dana\" \/>\n\t<meta name=\"twitter:label2\" content=\"Est. tempo de leitura\" \/>\n\t<meta name=\"twitter:data2\" content=\"1 minuto\" \/>\n<script type=\"application\/ld+json\" class=\"yoast-schema-graph\">{\"@context\":\"https:\\\/\\\/schema.org\",\"@graph\":[{\"@type\":\"Article\",\"@id\":\"https:\\\/\\\/dana.com.br\\\/canaldana\\\/2023\\\/04\\\/10\\\/anip-projeta-ano-de-crescimento-timido\\\/#article\",\"isPartOf\":{\"@id\":\"https:\\\/\\\/dana.com.br\\\/canaldana\\\/2023\\\/04\\\/10\\\/anip-projeta-ano-de-crescimento-timido\\\/\"},\"author\":{\"name\":\"Canal Dana\",\"@id\":\"https:\\\/\\\/dana.com.br\\\/canaldana\\\/#\\\/schema\\\/person\\\/3c21f22f56fcf3bc46b94bc60ea4fef6\"},\"headline\":\"ANIP projeta ano de crescimento t\u00edmido\",\"datePublished\":\"2023-04-10T11:53:47+00:00\",\"mainEntityOfPage\":{\"@id\":\"https:\\\/\\\/dana.com.br\\\/canaldana\\\/2023\\\/04\\\/10\\\/anip-projeta-ano-de-crescimento-timido\\\/\"},\"wordCount\":174,\"articleSection\":[\"Mercado\"],\"inLanguage\":\"pt-BR\"},{\"@type\":\"WebPage\",\"@id\":\"https:\\\/\\\/dana.com.br\\\/canaldana\\\/2023\\\/04\\\/10\\\/anip-projeta-ano-de-crescimento-timido\\\/\",\"url\":\"https:\\\/\\\/dana.com.br\\\/canaldana\\\/2023\\\/04\\\/10\\\/anip-projeta-ano-de-crescimento-timido\\\/\",\"name\":\"ANIP projeta ano de crescimento t\u00edmido - Canal Dana\",\"isPartOf\":{\"@id\":\"https:\\\/\\\/dana.com.br\\\/canaldana\\\/#website\"},\"datePublished\":\"2023-04-10T11:53:47+00:00\",\"author\":{\"@id\":\"https:\\\/\\\/dana.com.br\\\/canaldana\\\/#\\\/schema\\\/person\\\/3c21f22f56fcf3bc46b94bc60ea4fef6\"},\"breadcrumb\":{\"@id\":\"https:\\\/\\\/dana.com.br\\\/canaldana\\\/2023\\\/04\\\/10\\\/anip-projeta-ano-de-crescimento-timido\\\/#breadcrumb\"},\"inLanguage\":\"pt-BR\",\"potentialAction\":[{\"@type\":\"ReadAction\",\"target\":[\"https:\\\/\\\/dana.com.br\\\/canaldana\\\/2023\\\/04\\\/10\\\/anip-projeta-ano-de-crescimento-timido\\\/\"]}]},{\"@type\":\"BreadcrumbList\",\"@id\":\"https:\\\/\\\/dana.com.br\\\/canaldana\\\/2023\\\/04\\\/10\\\/anip-projeta-ano-de-crescimento-timido\\\/#breadcrumb\",\"itemListElement\":[{\"@type\":\"ListItem\",\"position\":1,\"name\":\"Home\",\"item\":\"https:\\\/\\\/dana.com.br\\\/canaldana\\\/\"},{\"@type\":\"ListItem\",\"position\":2,\"name\":\"Mercado\",\"item\":\"https:\\\/\\\/dana.com.br\\\/canaldana\\\/mercado\\\/\"},{\"@type\":\"ListItem\",\"position\":3,\"name\":\"ANIP projeta ano de crescimento t\u00edmido\"}]},{\"@type\":\"WebSite\",\"@id\":\"https:\\\/\\\/dana.com.br\\\/canaldana\\\/#website\",\"url\":\"https:\\\/\\\/dana.com.br\\\/canaldana\\\/\",\"name\":\"Canal Dana\",\"description\":\"Informativo com as principais not\u00edcias da ind\u00fastria automotiva\",\"potentialAction\":[{\"@type\":\"SearchAction\",\"target\":{\"@type\":\"EntryPoint\",\"urlTemplate\":\"https:\\\/\\\/dana.com.br\\\/canaldana\\\/?s={search_term_string}\"},\"query-input\":{\"@type\":\"PropertyValueSpecification\",\"valueRequired\":true,\"valueName\":\"search_term_string\"}}],\"inLanguage\":\"pt-BR\"},{\"@type\":\"Person\",\"@id\":\"https:\\\/\\\/dana.com.br\\\/canaldana\\\/#\\\/schema\\\/person\\\/3c21f22f56fcf3bc46b94bc60ea4fef6\",\"name\":\"Canal Dana\",\"image\":{\"@type\":\"ImageObject\",\"inLanguage\":\"pt-BR\",\"@id\":\"https:\\\/\\\/secure.gravatar.com\\\/avatar\\\/420aaf9278582877d9018637c6817617705899d2858d7572ef0fe59a6b6454b4?s=96&d=mm&r=g\",\"url\":\"https:\\\/\\\/secure.gravatar.com\\\/avatar\\\/420aaf9278582877d9018637c6817617705899d2858d7572ef0fe59a6b6454b4?s=96&d=mm&r=g\",\"contentUrl\":\"https:\\\/\\\/secure.gravatar.com\\\/avatar\\\/420aaf9278582877d9018637c6817617705899d2858d7572ef0fe59a6b6454b4?s=96&d=mm&r=g\",\"caption\":\"Canal Dana\"},\"url\":\"https:\\\/\\\/dana.com.br\\\/canaldana\\\/author\\\/cdeditor\\\/\"}]}<\/script>\n<!-- \/ Yoast SEO plugin. -->","yoast_head_json":{"title":"ANIP projeta ano de crescimento t\u00edmido - Canal Dana","robots":{"index":"index","follow":"follow","max-snippet":"max-snippet:-1","max-image-preview":"max-image-preview:large","max-video-preview":"max-video-preview:-1"},"canonical":"https:\/\/dana.com.br\/canaldana\/2023\/04\/10\/anip-projeta-ano-de-crescimento-timido\/","og_locale":"pt_BR","og_type":"article","og_title":"ANIP projeta ano de crescimento t\u00edmido - Canal Dana","og_description":"AutoInd\u00fastria &nbsp; A Anip enxerga mais um per\u00edodo que registrar\u00e1 desempenho de pouco de crescimento. Pelas estimativas da associa\u00e7\u00e3o dos fabricantes de pneus, as vendas em 2023 dever\u00e3o somar 57,6 milh\u00f5es de unidades, volume que se realizado, resultar\u00e1 em leve crescimento de 2% sobre o exerc\u00edcio de 2022. &nbsp; Para a Anip, ser\u00e1 mais um\u2026 Leia mais \u00bb","og_url":"https:\/\/dana.com.br\/canaldana\/2023\/04\/10\/anip-projeta-ano-de-crescimento-timido\/","og_site_name":"Canal Dana","article_published_time":"2023-04-10T11:53:47+00:00","author":"Canal Dana","twitter_card":"summary_large_image","twitter_misc":{"Escrito por":"Canal Dana","Est. tempo de leitura":"1 minuto"},"schema":{"@context":"https:\/\/schema.org","@graph":[{"@type":"Article","@id":"https:\/\/dana.com.br\/canaldana\/2023\/04\/10\/anip-projeta-ano-de-crescimento-timido\/#article","isPartOf":{"@id":"https:\/\/dana.com.br\/canaldana\/2023\/04\/10\/anip-projeta-ano-de-crescimento-timido\/"},"author":{"name":"Canal Dana","@id":"https:\/\/dana.com.br\/canaldana\/#\/schema\/person\/3c21f22f56fcf3bc46b94bc60ea4fef6"},"headline":"ANIP projeta ano de crescimento t\u00edmido","datePublished":"2023-04-10T11:53:47+00:00","mainEntityOfPage":{"@id":"https:\/\/dana.com.br\/canaldana\/2023\/04\/10\/anip-projeta-ano-de-crescimento-timido\/"},"wordCount":174,"articleSection":["Mercado"],"inLanguage":"pt-BR"},{"@type":"WebPage","@id":"https:\/\/dana.com.br\/canaldana\/2023\/04\/10\/anip-projeta-ano-de-crescimento-timido\/","url":"https:\/\/dana.com.br\/canaldana\/2023\/04\/10\/anip-projeta-ano-de-crescimento-timido\/","name":"ANIP projeta ano de crescimento t\u00edmido - Canal Dana","isPartOf":{"@id":"https:\/\/dana.com.br\/canaldana\/#website"},"datePublished":"2023-04-10T11:53:47+00:00","author":{"@id":"https:\/\/dana.com.br\/canaldana\/#\/schema\/person\/3c21f22f56fcf3bc46b94bc60ea4fef6"},"breadcrumb":{"@id":"https:\/\/dana.com.br\/canaldana\/2023\/04\/10\/anip-projeta-ano-de-crescimento-timido\/#breadcrumb"},"inLanguage":"pt-BR","potentialAction":[{"@type":"ReadAction","target":["https:\/\/dana.com.br\/canaldana\/2023\/04\/10\/anip-projeta-ano-de-crescimento-timido\/"]}]},{"@type":"BreadcrumbList","@id":"https:\/\/dana.com.br\/canaldana\/2023\/04\/10\/anip-projeta-ano-de-crescimento-timido\/#breadcrumb","itemListElement":[{"@type":"ListItem","position":1,"name":"Home","item":"https:\/\/dana.com.br\/canaldana\/"},{"@type":"ListItem","position":2,"name":"Mercado","item":"https:\/\/dana.com.br\/canaldana\/mercado\/"},{"@type":"ListItem","position":3,"name":"ANIP projeta ano de crescimento t\u00edmido"}]},{"@type":"WebSite","@id":"https:\/\/dana.com.br\/canaldana\/#website","url":"https:\/\/dana.com.br\/canaldana\/","name":"Canal Dana","description":"Informativo com as principais not\u00edcias da ind\u00fastria automotiva","potentialAction":[{"@type":"SearchAction","target":{"@type":"EntryPoint","urlTemplate":"https:\/\/dana.com.br\/canaldana\/?s={search_term_string}"},"query-input":{"@type":"PropertyValueSpecification","valueRequired":true,"valueName":"search_term_string"}}],"inLanguage":"pt-BR"},{"@type":"Person","@id":"https:\/\/dana.com.br\/canaldana\/#\/schema\/person\/3c21f22f56fcf3bc46b94bc60ea4fef6","name":"Canal Dana","image":{"@type":"ImageObject","inLanguage":"pt-BR","@id":"https:\/\/secure.gravatar.com\/avatar\/420aaf9278582877d9018637c6817617705899d2858d7572ef0fe59a6b6454b4?s=96&d=mm&r=g","url":"https:\/\/secure.gravatar.com\/avatar\/420aaf9278582877d9018637c6817617705899d2858d7572ef0fe59a6b6454b4?s=96&d=mm&r=g","contentUrl":"https:\/\/secure.gravatar.com\/avatar\/420aaf9278582877d9018637c6817617705899d2858d7572ef0fe59a6b6454b4?s=96&d=mm&r=g","caption":"Canal Dana"},"url":"https:\/\/dana.com.br\/canaldana\/author\/cdeditor\/"}]}},"_links":{"self":[{"href":"https:\/\/dana.com.br\/canaldana\/wp-json\/wp\/v2\/posts\/64881","targetHints":{"allow":["GET"]}}],"collection":[{"href":"https:\/\/dana.com.br\/canaldana\/wp-json\/wp\/v2\/posts"}],"about":[{"href":"https:\/\/dana.com.br\/canaldana\/wp-json\/wp\/v2\/types\/post"}],"author":[{"embeddable":true,"href":"https:\/\/dana.com.br\/canaldana\/wp-json\/wp\/v2\/users\/3"}],"replies":[{"embeddable":true,"href":"https:\/\/dana.com.br\/canaldana\/wp-json\/wp\/v2\/comments?post=64881"}],"version-history":[{"count":0,"href":"https:\/\/dana.com.br\/canaldana\/wp-json\/wp\/v2\/posts\/64881\/revisions"}],"wp:attachment":[{"href":"https:\/\/dana.com.br\/canaldana\/wp-json\/wp\/v2\/media?parent=64881"}],"wp:term":[{"taxonomy":"category","embeddable":true,"href":"https:\/\/dana.com.br\/canaldana\/wp-json\/wp\/v2\/categories?post=64881"},{"taxonomy":"post_tag","embeddable":true,"href":"https:\/\/dana.com.br\/canaldana\/wp-json\/wp\/v2\/tags?post=64881"}],"curies":[{"name":"wp","href":"https:\/\/api.w.org\/{rel}","templated":true}]}}