{"id":64822,"date":"2023-04-05T08:22:34","date_gmt":"2023-04-05T11:22:34","guid":{"rendered":"https:\/\/dana.com.br\/canaldana\/?p=64822"},"modified":"2023-04-05T08:22:34","modified_gmt":"2023-04-05T11:22:34","slug":"cnt-realizara-pesquisa-de-perfil-empresarial-do-transporte-urbano-de-passageiros","status":"publish","type":"post","link":"https:\/\/dana.com.br\/canaldana\/2023\/04\/05\/cnt-realizara-pesquisa-de-perfil-empresarial-do-transporte-urbano-de-passageiros\/","title":{"rendered":"CNT realizar\u00e1 pesquisa de perfil empresarial do transporte urbano de passageiros"},"content":{"rendered":"<p><em>Frota &amp; Cia <\/em><\/p>\n<p>&nbsp;<\/p>\n<p>A Confedera\u00e7\u00e3o Nacional do Transporte (CNT) realizar\u00e1, de 3 a 28 de abril, a coleta de informa\u00e7\u00f5es junto \u00e0s empresas que operam o servi\u00e7o de transporte rodovi\u00e1rio urbano de passageiros. Trata-se da Pesquisa CNT Perfil Empresarial, que busca ouvir os representantes do modal para a identifica\u00e7\u00e3o de caracter\u00edsticas e perspectivas do segmento. Os empres\u00e1rios ir\u00e3o responder \u00e0 pesquisa por telefone. A entrevista ser\u00e1 feita pelo Instituto MDA.<\/p>\n<p>&nbsp;<\/p>\n<p>Entre as informa\u00e7\u00f5es que ser\u00e3o coletadas no estudo est\u00e3o a caracteriza\u00e7\u00e3o das empresas, da m\u00e3o de obra e da frota. Ser\u00e3o questionados aos empres\u00e1rios, ainda, os aspectos relacionados aos custos operacionais, gest\u00e3o empresarial e fatores como o registro de sinistros e da situa\u00e7\u00e3o financeira. Os resultados da Pesquisa CNT Perfil Empresarial apresentar\u00e3o \u00e0 sociedade a import\u00e2ncia das empresas e um panorama da situa\u00e7\u00e3o enfrentada pelo transportador.<\/p>\n<p>&nbsp;<\/p>\n<p>A entidade reitera que a participa\u00e7\u00e3o dos empres\u00e1rios \u00e9 indispens\u00e1vel para que a CNT possa mostrar ao pa\u00eds a relev\u00e2ncia do transporte para o desenvolvimento nacional, al\u00e9m de permitir a amplia\u00e7\u00e3o das estrat\u00e9gias da confedera\u00e7\u00e3o de apoio ao desenvolvimento do setor.<\/p>\n<p>&nbsp;<\/p>\n<p>As entidades garante que as informa\u00e7\u00f5es coletadas ser\u00e3o de uso interno, exclusivo e restrito da CNT, e somente ser\u00e3o publicadas de forma agregada, para que n\u00e3o seja poss\u00edvel a identifica\u00e7\u00e3o das empresas participantes. O material faz parte de uma s\u00e9rie que a CNT est\u00e1 desenvolvendo para ouvir os transportadores dos diferentes modais e identificar o perfil das empresas do setor.<\/p>\n<p>&nbsp;<\/p>\n<p>Aos empres\u00e1rios que se interessarem em participar da pesquisa, entre em contato pelo e-mail pesquisas_cnt@cnt.org.br para que seja feito o agendamento da entrevista. (Frota &amp; Cia\/Priscila Ferreira)<\/p>\n","protected":false},"excerpt":{"rendered":"<p>Frota &amp; Cia &nbsp; A Confedera\u00e7\u00e3o Nacional do Transporte (CNT) realizar\u00e1, de 3 a 28 de abril, a coleta de informa\u00e7\u00f5es junto \u00e0s empresas que operam o servi\u00e7o de transporte rodovi\u00e1rio urbano de passageiros. Trata-se da Pesquisa CNT Perfil Empresarial, que busca ouvir os representantes do modal para a identifica\u00e7\u00e3o de caracter\u00edsticas e perspectivas do\u2026 <a class=\"readmore\" href=\"https:\/\/dana.com.br\/canaldana\/2023\/04\/05\/cnt-realizara-pesquisa-de-perfil-empresarial-do-transporte-urbano-de-passageiros\/\">Leia mais \u00bb<\/a><\/p>\n","protected":false},"author":3,"featured_media":0,"comment_status":"closed","ping_status":"closed","sticky":false,"template":"","format":"standard","meta":{"_acf_changed":false,"footnotes":""},"categories":[79],"tags":[],"class_list":["post-64822","post","type-post","status-publish","format-standard","hentry","category-mercado"],"acf":[],"yoast_head":"<!-- This site is optimized with the Yoast SEO plugin v27.3 - https:\/\/yoast.com\/product\/yoast-seo-wordpress\/ -->\n<title>CNT realizar\u00e1 pesquisa de perfil empresarial do transporte urbano de passageiros - Canal Dana<\/title>\n<meta name=\"robots\" content=\"index, follow, max-snippet:-1, max-image-preview:large, max-video-preview:-1\" \/>\n<link rel=\"canonical\" href=\"https:\/\/dana.com.br\/canaldana\/2023\/04\/05\/cnt-realizara-pesquisa-de-perfil-empresarial-do-transporte-urbano-de-passageiros\/\" \/>\n<meta property=\"og:locale\" content=\"pt_BR\" \/>\n<meta property=\"og:type\" content=\"article\" \/>\n<meta property=\"og:title\" content=\"CNT realizar\u00e1 pesquisa de perfil empresarial do transporte urbano de passageiros - Canal Dana\" \/>\n<meta property=\"og:description\" content=\"Frota &amp; Cia &nbsp; A Confedera\u00e7\u00e3o Nacional do Transporte (CNT) realizar\u00e1, de 3 a 28 de abril, a coleta de informa\u00e7\u00f5es junto \u00e0s empresas que operam o servi\u00e7o de transporte rodovi\u00e1rio urbano de passageiros. Trata-se da Pesquisa CNT Perfil Empresarial, que busca ouvir os representantes do modal para a identifica\u00e7\u00e3o de caracter\u00edsticas e perspectivas do\u2026 Leia mais \u00bb\" \/>\n<meta property=\"og:url\" content=\"https:\/\/dana.com.br\/canaldana\/2023\/04\/05\/cnt-realizara-pesquisa-de-perfil-empresarial-do-transporte-urbano-de-passageiros\/\" \/>\n<meta property=\"og:site_name\" content=\"Canal Dana\" \/>\n<meta property=\"article:published_time\" content=\"2023-04-05T11:22:34+00:00\" \/>\n<meta name=\"author\" content=\"Canal Dana\" \/>\n<meta name=\"twitter:card\" content=\"summary_large_image\" \/>\n<meta name=\"twitter:label1\" content=\"Escrito por\" \/>\n\t<meta name=\"twitter:data1\" content=\"Canal Dana\" \/>\n\t<meta name=\"twitter:label2\" content=\"Est. tempo de leitura\" \/>\n\t<meta name=\"twitter:data2\" content=\"2 minutos\" \/>\n<script type=\"application\/ld+json\" class=\"yoast-schema-graph\">{\"@context\":\"https:\\\/\\\/schema.org\",\"@graph\":[{\"@type\":\"Article\",\"@id\":\"https:\\\/\\\/dana.com.br\\\/canaldana\\\/2023\\\/04\\\/05\\\/cnt-realizara-pesquisa-de-perfil-empresarial-do-transporte-urbano-de-passageiros\\\/#article\",\"isPartOf\":{\"@id\":\"https:\\\/\\\/dana.com.br\\\/canaldana\\\/2023\\\/04\\\/05\\\/cnt-realizara-pesquisa-de-perfil-empresarial-do-transporte-urbano-de-passageiros\\\/\"},\"author\":{\"name\":\"Canal Dana\",\"@id\":\"https:\\\/\\\/dana.com.br\\\/canaldana\\\/#\\\/schema\\\/person\\\/3c21f22f56fcf3bc46b94bc60ea4fef6\"},\"headline\":\"CNT realizar\u00e1 pesquisa de perfil empresarial do transporte urbano de passageiros\",\"datePublished\":\"2023-04-05T11:22:34+00:00\",\"mainEntityOfPage\":{\"@id\":\"https:\\\/\\\/dana.com.br\\\/canaldana\\\/2023\\\/04\\\/05\\\/cnt-realizara-pesquisa-de-perfil-empresarial-do-transporte-urbano-de-passageiros\\\/\"},\"wordCount\":317,\"articleSection\":[\"Mercado\"],\"inLanguage\":\"pt-BR\"},{\"@type\":\"WebPage\",\"@id\":\"https:\\\/\\\/dana.com.br\\\/canaldana\\\/2023\\\/04\\\/05\\\/cnt-realizara-pesquisa-de-perfil-empresarial-do-transporte-urbano-de-passageiros\\\/\",\"url\":\"https:\\\/\\\/dana.com.br\\\/canaldana\\\/2023\\\/04\\\/05\\\/cnt-realizara-pesquisa-de-perfil-empresarial-do-transporte-urbano-de-passageiros\\\/\",\"name\":\"CNT realizar\u00e1 pesquisa de perfil empresarial do transporte urbano de passageiros - Canal Dana\",\"isPartOf\":{\"@id\":\"https:\\\/\\\/dana.com.br\\\/canaldana\\\/#website\"},\"datePublished\":\"2023-04-05T11:22:34+00:00\",\"author\":{\"@id\":\"https:\\\/\\\/dana.com.br\\\/canaldana\\\/#\\\/schema\\\/person\\\/3c21f22f56fcf3bc46b94bc60ea4fef6\"},\"breadcrumb\":{\"@id\":\"https:\\\/\\\/dana.com.br\\\/canaldana\\\/2023\\\/04\\\/05\\\/cnt-realizara-pesquisa-de-perfil-empresarial-do-transporte-urbano-de-passageiros\\\/#breadcrumb\"},\"inLanguage\":\"pt-BR\",\"potentialAction\":[{\"@type\":\"ReadAction\",\"target\":[\"https:\\\/\\\/dana.com.br\\\/canaldana\\\/2023\\\/04\\\/05\\\/cnt-realizara-pesquisa-de-perfil-empresarial-do-transporte-urbano-de-passageiros\\\/\"]}]},{\"@type\":\"BreadcrumbList\",\"@id\":\"https:\\\/\\\/dana.com.br\\\/canaldana\\\/2023\\\/04\\\/05\\\/cnt-realizara-pesquisa-de-perfil-empresarial-do-transporte-urbano-de-passageiros\\\/#breadcrumb\",\"itemListElement\":[{\"@type\":\"ListItem\",\"position\":1,\"name\":\"Home\",\"item\":\"https:\\\/\\\/dana.com.br\\\/canaldana\\\/\"},{\"@type\":\"ListItem\",\"position\":2,\"name\":\"Mercado\",\"item\":\"https:\\\/\\\/dana.com.br\\\/canaldana\\\/mercado\\\/\"},{\"@type\":\"ListItem\",\"position\":3,\"name\":\"CNT realizar\u00e1 pesquisa de perfil empresarial do transporte urbano de passageiros\"}]},{\"@type\":\"WebSite\",\"@id\":\"https:\\\/\\\/dana.com.br\\\/canaldana\\\/#website\",\"url\":\"https:\\\/\\\/dana.com.br\\\/canaldana\\\/\",\"name\":\"Canal Dana\",\"description\":\"Informativo com as principais not\u00edcias da ind\u00fastria automotiva\",\"potentialAction\":[{\"@type\":\"SearchAction\",\"target\":{\"@type\":\"EntryPoint\",\"urlTemplate\":\"https:\\\/\\\/dana.com.br\\\/canaldana\\\/?s={search_term_string}\"},\"query-input\":{\"@type\":\"PropertyValueSpecification\",\"valueRequired\":true,\"valueName\":\"search_term_string\"}}],\"inLanguage\":\"pt-BR\"},{\"@type\":\"Person\",\"@id\":\"https:\\\/\\\/dana.com.br\\\/canaldana\\\/#\\\/schema\\\/person\\\/3c21f22f56fcf3bc46b94bc60ea4fef6\",\"name\":\"Canal Dana\",\"image\":{\"@type\":\"ImageObject\",\"inLanguage\":\"pt-BR\",\"@id\":\"https:\\\/\\\/secure.gravatar.com\\\/avatar\\\/420aaf9278582877d9018637c6817617705899d2858d7572ef0fe59a6b6454b4?s=96&d=mm&r=g\",\"url\":\"https:\\\/\\\/secure.gravatar.com\\\/avatar\\\/420aaf9278582877d9018637c6817617705899d2858d7572ef0fe59a6b6454b4?s=96&d=mm&r=g\",\"contentUrl\":\"https:\\\/\\\/secure.gravatar.com\\\/avatar\\\/420aaf9278582877d9018637c6817617705899d2858d7572ef0fe59a6b6454b4?s=96&d=mm&r=g\",\"caption\":\"Canal Dana\"},\"url\":\"https:\\\/\\\/dana.com.br\\\/canaldana\\\/author\\\/cdeditor\\\/\"}]}<\/script>\n<!-- \/ Yoast SEO plugin. -->","yoast_head_json":{"title":"CNT realizar\u00e1 pesquisa de perfil empresarial do transporte urbano de passageiros - Canal Dana","robots":{"index":"index","follow":"follow","max-snippet":"max-snippet:-1","max-image-preview":"max-image-preview:large","max-video-preview":"max-video-preview:-1"},"canonical":"https:\/\/dana.com.br\/canaldana\/2023\/04\/05\/cnt-realizara-pesquisa-de-perfil-empresarial-do-transporte-urbano-de-passageiros\/","og_locale":"pt_BR","og_type":"article","og_title":"CNT realizar\u00e1 pesquisa de perfil empresarial do transporte urbano de passageiros - Canal Dana","og_description":"Frota &amp; Cia &nbsp; A Confedera\u00e7\u00e3o Nacional do Transporte (CNT) realizar\u00e1, de 3 a 28 de abril, a coleta de informa\u00e7\u00f5es junto \u00e0s empresas que operam o servi\u00e7o de transporte rodovi\u00e1rio urbano de passageiros. Trata-se da Pesquisa CNT Perfil Empresarial, que busca ouvir os representantes do modal para a identifica\u00e7\u00e3o de caracter\u00edsticas e perspectivas do\u2026 Leia mais \u00bb","og_url":"https:\/\/dana.com.br\/canaldana\/2023\/04\/05\/cnt-realizara-pesquisa-de-perfil-empresarial-do-transporte-urbano-de-passageiros\/","og_site_name":"Canal Dana","article_published_time":"2023-04-05T11:22:34+00:00","author":"Canal Dana","twitter_card":"summary_large_image","twitter_misc":{"Escrito por":"Canal Dana","Est. tempo de leitura":"2 minutos"},"schema":{"@context":"https:\/\/schema.org","@graph":[{"@type":"Article","@id":"https:\/\/dana.com.br\/canaldana\/2023\/04\/05\/cnt-realizara-pesquisa-de-perfil-empresarial-do-transporte-urbano-de-passageiros\/#article","isPartOf":{"@id":"https:\/\/dana.com.br\/canaldana\/2023\/04\/05\/cnt-realizara-pesquisa-de-perfil-empresarial-do-transporte-urbano-de-passageiros\/"},"author":{"name":"Canal Dana","@id":"https:\/\/dana.com.br\/canaldana\/#\/schema\/person\/3c21f22f56fcf3bc46b94bc60ea4fef6"},"headline":"CNT realizar\u00e1 pesquisa de perfil empresarial do transporte urbano de passageiros","datePublished":"2023-04-05T11:22:34+00:00","mainEntityOfPage":{"@id":"https:\/\/dana.com.br\/canaldana\/2023\/04\/05\/cnt-realizara-pesquisa-de-perfil-empresarial-do-transporte-urbano-de-passageiros\/"},"wordCount":317,"articleSection":["Mercado"],"inLanguage":"pt-BR"},{"@type":"WebPage","@id":"https:\/\/dana.com.br\/canaldana\/2023\/04\/05\/cnt-realizara-pesquisa-de-perfil-empresarial-do-transporte-urbano-de-passageiros\/","url":"https:\/\/dana.com.br\/canaldana\/2023\/04\/05\/cnt-realizara-pesquisa-de-perfil-empresarial-do-transporte-urbano-de-passageiros\/","name":"CNT realizar\u00e1 pesquisa de perfil empresarial do transporte urbano de passageiros - Canal Dana","isPartOf":{"@id":"https:\/\/dana.com.br\/canaldana\/#website"},"datePublished":"2023-04-05T11:22:34+00:00","author":{"@id":"https:\/\/dana.com.br\/canaldana\/#\/schema\/person\/3c21f22f56fcf3bc46b94bc60ea4fef6"},"breadcrumb":{"@id":"https:\/\/dana.com.br\/canaldana\/2023\/04\/05\/cnt-realizara-pesquisa-de-perfil-empresarial-do-transporte-urbano-de-passageiros\/#breadcrumb"},"inLanguage":"pt-BR","potentialAction":[{"@type":"ReadAction","target":["https:\/\/dana.com.br\/canaldana\/2023\/04\/05\/cnt-realizara-pesquisa-de-perfil-empresarial-do-transporte-urbano-de-passageiros\/"]}]},{"@type":"BreadcrumbList","@id":"https:\/\/dana.com.br\/canaldana\/2023\/04\/05\/cnt-realizara-pesquisa-de-perfil-empresarial-do-transporte-urbano-de-passageiros\/#breadcrumb","itemListElement":[{"@type":"ListItem","position":1,"name":"Home","item":"https:\/\/dana.com.br\/canaldana\/"},{"@type":"ListItem","position":2,"name":"Mercado","item":"https:\/\/dana.com.br\/canaldana\/mercado\/"},{"@type":"ListItem","position":3,"name":"CNT realizar\u00e1 pesquisa de perfil empresarial do transporte urbano de passageiros"}]},{"@type":"WebSite","@id":"https:\/\/dana.com.br\/canaldana\/#website","url":"https:\/\/dana.com.br\/canaldana\/","name":"Canal Dana","description":"Informativo com as principais not\u00edcias da ind\u00fastria automotiva","potentialAction":[{"@type":"SearchAction","target":{"@type":"EntryPoint","urlTemplate":"https:\/\/dana.com.br\/canaldana\/?s={search_term_string}"},"query-input":{"@type":"PropertyValueSpecification","valueRequired":true,"valueName":"search_term_string"}}],"inLanguage":"pt-BR"},{"@type":"Person","@id":"https:\/\/dana.com.br\/canaldana\/#\/schema\/person\/3c21f22f56fcf3bc46b94bc60ea4fef6","name":"Canal Dana","image":{"@type":"ImageObject","inLanguage":"pt-BR","@id":"https:\/\/secure.gravatar.com\/avatar\/420aaf9278582877d9018637c6817617705899d2858d7572ef0fe59a6b6454b4?s=96&d=mm&r=g","url":"https:\/\/secure.gravatar.com\/avatar\/420aaf9278582877d9018637c6817617705899d2858d7572ef0fe59a6b6454b4?s=96&d=mm&r=g","contentUrl":"https:\/\/secure.gravatar.com\/avatar\/420aaf9278582877d9018637c6817617705899d2858d7572ef0fe59a6b6454b4?s=96&d=mm&r=g","caption":"Canal Dana"},"url":"https:\/\/dana.com.br\/canaldana\/author\/cdeditor\/"}]}},"_links":{"self":[{"href":"https:\/\/dana.com.br\/canaldana\/wp-json\/wp\/v2\/posts\/64822","targetHints":{"allow":["GET"]}}],"collection":[{"href":"https:\/\/dana.com.br\/canaldana\/wp-json\/wp\/v2\/posts"}],"about":[{"href":"https:\/\/dana.com.br\/canaldana\/wp-json\/wp\/v2\/types\/post"}],"author":[{"embeddable":true,"href":"https:\/\/dana.com.br\/canaldana\/wp-json\/wp\/v2\/users\/3"}],"replies":[{"embeddable":true,"href":"https:\/\/dana.com.br\/canaldana\/wp-json\/wp\/v2\/comments?post=64822"}],"version-history":[{"count":0,"href":"https:\/\/dana.com.br\/canaldana\/wp-json\/wp\/v2\/posts\/64822\/revisions"}],"wp:attachment":[{"href":"https:\/\/dana.com.br\/canaldana\/wp-json\/wp\/v2\/media?parent=64822"}],"wp:term":[{"taxonomy":"category","embeddable":true,"href":"https:\/\/dana.com.br\/canaldana\/wp-json\/wp\/v2\/categories?post=64822"},{"taxonomy":"post_tag","embeddable":true,"href":"https:\/\/dana.com.br\/canaldana\/wp-json\/wp\/v2\/tags?post=64822"}],"curies":[{"name":"wp","href":"https:\/\/api.w.org\/{rel}","templated":true}]}}