{"id":64346,"date":"2023-03-14T09:32:07","date_gmt":"2023-03-14T12:32:07","guid":{"rendered":"https:\/\/dana.com.br\/canaldana\/?p=64346"},"modified":"2023-03-14T09:32:07","modified_gmt":"2023-03-14T12:32:07","slug":"tratores-super-estreitos-e-cabinados-otimizam-colheita-e-reduzem-custos-nos-cafezais","status":"publish","type":"post","link":"https:\/\/dana.com.br\/canaldana\/2023\/03\/14\/tratores-super-estreitos-e-cabinados-otimizam-colheita-e-reduzem-custos-nos-cafezais\/","title":{"rendered":"Tratores super estreitos e cabinados otimizam colheita e reduzem custos nos cafezais"},"content":{"rendered":"<p><em>Coisas de Agora<\/em><\/p>\n<p>&nbsp;<\/p>\n<p>A colheita de caf\u00e9 sempre foi considerada a opera\u00e7\u00e3o de maior custo no processo agr\u00edcola, representado entre 30% e 40% dos gastos totais produtivos. Com o objetivo de reduzir estes custos e otimizar o tempo de produ\u00e7\u00e3o, a partir da d\u00e9cada de 1990, os fabricantes de m\u00e1quinas agr\u00edcolas refor\u00e7aram a oferta de tratores com mais efici\u00eancia e destinados \u00e0s demandas espec\u00edficas dos cafezais.<\/p>\n<p>&nbsp;<\/p>\n<p>A Agritech, pioneira na ind\u00fastria brasileira ao fabricar m\u00e1quinas voltadas especialmente para a agricultura familiar, oferece modelos que atendem \u00e0s necessidades do setor cafeeiro. A linha de tratores da marca para a cultura de caf\u00e9 tem um raio de giro menor, que diminui o tempo de manobra e facilita o trabalho, al\u00e9m da redu\u00e7\u00e3o de combust\u00edvel em at\u00e9 20% durante a opera\u00e7\u00e3o. S\u00e3o modelos super estreitos e cabinados.<\/p>\n<p>&nbsp;<\/p>\n<p>Um destes tratores oferecidos pela Agritech \u00e9 o modelo 1185 Turbo cafeeiro, equipamento desenvolvido para atender a lavoura de caf\u00e9 e suas diversas topografias, pois alia alto desempenho e facilidade nas opera\u00e7\u00f5es do trabalho no campo. O trator possui motor eficiente, que agrega pot\u00eancia e baixo consumo de combust\u00edvel, com um sistema de inje\u00e7\u00e3o que proporciona at\u00e9 20% de economia.<\/p>\n<p>&nbsp;<\/p>\n<p>\u201cCom design moderno e robusto, o equipamento se faz presente na perfeita integra\u00e7\u00e3o entre efici\u00eancia, agilidade e rentabilidade, garantindo melhores resultados, do plantio a colheita\u201d, afirma o Coordenador de Vendas\/Marketing da Agritech, Cesar Roberto Guimar\u00e3es de Oliveira.<\/p>\n<p>&nbsp;<\/p>\n<p>No Brasil, segundo o Censo Agropecu\u00e1rio do IBGE, existem quase 1,3 milh\u00e3o de tratores em mais de 730 mil propriedades. E, no cultivo do caf\u00e9, as vers\u00f5es compactas desses equipamentos s\u00e3o essenciais para o desempenho de m\u00faltiplas tarefas como preparo de solo, plantio, colheita e tratos culturais.<\/p>\n<p>&nbsp;<\/p>\n<p>Pequeno, mas com a for\u00e7a dos grandes.<\/p>\n<p>&nbsp;<\/p>\n<p>Tamb\u00e9m indicado para as lavouras de caf\u00e9, o trator 1160 da Agritech atende aos produtores rurais que necessitam de um trator estreito, compacto, \u00e1gil e econ\u00f4mico em sua propriedade para trabalhar em lavouras de diferentes espa\u00e7amentos. A versatilidade \u00e9 uma das caracter\u00edsticas mais marcantes do equipamento, que pode ser usado desde o preparo do solo at\u00e9 o transporte da colheita.<\/p>\n<p>&nbsp;<\/p>\n<p>\u201cO grande diferencial do 1160 \u00e9 a bagagem de vantagens que acompanham o produto, que pode ser equiparada somente aos tratores de grande porte\u201d, afirma Oliveira.<\/p>\n<p>&nbsp;<\/p>\n<p>\u201cPossu\u00edmos os mais estreitos tratores do mercado. O modelo cafeeiro 1175 Super Estreito Cabinado, por exemplo\u201d, afirma o coordenador. Nesta linha, a Agritech tamb\u00e9m oferece o 1155 Super Estreito Cabinado. Os dois Ambos foram desenvolvidos especialmente para a cultura do caf\u00e9 adensado.<\/p>\n<p>&nbsp;<\/p>\n<p>Ainda de acordo com o coordenador, os modelos desenvolvidos pela Agritech possuem cabine de f\u00e1brica. S\u00e3o cabines equipadas com estruturas de prote\u00e7\u00e3o contra capotamento, al\u00e9m de controles do ar-condicionado com comandos de f\u00e1cil acesso. \u201cS\u00e3o diferenciais que buscamos integrar em nossos tratores, atendendo uma demanda do mercado cafeeiro\u201d, finaliza Oliveira.<\/p>\n<p>&nbsp;<\/p>\n<p><strong>Agritech Lavrale<\/strong><\/p>\n<p>&nbsp;<\/p>\n<p>Divis\u00e3o Agritech \u00e9 pioneira na ind\u00fastria brasileira ao fabricar linhas de tratores, microtratores e implementos agr\u00edcolas voltadas para a agricultura familiar. No final de 2014 a empresa atingiu a marca de 100 mil tratores produzidos pela sua f\u00e1brica, em Indaiatuba (SP). A Agritech faz parte do Grupo St\u00e9dile e surgiu com a cis\u00e3o da Yanmar do Brasil. O Grupo St\u00e9dile, de Caxias do Sul (RS), \u00e9 um dos mais respeitados conglomerados industriais do Brasil e engloba a empresa Agrale S.A. Para saber mais visite o site: <a href=\"http:\/\/www.agritech.ind.br\" target=\"_blank\" rel=\"noopener\">http:\/\/www.agritech.ind.br<\/a>. (Coisas de Agora)<\/p>\n","protected":false},"excerpt":{"rendered":"<p>Coisas de Agora &nbsp; A colheita de caf\u00e9 sempre foi considerada a opera\u00e7\u00e3o de maior custo no processo agr\u00edcola, representado entre 30% e 40% dos gastos totais produtivos. Com o objetivo de reduzir estes custos e otimizar o tempo de produ\u00e7\u00e3o, a partir da d\u00e9cada de 1990, os fabricantes de m\u00e1quinas agr\u00edcolas refor\u00e7aram a oferta\u2026 <a class=\"readmore\" href=\"https:\/\/dana.com.br\/canaldana\/2023\/03\/14\/tratores-super-estreitos-e-cabinados-otimizam-colheita-e-reduzem-custos-nos-cafezais\/\">Leia mais \u00bb<\/a><\/p>\n","protected":false},"author":3,"featured_media":0,"comment_status":"closed","ping_status":"closed","sticky":false,"template":"","format":"standard","meta":{"_acf_changed":false,"footnotes":""},"categories":[79],"tags":[],"class_list":["post-64346","post","type-post","status-publish","format-standard","hentry","category-mercado"],"acf":[],"yoast_head":"<!-- This site is optimized with the Yoast SEO plugin v27.3 - https:\/\/yoast.com\/product\/yoast-seo-wordpress\/ -->\n<title>Tratores super estreitos e cabinados otimizam colheita e reduzem custos nos cafezais - Canal Dana<\/title>\n<meta name=\"robots\" content=\"index, follow, max-snippet:-1, max-image-preview:large, max-video-preview:-1\" \/>\n<link rel=\"canonical\" href=\"https:\/\/dana.com.br\/canaldana\/2023\/03\/14\/tratores-super-estreitos-e-cabinados-otimizam-colheita-e-reduzem-custos-nos-cafezais\/\" \/>\n<meta property=\"og:locale\" content=\"pt_BR\" \/>\n<meta property=\"og:type\" content=\"article\" \/>\n<meta property=\"og:title\" content=\"Tratores super estreitos e cabinados otimizam colheita e reduzem custos nos cafezais - Canal Dana\" \/>\n<meta property=\"og:description\" content=\"Coisas de Agora &nbsp; A colheita de caf\u00e9 sempre foi considerada a opera\u00e7\u00e3o de maior custo no processo agr\u00edcola, representado entre 30% e 40% dos gastos totais produtivos. Com o objetivo de reduzir estes custos e otimizar o tempo de produ\u00e7\u00e3o, a partir da d\u00e9cada de 1990, os fabricantes de m\u00e1quinas agr\u00edcolas refor\u00e7aram a oferta\u2026 Leia mais \u00bb\" \/>\n<meta property=\"og:url\" content=\"https:\/\/dana.com.br\/canaldana\/2023\/03\/14\/tratores-super-estreitos-e-cabinados-otimizam-colheita-e-reduzem-custos-nos-cafezais\/\" \/>\n<meta property=\"og:site_name\" content=\"Canal Dana\" \/>\n<meta property=\"article:published_time\" content=\"2023-03-14T12:32:07+00:00\" \/>\n<meta name=\"author\" content=\"Canal Dana\" \/>\n<meta name=\"twitter:card\" content=\"summary_large_image\" \/>\n<meta name=\"twitter:label1\" content=\"Escrito por\" \/>\n\t<meta name=\"twitter:data1\" content=\"Canal Dana\" \/>\n\t<meta name=\"twitter:label2\" content=\"Est. tempo de leitura\" \/>\n\t<meta name=\"twitter:data2\" content=\"4 minutos\" \/>\n<script type=\"application\/ld+json\" class=\"yoast-schema-graph\">{\"@context\":\"https:\\\/\\\/schema.org\",\"@graph\":[{\"@type\":\"Article\",\"@id\":\"https:\\\/\\\/dana.com.br\\\/canaldana\\\/2023\\\/03\\\/14\\\/tratores-super-estreitos-e-cabinados-otimizam-colheita-e-reduzem-custos-nos-cafezais\\\/#article\",\"isPartOf\":{\"@id\":\"https:\\\/\\\/dana.com.br\\\/canaldana\\\/2023\\\/03\\\/14\\\/tratores-super-estreitos-e-cabinados-otimizam-colheita-e-reduzem-custos-nos-cafezais\\\/\"},\"author\":{\"name\":\"Canal Dana\",\"@id\":\"https:\\\/\\\/dana.com.br\\\/canaldana\\\/#\\\/schema\\\/person\\\/3c21f22f56fcf3bc46b94bc60ea4fef6\"},\"headline\":\"Tratores super estreitos e cabinados otimizam colheita e reduzem custos nos cafezais\",\"datePublished\":\"2023-03-14T12:32:07+00:00\",\"mainEntityOfPage\":{\"@id\":\"https:\\\/\\\/dana.com.br\\\/canaldana\\\/2023\\\/03\\\/14\\\/tratores-super-estreitos-e-cabinados-otimizam-colheita-e-reduzem-custos-nos-cafezais\\\/\"},\"wordCount\":614,\"articleSection\":[\"Mercado\"],\"inLanguage\":\"pt-BR\"},{\"@type\":\"WebPage\",\"@id\":\"https:\\\/\\\/dana.com.br\\\/canaldana\\\/2023\\\/03\\\/14\\\/tratores-super-estreitos-e-cabinados-otimizam-colheita-e-reduzem-custos-nos-cafezais\\\/\",\"url\":\"https:\\\/\\\/dana.com.br\\\/canaldana\\\/2023\\\/03\\\/14\\\/tratores-super-estreitos-e-cabinados-otimizam-colheita-e-reduzem-custos-nos-cafezais\\\/\",\"name\":\"Tratores super estreitos e cabinados otimizam colheita e reduzem custos nos cafezais - Canal Dana\",\"isPartOf\":{\"@id\":\"https:\\\/\\\/dana.com.br\\\/canaldana\\\/#website\"},\"datePublished\":\"2023-03-14T12:32:07+00:00\",\"author\":{\"@id\":\"https:\\\/\\\/dana.com.br\\\/canaldana\\\/#\\\/schema\\\/person\\\/3c21f22f56fcf3bc46b94bc60ea4fef6\"},\"breadcrumb\":{\"@id\":\"https:\\\/\\\/dana.com.br\\\/canaldana\\\/2023\\\/03\\\/14\\\/tratores-super-estreitos-e-cabinados-otimizam-colheita-e-reduzem-custos-nos-cafezais\\\/#breadcrumb\"},\"inLanguage\":\"pt-BR\",\"potentialAction\":[{\"@type\":\"ReadAction\",\"target\":[\"https:\\\/\\\/dana.com.br\\\/canaldana\\\/2023\\\/03\\\/14\\\/tratores-super-estreitos-e-cabinados-otimizam-colheita-e-reduzem-custos-nos-cafezais\\\/\"]}]},{\"@type\":\"BreadcrumbList\",\"@id\":\"https:\\\/\\\/dana.com.br\\\/canaldana\\\/2023\\\/03\\\/14\\\/tratores-super-estreitos-e-cabinados-otimizam-colheita-e-reduzem-custos-nos-cafezais\\\/#breadcrumb\",\"itemListElement\":[{\"@type\":\"ListItem\",\"position\":1,\"name\":\"Home\",\"item\":\"https:\\\/\\\/dana.com.br\\\/canaldana\\\/\"},{\"@type\":\"ListItem\",\"position\":2,\"name\":\"Mercado\",\"item\":\"https:\\\/\\\/dana.com.br\\\/canaldana\\\/mercado\\\/\"},{\"@type\":\"ListItem\",\"position\":3,\"name\":\"Tratores super estreitos e cabinados otimizam colheita e reduzem custos nos cafezais\"}]},{\"@type\":\"WebSite\",\"@id\":\"https:\\\/\\\/dana.com.br\\\/canaldana\\\/#website\",\"url\":\"https:\\\/\\\/dana.com.br\\\/canaldana\\\/\",\"name\":\"Canal Dana\",\"description\":\"Informativo com as principais not\u00edcias da ind\u00fastria automotiva\",\"potentialAction\":[{\"@type\":\"SearchAction\",\"target\":{\"@type\":\"EntryPoint\",\"urlTemplate\":\"https:\\\/\\\/dana.com.br\\\/canaldana\\\/?s={search_term_string}\"},\"query-input\":{\"@type\":\"PropertyValueSpecification\",\"valueRequired\":true,\"valueName\":\"search_term_string\"}}],\"inLanguage\":\"pt-BR\"},{\"@type\":\"Person\",\"@id\":\"https:\\\/\\\/dana.com.br\\\/canaldana\\\/#\\\/schema\\\/person\\\/3c21f22f56fcf3bc46b94bc60ea4fef6\",\"name\":\"Canal Dana\",\"image\":{\"@type\":\"ImageObject\",\"inLanguage\":\"pt-BR\",\"@id\":\"https:\\\/\\\/secure.gravatar.com\\\/avatar\\\/420aaf9278582877d9018637c6817617705899d2858d7572ef0fe59a6b6454b4?s=96&d=mm&r=g\",\"url\":\"https:\\\/\\\/secure.gravatar.com\\\/avatar\\\/420aaf9278582877d9018637c6817617705899d2858d7572ef0fe59a6b6454b4?s=96&d=mm&r=g\",\"contentUrl\":\"https:\\\/\\\/secure.gravatar.com\\\/avatar\\\/420aaf9278582877d9018637c6817617705899d2858d7572ef0fe59a6b6454b4?s=96&d=mm&r=g\",\"caption\":\"Canal Dana\"},\"url\":\"https:\\\/\\\/dana.com.br\\\/canaldana\\\/author\\\/cdeditor\\\/\"}]}<\/script>\n<!-- \/ Yoast SEO plugin. -->","yoast_head_json":{"title":"Tratores super estreitos e cabinados otimizam colheita e reduzem custos nos cafezais - Canal Dana","robots":{"index":"index","follow":"follow","max-snippet":"max-snippet:-1","max-image-preview":"max-image-preview:large","max-video-preview":"max-video-preview:-1"},"canonical":"https:\/\/dana.com.br\/canaldana\/2023\/03\/14\/tratores-super-estreitos-e-cabinados-otimizam-colheita-e-reduzem-custos-nos-cafezais\/","og_locale":"pt_BR","og_type":"article","og_title":"Tratores super estreitos e cabinados otimizam colheita e reduzem custos nos cafezais - Canal Dana","og_description":"Coisas de Agora &nbsp; A colheita de caf\u00e9 sempre foi considerada a opera\u00e7\u00e3o de maior custo no processo agr\u00edcola, representado entre 30% e 40% dos gastos totais produtivos. Com o objetivo de reduzir estes custos e otimizar o tempo de produ\u00e7\u00e3o, a partir da d\u00e9cada de 1990, os fabricantes de m\u00e1quinas agr\u00edcolas refor\u00e7aram a oferta\u2026 Leia mais \u00bb","og_url":"https:\/\/dana.com.br\/canaldana\/2023\/03\/14\/tratores-super-estreitos-e-cabinados-otimizam-colheita-e-reduzem-custos-nos-cafezais\/","og_site_name":"Canal Dana","article_published_time":"2023-03-14T12:32:07+00:00","author":"Canal Dana","twitter_card":"summary_large_image","twitter_misc":{"Escrito por":"Canal Dana","Est. tempo de leitura":"4 minutos"},"schema":{"@context":"https:\/\/schema.org","@graph":[{"@type":"Article","@id":"https:\/\/dana.com.br\/canaldana\/2023\/03\/14\/tratores-super-estreitos-e-cabinados-otimizam-colheita-e-reduzem-custos-nos-cafezais\/#article","isPartOf":{"@id":"https:\/\/dana.com.br\/canaldana\/2023\/03\/14\/tratores-super-estreitos-e-cabinados-otimizam-colheita-e-reduzem-custos-nos-cafezais\/"},"author":{"name":"Canal Dana","@id":"https:\/\/dana.com.br\/canaldana\/#\/schema\/person\/3c21f22f56fcf3bc46b94bc60ea4fef6"},"headline":"Tratores super estreitos e cabinados otimizam colheita e reduzem custos nos cafezais","datePublished":"2023-03-14T12:32:07+00:00","mainEntityOfPage":{"@id":"https:\/\/dana.com.br\/canaldana\/2023\/03\/14\/tratores-super-estreitos-e-cabinados-otimizam-colheita-e-reduzem-custos-nos-cafezais\/"},"wordCount":614,"articleSection":["Mercado"],"inLanguage":"pt-BR"},{"@type":"WebPage","@id":"https:\/\/dana.com.br\/canaldana\/2023\/03\/14\/tratores-super-estreitos-e-cabinados-otimizam-colheita-e-reduzem-custos-nos-cafezais\/","url":"https:\/\/dana.com.br\/canaldana\/2023\/03\/14\/tratores-super-estreitos-e-cabinados-otimizam-colheita-e-reduzem-custos-nos-cafezais\/","name":"Tratores super estreitos e cabinados otimizam colheita e reduzem custos nos cafezais - Canal Dana","isPartOf":{"@id":"https:\/\/dana.com.br\/canaldana\/#website"},"datePublished":"2023-03-14T12:32:07+00:00","author":{"@id":"https:\/\/dana.com.br\/canaldana\/#\/schema\/person\/3c21f22f56fcf3bc46b94bc60ea4fef6"},"breadcrumb":{"@id":"https:\/\/dana.com.br\/canaldana\/2023\/03\/14\/tratores-super-estreitos-e-cabinados-otimizam-colheita-e-reduzem-custos-nos-cafezais\/#breadcrumb"},"inLanguage":"pt-BR","potentialAction":[{"@type":"ReadAction","target":["https:\/\/dana.com.br\/canaldana\/2023\/03\/14\/tratores-super-estreitos-e-cabinados-otimizam-colheita-e-reduzem-custos-nos-cafezais\/"]}]},{"@type":"BreadcrumbList","@id":"https:\/\/dana.com.br\/canaldana\/2023\/03\/14\/tratores-super-estreitos-e-cabinados-otimizam-colheita-e-reduzem-custos-nos-cafezais\/#breadcrumb","itemListElement":[{"@type":"ListItem","position":1,"name":"Home","item":"https:\/\/dana.com.br\/canaldana\/"},{"@type":"ListItem","position":2,"name":"Mercado","item":"https:\/\/dana.com.br\/canaldana\/mercado\/"},{"@type":"ListItem","position":3,"name":"Tratores super estreitos e cabinados otimizam colheita e reduzem custos nos cafezais"}]},{"@type":"WebSite","@id":"https:\/\/dana.com.br\/canaldana\/#website","url":"https:\/\/dana.com.br\/canaldana\/","name":"Canal Dana","description":"Informativo com as principais not\u00edcias da ind\u00fastria automotiva","potentialAction":[{"@type":"SearchAction","target":{"@type":"EntryPoint","urlTemplate":"https:\/\/dana.com.br\/canaldana\/?s={search_term_string}"},"query-input":{"@type":"PropertyValueSpecification","valueRequired":true,"valueName":"search_term_string"}}],"inLanguage":"pt-BR"},{"@type":"Person","@id":"https:\/\/dana.com.br\/canaldana\/#\/schema\/person\/3c21f22f56fcf3bc46b94bc60ea4fef6","name":"Canal Dana","image":{"@type":"ImageObject","inLanguage":"pt-BR","@id":"https:\/\/secure.gravatar.com\/avatar\/420aaf9278582877d9018637c6817617705899d2858d7572ef0fe59a6b6454b4?s=96&d=mm&r=g","url":"https:\/\/secure.gravatar.com\/avatar\/420aaf9278582877d9018637c6817617705899d2858d7572ef0fe59a6b6454b4?s=96&d=mm&r=g","contentUrl":"https:\/\/secure.gravatar.com\/avatar\/420aaf9278582877d9018637c6817617705899d2858d7572ef0fe59a6b6454b4?s=96&d=mm&r=g","caption":"Canal Dana"},"url":"https:\/\/dana.com.br\/canaldana\/author\/cdeditor\/"}]}},"_links":{"self":[{"href":"https:\/\/dana.com.br\/canaldana\/wp-json\/wp\/v2\/posts\/64346","targetHints":{"allow":["GET"]}}],"collection":[{"href":"https:\/\/dana.com.br\/canaldana\/wp-json\/wp\/v2\/posts"}],"about":[{"href":"https:\/\/dana.com.br\/canaldana\/wp-json\/wp\/v2\/types\/post"}],"author":[{"embeddable":true,"href":"https:\/\/dana.com.br\/canaldana\/wp-json\/wp\/v2\/users\/3"}],"replies":[{"embeddable":true,"href":"https:\/\/dana.com.br\/canaldana\/wp-json\/wp\/v2\/comments?post=64346"}],"version-history":[{"count":0,"href":"https:\/\/dana.com.br\/canaldana\/wp-json\/wp\/v2\/posts\/64346\/revisions"}],"wp:attachment":[{"href":"https:\/\/dana.com.br\/canaldana\/wp-json\/wp\/v2\/media?parent=64346"}],"wp:term":[{"taxonomy":"category","embeddable":true,"href":"https:\/\/dana.com.br\/canaldana\/wp-json\/wp\/v2\/categories?post=64346"},{"taxonomy":"post_tag","embeddable":true,"href":"https:\/\/dana.com.br\/canaldana\/wp-json\/wp\/v2\/tags?post=64346"}],"curies":[{"name":"wp","href":"https:\/\/api.w.org\/{rel}","templated":true}]}}