{"id":63968,"date":"2023-02-23T08:40:26","date_gmt":"2023-02-23T11:40:26","guid":{"rendered":"https:\/\/dana.com.br\/canaldana\/?p=63968"},"modified":"2023-02-23T08:40:26","modified_gmt":"2023-02-23T11:40:26","slug":"cdp-confirma-que-pirelli-e-uma-das-lideres-na-luta-contra-as-mudancas-climaticas","status":"publish","type":"post","link":"https:\/\/dana.com.br\/canaldana\/2023\/02\/23\/cdp-confirma-que-pirelli-e-uma-das-lideres-na-luta-contra-as-mudancas-climaticas\/","title":{"rendered":"CDP confirma que Pirelli \u00e9 uma das l\u00edderes na luta contra as mudan\u00e7as clim\u00e1ticas"},"content":{"rendered":"<p><em>Coisas de Agora<\/em><\/p>\n<p>&nbsp;<\/p>\n<p>Pela quinta vez consecutiva, a Pirelli &amp; C. SpA foi confirmada como l\u00edder global na luta contra as mudan\u00e7as clim\u00e1ticas, obtendo uma posi\u00e7\u00e3o na lista Climate A 2022 da CDP, uma organiza\u00e7\u00e3o sem fins lucrativos internacional que re\u00fane, dissemina e promove informa\u00e7\u00f5es sobre quest\u00f5es ambientais.<\/p>\n<p>&nbsp;<\/p>\n<p>A classifica\u00e7\u00e3o \u201cA\u201d, atribu\u00edda \u00e0 Pirelli ao final do processo de an\u00e1lise, \u00e9 a nota mais alta e foi concedida a apenas 294 empresas das mais de 18.700 participantes, avaliadas com base na efic\u00e1cia das a\u00e7\u00f5es implementadas para reduzir emiss\u00f5es e riscos clim\u00e1ticos e desenvolver uma economia de baixas emiss\u00f5es de carbono, bem como na completude e transpar\u00eancia das informa\u00e7\u00f5es fornecidas e na ado\u00e7\u00e3o de melhores pr\u00e1ticas associadas ao impacto ambiental.<\/p>\n<p>&nbsp;<\/p>\n<p>O reconhecimento pela CDP confirma o compromisso constante da Pirelli na \u00e1rea de sustentabilidade ambiental, onde a empresa formalizou seu compromisso de Net Zero (redu\u00e7\u00f5es de emiss\u00e3o de CO\u00b2) com a Iniciativa de Metas Baseadas na Ci\u00eancia (SBTi, na sigla em ingl\u00eas), que recentemente validou as novas metas da empresa para a redu\u00e7\u00e3o das emiss\u00f5es de gases de efeito estufa, de acordo com a manuten\u00e7\u00e3o do aquecimento clim\u00e1tico \u201cdentro de 1,5\u00b0C\u201d, ap\u00f3s a realiza\u00e7\u00e3o dos objetivos anteriores de escopo 1 e 2 quatro anos antes do prazo. H\u00e1 alguns anos, a Pirelli tem o objetivo de \u201cneutralidade de carbono\u201d at\u00e9 2030, tanto para energia el\u00e9trica quanto t\u00e9rmica, apoiada pela meta de fornecimento de energia de 100% de fontes renov\u00e1veis de eletricidade a n\u00edvel global at\u00e9 2025. Al\u00e9m disso, h\u00e1 o compromisso constante em pesquisa e desenvolvimento para materiais inovadores e renov\u00e1veis e a redu\u00e7\u00e3o das emiss\u00f5es provenientes da cadeia de suprimentos.<\/p>\n<p>&nbsp;<\/p>\n<p>\u201cSer reconhecido como l\u00edder na luta contra as mudan\u00e7as clim\u00e1ticas pela CDP \u00e9 uma fonte de satisfa\u00e7\u00e3o para toda a Pirelli e \u00e9 prova da natureza concreta de nossas a\u00e7\u00f5es em favor da sustentabilidade ambiental. \u00c9 um resultado importante que incentiva a Pirelli a estabelecer sempre metas mais desafiadoras para a prote\u00e7\u00e3o do meio ambiente\u201d, afirma Marco Tronchetti Provera, Vice-Presidente Executivo e CEO da Pirelli.<\/p>\n<p>&nbsp;<\/p>\n<p>O CDP, cujo objetivo \u00e9 orientar empresas e governos a reduzir suas emiss\u00f5es de gases de efeito estufa, salvaguardar os recursos h\u00eddricos e proteger as florestas, coleta dados sobre impactos, riscos e oportunidades ambientais para avalia\u00e7\u00e3o independente da metodologia pela qual a pontua\u00e7\u00e3o \u00e9 calculada. A pedido de mais de 680 investidores com mais de 130 bilh\u00f5es de d\u00f3lares em ativos e mais de 280 grandes compradores com um poder de compra de 6,4 bilh\u00f5es de d\u00f3lares, estes dados, em 2022, foram comunicados atrav\u00e9s da plataforma CDP pelo n\u00famero recorde de mais de 18.700 empresas. (Coisas de Agora)<\/p>\n","protected":false},"excerpt":{"rendered":"<p>Coisas de Agora &nbsp; Pela quinta vez consecutiva, a Pirelli &amp; C. SpA foi confirmada como l\u00edder global na luta contra as mudan\u00e7as clim\u00e1ticas, obtendo uma posi\u00e7\u00e3o na lista Climate A 2022 da CDP, uma organiza\u00e7\u00e3o sem fins lucrativos internacional que re\u00fane, dissemina e promove informa\u00e7\u00f5es sobre quest\u00f5es ambientais. &nbsp; A classifica\u00e7\u00e3o \u201cA\u201d, atribu\u00edda \u00e0\u2026 <a class=\"readmore\" href=\"https:\/\/dana.com.br\/canaldana\/2023\/02\/23\/cdp-confirma-que-pirelli-e-uma-das-lideres-na-luta-contra-as-mudancas-climaticas\/\">Leia mais \u00bb<\/a><\/p>\n","protected":false},"author":3,"featured_media":0,"comment_status":"closed","ping_status":"closed","sticky":false,"template":"","format":"standard","meta":{"_acf_changed":false,"footnotes":""},"categories":[63],"tags":[],"class_list":["post-63968","post","type-post","status-publish","format-standard","hentry","category-meio-ambiente"],"acf":[],"yoast_head":"<!-- This site is optimized with the Yoast SEO plugin v27.3 - https:\/\/yoast.com\/product\/yoast-seo-wordpress\/ -->\n<title>CDP confirma que Pirelli \u00e9 uma das l\u00edderes na luta contra as mudan\u00e7as clim\u00e1ticas - Canal Dana<\/title>\n<meta name=\"robots\" content=\"index, follow, max-snippet:-1, max-image-preview:large, max-video-preview:-1\" \/>\n<link rel=\"canonical\" href=\"https:\/\/dana.com.br\/canaldana\/2023\/02\/23\/cdp-confirma-que-pirelli-e-uma-das-lideres-na-luta-contra-as-mudancas-climaticas\/\" \/>\n<meta property=\"og:locale\" content=\"pt_BR\" \/>\n<meta property=\"og:type\" content=\"article\" \/>\n<meta property=\"og:title\" content=\"CDP confirma que Pirelli \u00e9 uma das l\u00edderes na luta contra as mudan\u00e7as clim\u00e1ticas - Canal Dana\" \/>\n<meta property=\"og:description\" content=\"Coisas de Agora &nbsp; Pela quinta vez consecutiva, a Pirelli &amp; C. SpA foi confirmada como l\u00edder global na luta contra as mudan\u00e7as clim\u00e1ticas, obtendo uma posi\u00e7\u00e3o na lista Climate A 2022 da CDP, uma organiza\u00e7\u00e3o sem fins lucrativos internacional que re\u00fane, dissemina e promove informa\u00e7\u00f5es sobre quest\u00f5es ambientais. &nbsp; A classifica\u00e7\u00e3o \u201cA\u201d, atribu\u00edda \u00e0\u2026 Leia mais \u00bb\" \/>\n<meta property=\"og:url\" content=\"https:\/\/dana.com.br\/canaldana\/2023\/02\/23\/cdp-confirma-que-pirelli-e-uma-das-lideres-na-luta-contra-as-mudancas-climaticas\/\" \/>\n<meta property=\"og:site_name\" content=\"Canal Dana\" \/>\n<meta property=\"article:published_time\" content=\"2023-02-23T11:40:26+00:00\" \/>\n<meta name=\"author\" content=\"Canal Dana\" \/>\n<meta name=\"twitter:card\" content=\"summary_large_image\" \/>\n<meta name=\"twitter:label1\" content=\"Escrito por\" \/>\n\t<meta name=\"twitter:data1\" content=\"Canal Dana\" \/>\n\t<meta name=\"twitter:label2\" content=\"Est. tempo de leitura\" \/>\n\t<meta name=\"twitter:data2\" content=\"3 minutos\" \/>\n<script type=\"application\/ld+json\" class=\"yoast-schema-graph\">{\"@context\":\"https:\\\/\\\/schema.org\",\"@graph\":[{\"@type\":\"Article\",\"@id\":\"https:\\\/\\\/dana.com.br\\\/canaldana\\\/2023\\\/02\\\/23\\\/cdp-confirma-que-pirelli-e-uma-das-lideres-na-luta-contra-as-mudancas-climaticas\\\/#article\",\"isPartOf\":{\"@id\":\"https:\\\/\\\/dana.com.br\\\/canaldana\\\/2023\\\/02\\\/23\\\/cdp-confirma-que-pirelli-e-uma-das-lideres-na-luta-contra-as-mudancas-climaticas\\\/\"},\"author\":{\"name\":\"Canal Dana\",\"@id\":\"https:\\\/\\\/dana.com.br\\\/canaldana\\\/#\\\/schema\\\/person\\\/3c21f22f56fcf3bc46b94bc60ea4fef6\"},\"headline\":\"CDP confirma que Pirelli \u00e9 uma das l\u00edderes na luta contra as mudan\u00e7as clim\u00e1ticas\",\"datePublished\":\"2023-02-23T11:40:26+00:00\",\"mainEntityOfPage\":{\"@id\":\"https:\\\/\\\/dana.com.br\\\/canaldana\\\/2023\\\/02\\\/23\\\/cdp-confirma-que-pirelli-e-uma-das-lideres-na-luta-contra-as-mudancas-climaticas\\\/\"},\"wordCount\":487,\"articleSection\":[\"Meio Ambiente\"],\"inLanguage\":\"pt-BR\"},{\"@type\":\"WebPage\",\"@id\":\"https:\\\/\\\/dana.com.br\\\/canaldana\\\/2023\\\/02\\\/23\\\/cdp-confirma-que-pirelli-e-uma-das-lideres-na-luta-contra-as-mudancas-climaticas\\\/\",\"url\":\"https:\\\/\\\/dana.com.br\\\/canaldana\\\/2023\\\/02\\\/23\\\/cdp-confirma-que-pirelli-e-uma-das-lideres-na-luta-contra-as-mudancas-climaticas\\\/\",\"name\":\"CDP confirma que Pirelli \u00e9 uma das l\u00edderes na luta contra as mudan\u00e7as clim\u00e1ticas - Canal Dana\",\"isPartOf\":{\"@id\":\"https:\\\/\\\/dana.com.br\\\/canaldana\\\/#website\"},\"datePublished\":\"2023-02-23T11:40:26+00:00\",\"author\":{\"@id\":\"https:\\\/\\\/dana.com.br\\\/canaldana\\\/#\\\/schema\\\/person\\\/3c21f22f56fcf3bc46b94bc60ea4fef6\"},\"breadcrumb\":{\"@id\":\"https:\\\/\\\/dana.com.br\\\/canaldana\\\/2023\\\/02\\\/23\\\/cdp-confirma-que-pirelli-e-uma-das-lideres-na-luta-contra-as-mudancas-climaticas\\\/#breadcrumb\"},\"inLanguage\":\"pt-BR\",\"potentialAction\":[{\"@type\":\"ReadAction\",\"target\":[\"https:\\\/\\\/dana.com.br\\\/canaldana\\\/2023\\\/02\\\/23\\\/cdp-confirma-que-pirelli-e-uma-das-lideres-na-luta-contra-as-mudancas-climaticas\\\/\"]}]},{\"@type\":\"BreadcrumbList\",\"@id\":\"https:\\\/\\\/dana.com.br\\\/canaldana\\\/2023\\\/02\\\/23\\\/cdp-confirma-que-pirelli-e-uma-das-lideres-na-luta-contra-as-mudancas-climaticas\\\/#breadcrumb\",\"itemListElement\":[{\"@type\":\"ListItem\",\"position\":1,\"name\":\"Home\",\"item\":\"https:\\\/\\\/dana.com.br\\\/canaldana\\\/\"},{\"@type\":\"ListItem\",\"position\":2,\"name\":\"Meio Ambiente\",\"item\":\"https:\\\/\\\/dana.com.br\\\/canaldana\\\/meio-ambiente\\\/\"},{\"@type\":\"ListItem\",\"position\":3,\"name\":\"CDP confirma que Pirelli \u00e9 uma das l\u00edderes na luta contra as mudan\u00e7as clim\u00e1ticas\"}]},{\"@type\":\"WebSite\",\"@id\":\"https:\\\/\\\/dana.com.br\\\/canaldana\\\/#website\",\"url\":\"https:\\\/\\\/dana.com.br\\\/canaldana\\\/\",\"name\":\"Canal Dana\",\"description\":\"Informativo com as principais not\u00edcias da ind\u00fastria automotiva\",\"potentialAction\":[{\"@type\":\"SearchAction\",\"target\":{\"@type\":\"EntryPoint\",\"urlTemplate\":\"https:\\\/\\\/dana.com.br\\\/canaldana\\\/?s={search_term_string}\"},\"query-input\":{\"@type\":\"PropertyValueSpecification\",\"valueRequired\":true,\"valueName\":\"search_term_string\"}}],\"inLanguage\":\"pt-BR\"},{\"@type\":\"Person\",\"@id\":\"https:\\\/\\\/dana.com.br\\\/canaldana\\\/#\\\/schema\\\/person\\\/3c21f22f56fcf3bc46b94bc60ea4fef6\",\"name\":\"Canal Dana\",\"image\":{\"@type\":\"ImageObject\",\"inLanguage\":\"pt-BR\",\"@id\":\"https:\\\/\\\/secure.gravatar.com\\\/avatar\\\/420aaf9278582877d9018637c6817617705899d2858d7572ef0fe59a6b6454b4?s=96&d=mm&r=g\",\"url\":\"https:\\\/\\\/secure.gravatar.com\\\/avatar\\\/420aaf9278582877d9018637c6817617705899d2858d7572ef0fe59a6b6454b4?s=96&d=mm&r=g\",\"contentUrl\":\"https:\\\/\\\/secure.gravatar.com\\\/avatar\\\/420aaf9278582877d9018637c6817617705899d2858d7572ef0fe59a6b6454b4?s=96&d=mm&r=g\",\"caption\":\"Canal Dana\"},\"url\":\"https:\\\/\\\/dana.com.br\\\/canaldana\\\/author\\\/cdeditor\\\/\"}]}<\/script>\n<!-- \/ Yoast SEO plugin. -->","yoast_head_json":{"title":"CDP confirma que Pirelli \u00e9 uma das l\u00edderes na luta contra as mudan\u00e7as clim\u00e1ticas - Canal Dana","robots":{"index":"index","follow":"follow","max-snippet":"max-snippet:-1","max-image-preview":"max-image-preview:large","max-video-preview":"max-video-preview:-1"},"canonical":"https:\/\/dana.com.br\/canaldana\/2023\/02\/23\/cdp-confirma-que-pirelli-e-uma-das-lideres-na-luta-contra-as-mudancas-climaticas\/","og_locale":"pt_BR","og_type":"article","og_title":"CDP confirma que Pirelli \u00e9 uma das l\u00edderes na luta contra as mudan\u00e7as clim\u00e1ticas - Canal Dana","og_description":"Coisas de Agora &nbsp; Pela quinta vez consecutiva, a Pirelli &amp; C. SpA foi confirmada como l\u00edder global na luta contra as mudan\u00e7as clim\u00e1ticas, obtendo uma posi\u00e7\u00e3o na lista Climate A 2022 da CDP, uma organiza\u00e7\u00e3o sem fins lucrativos internacional que re\u00fane, dissemina e promove informa\u00e7\u00f5es sobre quest\u00f5es ambientais. &nbsp; A classifica\u00e7\u00e3o \u201cA\u201d, atribu\u00edda \u00e0\u2026 Leia mais \u00bb","og_url":"https:\/\/dana.com.br\/canaldana\/2023\/02\/23\/cdp-confirma-que-pirelli-e-uma-das-lideres-na-luta-contra-as-mudancas-climaticas\/","og_site_name":"Canal Dana","article_published_time":"2023-02-23T11:40:26+00:00","author":"Canal Dana","twitter_card":"summary_large_image","twitter_misc":{"Escrito por":"Canal Dana","Est. tempo de leitura":"3 minutos"},"schema":{"@context":"https:\/\/schema.org","@graph":[{"@type":"Article","@id":"https:\/\/dana.com.br\/canaldana\/2023\/02\/23\/cdp-confirma-que-pirelli-e-uma-das-lideres-na-luta-contra-as-mudancas-climaticas\/#article","isPartOf":{"@id":"https:\/\/dana.com.br\/canaldana\/2023\/02\/23\/cdp-confirma-que-pirelli-e-uma-das-lideres-na-luta-contra-as-mudancas-climaticas\/"},"author":{"name":"Canal Dana","@id":"https:\/\/dana.com.br\/canaldana\/#\/schema\/person\/3c21f22f56fcf3bc46b94bc60ea4fef6"},"headline":"CDP confirma que Pirelli \u00e9 uma das l\u00edderes na luta contra as mudan\u00e7as clim\u00e1ticas","datePublished":"2023-02-23T11:40:26+00:00","mainEntityOfPage":{"@id":"https:\/\/dana.com.br\/canaldana\/2023\/02\/23\/cdp-confirma-que-pirelli-e-uma-das-lideres-na-luta-contra-as-mudancas-climaticas\/"},"wordCount":487,"articleSection":["Meio Ambiente"],"inLanguage":"pt-BR"},{"@type":"WebPage","@id":"https:\/\/dana.com.br\/canaldana\/2023\/02\/23\/cdp-confirma-que-pirelli-e-uma-das-lideres-na-luta-contra-as-mudancas-climaticas\/","url":"https:\/\/dana.com.br\/canaldana\/2023\/02\/23\/cdp-confirma-que-pirelli-e-uma-das-lideres-na-luta-contra-as-mudancas-climaticas\/","name":"CDP confirma que Pirelli \u00e9 uma das l\u00edderes na luta contra as mudan\u00e7as clim\u00e1ticas - Canal Dana","isPartOf":{"@id":"https:\/\/dana.com.br\/canaldana\/#website"},"datePublished":"2023-02-23T11:40:26+00:00","author":{"@id":"https:\/\/dana.com.br\/canaldana\/#\/schema\/person\/3c21f22f56fcf3bc46b94bc60ea4fef6"},"breadcrumb":{"@id":"https:\/\/dana.com.br\/canaldana\/2023\/02\/23\/cdp-confirma-que-pirelli-e-uma-das-lideres-na-luta-contra-as-mudancas-climaticas\/#breadcrumb"},"inLanguage":"pt-BR","potentialAction":[{"@type":"ReadAction","target":["https:\/\/dana.com.br\/canaldana\/2023\/02\/23\/cdp-confirma-que-pirelli-e-uma-das-lideres-na-luta-contra-as-mudancas-climaticas\/"]}]},{"@type":"BreadcrumbList","@id":"https:\/\/dana.com.br\/canaldana\/2023\/02\/23\/cdp-confirma-que-pirelli-e-uma-das-lideres-na-luta-contra-as-mudancas-climaticas\/#breadcrumb","itemListElement":[{"@type":"ListItem","position":1,"name":"Home","item":"https:\/\/dana.com.br\/canaldana\/"},{"@type":"ListItem","position":2,"name":"Meio Ambiente","item":"https:\/\/dana.com.br\/canaldana\/meio-ambiente\/"},{"@type":"ListItem","position":3,"name":"CDP confirma que Pirelli \u00e9 uma das l\u00edderes na luta contra as mudan\u00e7as clim\u00e1ticas"}]},{"@type":"WebSite","@id":"https:\/\/dana.com.br\/canaldana\/#website","url":"https:\/\/dana.com.br\/canaldana\/","name":"Canal Dana","description":"Informativo com as principais not\u00edcias da ind\u00fastria automotiva","potentialAction":[{"@type":"SearchAction","target":{"@type":"EntryPoint","urlTemplate":"https:\/\/dana.com.br\/canaldana\/?s={search_term_string}"},"query-input":{"@type":"PropertyValueSpecification","valueRequired":true,"valueName":"search_term_string"}}],"inLanguage":"pt-BR"},{"@type":"Person","@id":"https:\/\/dana.com.br\/canaldana\/#\/schema\/person\/3c21f22f56fcf3bc46b94bc60ea4fef6","name":"Canal Dana","image":{"@type":"ImageObject","inLanguage":"pt-BR","@id":"https:\/\/secure.gravatar.com\/avatar\/420aaf9278582877d9018637c6817617705899d2858d7572ef0fe59a6b6454b4?s=96&d=mm&r=g","url":"https:\/\/secure.gravatar.com\/avatar\/420aaf9278582877d9018637c6817617705899d2858d7572ef0fe59a6b6454b4?s=96&d=mm&r=g","contentUrl":"https:\/\/secure.gravatar.com\/avatar\/420aaf9278582877d9018637c6817617705899d2858d7572ef0fe59a6b6454b4?s=96&d=mm&r=g","caption":"Canal Dana"},"url":"https:\/\/dana.com.br\/canaldana\/author\/cdeditor\/"}]}},"_links":{"self":[{"href":"https:\/\/dana.com.br\/canaldana\/wp-json\/wp\/v2\/posts\/63968","targetHints":{"allow":["GET"]}}],"collection":[{"href":"https:\/\/dana.com.br\/canaldana\/wp-json\/wp\/v2\/posts"}],"about":[{"href":"https:\/\/dana.com.br\/canaldana\/wp-json\/wp\/v2\/types\/post"}],"author":[{"embeddable":true,"href":"https:\/\/dana.com.br\/canaldana\/wp-json\/wp\/v2\/users\/3"}],"replies":[{"embeddable":true,"href":"https:\/\/dana.com.br\/canaldana\/wp-json\/wp\/v2\/comments?post=63968"}],"version-history":[{"count":0,"href":"https:\/\/dana.com.br\/canaldana\/wp-json\/wp\/v2\/posts\/63968\/revisions"}],"wp:attachment":[{"href":"https:\/\/dana.com.br\/canaldana\/wp-json\/wp\/v2\/media?parent=63968"}],"wp:term":[{"taxonomy":"category","embeddable":true,"href":"https:\/\/dana.com.br\/canaldana\/wp-json\/wp\/v2\/categories?post=63968"},{"taxonomy":"post_tag","embeddable":true,"href":"https:\/\/dana.com.br\/canaldana\/wp-json\/wp\/v2\/tags?post=63968"}],"curies":[{"name":"wp","href":"https:\/\/api.w.org\/{rel}","templated":true}]}}