{"id":63966,"date":"2023-02-23T08:39:49","date_gmt":"2023-02-23T11:39:49","guid":{"rendered":"https:\/\/dana.com.br\/canaldana\/?p=63966"},"modified":"2023-02-23T08:39:49","modified_gmt":"2023-02-23T11:39:49","slug":"honda-destaca-os-melhores-profissionais-de-pos-venda","status":"publish","type":"post","link":"https:\/\/dana.com.br\/canaldana\/2023\/02\/23\/honda-destaca-os-melhores-profissionais-de-pos-venda\/","title":{"rendered":"Honda destaca os melhores profissionais de P\u00f3s-Venda"},"content":{"rendered":"<p><em>Portal Repara\u00e7\u00e3o Automotiva<\/em><\/p>\n<p>&nbsp;<\/p>\n<p>Os melhores profissionais de P\u00f3s-Venda da Honda na Am\u00e9rica do Sul estiveram reunidos entre os dias 07 e 09 de fevereiro, durante a etapa final da 15\u00aa edi\u00e7\u00e3o do programa Best Quality, iniciativa da marca voltada \u00e0 capacita\u00e7\u00e3o dos t\u00e9cnicos, consultores e gestores de servi\u00e7os e pe\u00e7as de sua rede de concession\u00e1rias de motocicletas e autom\u00f3veis.<\/p>\n<p>&nbsp;<\/p>\n<p>Na primeira fase do programa, que contou com mais de 6.000 participantes e foi realizada entre os meses de abril e novembro de 2022, os profissionais tiveram acesso \u00e0 uma plataforma gamificada de aprendizagem com treinamentos, hist\u00f3rico de circulares e boletins t\u00e9cnicos al\u00e9m de outras atividades espec\u00edficas \u00e0s suas \u00e1reas de atua\u00e7\u00e3o.<\/p>\n<p>&nbsp;<\/p>\n<p>Os melhores colocados no ranking em cada categoria (t\u00e9cnico, consultor de servi\u00e7os, consultor de pe\u00e7as e gestor) nos segmentos de motocicletas e autom\u00f3veis seguiram para a etapa presencial, que ocorreu no Centro de Treinamento, em Sumar\u00e9, interior de S\u00e3o Paulo.<\/p>\n<p>&nbsp;<\/p>\n<p>A avalia\u00e7\u00e3o final, que reuniu 66 finalistas, foi composta por testes pr\u00e1ticos de diagn\u00f3sticos em ve\u00edculos, simula\u00e7\u00f5es de atendimentos, al\u00e9m de prova de conhecimento escrita e an\u00e1lise psicol\u00f3gica. Diversos crit\u00e9rios s\u00e3o avaliados tais como ader\u00eancia \u00e0 metodologia e cultura de servi\u00e7os da Honda, uso correto das ferramentas e manuais, resolu\u00e7\u00e3o de casos, tempo de realiza\u00e7\u00e3o da prova e, principalmente, o atendimento aos clientes da marca.<\/p>\n<p>&nbsp;<\/p>\n<p><strong>Os vencedores:<\/strong><\/p>\n<p>&nbsp;<\/p>\n<p>Ap\u00f3s a sele\u00e7\u00e3o, al\u00e9m dos ganhadores de cada categoria, cinco representantes das categorias t\u00e9cnicas ir\u00e3o seguir para a competi\u00e7\u00e3o mundial, que acontecer\u00e1 no Jap\u00e3o, em outubro deste ano. No segmento de motocicletas, os destaques foram: Cl\u00e9cio Vieira da Costa (Brasil), Matias Ariel Cicconetti (Argentina) e Olavo Antonio Dias Junior (Brasil). J\u00e1 no segmento de autom\u00f3veis, destacaram-se os profissionais Diogo Takahashi (Brasil) e Erickson Chacca Casto (Peru).<\/p>\n<p>&nbsp;<\/p>\n<p>\u201c\u00c9 intr\u00ednseco \u00e0 cultura da Honda o compromisso com a excel\u00eancia no atendimento dos clientes e com a qualidade dos produtos e servi\u00e7os oferecidos. Neste sentido, o Best Quality \u00e9 uma iniciativa de suma import\u00e2ncia, pois permite o aprimoramento, o incentivo e o reconhecimento dos profissionais do P\u00f3s-Venda. Todos s\u00e3o vencedores pois o programa estimula o aperfei\u00e7oamento profissional de todos!\u201d, comenta Alexandre Cury, Diretor de Servi\u00e7os P\u00f3s-Venda e Pe\u00e7as da Honda South America.<\/p>\n<p>&nbsp;<\/p>\n<p>\u201cO nosso objetivo \u00e9 aprimorar, cada vez mais, os processos de um P\u00f3s-venda com elevada capacita\u00e7\u00e3o, al\u00e9m da garantia de uso de pe\u00e7as genu\u00ednas de reposi\u00e7\u00e3o, para oferecer a melhor experi\u00eancia aos nossos consumidores\u201d, complementa o executivo.<\/p>\n<p>&nbsp;<\/p>\n<p>Desde seu lan\u00e7amento em 2007, o programa j\u00e1 registra a participa\u00e7\u00e3o de mais de 123.000 colaboradores da rede de concession\u00e1rias em toda Am\u00e9rica do Sul, o que demonstra o comprometimento da marca em assegurar a alta qualidade de seu P\u00f3s-Venda. (Portal Repara\u00e7\u00e3o Automotiva)<\/p>\n","protected":false},"excerpt":{"rendered":"<p>Portal Repara\u00e7\u00e3o Automotiva &nbsp; Os melhores profissionais de P\u00f3s-Venda da Honda na Am\u00e9rica do Sul estiveram reunidos entre os dias 07 e 09 de fevereiro, durante a etapa final da 15\u00aa edi\u00e7\u00e3o do programa Best Quality, iniciativa da marca voltada \u00e0 capacita\u00e7\u00e3o dos t\u00e9cnicos, consultores e gestores de servi\u00e7os e pe\u00e7as de sua rede de\u2026 <a class=\"readmore\" href=\"https:\/\/dana.com.br\/canaldana\/2023\/02\/23\/honda-destaca-os-melhores-profissionais-de-pos-venda\/\">Leia mais \u00bb<\/a><\/p>\n","protected":false},"author":3,"featured_media":0,"comment_status":"closed","ping_status":"closed","sticky":false,"template":"","format":"standard","meta":{"_acf_changed":false,"footnotes":""},"categories":[74],"tags":[],"class_list":["post-63966","post","type-post","status-publish","format-standard","hentry","category-premios"],"acf":[],"yoast_head":"<!-- This site is optimized with the Yoast SEO plugin v27.3 - https:\/\/yoast.com\/product\/yoast-seo-wordpress\/ -->\n<title>Honda destaca os melhores profissionais de P\u00f3s-Venda - Canal Dana<\/title>\n<meta name=\"robots\" content=\"index, follow, max-snippet:-1, max-image-preview:large, max-video-preview:-1\" \/>\n<link rel=\"canonical\" href=\"https:\/\/dana.com.br\/canaldana\/2023\/02\/23\/honda-destaca-os-melhores-profissionais-de-pos-venda\/\" \/>\n<meta property=\"og:locale\" content=\"pt_BR\" \/>\n<meta property=\"og:type\" content=\"article\" \/>\n<meta property=\"og:title\" content=\"Honda destaca os melhores profissionais de P\u00f3s-Venda - Canal Dana\" \/>\n<meta property=\"og:description\" content=\"Portal Repara\u00e7\u00e3o Automotiva &nbsp; Os melhores profissionais de P\u00f3s-Venda da Honda na Am\u00e9rica do Sul estiveram reunidos entre os dias 07 e 09 de fevereiro, durante a etapa final da 15\u00aa edi\u00e7\u00e3o do programa Best Quality, iniciativa da marca voltada \u00e0 capacita\u00e7\u00e3o dos t\u00e9cnicos, consultores e gestores de servi\u00e7os e pe\u00e7as de sua rede de\u2026 Leia mais \u00bb\" \/>\n<meta property=\"og:url\" content=\"https:\/\/dana.com.br\/canaldana\/2023\/02\/23\/honda-destaca-os-melhores-profissionais-de-pos-venda\/\" \/>\n<meta property=\"og:site_name\" content=\"Canal Dana\" \/>\n<meta property=\"article:published_time\" content=\"2023-02-23T11:39:49+00:00\" \/>\n<meta name=\"author\" content=\"Canal Dana\" \/>\n<meta name=\"twitter:card\" content=\"summary_large_image\" \/>\n<meta name=\"twitter:label1\" content=\"Escrito por\" \/>\n\t<meta name=\"twitter:data1\" content=\"Canal Dana\" \/>\n\t<meta name=\"twitter:label2\" content=\"Est. tempo de leitura\" \/>\n\t<meta name=\"twitter:data2\" content=\"3 minutos\" \/>\n<script type=\"application\/ld+json\" class=\"yoast-schema-graph\">{\"@context\":\"https:\\\/\\\/schema.org\",\"@graph\":[{\"@type\":\"Article\",\"@id\":\"https:\\\/\\\/dana.com.br\\\/canaldana\\\/2023\\\/02\\\/23\\\/honda-destaca-os-melhores-profissionais-de-pos-venda\\\/#article\",\"isPartOf\":{\"@id\":\"https:\\\/\\\/dana.com.br\\\/canaldana\\\/2023\\\/02\\\/23\\\/honda-destaca-os-melhores-profissionais-de-pos-venda\\\/\"},\"author\":{\"name\":\"Canal Dana\",\"@id\":\"https:\\\/\\\/dana.com.br\\\/canaldana\\\/#\\\/schema\\\/person\\\/3c21f22f56fcf3bc46b94bc60ea4fef6\"},\"headline\":\"Honda destaca os melhores profissionais de P\u00f3s-Venda\",\"datePublished\":\"2023-02-23T11:39:49+00:00\",\"mainEntityOfPage\":{\"@id\":\"https:\\\/\\\/dana.com.br\\\/canaldana\\\/2023\\\/02\\\/23\\\/honda-destaca-os-melhores-profissionais-de-pos-venda\\\/\"},\"wordCount\":505,\"articleSection\":[\"Pr\u00eamios\"],\"inLanguage\":\"pt-BR\"},{\"@type\":\"WebPage\",\"@id\":\"https:\\\/\\\/dana.com.br\\\/canaldana\\\/2023\\\/02\\\/23\\\/honda-destaca-os-melhores-profissionais-de-pos-venda\\\/\",\"url\":\"https:\\\/\\\/dana.com.br\\\/canaldana\\\/2023\\\/02\\\/23\\\/honda-destaca-os-melhores-profissionais-de-pos-venda\\\/\",\"name\":\"Honda destaca os melhores profissionais de P\u00f3s-Venda - Canal Dana\",\"isPartOf\":{\"@id\":\"https:\\\/\\\/dana.com.br\\\/canaldana\\\/#website\"},\"datePublished\":\"2023-02-23T11:39:49+00:00\",\"author\":{\"@id\":\"https:\\\/\\\/dana.com.br\\\/canaldana\\\/#\\\/schema\\\/person\\\/3c21f22f56fcf3bc46b94bc60ea4fef6\"},\"breadcrumb\":{\"@id\":\"https:\\\/\\\/dana.com.br\\\/canaldana\\\/2023\\\/02\\\/23\\\/honda-destaca-os-melhores-profissionais-de-pos-venda\\\/#breadcrumb\"},\"inLanguage\":\"pt-BR\",\"potentialAction\":[{\"@type\":\"ReadAction\",\"target\":[\"https:\\\/\\\/dana.com.br\\\/canaldana\\\/2023\\\/02\\\/23\\\/honda-destaca-os-melhores-profissionais-de-pos-venda\\\/\"]}]},{\"@type\":\"BreadcrumbList\",\"@id\":\"https:\\\/\\\/dana.com.br\\\/canaldana\\\/2023\\\/02\\\/23\\\/honda-destaca-os-melhores-profissionais-de-pos-venda\\\/#breadcrumb\",\"itemListElement\":[{\"@type\":\"ListItem\",\"position\":1,\"name\":\"Home\",\"item\":\"https:\\\/\\\/dana.com.br\\\/canaldana\\\/\"},{\"@type\":\"ListItem\",\"position\":2,\"name\":\"Pr\u00eamios\",\"item\":\"https:\\\/\\\/dana.com.br\\\/canaldana\\\/premios\\\/\"},{\"@type\":\"ListItem\",\"position\":3,\"name\":\"Honda destaca os melhores profissionais de P\u00f3s-Venda\"}]},{\"@type\":\"WebSite\",\"@id\":\"https:\\\/\\\/dana.com.br\\\/canaldana\\\/#website\",\"url\":\"https:\\\/\\\/dana.com.br\\\/canaldana\\\/\",\"name\":\"Canal Dana\",\"description\":\"Informativo com as principais not\u00edcias da ind\u00fastria automotiva\",\"potentialAction\":[{\"@type\":\"SearchAction\",\"target\":{\"@type\":\"EntryPoint\",\"urlTemplate\":\"https:\\\/\\\/dana.com.br\\\/canaldana\\\/?s={search_term_string}\"},\"query-input\":{\"@type\":\"PropertyValueSpecification\",\"valueRequired\":true,\"valueName\":\"search_term_string\"}}],\"inLanguage\":\"pt-BR\"},{\"@type\":\"Person\",\"@id\":\"https:\\\/\\\/dana.com.br\\\/canaldana\\\/#\\\/schema\\\/person\\\/3c21f22f56fcf3bc46b94bc60ea4fef6\",\"name\":\"Canal Dana\",\"image\":{\"@type\":\"ImageObject\",\"inLanguage\":\"pt-BR\",\"@id\":\"https:\\\/\\\/secure.gravatar.com\\\/avatar\\\/420aaf9278582877d9018637c6817617705899d2858d7572ef0fe59a6b6454b4?s=96&d=mm&r=g\",\"url\":\"https:\\\/\\\/secure.gravatar.com\\\/avatar\\\/420aaf9278582877d9018637c6817617705899d2858d7572ef0fe59a6b6454b4?s=96&d=mm&r=g\",\"contentUrl\":\"https:\\\/\\\/secure.gravatar.com\\\/avatar\\\/420aaf9278582877d9018637c6817617705899d2858d7572ef0fe59a6b6454b4?s=96&d=mm&r=g\",\"caption\":\"Canal Dana\"},\"url\":\"https:\\\/\\\/dana.com.br\\\/canaldana\\\/author\\\/cdeditor\\\/\"}]}<\/script>\n<!-- \/ Yoast SEO plugin. -->","yoast_head_json":{"title":"Honda destaca os melhores profissionais de P\u00f3s-Venda - Canal Dana","robots":{"index":"index","follow":"follow","max-snippet":"max-snippet:-1","max-image-preview":"max-image-preview:large","max-video-preview":"max-video-preview:-1"},"canonical":"https:\/\/dana.com.br\/canaldana\/2023\/02\/23\/honda-destaca-os-melhores-profissionais-de-pos-venda\/","og_locale":"pt_BR","og_type":"article","og_title":"Honda destaca os melhores profissionais de P\u00f3s-Venda - Canal Dana","og_description":"Portal Repara\u00e7\u00e3o Automotiva &nbsp; Os melhores profissionais de P\u00f3s-Venda da Honda na Am\u00e9rica do Sul estiveram reunidos entre os dias 07 e 09 de fevereiro, durante a etapa final da 15\u00aa edi\u00e7\u00e3o do programa Best Quality, iniciativa da marca voltada \u00e0 capacita\u00e7\u00e3o dos t\u00e9cnicos, consultores e gestores de servi\u00e7os e pe\u00e7as de sua rede de\u2026 Leia mais \u00bb","og_url":"https:\/\/dana.com.br\/canaldana\/2023\/02\/23\/honda-destaca-os-melhores-profissionais-de-pos-venda\/","og_site_name":"Canal Dana","article_published_time":"2023-02-23T11:39:49+00:00","author":"Canal Dana","twitter_card":"summary_large_image","twitter_misc":{"Escrito por":"Canal Dana","Est. tempo de leitura":"3 minutos"},"schema":{"@context":"https:\/\/schema.org","@graph":[{"@type":"Article","@id":"https:\/\/dana.com.br\/canaldana\/2023\/02\/23\/honda-destaca-os-melhores-profissionais-de-pos-venda\/#article","isPartOf":{"@id":"https:\/\/dana.com.br\/canaldana\/2023\/02\/23\/honda-destaca-os-melhores-profissionais-de-pos-venda\/"},"author":{"name":"Canal Dana","@id":"https:\/\/dana.com.br\/canaldana\/#\/schema\/person\/3c21f22f56fcf3bc46b94bc60ea4fef6"},"headline":"Honda destaca os melhores profissionais de P\u00f3s-Venda","datePublished":"2023-02-23T11:39:49+00:00","mainEntityOfPage":{"@id":"https:\/\/dana.com.br\/canaldana\/2023\/02\/23\/honda-destaca-os-melhores-profissionais-de-pos-venda\/"},"wordCount":505,"articleSection":["Pr\u00eamios"],"inLanguage":"pt-BR"},{"@type":"WebPage","@id":"https:\/\/dana.com.br\/canaldana\/2023\/02\/23\/honda-destaca-os-melhores-profissionais-de-pos-venda\/","url":"https:\/\/dana.com.br\/canaldana\/2023\/02\/23\/honda-destaca-os-melhores-profissionais-de-pos-venda\/","name":"Honda destaca os melhores profissionais de P\u00f3s-Venda - Canal Dana","isPartOf":{"@id":"https:\/\/dana.com.br\/canaldana\/#website"},"datePublished":"2023-02-23T11:39:49+00:00","author":{"@id":"https:\/\/dana.com.br\/canaldana\/#\/schema\/person\/3c21f22f56fcf3bc46b94bc60ea4fef6"},"breadcrumb":{"@id":"https:\/\/dana.com.br\/canaldana\/2023\/02\/23\/honda-destaca-os-melhores-profissionais-de-pos-venda\/#breadcrumb"},"inLanguage":"pt-BR","potentialAction":[{"@type":"ReadAction","target":["https:\/\/dana.com.br\/canaldana\/2023\/02\/23\/honda-destaca-os-melhores-profissionais-de-pos-venda\/"]}]},{"@type":"BreadcrumbList","@id":"https:\/\/dana.com.br\/canaldana\/2023\/02\/23\/honda-destaca-os-melhores-profissionais-de-pos-venda\/#breadcrumb","itemListElement":[{"@type":"ListItem","position":1,"name":"Home","item":"https:\/\/dana.com.br\/canaldana\/"},{"@type":"ListItem","position":2,"name":"Pr\u00eamios","item":"https:\/\/dana.com.br\/canaldana\/premios\/"},{"@type":"ListItem","position":3,"name":"Honda destaca os melhores profissionais de P\u00f3s-Venda"}]},{"@type":"WebSite","@id":"https:\/\/dana.com.br\/canaldana\/#website","url":"https:\/\/dana.com.br\/canaldana\/","name":"Canal Dana","description":"Informativo com as principais not\u00edcias da ind\u00fastria automotiva","potentialAction":[{"@type":"SearchAction","target":{"@type":"EntryPoint","urlTemplate":"https:\/\/dana.com.br\/canaldana\/?s={search_term_string}"},"query-input":{"@type":"PropertyValueSpecification","valueRequired":true,"valueName":"search_term_string"}}],"inLanguage":"pt-BR"},{"@type":"Person","@id":"https:\/\/dana.com.br\/canaldana\/#\/schema\/person\/3c21f22f56fcf3bc46b94bc60ea4fef6","name":"Canal Dana","image":{"@type":"ImageObject","inLanguage":"pt-BR","@id":"https:\/\/secure.gravatar.com\/avatar\/420aaf9278582877d9018637c6817617705899d2858d7572ef0fe59a6b6454b4?s=96&d=mm&r=g","url":"https:\/\/secure.gravatar.com\/avatar\/420aaf9278582877d9018637c6817617705899d2858d7572ef0fe59a6b6454b4?s=96&d=mm&r=g","contentUrl":"https:\/\/secure.gravatar.com\/avatar\/420aaf9278582877d9018637c6817617705899d2858d7572ef0fe59a6b6454b4?s=96&d=mm&r=g","caption":"Canal Dana"},"url":"https:\/\/dana.com.br\/canaldana\/author\/cdeditor\/"}]}},"_links":{"self":[{"href":"https:\/\/dana.com.br\/canaldana\/wp-json\/wp\/v2\/posts\/63966","targetHints":{"allow":["GET"]}}],"collection":[{"href":"https:\/\/dana.com.br\/canaldana\/wp-json\/wp\/v2\/posts"}],"about":[{"href":"https:\/\/dana.com.br\/canaldana\/wp-json\/wp\/v2\/types\/post"}],"author":[{"embeddable":true,"href":"https:\/\/dana.com.br\/canaldana\/wp-json\/wp\/v2\/users\/3"}],"replies":[{"embeddable":true,"href":"https:\/\/dana.com.br\/canaldana\/wp-json\/wp\/v2\/comments?post=63966"}],"version-history":[{"count":0,"href":"https:\/\/dana.com.br\/canaldana\/wp-json\/wp\/v2\/posts\/63966\/revisions"}],"wp:attachment":[{"href":"https:\/\/dana.com.br\/canaldana\/wp-json\/wp\/v2\/media?parent=63966"}],"wp:term":[{"taxonomy":"category","embeddable":true,"href":"https:\/\/dana.com.br\/canaldana\/wp-json\/wp\/v2\/categories?post=63966"},{"taxonomy":"post_tag","embeddable":true,"href":"https:\/\/dana.com.br\/canaldana\/wp-json\/wp\/v2\/tags?post=63966"}],"curies":[{"name":"wp","href":"https:\/\/api.w.org\/{rel}","templated":true}]}}