{"id":63955,"date":"2023-02-22T08:32:40","date_gmt":"2023-02-22T11:32:40","guid":{"rendered":"https:\/\/dana.com.br\/canaldana\/?p=63955"},"modified":"2023-02-22T08:32:40","modified_gmt":"2023-02-22T11:32:40","slug":"onibus-volvo-bzl-100-eletrico-chega-ao-brasil-em-junho","status":"publish","type":"post","link":"https:\/\/dana.com.br\/canaldana\/2023\/02\/22\/onibus-volvo-bzl-100-eletrico-chega-ao-brasil-em-junho\/","title":{"rendered":"\u00d4nibus Volvo BZL 100% el\u00e9trico chega ao Brasil em junho"},"content":{"rendered":"<p><em>Estrad\u00e3o <\/em><\/p>\n<p>&nbsp;<\/p>\n<p>A Volvo Buses vai lan\u00e7ar o chassi BZL 100% el\u00e9trico no Brasil at\u00e9 junho de 2023. Segundo a marca, o modelo entra em testes reais com operadores de transporte de passageiros de tr\u00eas das principais capitais do Pa\u00eds. Ou seja, S\u00e3o Paulo, Rio de Janeiro e Curitiba. Segundo o presidente da Volvo Buses Latin America, Andr\u00e9 Marques, ainda n\u00e3o h\u00e1 previs\u00e3o de produ\u00e7\u00e3o do modelo na planta do Paran\u00e1. Assim, por ora a Volvo vai importar os ve\u00edculos da Su\u00e9cia, onde a produ\u00e7\u00e3o come\u00e7ou em 2022.<\/p>\n<p>&nbsp;<\/p>\n<p>Por\u00e9m, se houver demanda a Volvo deve fabricar o \u00f4nibus el\u00e9trico BZL em Curitiba. Seja como for, o BZL 100% el\u00e9trico j\u00e1 havia sido mostrado no Brasil. O \u00f4nibus da Volvo foi apresentado durante LatBus, no ano passado. E integra o ciclo de investimentos da Volvo no Pa\u00eds de R$ 1,5 bilh\u00e3o at\u00e9 2025. Vale lembrar que esse valor inclui o lan\u00e7amento de caminh\u00f5es e \u00f4nibus com motores Euro 6 no Pa\u00eds.<\/p>\n<p>&nbsp;<\/p>\n<p><strong>Sobre o Volvo BZL<\/strong><\/p>\n<p>&nbsp;<\/p>\n<p>Inicialmente, o Volvo BZL chega ao Brasil em vers\u00e3o com piso baixo. Segundo a marca, a autonomia m\u00e9dia \u00e9 de 300 km. Nesse sentido, h\u00e1 op\u00e7\u00e3o de tr\u00eas a cinco baterias, dependendo da aplica\u00e7\u00e3o. Al\u00e9m disso, o modelo pode receber um ou dois motores el\u00e9tricos. Ou seja, para ve\u00edculos que trafegam em locais com mais aclives, a marca recomenda o uso de dois motores.<\/p>\n<p>&nbsp;<\/p>\n<p>Seja como for, cada motor gera pot\u00eancia de 200 kW, equivalentes a 271 cv, al\u00e9m de torque de 82 mkgf. Por sua vez, a transmiss\u00e3o \u00e9 autom\u00e1tica de duas velocidades. Conforme a Volvo, os \u00f4nibus v\u00e3o receber carrocerias da Caio ou da Marcopolo do tipo Padron, de 12,5 e 13,2 metros de comprimento.<\/p>\n<p>&nbsp;<\/p>\n<p>Primeiramente, os \u00f4nibus da Volvo v\u00e3o ser avaliados em S\u00e3o Paulo e Curitiba. De acordo com Marques, nessas cidades j\u00e1 h\u00e1 acordos com os gestores de frotas. &#8220;H\u00e1 movimentos bem robustos em rela\u00e7\u00e3o \u00e0 aquisi\u00e7\u00e3o de frota de \u00f4nibus el\u00e9tricos\u201d, afirma.<\/p>\n<p>&nbsp;<\/p>\n<p><strong>Volvo aposta na eletrifica\u00e7\u00e3o<\/strong><\/p>\n<p>&nbsp;<\/p>\n<p>Dessa forma, Marques informa que a chegada do BZL faz parte da aposta da empresa na eletrifica\u00e7\u00e3o dos \u00f4nibus na regi\u00e3o. \u201cAcreditamos que a tecnologia vai funcionar bem no segmento urbano. Mas com toda certeza , no futuro, chega no rodovi\u00e1rio\u201d, diz o presidente da Volvo Buses.<\/p>\n<p>&nbsp;<\/p>\n<p>Al\u00e9m disso, a marca j\u00e1 testa ve\u00edculos pesados a hidrog\u00eanio na Europa. Por ora, os testes est\u00e3o sendo feitos na Su\u00e9cia. A tecnologia visa opera\u00e7\u00f5es rodovi\u00e1rias. Na pr\u00e1tica, s\u00e3o modelos com motor el\u00e9trico cuja energia \u00e9 gera por c\u00e9lulas a combust\u00edvel. (Estrad\u00e3o\/Andrea Ramos)<\/p>\n","protected":false},"excerpt":{"rendered":"<p>Estrad\u00e3o &nbsp; A Volvo Buses vai lan\u00e7ar o chassi BZL 100% el\u00e9trico no Brasil at\u00e9 junho de 2023. Segundo a marca, o modelo entra em testes reais com operadores de transporte de passageiros de tr\u00eas das principais capitais do Pa\u00eds. Ou seja, S\u00e3o Paulo, Rio de Janeiro e Curitiba. Segundo o presidente da Volvo Buses\u2026 <a class=\"readmore\" href=\"https:\/\/dana.com.br\/canaldana\/2023\/02\/22\/onibus-volvo-bzl-100-eletrico-chega-ao-brasil-em-junho\/\">Leia mais \u00bb<\/a><\/p>\n","protected":false},"author":3,"featured_media":0,"comment_status":"closed","ping_status":"closed","sticky":false,"template":"","format":"standard","meta":{"_acf_changed":false,"footnotes":""},"categories":[61],"tags":[],"class_list":["post-63955","post","type-post","status-publish","format-standard","hentry","category-destaques"],"acf":[],"yoast_head":"<!-- This site is optimized with the Yoast SEO plugin v27.3 - https:\/\/yoast.com\/product\/yoast-seo-wordpress\/ -->\n<title>\u00d4nibus Volvo BZL 100% el\u00e9trico chega ao Brasil em junho - Canal Dana<\/title>\n<meta name=\"robots\" content=\"index, follow, max-snippet:-1, max-image-preview:large, max-video-preview:-1\" \/>\n<link rel=\"canonical\" href=\"https:\/\/dana.com.br\/canaldana\/2023\/02\/22\/onibus-volvo-bzl-100-eletrico-chega-ao-brasil-em-junho\/\" \/>\n<meta property=\"og:locale\" content=\"pt_BR\" \/>\n<meta property=\"og:type\" content=\"article\" \/>\n<meta property=\"og:title\" content=\"\u00d4nibus Volvo BZL 100% el\u00e9trico chega ao Brasil em junho - Canal Dana\" \/>\n<meta property=\"og:description\" content=\"Estrad\u00e3o &nbsp; A Volvo Buses vai lan\u00e7ar o chassi BZL 100% el\u00e9trico no Brasil at\u00e9 junho de 2023. Segundo a marca, o modelo entra em testes reais com operadores de transporte de passageiros de tr\u00eas das principais capitais do Pa\u00eds. Ou seja, S\u00e3o Paulo, Rio de Janeiro e Curitiba. Segundo o presidente da Volvo Buses\u2026 Leia mais \u00bb\" \/>\n<meta property=\"og:url\" content=\"https:\/\/dana.com.br\/canaldana\/2023\/02\/22\/onibus-volvo-bzl-100-eletrico-chega-ao-brasil-em-junho\/\" \/>\n<meta property=\"og:site_name\" content=\"Canal Dana\" \/>\n<meta property=\"article:published_time\" content=\"2023-02-22T11:32:40+00:00\" \/>\n<meta name=\"author\" content=\"Canal Dana\" \/>\n<meta name=\"twitter:card\" content=\"summary_large_image\" \/>\n<meta name=\"twitter:label1\" content=\"Escrito por\" \/>\n\t<meta name=\"twitter:data1\" content=\"Canal Dana\" \/>\n\t<meta name=\"twitter:label2\" content=\"Est. tempo de leitura\" \/>\n\t<meta name=\"twitter:data2\" content=\"3 minutos\" \/>\n<script type=\"application\/ld+json\" class=\"yoast-schema-graph\">{\"@context\":\"https:\\\/\\\/schema.org\",\"@graph\":[{\"@type\":\"Article\",\"@id\":\"https:\\\/\\\/dana.com.br\\\/canaldana\\\/2023\\\/02\\\/22\\\/onibus-volvo-bzl-100-eletrico-chega-ao-brasil-em-junho\\\/#article\",\"isPartOf\":{\"@id\":\"https:\\\/\\\/dana.com.br\\\/canaldana\\\/2023\\\/02\\\/22\\\/onibus-volvo-bzl-100-eletrico-chega-ao-brasil-em-junho\\\/\"},\"author\":{\"name\":\"Canal Dana\",\"@id\":\"https:\\\/\\\/dana.com.br\\\/canaldana\\\/#\\\/schema\\\/person\\\/3c21f22f56fcf3bc46b94bc60ea4fef6\"},\"headline\":\"\u00d4nibus Volvo BZL 100% el\u00e9trico chega ao Brasil em junho\",\"datePublished\":\"2023-02-22T11:32:40+00:00\",\"mainEntityOfPage\":{\"@id\":\"https:\\\/\\\/dana.com.br\\\/canaldana\\\/2023\\\/02\\\/22\\\/onibus-volvo-bzl-100-eletrico-chega-ao-brasil-em-junho\\\/\"},\"wordCount\":473,\"articleSection\":[\"Destaques\"],\"inLanguage\":\"pt-BR\"},{\"@type\":\"WebPage\",\"@id\":\"https:\\\/\\\/dana.com.br\\\/canaldana\\\/2023\\\/02\\\/22\\\/onibus-volvo-bzl-100-eletrico-chega-ao-brasil-em-junho\\\/\",\"url\":\"https:\\\/\\\/dana.com.br\\\/canaldana\\\/2023\\\/02\\\/22\\\/onibus-volvo-bzl-100-eletrico-chega-ao-brasil-em-junho\\\/\",\"name\":\"\u00d4nibus Volvo BZL 100% el\u00e9trico chega ao Brasil em junho - Canal Dana\",\"isPartOf\":{\"@id\":\"https:\\\/\\\/dana.com.br\\\/canaldana\\\/#website\"},\"datePublished\":\"2023-02-22T11:32:40+00:00\",\"author\":{\"@id\":\"https:\\\/\\\/dana.com.br\\\/canaldana\\\/#\\\/schema\\\/person\\\/3c21f22f56fcf3bc46b94bc60ea4fef6\"},\"breadcrumb\":{\"@id\":\"https:\\\/\\\/dana.com.br\\\/canaldana\\\/2023\\\/02\\\/22\\\/onibus-volvo-bzl-100-eletrico-chega-ao-brasil-em-junho\\\/#breadcrumb\"},\"inLanguage\":\"pt-BR\",\"potentialAction\":[{\"@type\":\"ReadAction\",\"target\":[\"https:\\\/\\\/dana.com.br\\\/canaldana\\\/2023\\\/02\\\/22\\\/onibus-volvo-bzl-100-eletrico-chega-ao-brasil-em-junho\\\/\"]}]},{\"@type\":\"BreadcrumbList\",\"@id\":\"https:\\\/\\\/dana.com.br\\\/canaldana\\\/2023\\\/02\\\/22\\\/onibus-volvo-bzl-100-eletrico-chega-ao-brasil-em-junho\\\/#breadcrumb\",\"itemListElement\":[{\"@type\":\"ListItem\",\"position\":1,\"name\":\"Home\",\"item\":\"https:\\\/\\\/dana.com.br\\\/canaldana\\\/\"},{\"@type\":\"ListItem\",\"position\":2,\"name\":\"Destaques\",\"item\":\"https:\\\/\\\/dana.com.br\\\/canaldana\\\/destaques\\\/\"},{\"@type\":\"ListItem\",\"position\":3,\"name\":\"\u00d4nibus Volvo BZL 100% el\u00e9trico chega ao Brasil em junho\"}]},{\"@type\":\"WebSite\",\"@id\":\"https:\\\/\\\/dana.com.br\\\/canaldana\\\/#website\",\"url\":\"https:\\\/\\\/dana.com.br\\\/canaldana\\\/\",\"name\":\"Canal Dana\",\"description\":\"Informativo com as principais not\u00edcias da ind\u00fastria automotiva\",\"potentialAction\":[{\"@type\":\"SearchAction\",\"target\":{\"@type\":\"EntryPoint\",\"urlTemplate\":\"https:\\\/\\\/dana.com.br\\\/canaldana\\\/?s={search_term_string}\"},\"query-input\":{\"@type\":\"PropertyValueSpecification\",\"valueRequired\":true,\"valueName\":\"search_term_string\"}}],\"inLanguage\":\"pt-BR\"},{\"@type\":\"Person\",\"@id\":\"https:\\\/\\\/dana.com.br\\\/canaldana\\\/#\\\/schema\\\/person\\\/3c21f22f56fcf3bc46b94bc60ea4fef6\",\"name\":\"Canal Dana\",\"image\":{\"@type\":\"ImageObject\",\"inLanguage\":\"pt-BR\",\"@id\":\"https:\\\/\\\/secure.gravatar.com\\\/avatar\\\/420aaf9278582877d9018637c6817617705899d2858d7572ef0fe59a6b6454b4?s=96&d=mm&r=g\",\"url\":\"https:\\\/\\\/secure.gravatar.com\\\/avatar\\\/420aaf9278582877d9018637c6817617705899d2858d7572ef0fe59a6b6454b4?s=96&d=mm&r=g\",\"contentUrl\":\"https:\\\/\\\/secure.gravatar.com\\\/avatar\\\/420aaf9278582877d9018637c6817617705899d2858d7572ef0fe59a6b6454b4?s=96&d=mm&r=g\",\"caption\":\"Canal Dana\"},\"url\":\"https:\\\/\\\/dana.com.br\\\/canaldana\\\/author\\\/cdeditor\\\/\"}]}<\/script>\n<!-- \/ Yoast SEO plugin. -->","yoast_head_json":{"title":"\u00d4nibus Volvo BZL 100% el\u00e9trico chega ao Brasil em junho - Canal Dana","robots":{"index":"index","follow":"follow","max-snippet":"max-snippet:-1","max-image-preview":"max-image-preview:large","max-video-preview":"max-video-preview:-1"},"canonical":"https:\/\/dana.com.br\/canaldana\/2023\/02\/22\/onibus-volvo-bzl-100-eletrico-chega-ao-brasil-em-junho\/","og_locale":"pt_BR","og_type":"article","og_title":"\u00d4nibus Volvo BZL 100% el\u00e9trico chega ao Brasil em junho - Canal Dana","og_description":"Estrad\u00e3o &nbsp; A Volvo Buses vai lan\u00e7ar o chassi BZL 100% el\u00e9trico no Brasil at\u00e9 junho de 2023. Segundo a marca, o modelo entra em testes reais com operadores de transporte de passageiros de tr\u00eas das principais capitais do Pa\u00eds. Ou seja, S\u00e3o Paulo, Rio de Janeiro e Curitiba. Segundo o presidente da Volvo Buses\u2026 Leia mais \u00bb","og_url":"https:\/\/dana.com.br\/canaldana\/2023\/02\/22\/onibus-volvo-bzl-100-eletrico-chega-ao-brasil-em-junho\/","og_site_name":"Canal Dana","article_published_time":"2023-02-22T11:32:40+00:00","author":"Canal Dana","twitter_card":"summary_large_image","twitter_misc":{"Escrito por":"Canal Dana","Est. tempo de leitura":"3 minutos"},"schema":{"@context":"https:\/\/schema.org","@graph":[{"@type":"Article","@id":"https:\/\/dana.com.br\/canaldana\/2023\/02\/22\/onibus-volvo-bzl-100-eletrico-chega-ao-brasil-em-junho\/#article","isPartOf":{"@id":"https:\/\/dana.com.br\/canaldana\/2023\/02\/22\/onibus-volvo-bzl-100-eletrico-chega-ao-brasil-em-junho\/"},"author":{"name":"Canal Dana","@id":"https:\/\/dana.com.br\/canaldana\/#\/schema\/person\/3c21f22f56fcf3bc46b94bc60ea4fef6"},"headline":"\u00d4nibus Volvo BZL 100% el\u00e9trico chega ao Brasil em junho","datePublished":"2023-02-22T11:32:40+00:00","mainEntityOfPage":{"@id":"https:\/\/dana.com.br\/canaldana\/2023\/02\/22\/onibus-volvo-bzl-100-eletrico-chega-ao-brasil-em-junho\/"},"wordCount":473,"articleSection":["Destaques"],"inLanguage":"pt-BR"},{"@type":"WebPage","@id":"https:\/\/dana.com.br\/canaldana\/2023\/02\/22\/onibus-volvo-bzl-100-eletrico-chega-ao-brasil-em-junho\/","url":"https:\/\/dana.com.br\/canaldana\/2023\/02\/22\/onibus-volvo-bzl-100-eletrico-chega-ao-brasil-em-junho\/","name":"\u00d4nibus Volvo BZL 100% el\u00e9trico chega ao Brasil em junho - Canal Dana","isPartOf":{"@id":"https:\/\/dana.com.br\/canaldana\/#website"},"datePublished":"2023-02-22T11:32:40+00:00","author":{"@id":"https:\/\/dana.com.br\/canaldana\/#\/schema\/person\/3c21f22f56fcf3bc46b94bc60ea4fef6"},"breadcrumb":{"@id":"https:\/\/dana.com.br\/canaldana\/2023\/02\/22\/onibus-volvo-bzl-100-eletrico-chega-ao-brasil-em-junho\/#breadcrumb"},"inLanguage":"pt-BR","potentialAction":[{"@type":"ReadAction","target":["https:\/\/dana.com.br\/canaldana\/2023\/02\/22\/onibus-volvo-bzl-100-eletrico-chega-ao-brasil-em-junho\/"]}]},{"@type":"BreadcrumbList","@id":"https:\/\/dana.com.br\/canaldana\/2023\/02\/22\/onibus-volvo-bzl-100-eletrico-chega-ao-brasil-em-junho\/#breadcrumb","itemListElement":[{"@type":"ListItem","position":1,"name":"Home","item":"https:\/\/dana.com.br\/canaldana\/"},{"@type":"ListItem","position":2,"name":"Destaques","item":"https:\/\/dana.com.br\/canaldana\/destaques\/"},{"@type":"ListItem","position":3,"name":"\u00d4nibus Volvo BZL 100% el\u00e9trico chega ao Brasil em junho"}]},{"@type":"WebSite","@id":"https:\/\/dana.com.br\/canaldana\/#website","url":"https:\/\/dana.com.br\/canaldana\/","name":"Canal Dana","description":"Informativo com as principais not\u00edcias da ind\u00fastria automotiva","potentialAction":[{"@type":"SearchAction","target":{"@type":"EntryPoint","urlTemplate":"https:\/\/dana.com.br\/canaldana\/?s={search_term_string}"},"query-input":{"@type":"PropertyValueSpecification","valueRequired":true,"valueName":"search_term_string"}}],"inLanguage":"pt-BR"},{"@type":"Person","@id":"https:\/\/dana.com.br\/canaldana\/#\/schema\/person\/3c21f22f56fcf3bc46b94bc60ea4fef6","name":"Canal Dana","image":{"@type":"ImageObject","inLanguage":"pt-BR","@id":"https:\/\/secure.gravatar.com\/avatar\/420aaf9278582877d9018637c6817617705899d2858d7572ef0fe59a6b6454b4?s=96&d=mm&r=g","url":"https:\/\/secure.gravatar.com\/avatar\/420aaf9278582877d9018637c6817617705899d2858d7572ef0fe59a6b6454b4?s=96&d=mm&r=g","contentUrl":"https:\/\/secure.gravatar.com\/avatar\/420aaf9278582877d9018637c6817617705899d2858d7572ef0fe59a6b6454b4?s=96&d=mm&r=g","caption":"Canal Dana"},"url":"https:\/\/dana.com.br\/canaldana\/author\/cdeditor\/"}]}},"_links":{"self":[{"href":"https:\/\/dana.com.br\/canaldana\/wp-json\/wp\/v2\/posts\/63955","targetHints":{"allow":["GET"]}}],"collection":[{"href":"https:\/\/dana.com.br\/canaldana\/wp-json\/wp\/v2\/posts"}],"about":[{"href":"https:\/\/dana.com.br\/canaldana\/wp-json\/wp\/v2\/types\/post"}],"author":[{"embeddable":true,"href":"https:\/\/dana.com.br\/canaldana\/wp-json\/wp\/v2\/users\/3"}],"replies":[{"embeddable":true,"href":"https:\/\/dana.com.br\/canaldana\/wp-json\/wp\/v2\/comments?post=63955"}],"version-history":[{"count":0,"href":"https:\/\/dana.com.br\/canaldana\/wp-json\/wp\/v2\/posts\/63955\/revisions"}],"wp:attachment":[{"href":"https:\/\/dana.com.br\/canaldana\/wp-json\/wp\/v2\/media?parent=63955"}],"wp:term":[{"taxonomy":"category","embeddable":true,"href":"https:\/\/dana.com.br\/canaldana\/wp-json\/wp\/v2\/categories?post=63955"},{"taxonomy":"post_tag","embeddable":true,"href":"https:\/\/dana.com.br\/canaldana\/wp-json\/wp\/v2\/tags?post=63955"}],"curies":[{"name":"wp","href":"https:\/\/api.w.org\/{rel}","templated":true}]}}