{"id":63953,"date":"2023-02-22T08:32:10","date_gmt":"2023-02-22T11:32:10","guid":{"rendered":"https:\/\/dana.com.br\/canaldana\/?p=63953"},"modified":"2023-02-22T08:32:10","modified_gmt":"2023-02-22T11:32:10","slug":"projeto-de-lei-quer-vetar-a-venda-de-veiculos-movidos-a-diesel-a-partir-de-2035","status":"publish","type":"post","link":"https:\/\/dana.com.br\/canaldana\/2023\/02\/22\/projeto-de-lei-quer-vetar-a-venda-de-veiculos-movidos-a-diesel-a-partir-de-2035\/","title":{"rendered":"Projeto de Lei quer vetar a venda de ve\u00edculos movidos a diesel a partir de 2035"},"content":{"rendered":"<p><em>Di\u00e1rio do Transporte <\/em><\/p>\n<p>&nbsp;<\/p>\n<p>Um Projeto de Lei (PL) apresentado neste m\u00eas de fevereiro de 2023 na C\u00e2mara dos Deputados em Bras\u00edlia, pretende tornar obrigat\u00f3rio o fim da comercializa\u00e7\u00e3o de ve\u00edculos movidos a combust\u00edveis poluentes a partir de 2035.<\/p>\n<p>&nbsp;<\/p>\n<p>De acordo com a PL 295\/2023, seria \u201cpermitida apenas a venda de ve\u00edculos novos, de fabrica\u00e7\u00e3o nacional ou importados, a tra\u00e7\u00e3o el\u00e9trica, vedado o uso de motor a combust\u00e3o interna\u201d.<\/p>\n<p>&nbsp;<\/p>\n<p>Na sua justificativa, o Deputado Capit\u00e3o Alberto Neto alega que as graves consequ\u00eancias das mudan\u00e7as clim\u00e1ticas tem mobilizado v\u00e1rios pa\u00edses no esfor\u00e7o da redu\u00e7\u00e3o na emiss\u00e3o de poluentes na atmosfera como os gases causadores do efeito estufa.<\/p>\n<p>&nbsp;<\/p>\n<p>Nesse sentido, o Brasil dever\u00e1 adotar medidas para promover a mudan\u00e7a da matriz energ\u00e9tica substituindo o uso de fontes de origem f\u00f3ssil como o petr\u00f3leo, g\u00e1s natural e carv\u00e3o mineral para energias renov\u00e1veis.<\/p>\n<p>&nbsp;<\/p>\n<p>Por essa raz\u00e3o, uma mudan\u00e7a vi\u00e1vel seria o uso de ve\u00edculos el\u00e9tricos, com o ano de 2035 sendo a data limite para o in\u00edcio da medida que gradualmente seria completada at\u00e9 o ano de 2045, quando todos os ve\u00edculos devem totalmente abandonar o uso de combust\u00edveis f\u00f3sseis.<\/p>\n<p>&nbsp;<\/p>\n<p>Para o ano de 2035 a medida atingiria os seguintes ve\u00edculos.<\/p>\n<p>&nbsp;<\/p>\n<p>\u2013 ciclomotor;<\/p>\n<p>\u2013 motoneta;<\/p>\n<p>\u2013 motocicleta;<\/p>\n<p>\u2013 triciclo;<\/p>\n<p>\u2013 quadriciclo;<\/p>\n<p>\u2013 autom\u00f3vel;<\/p>\n<p>\u2013 caminhonete;<\/p>\n<p>\u2013 camioneta;<\/p>\n<p>\u2013 ve\u00edculos utilit\u00e1rios;<\/p>\n<p>\u2013 bonde.<\/p>\n<p>&nbsp;<\/p>\n<p>No caso dos micro-\u00f4nibus, \u00f4nibus, caminh\u00f5es e tratores, seria pelo menos 50% da nova frota saindo de f\u00e1brica movidos na matriz el\u00e9trica. Entretanto, a partir de 1\u00ba de janeiro de 2045, todos estes ve\u00edculos devem ser movidos por energia limpa.<\/p>\n<p>&nbsp;<\/p>\n<p>Os \u00f4nibus e caminh\u00f5es entrariam no processo de forma gradual devido ao fato de realizar longas viagens ligando diversos pontos do pa\u00eds, podendo entre 2035 e 2045 adotar a tra\u00e7\u00e3o de maneira h\u00edbrida (el\u00e9trica e combust\u00e3o interna). Como o projeto foi recentemente apresentado, ainda est\u00e1 na fase inicial de tramita\u00e7\u00e3o.<\/p>\n<p>&nbsp;<\/p>\n<p>\u201cPropomos a eletrifica\u00e7\u00e3o de nossa frota veicular, com a previs\u00e3o em lei de que somente poder\u00e3o ser vendidos no Brasil ve\u00edculos novos a tra\u00e7\u00e3o el\u00e9trica, a partir de 2035 para os ve\u00edculos leves e para pelo menos metade da frota de micro-\u00f4nibus, \u00f4nibus e caminh\u00f5es e, a partir de 2045, para a totalidade dos micro-\u00f4nibus, \u00f4nibus e caminh\u00f5es e para os diversos tipos de tratores\u201d, disse o parlamentar em parte de sua justificativa. (Di\u00e1rio do Transporte\/Willian Moreira)<\/p>\n","protected":false},"excerpt":{"rendered":"<p>Di\u00e1rio do Transporte &nbsp; Um Projeto de Lei (PL) apresentado neste m\u00eas de fevereiro de 2023 na C\u00e2mara dos Deputados em Bras\u00edlia, pretende tornar obrigat\u00f3rio o fim da comercializa\u00e7\u00e3o de ve\u00edculos movidos a combust\u00edveis poluentes a partir de 2035. &nbsp; De acordo com a PL 295\/2023, seria \u201cpermitida apenas a venda de ve\u00edculos novos, de\u2026 <a class=\"readmore\" href=\"https:\/\/dana.com.br\/canaldana\/2023\/02\/22\/projeto-de-lei-quer-vetar-a-venda-de-veiculos-movidos-a-diesel-a-partir-de-2035\/\">Leia mais \u00bb<\/a><\/p>\n","protected":false},"author":3,"featured_media":0,"comment_status":"closed","ping_status":"closed","sticky":false,"template":"","format":"standard","meta":{"_acf_changed":false,"footnotes":""},"categories":[61],"tags":[],"class_list":["post-63953","post","type-post","status-publish","format-standard","hentry","category-destaques"],"acf":[],"yoast_head":"<!-- This site is optimized with the Yoast SEO plugin v27.3 - https:\/\/yoast.com\/product\/yoast-seo-wordpress\/ -->\n<title>Projeto de Lei quer vetar a venda de ve\u00edculos movidos a diesel a partir de 2035 - Canal Dana<\/title>\n<meta name=\"robots\" content=\"index, follow, max-snippet:-1, max-image-preview:large, max-video-preview:-1\" \/>\n<link rel=\"canonical\" href=\"https:\/\/dana.com.br\/canaldana\/2023\/02\/22\/projeto-de-lei-quer-vetar-a-venda-de-veiculos-movidos-a-diesel-a-partir-de-2035\/\" \/>\n<meta property=\"og:locale\" content=\"pt_BR\" \/>\n<meta property=\"og:type\" content=\"article\" \/>\n<meta property=\"og:title\" content=\"Projeto de Lei quer vetar a venda de ve\u00edculos movidos a diesel a partir de 2035 - Canal Dana\" \/>\n<meta property=\"og:description\" content=\"Di\u00e1rio do Transporte &nbsp; Um Projeto de Lei (PL) apresentado neste m\u00eas de fevereiro de 2023 na C\u00e2mara dos Deputados em Bras\u00edlia, pretende tornar obrigat\u00f3rio o fim da comercializa\u00e7\u00e3o de ve\u00edculos movidos a combust\u00edveis poluentes a partir de 2035. &nbsp; De acordo com a PL 295\/2023, seria \u201cpermitida apenas a venda de ve\u00edculos novos, de\u2026 Leia mais \u00bb\" \/>\n<meta property=\"og:url\" content=\"https:\/\/dana.com.br\/canaldana\/2023\/02\/22\/projeto-de-lei-quer-vetar-a-venda-de-veiculos-movidos-a-diesel-a-partir-de-2035\/\" \/>\n<meta property=\"og:site_name\" content=\"Canal Dana\" \/>\n<meta property=\"article:published_time\" content=\"2023-02-22T11:32:10+00:00\" \/>\n<meta name=\"author\" content=\"Canal Dana\" \/>\n<meta name=\"twitter:card\" content=\"summary_large_image\" \/>\n<meta name=\"twitter:label1\" content=\"Escrito por\" \/>\n\t<meta name=\"twitter:data1\" content=\"Canal Dana\" \/>\n\t<meta name=\"twitter:label2\" content=\"Est. tempo de leitura\" \/>\n\t<meta name=\"twitter:data2\" content=\"3 minutos\" \/>\n<script type=\"application\/ld+json\" class=\"yoast-schema-graph\">{\"@context\":\"https:\\\/\\\/schema.org\",\"@graph\":[{\"@type\":\"Article\",\"@id\":\"https:\\\/\\\/dana.com.br\\\/canaldana\\\/2023\\\/02\\\/22\\\/projeto-de-lei-quer-vetar-a-venda-de-veiculos-movidos-a-diesel-a-partir-de-2035\\\/#article\",\"isPartOf\":{\"@id\":\"https:\\\/\\\/dana.com.br\\\/canaldana\\\/2023\\\/02\\\/22\\\/projeto-de-lei-quer-vetar-a-venda-de-veiculos-movidos-a-diesel-a-partir-de-2035\\\/\"},\"author\":{\"name\":\"Canal Dana\",\"@id\":\"https:\\\/\\\/dana.com.br\\\/canaldana\\\/#\\\/schema\\\/person\\\/3c21f22f56fcf3bc46b94bc60ea4fef6\"},\"headline\":\"Projeto de Lei quer vetar a venda de ve\u00edculos movidos a diesel a partir de 2035\",\"datePublished\":\"2023-02-22T11:32:10+00:00\",\"mainEntityOfPage\":{\"@id\":\"https:\\\/\\\/dana.com.br\\\/canaldana\\\/2023\\\/02\\\/22\\\/projeto-de-lei-quer-vetar-a-venda-de-veiculos-movidos-a-diesel-a-partir-de-2035\\\/\"},\"wordCount\":454,\"articleSection\":[\"Destaques\"],\"inLanguage\":\"pt-BR\"},{\"@type\":\"WebPage\",\"@id\":\"https:\\\/\\\/dana.com.br\\\/canaldana\\\/2023\\\/02\\\/22\\\/projeto-de-lei-quer-vetar-a-venda-de-veiculos-movidos-a-diesel-a-partir-de-2035\\\/\",\"url\":\"https:\\\/\\\/dana.com.br\\\/canaldana\\\/2023\\\/02\\\/22\\\/projeto-de-lei-quer-vetar-a-venda-de-veiculos-movidos-a-diesel-a-partir-de-2035\\\/\",\"name\":\"Projeto de Lei quer vetar a venda de ve\u00edculos movidos a diesel a partir de 2035 - Canal Dana\",\"isPartOf\":{\"@id\":\"https:\\\/\\\/dana.com.br\\\/canaldana\\\/#website\"},\"datePublished\":\"2023-02-22T11:32:10+00:00\",\"author\":{\"@id\":\"https:\\\/\\\/dana.com.br\\\/canaldana\\\/#\\\/schema\\\/person\\\/3c21f22f56fcf3bc46b94bc60ea4fef6\"},\"breadcrumb\":{\"@id\":\"https:\\\/\\\/dana.com.br\\\/canaldana\\\/2023\\\/02\\\/22\\\/projeto-de-lei-quer-vetar-a-venda-de-veiculos-movidos-a-diesel-a-partir-de-2035\\\/#breadcrumb\"},\"inLanguage\":\"pt-BR\",\"potentialAction\":[{\"@type\":\"ReadAction\",\"target\":[\"https:\\\/\\\/dana.com.br\\\/canaldana\\\/2023\\\/02\\\/22\\\/projeto-de-lei-quer-vetar-a-venda-de-veiculos-movidos-a-diesel-a-partir-de-2035\\\/\"]}]},{\"@type\":\"BreadcrumbList\",\"@id\":\"https:\\\/\\\/dana.com.br\\\/canaldana\\\/2023\\\/02\\\/22\\\/projeto-de-lei-quer-vetar-a-venda-de-veiculos-movidos-a-diesel-a-partir-de-2035\\\/#breadcrumb\",\"itemListElement\":[{\"@type\":\"ListItem\",\"position\":1,\"name\":\"Home\",\"item\":\"https:\\\/\\\/dana.com.br\\\/canaldana\\\/\"},{\"@type\":\"ListItem\",\"position\":2,\"name\":\"Destaques\",\"item\":\"https:\\\/\\\/dana.com.br\\\/canaldana\\\/destaques\\\/\"},{\"@type\":\"ListItem\",\"position\":3,\"name\":\"Projeto de Lei quer vetar a venda de ve\u00edculos movidos a diesel a partir de 2035\"}]},{\"@type\":\"WebSite\",\"@id\":\"https:\\\/\\\/dana.com.br\\\/canaldana\\\/#website\",\"url\":\"https:\\\/\\\/dana.com.br\\\/canaldana\\\/\",\"name\":\"Canal Dana\",\"description\":\"Informativo com as principais not\u00edcias da ind\u00fastria automotiva\",\"potentialAction\":[{\"@type\":\"SearchAction\",\"target\":{\"@type\":\"EntryPoint\",\"urlTemplate\":\"https:\\\/\\\/dana.com.br\\\/canaldana\\\/?s={search_term_string}\"},\"query-input\":{\"@type\":\"PropertyValueSpecification\",\"valueRequired\":true,\"valueName\":\"search_term_string\"}}],\"inLanguage\":\"pt-BR\"},{\"@type\":\"Person\",\"@id\":\"https:\\\/\\\/dana.com.br\\\/canaldana\\\/#\\\/schema\\\/person\\\/3c21f22f56fcf3bc46b94bc60ea4fef6\",\"name\":\"Canal Dana\",\"image\":{\"@type\":\"ImageObject\",\"inLanguage\":\"pt-BR\",\"@id\":\"https:\\\/\\\/secure.gravatar.com\\\/avatar\\\/420aaf9278582877d9018637c6817617705899d2858d7572ef0fe59a6b6454b4?s=96&d=mm&r=g\",\"url\":\"https:\\\/\\\/secure.gravatar.com\\\/avatar\\\/420aaf9278582877d9018637c6817617705899d2858d7572ef0fe59a6b6454b4?s=96&d=mm&r=g\",\"contentUrl\":\"https:\\\/\\\/secure.gravatar.com\\\/avatar\\\/420aaf9278582877d9018637c6817617705899d2858d7572ef0fe59a6b6454b4?s=96&d=mm&r=g\",\"caption\":\"Canal Dana\"},\"url\":\"https:\\\/\\\/dana.com.br\\\/canaldana\\\/author\\\/cdeditor\\\/\"}]}<\/script>\n<!-- \/ Yoast SEO plugin. -->","yoast_head_json":{"title":"Projeto de Lei quer vetar a venda de ve\u00edculos movidos a diesel a partir de 2035 - Canal Dana","robots":{"index":"index","follow":"follow","max-snippet":"max-snippet:-1","max-image-preview":"max-image-preview:large","max-video-preview":"max-video-preview:-1"},"canonical":"https:\/\/dana.com.br\/canaldana\/2023\/02\/22\/projeto-de-lei-quer-vetar-a-venda-de-veiculos-movidos-a-diesel-a-partir-de-2035\/","og_locale":"pt_BR","og_type":"article","og_title":"Projeto de Lei quer vetar a venda de ve\u00edculos movidos a diesel a partir de 2035 - Canal Dana","og_description":"Di\u00e1rio do Transporte &nbsp; Um Projeto de Lei (PL) apresentado neste m\u00eas de fevereiro de 2023 na C\u00e2mara dos Deputados em Bras\u00edlia, pretende tornar obrigat\u00f3rio o fim da comercializa\u00e7\u00e3o de ve\u00edculos movidos a combust\u00edveis poluentes a partir de 2035. &nbsp; De acordo com a PL 295\/2023, seria \u201cpermitida apenas a venda de ve\u00edculos novos, de\u2026 Leia mais \u00bb","og_url":"https:\/\/dana.com.br\/canaldana\/2023\/02\/22\/projeto-de-lei-quer-vetar-a-venda-de-veiculos-movidos-a-diesel-a-partir-de-2035\/","og_site_name":"Canal Dana","article_published_time":"2023-02-22T11:32:10+00:00","author":"Canal Dana","twitter_card":"summary_large_image","twitter_misc":{"Escrito por":"Canal Dana","Est. tempo de leitura":"3 minutos"},"schema":{"@context":"https:\/\/schema.org","@graph":[{"@type":"Article","@id":"https:\/\/dana.com.br\/canaldana\/2023\/02\/22\/projeto-de-lei-quer-vetar-a-venda-de-veiculos-movidos-a-diesel-a-partir-de-2035\/#article","isPartOf":{"@id":"https:\/\/dana.com.br\/canaldana\/2023\/02\/22\/projeto-de-lei-quer-vetar-a-venda-de-veiculos-movidos-a-diesel-a-partir-de-2035\/"},"author":{"name":"Canal Dana","@id":"https:\/\/dana.com.br\/canaldana\/#\/schema\/person\/3c21f22f56fcf3bc46b94bc60ea4fef6"},"headline":"Projeto de Lei quer vetar a venda de ve\u00edculos movidos a diesel a partir de 2035","datePublished":"2023-02-22T11:32:10+00:00","mainEntityOfPage":{"@id":"https:\/\/dana.com.br\/canaldana\/2023\/02\/22\/projeto-de-lei-quer-vetar-a-venda-de-veiculos-movidos-a-diesel-a-partir-de-2035\/"},"wordCount":454,"articleSection":["Destaques"],"inLanguage":"pt-BR"},{"@type":"WebPage","@id":"https:\/\/dana.com.br\/canaldana\/2023\/02\/22\/projeto-de-lei-quer-vetar-a-venda-de-veiculos-movidos-a-diesel-a-partir-de-2035\/","url":"https:\/\/dana.com.br\/canaldana\/2023\/02\/22\/projeto-de-lei-quer-vetar-a-venda-de-veiculos-movidos-a-diesel-a-partir-de-2035\/","name":"Projeto de Lei quer vetar a venda de ve\u00edculos movidos a diesel a partir de 2035 - Canal Dana","isPartOf":{"@id":"https:\/\/dana.com.br\/canaldana\/#website"},"datePublished":"2023-02-22T11:32:10+00:00","author":{"@id":"https:\/\/dana.com.br\/canaldana\/#\/schema\/person\/3c21f22f56fcf3bc46b94bc60ea4fef6"},"breadcrumb":{"@id":"https:\/\/dana.com.br\/canaldana\/2023\/02\/22\/projeto-de-lei-quer-vetar-a-venda-de-veiculos-movidos-a-diesel-a-partir-de-2035\/#breadcrumb"},"inLanguage":"pt-BR","potentialAction":[{"@type":"ReadAction","target":["https:\/\/dana.com.br\/canaldana\/2023\/02\/22\/projeto-de-lei-quer-vetar-a-venda-de-veiculos-movidos-a-diesel-a-partir-de-2035\/"]}]},{"@type":"BreadcrumbList","@id":"https:\/\/dana.com.br\/canaldana\/2023\/02\/22\/projeto-de-lei-quer-vetar-a-venda-de-veiculos-movidos-a-diesel-a-partir-de-2035\/#breadcrumb","itemListElement":[{"@type":"ListItem","position":1,"name":"Home","item":"https:\/\/dana.com.br\/canaldana\/"},{"@type":"ListItem","position":2,"name":"Destaques","item":"https:\/\/dana.com.br\/canaldana\/destaques\/"},{"@type":"ListItem","position":3,"name":"Projeto de Lei quer vetar a venda de ve\u00edculos movidos a diesel a partir de 2035"}]},{"@type":"WebSite","@id":"https:\/\/dana.com.br\/canaldana\/#website","url":"https:\/\/dana.com.br\/canaldana\/","name":"Canal Dana","description":"Informativo com as principais not\u00edcias da ind\u00fastria automotiva","potentialAction":[{"@type":"SearchAction","target":{"@type":"EntryPoint","urlTemplate":"https:\/\/dana.com.br\/canaldana\/?s={search_term_string}"},"query-input":{"@type":"PropertyValueSpecification","valueRequired":true,"valueName":"search_term_string"}}],"inLanguage":"pt-BR"},{"@type":"Person","@id":"https:\/\/dana.com.br\/canaldana\/#\/schema\/person\/3c21f22f56fcf3bc46b94bc60ea4fef6","name":"Canal Dana","image":{"@type":"ImageObject","inLanguage":"pt-BR","@id":"https:\/\/secure.gravatar.com\/avatar\/420aaf9278582877d9018637c6817617705899d2858d7572ef0fe59a6b6454b4?s=96&d=mm&r=g","url":"https:\/\/secure.gravatar.com\/avatar\/420aaf9278582877d9018637c6817617705899d2858d7572ef0fe59a6b6454b4?s=96&d=mm&r=g","contentUrl":"https:\/\/secure.gravatar.com\/avatar\/420aaf9278582877d9018637c6817617705899d2858d7572ef0fe59a6b6454b4?s=96&d=mm&r=g","caption":"Canal Dana"},"url":"https:\/\/dana.com.br\/canaldana\/author\/cdeditor\/"}]}},"_links":{"self":[{"href":"https:\/\/dana.com.br\/canaldana\/wp-json\/wp\/v2\/posts\/63953","targetHints":{"allow":["GET"]}}],"collection":[{"href":"https:\/\/dana.com.br\/canaldana\/wp-json\/wp\/v2\/posts"}],"about":[{"href":"https:\/\/dana.com.br\/canaldana\/wp-json\/wp\/v2\/types\/post"}],"author":[{"embeddable":true,"href":"https:\/\/dana.com.br\/canaldana\/wp-json\/wp\/v2\/users\/3"}],"replies":[{"embeddable":true,"href":"https:\/\/dana.com.br\/canaldana\/wp-json\/wp\/v2\/comments?post=63953"}],"version-history":[{"count":0,"href":"https:\/\/dana.com.br\/canaldana\/wp-json\/wp\/v2\/posts\/63953\/revisions"}],"wp:attachment":[{"href":"https:\/\/dana.com.br\/canaldana\/wp-json\/wp\/v2\/media?parent=63953"}],"wp:term":[{"taxonomy":"category","embeddable":true,"href":"https:\/\/dana.com.br\/canaldana\/wp-json\/wp\/v2\/categories?post=63953"},{"taxonomy":"post_tag","embeddable":true,"href":"https:\/\/dana.com.br\/canaldana\/wp-json\/wp\/v2\/tags?post=63953"}],"curies":[{"name":"wp","href":"https:\/\/api.w.org\/{rel}","templated":true}]}}