{"id":63949,"date":"2023-02-22T08:31:10","date_gmt":"2023-02-22T11:31:10","guid":{"rendered":"https:\/\/dana.com.br\/canaldana\/?p=63949"},"modified":"2023-02-22T08:31:10","modified_gmt":"2023-02-22T11:31:10","slug":"locacao-de-maquinas-agricolas-pode-reduzir-custo-de-producao-em-ate-30","status":"publish","type":"post","link":"https:\/\/dana.com.br\/canaldana\/2023\/02\/22\/locacao-de-maquinas-agricolas-pode-reduzir-custo-de-producao-em-ate-30\/","title":{"rendered":"Loca\u00e7\u00e3o de m\u00e1quinas agr\u00edcolas pode reduzir custo de produ\u00e7\u00e3o em at\u00e9 30%"},"content":{"rendered":"<p><em>Canal Rural<\/em><\/p>\n<p>&nbsp;<\/p>\n<p>Nesse momento \u00e9 fundamental contar com um maquin\u00e1rio de qualidade, com a manuten\u00e7\u00e3o em dia e com a regulagem correta para cada situa\u00e7\u00e3o.<\/p>\n<p>&nbsp;<\/p>\n<p>Tudo isso vai fazer a diferen\u00e7a na produtividade l\u00e1 no final da safra. Muitos produtores t\u00eam maquin\u00e1rio pr\u00f3prio na fazenda, mas a maioria n\u00e3o consegue comportar esse investimento no neg\u00f3cio.<\/p>\n<p>&nbsp;<\/p>\n<p>Nessa hora a locadora pode ser uma aliada, trazendo um bom custo-benef\u00edcio.<\/p>\n<p>&nbsp;<\/p>\n<p>O sistema se encaixa para o pequeno ao grande produtor porque o atendimento \u00e9 feito com visitas a campo para entender a necessidade de cada propriedade.<\/p>\n<p>&nbsp;<\/p>\n<p>O diretor executivo da Unidas, Manoel Silva, explica que pagar pelo servi\u00e7o \u00e9 uma tend\u00eancia, assim como pagamos para aplicativos e taxi de passageiros, ou ainda, a loca\u00e7\u00e3o de carros de passeios para viagens mais longas, que j\u00e1 \u00e9 uma realidade aqui no Brasil. No caso da produ\u00e7\u00e3o agropecu\u00e1ria, al\u00e9m da facilidade em contratar o equipamento para o per\u00edodo destinado para cada temporada, ainda traz benef\u00edcios econ\u00f4micos.<\/p>\n<p>&nbsp;<\/p>\n<p>\u201cNossos clientes conseguem, atrav\u00e9s da loca\u00e7\u00e3o de m\u00e1quinas e equipamentos, reduzir em m\u00e9dia 30% do seu custo. As manuten\u00e7\u00f5es do equipamento est\u00e3o inclu\u00eddas no aluguel. O produtor n\u00e3o tem mais preocupa\u00e7\u00e3o, ele aluga a m\u00e1quina e todos os pontos de manuten\u00e7\u00e3o s\u00e3o executados pelo locador do equipamento\u201d.<\/p>\n<p>&nbsp;<\/p>\n<p>Outra vantagem \u00e9 que o valor que seria investido no maquin\u00e1rio pode ser direcionado para ampliar a infraestrutura da fazenda.<\/p>\n<p>&nbsp;<\/p>\n<p>\u201cIsso melhora muito a gest\u00e3o de caixa da empresa, ele pode investir em outras \u00e1reas do plantio ou de log\u00edstica que sejam interessantes para ele\u201d, completou.<\/p>\n<p>&nbsp;<\/p>\n<p>Atualmente, o mercado de loca\u00e7\u00e3o de m\u00e1quinas agr\u00edcolas conta com equipamentos para todas as fases do ciclo, do plantio \u00e0 colheita.<\/p>\n<p>&nbsp;<\/p>\n<p>\u201cAlugamos equipamento para o plantio, para a colheita, para o transporte e para diversas culturas e diversos tipos de utiliza\u00e7\u00e3o. Nos \u00faltimos anos a maior demanda que tivemos na empresa foi para o agro\u201d, finalizou Silva. (Canal Rural)<\/p>\n","protected":false},"excerpt":{"rendered":"<p>Canal Rural &nbsp; Nesse momento \u00e9 fundamental contar com um maquin\u00e1rio de qualidade, com a manuten\u00e7\u00e3o em dia e com a regulagem correta para cada situa\u00e7\u00e3o. &nbsp; Tudo isso vai fazer a diferen\u00e7a na produtividade l\u00e1 no final da safra. Muitos produtores t\u00eam maquin\u00e1rio pr\u00f3prio na fazenda, mas a maioria n\u00e3o consegue comportar esse investimento\u2026 <a class=\"readmore\" href=\"https:\/\/dana.com.br\/canaldana\/2023\/02\/22\/locacao-de-maquinas-agricolas-pode-reduzir-custo-de-producao-em-ate-30\/\">Leia mais \u00bb<\/a><\/p>\n","protected":false},"author":3,"featured_media":0,"comment_status":"closed","ping_status":"closed","sticky":false,"template":"","format":"standard","meta":{"_acf_changed":false,"footnotes":""},"categories":[79],"tags":[],"class_list":["post-63949","post","type-post","status-publish","format-standard","hentry","category-mercado"],"acf":[],"yoast_head":"<!-- This site is optimized with the Yoast SEO plugin v27.3 - https:\/\/yoast.com\/product\/yoast-seo-wordpress\/ -->\n<title>Loca\u00e7\u00e3o de m\u00e1quinas agr\u00edcolas pode reduzir custo de produ\u00e7\u00e3o em at\u00e9 30% - Canal Dana<\/title>\n<meta name=\"robots\" content=\"index, follow, max-snippet:-1, max-image-preview:large, max-video-preview:-1\" \/>\n<link rel=\"canonical\" href=\"https:\/\/dana.com.br\/canaldana\/2023\/02\/22\/locacao-de-maquinas-agricolas-pode-reduzir-custo-de-producao-em-ate-30\/\" \/>\n<meta property=\"og:locale\" content=\"pt_BR\" \/>\n<meta property=\"og:type\" content=\"article\" \/>\n<meta property=\"og:title\" content=\"Loca\u00e7\u00e3o de m\u00e1quinas agr\u00edcolas pode reduzir custo de produ\u00e7\u00e3o em at\u00e9 30% - Canal Dana\" \/>\n<meta property=\"og:description\" content=\"Canal Rural &nbsp; Nesse momento \u00e9 fundamental contar com um maquin\u00e1rio de qualidade, com a manuten\u00e7\u00e3o em dia e com a regulagem correta para cada situa\u00e7\u00e3o. &nbsp; Tudo isso vai fazer a diferen\u00e7a na produtividade l\u00e1 no final da safra. Muitos produtores t\u00eam maquin\u00e1rio pr\u00f3prio na fazenda, mas a maioria n\u00e3o consegue comportar esse investimento\u2026 Leia mais \u00bb\" \/>\n<meta property=\"og:url\" content=\"https:\/\/dana.com.br\/canaldana\/2023\/02\/22\/locacao-de-maquinas-agricolas-pode-reduzir-custo-de-producao-em-ate-30\/\" \/>\n<meta property=\"og:site_name\" content=\"Canal Dana\" \/>\n<meta property=\"article:published_time\" content=\"2023-02-22T11:31:10+00:00\" \/>\n<meta name=\"author\" content=\"Canal Dana\" \/>\n<meta name=\"twitter:card\" content=\"summary_large_image\" \/>\n<meta name=\"twitter:label1\" content=\"Escrito por\" \/>\n\t<meta name=\"twitter:data1\" content=\"Canal Dana\" \/>\n\t<meta name=\"twitter:label2\" content=\"Est. tempo de leitura\" \/>\n\t<meta name=\"twitter:data2\" content=\"2 minutos\" \/>\n<script type=\"application\/ld+json\" class=\"yoast-schema-graph\">{\"@context\":\"https:\\\/\\\/schema.org\",\"@graph\":[{\"@type\":\"Article\",\"@id\":\"https:\\\/\\\/dana.com.br\\\/canaldana\\\/2023\\\/02\\\/22\\\/locacao-de-maquinas-agricolas-pode-reduzir-custo-de-producao-em-ate-30\\\/#article\",\"isPartOf\":{\"@id\":\"https:\\\/\\\/dana.com.br\\\/canaldana\\\/2023\\\/02\\\/22\\\/locacao-de-maquinas-agricolas-pode-reduzir-custo-de-producao-em-ate-30\\\/\"},\"author\":{\"name\":\"Canal Dana\",\"@id\":\"https:\\\/\\\/dana.com.br\\\/canaldana\\\/#\\\/schema\\\/person\\\/3c21f22f56fcf3bc46b94bc60ea4fef6\"},\"headline\":\"Loca\u00e7\u00e3o de m\u00e1quinas agr\u00edcolas pode reduzir custo de produ\u00e7\u00e3o em at\u00e9 30%\",\"datePublished\":\"2023-02-22T11:31:10+00:00\",\"mainEntityOfPage\":{\"@id\":\"https:\\\/\\\/dana.com.br\\\/canaldana\\\/2023\\\/02\\\/22\\\/locacao-de-maquinas-agricolas-pode-reduzir-custo-de-producao-em-ate-30\\\/\"},\"wordCount\":368,\"articleSection\":[\"Mercado\"],\"inLanguage\":\"pt-BR\"},{\"@type\":\"WebPage\",\"@id\":\"https:\\\/\\\/dana.com.br\\\/canaldana\\\/2023\\\/02\\\/22\\\/locacao-de-maquinas-agricolas-pode-reduzir-custo-de-producao-em-ate-30\\\/\",\"url\":\"https:\\\/\\\/dana.com.br\\\/canaldana\\\/2023\\\/02\\\/22\\\/locacao-de-maquinas-agricolas-pode-reduzir-custo-de-producao-em-ate-30\\\/\",\"name\":\"Loca\u00e7\u00e3o de m\u00e1quinas agr\u00edcolas pode reduzir custo de produ\u00e7\u00e3o em at\u00e9 30% - Canal Dana\",\"isPartOf\":{\"@id\":\"https:\\\/\\\/dana.com.br\\\/canaldana\\\/#website\"},\"datePublished\":\"2023-02-22T11:31:10+00:00\",\"author\":{\"@id\":\"https:\\\/\\\/dana.com.br\\\/canaldana\\\/#\\\/schema\\\/person\\\/3c21f22f56fcf3bc46b94bc60ea4fef6\"},\"breadcrumb\":{\"@id\":\"https:\\\/\\\/dana.com.br\\\/canaldana\\\/2023\\\/02\\\/22\\\/locacao-de-maquinas-agricolas-pode-reduzir-custo-de-producao-em-ate-30\\\/#breadcrumb\"},\"inLanguage\":\"pt-BR\",\"potentialAction\":[{\"@type\":\"ReadAction\",\"target\":[\"https:\\\/\\\/dana.com.br\\\/canaldana\\\/2023\\\/02\\\/22\\\/locacao-de-maquinas-agricolas-pode-reduzir-custo-de-producao-em-ate-30\\\/\"]}]},{\"@type\":\"BreadcrumbList\",\"@id\":\"https:\\\/\\\/dana.com.br\\\/canaldana\\\/2023\\\/02\\\/22\\\/locacao-de-maquinas-agricolas-pode-reduzir-custo-de-producao-em-ate-30\\\/#breadcrumb\",\"itemListElement\":[{\"@type\":\"ListItem\",\"position\":1,\"name\":\"Home\",\"item\":\"https:\\\/\\\/dana.com.br\\\/canaldana\\\/\"},{\"@type\":\"ListItem\",\"position\":2,\"name\":\"Mercado\",\"item\":\"https:\\\/\\\/dana.com.br\\\/canaldana\\\/mercado\\\/\"},{\"@type\":\"ListItem\",\"position\":3,\"name\":\"Loca\u00e7\u00e3o de m\u00e1quinas agr\u00edcolas pode reduzir custo de produ\u00e7\u00e3o em at\u00e9 30%\"}]},{\"@type\":\"WebSite\",\"@id\":\"https:\\\/\\\/dana.com.br\\\/canaldana\\\/#website\",\"url\":\"https:\\\/\\\/dana.com.br\\\/canaldana\\\/\",\"name\":\"Canal Dana\",\"description\":\"Informativo com as principais not\u00edcias da ind\u00fastria automotiva\",\"potentialAction\":[{\"@type\":\"SearchAction\",\"target\":{\"@type\":\"EntryPoint\",\"urlTemplate\":\"https:\\\/\\\/dana.com.br\\\/canaldana\\\/?s={search_term_string}\"},\"query-input\":{\"@type\":\"PropertyValueSpecification\",\"valueRequired\":true,\"valueName\":\"search_term_string\"}}],\"inLanguage\":\"pt-BR\"},{\"@type\":\"Person\",\"@id\":\"https:\\\/\\\/dana.com.br\\\/canaldana\\\/#\\\/schema\\\/person\\\/3c21f22f56fcf3bc46b94bc60ea4fef6\",\"name\":\"Canal Dana\",\"image\":{\"@type\":\"ImageObject\",\"inLanguage\":\"pt-BR\",\"@id\":\"https:\\\/\\\/secure.gravatar.com\\\/avatar\\\/420aaf9278582877d9018637c6817617705899d2858d7572ef0fe59a6b6454b4?s=96&d=mm&r=g\",\"url\":\"https:\\\/\\\/secure.gravatar.com\\\/avatar\\\/420aaf9278582877d9018637c6817617705899d2858d7572ef0fe59a6b6454b4?s=96&d=mm&r=g\",\"contentUrl\":\"https:\\\/\\\/secure.gravatar.com\\\/avatar\\\/420aaf9278582877d9018637c6817617705899d2858d7572ef0fe59a6b6454b4?s=96&d=mm&r=g\",\"caption\":\"Canal Dana\"},\"url\":\"https:\\\/\\\/dana.com.br\\\/canaldana\\\/author\\\/cdeditor\\\/\"}]}<\/script>\n<!-- \/ Yoast SEO plugin. -->","yoast_head_json":{"title":"Loca\u00e7\u00e3o de m\u00e1quinas agr\u00edcolas pode reduzir custo de produ\u00e7\u00e3o em at\u00e9 30% - Canal Dana","robots":{"index":"index","follow":"follow","max-snippet":"max-snippet:-1","max-image-preview":"max-image-preview:large","max-video-preview":"max-video-preview:-1"},"canonical":"https:\/\/dana.com.br\/canaldana\/2023\/02\/22\/locacao-de-maquinas-agricolas-pode-reduzir-custo-de-producao-em-ate-30\/","og_locale":"pt_BR","og_type":"article","og_title":"Loca\u00e7\u00e3o de m\u00e1quinas agr\u00edcolas pode reduzir custo de produ\u00e7\u00e3o em at\u00e9 30% - Canal Dana","og_description":"Canal Rural &nbsp; Nesse momento \u00e9 fundamental contar com um maquin\u00e1rio de qualidade, com a manuten\u00e7\u00e3o em dia e com a regulagem correta para cada situa\u00e7\u00e3o. &nbsp; Tudo isso vai fazer a diferen\u00e7a na produtividade l\u00e1 no final da safra. Muitos produtores t\u00eam maquin\u00e1rio pr\u00f3prio na fazenda, mas a maioria n\u00e3o consegue comportar esse investimento\u2026 Leia mais \u00bb","og_url":"https:\/\/dana.com.br\/canaldana\/2023\/02\/22\/locacao-de-maquinas-agricolas-pode-reduzir-custo-de-producao-em-ate-30\/","og_site_name":"Canal Dana","article_published_time":"2023-02-22T11:31:10+00:00","author":"Canal Dana","twitter_card":"summary_large_image","twitter_misc":{"Escrito por":"Canal Dana","Est. tempo de leitura":"2 minutos"},"schema":{"@context":"https:\/\/schema.org","@graph":[{"@type":"Article","@id":"https:\/\/dana.com.br\/canaldana\/2023\/02\/22\/locacao-de-maquinas-agricolas-pode-reduzir-custo-de-producao-em-ate-30\/#article","isPartOf":{"@id":"https:\/\/dana.com.br\/canaldana\/2023\/02\/22\/locacao-de-maquinas-agricolas-pode-reduzir-custo-de-producao-em-ate-30\/"},"author":{"name":"Canal Dana","@id":"https:\/\/dana.com.br\/canaldana\/#\/schema\/person\/3c21f22f56fcf3bc46b94bc60ea4fef6"},"headline":"Loca\u00e7\u00e3o de m\u00e1quinas agr\u00edcolas pode reduzir custo de produ\u00e7\u00e3o em at\u00e9 30%","datePublished":"2023-02-22T11:31:10+00:00","mainEntityOfPage":{"@id":"https:\/\/dana.com.br\/canaldana\/2023\/02\/22\/locacao-de-maquinas-agricolas-pode-reduzir-custo-de-producao-em-ate-30\/"},"wordCount":368,"articleSection":["Mercado"],"inLanguage":"pt-BR"},{"@type":"WebPage","@id":"https:\/\/dana.com.br\/canaldana\/2023\/02\/22\/locacao-de-maquinas-agricolas-pode-reduzir-custo-de-producao-em-ate-30\/","url":"https:\/\/dana.com.br\/canaldana\/2023\/02\/22\/locacao-de-maquinas-agricolas-pode-reduzir-custo-de-producao-em-ate-30\/","name":"Loca\u00e7\u00e3o de m\u00e1quinas agr\u00edcolas pode reduzir custo de produ\u00e7\u00e3o em at\u00e9 30% - Canal Dana","isPartOf":{"@id":"https:\/\/dana.com.br\/canaldana\/#website"},"datePublished":"2023-02-22T11:31:10+00:00","author":{"@id":"https:\/\/dana.com.br\/canaldana\/#\/schema\/person\/3c21f22f56fcf3bc46b94bc60ea4fef6"},"breadcrumb":{"@id":"https:\/\/dana.com.br\/canaldana\/2023\/02\/22\/locacao-de-maquinas-agricolas-pode-reduzir-custo-de-producao-em-ate-30\/#breadcrumb"},"inLanguage":"pt-BR","potentialAction":[{"@type":"ReadAction","target":["https:\/\/dana.com.br\/canaldana\/2023\/02\/22\/locacao-de-maquinas-agricolas-pode-reduzir-custo-de-producao-em-ate-30\/"]}]},{"@type":"BreadcrumbList","@id":"https:\/\/dana.com.br\/canaldana\/2023\/02\/22\/locacao-de-maquinas-agricolas-pode-reduzir-custo-de-producao-em-ate-30\/#breadcrumb","itemListElement":[{"@type":"ListItem","position":1,"name":"Home","item":"https:\/\/dana.com.br\/canaldana\/"},{"@type":"ListItem","position":2,"name":"Mercado","item":"https:\/\/dana.com.br\/canaldana\/mercado\/"},{"@type":"ListItem","position":3,"name":"Loca\u00e7\u00e3o de m\u00e1quinas agr\u00edcolas pode reduzir custo de produ\u00e7\u00e3o em at\u00e9 30%"}]},{"@type":"WebSite","@id":"https:\/\/dana.com.br\/canaldana\/#website","url":"https:\/\/dana.com.br\/canaldana\/","name":"Canal Dana","description":"Informativo com as principais not\u00edcias da ind\u00fastria automotiva","potentialAction":[{"@type":"SearchAction","target":{"@type":"EntryPoint","urlTemplate":"https:\/\/dana.com.br\/canaldana\/?s={search_term_string}"},"query-input":{"@type":"PropertyValueSpecification","valueRequired":true,"valueName":"search_term_string"}}],"inLanguage":"pt-BR"},{"@type":"Person","@id":"https:\/\/dana.com.br\/canaldana\/#\/schema\/person\/3c21f22f56fcf3bc46b94bc60ea4fef6","name":"Canal Dana","image":{"@type":"ImageObject","inLanguage":"pt-BR","@id":"https:\/\/secure.gravatar.com\/avatar\/420aaf9278582877d9018637c6817617705899d2858d7572ef0fe59a6b6454b4?s=96&d=mm&r=g","url":"https:\/\/secure.gravatar.com\/avatar\/420aaf9278582877d9018637c6817617705899d2858d7572ef0fe59a6b6454b4?s=96&d=mm&r=g","contentUrl":"https:\/\/secure.gravatar.com\/avatar\/420aaf9278582877d9018637c6817617705899d2858d7572ef0fe59a6b6454b4?s=96&d=mm&r=g","caption":"Canal Dana"},"url":"https:\/\/dana.com.br\/canaldana\/author\/cdeditor\/"}]}},"_links":{"self":[{"href":"https:\/\/dana.com.br\/canaldana\/wp-json\/wp\/v2\/posts\/63949","targetHints":{"allow":["GET"]}}],"collection":[{"href":"https:\/\/dana.com.br\/canaldana\/wp-json\/wp\/v2\/posts"}],"about":[{"href":"https:\/\/dana.com.br\/canaldana\/wp-json\/wp\/v2\/types\/post"}],"author":[{"embeddable":true,"href":"https:\/\/dana.com.br\/canaldana\/wp-json\/wp\/v2\/users\/3"}],"replies":[{"embeddable":true,"href":"https:\/\/dana.com.br\/canaldana\/wp-json\/wp\/v2\/comments?post=63949"}],"version-history":[{"count":0,"href":"https:\/\/dana.com.br\/canaldana\/wp-json\/wp\/v2\/posts\/63949\/revisions"}],"wp:attachment":[{"href":"https:\/\/dana.com.br\/canaldana\/wp-json\/wp\/v2\/media?parent=63949"}],"wp:term":[{"taxonomy":"category","embeddable":true,"href":"https:\/\/dana.com.br\/canaldana\/wp-json\/wp\/v2\/categories?post=63949"},{"taxonomy":"post_tag","embeddable":true,"href":"https:\/\/dana.com.br\/canaldana\/wp-json\/wp\/v2\/tags?post=63949"}],"curies":[{"name":"wp","href":"https:\/\/api.w.org\/{rel}","templated":true}]}}