{"id":63913,"date":"2023-02-20T08:58:53","date_gmt":"2023-02-20T11:58:53","guid":{"rendered":"https:\/\/dana.com.br\/canaldana\/?p=63913"},"modified":"2023-02-20T08:58:53","modified_gmt":"2023-02-20T11:58:53","slug":"bmw-lanca-oficialmente-o-x1-nas-concessionarias-do-brasil","status":"publish","type":"post","link":"https:\/\/dana.com.br\/canaldana\/2023\/02\/20\/bmw-lanca-oficialmente-o-x1-nas-concessionarias-do-brasil\/","title":{"rendered":"BMW lan\u00e7a oficialmente o X1 nas concession\u00e1rias do Brasil"},"content":{"rendered":"<p><em>Motor Mais<\/em><\/p>\n<p>&nbsp;<\/p>\n<p>Concession\u00e1rias lotadas e p\u00fablico impressionado. Este foi o panorama das concession\u00e1rias da BMW espalhadas pelo Brasil na \u00faltima quarta-feira (15). Lan\u00e7ado em meados de janeiro no formato de pr\u00e9-venda, o novo BMW X1 foi apresentado de forma simult\u00e2nea para os clientes da marca no pa\u00eds.<\/p>\n<p>&nbsp;<\/p>\n<p>\u00c0 venda em tr\u00eas vers\u00f5es e duas op\u00e7\u00f5es de motoriza\u00e7\u00e3o, o novo BMW X1 chega para ampliar sua lideran\u00e7a no segmento de SUVs premium, do qual \u00e9 l\u00edder isolado h\u00e1 seis anos. Para isso, o modelo aposta em inova\u00e7\u00f5es no visual, na conectividade e, principalmente, na tecnologia.<\/p>\n<p>&nbsp;<\/p>\n<p>Al\u00e9m disso, todos os modelos vendidos contam com o programa BSI gratuito pelo per\u00edodo de tr\u00eas anos ou 40.000 km (o que ocorrer primeiro). O BMW Service Inclusive (BSI) \u00e9 um programa que oferece servi\u00e7os de manuten\u00e7\u00e3o de ve\u00edculos BMW, com cobertura mundial na rede de concession\u00e1rias autorizadas, sem custo adicional dos servi\u00e7os cobertos. (Motor Mais)<\/p>\n","protected":false},"excerpt":{"rendered":"<p>Motor Mais &nbsp; Concession\u00e1rias lotadas e p\u00fablico impressionado. Este foi o panorama das concession\u00e1rias da BMW espalhadas pelo Brasil na \u00faltima quarta-feira (15). Lan\u00e7ado em meados de janeiro no formato de pr\u00e9-venda, o novo BMW X1 foi apresentado de forma simult\u00e2nea para os clientes da marca no pa\u00eds. &nbsp; \u00c0 venda em tr\u00eas vers\u00f5es e\u2026 <a class=\"readmore\" href=\"https:\/\/dana.com.br\/canaldana\/2023\/02\/20\/bmw-lanca-oficialmente-o-x1-nas-concessionarias-do-brasil\/\">Leia mais \u00bb<\/a><\/p>\n","protected":false},"author":3,"featured_media":0,"comment_status":"closed","ping_status":"closed","sticky":false,"template":"","format":"standard","meta":{"_acf_changed":false,"footnotes":""},"categories":[79],"tags":[],"class_list":["post-63913","post","type-post","status-publish","format-standard","hentry","category-mercado"],"acf":[],"yoast_head":"<!-- This site is optimized with the Yoast SEO plugin v27.3 - https:\/\/yoast.com\/product\/yoast-seo-wordpress\/ -->\n<title>BMW lan\u00e7a oficialmente o X1 nas concession\u00e1rias do Brasil - Canal Dana<\/title>\n<meta name=\"robots\" content=\"index, follow, max-snippet:-1, max-image-preview:large, max-video-preview:-1\" \/>\n<link rel=\"canonical\" href=\"https:\/\/dana.com.br\/canaldana\/2023\/02\/20\/bmw-lanca-oficialmente-o-x1-nas-concessionarias-do-brasil\/\" \/>\n<meta property=\"og:locale\" content=\"pt_BR\" \/>\n<meta property=\"og:type\" content=\"article\" \/>\n<meta property=\"og:title\" content=\"BMW lan\u00e7a oficialmente o X1 nas concession\u00e1rias do Brasil - Canal Dana\" \/>\n<meta property=\"og:description\" content=\"Motor Mais &nbsp; Concession\u00e1rias lotadas e p\u00fablico impressionado. Este foi o panorama das concession\u00e1rias da BMW espalhadas pelo Brasil na \u00faltima quarta-feira (15). Lan\u00e7ado em meados de janeiro no formato de pr\u00e9-venda, o novo BMW X1 foi apresentado de forma simult\u00e2nea para os clientes da marca no pa\u00eds. &nbsp; \u00c0 venda em tr\u00eas vers\u00f5es e\u2026 Leia mais \u00bb\" \/>\n<meta property=\"og:url\" content=\"https:\/\/dana.com.br\/canaldana\/2023\/02\/20\/bmw-lanca-oficialmente-o-x1-nas-concessionarias-do-brasil\/\" \/>\n<meta property=\"og:site_name\" content=\"Canal Dana\" \/>\n<meta property=\"article:published_time\" content=\"2023-02-20T11:58:53+00:00\" \/>\n<meta name=\"author\" content=\"Canal Dana\" \/>\n<meta name=\"twitter:card\" content=\"summary_large_image\" \/>\n<meta name=\"twitter:label1\" content=\"Escrito por\" \/>\n\t<meta name=\"twitter:data1\" content=\"Canal Dana\" \/>\n\t<meta name=\"twitter:label2\" content=\"Est. tempo de leitura\" \/>\n\t<meta name=\"twitter:data2\" content=\"1 minuto\" \/>\n<script type=\"application\/ld+json\" class=\"yoast-schema-graph\">{\"@context\":\"https:\\\/\\\/schema.org\",\"@graph\":[{\"@type\":\"Article\",\"@id\":\"https:\\\/\\\/dana.com.br\\\/canaldana\\\/2023\\\/02\\\/20\\\/bmw-lanca-oficialmente-o-x1-nas-concessionarias-do-brasil\\\/#article\",\"isPartOf\":{\"@id\":\"https:\\\/\\\/dana.com.br\\\/canaldana\\\/2023\\\/02\\\/20\\\/bmw-lanca-oficialmente-o-x1-nas-concessionarias-do-brasil\\\/\"},\"author\":{\"name\":\"Canal Dana\",\"@id\":\"https:\\\/\\\/dana.com.br\\\/canaldana\\\/#\\\/schema\\\/person\\\/3c21f22f56fcf3bc46b94bc60ea4fef6\"},\"headline\":\"BMW lan\u00e7a oficialmente o X1 nas concession\u00e1rias do Brasil\",\"datePublished\":\"2023-02-20T11:58:53+00:00\",\"mainEntityOfPage\":{\"@id\":\"https:\\\/\\\/dana.com.br\\\/canaldana\\\/2023\\\/02\\\/20\\\/bmw-lanca-oficialmente-o-x1-nas-concessionarias-do-brasil\\\/\"},\"wordCount\":181,\"articleSection\":[\"Mercado\"],\"inLanguage\":\"pt-BR\"},{\"@type\":\"WebPage\",\"@id\":\"https:\\\/\\\/dana.com.br\\\/canaldana\\\/2023\\\/02\\\/20\\\/bmw-lanca-oficialmente-o-x1-nas-concessionarias-do-brasil\\\/\",\"url\":\"https:\\\/\\\/dana.com.br\\\/canaldana\\\/2023\\\/02\\\/20\\\/bmw-lanca-oficialmente-o-x1-nas-concessionarias-do-brasil\\\/\",\"name\":\"BMW lan\u00e7a oficialmente o X1 nas concession\u00e1rias do Brasil - Canal Dana\",\"isPartOf\":{\"@id\":\"https:\\\/\\\/dana.com.br\\\/canaldana\\\/#website\"},\"datePublished\":\"2023-02-20T11:58:53+00:00\",\"author\":{\"@id\":\"https:\\\/\\\/dana.com.br\\\/canaldana\\\/#\\\/schema\\\/person\\\/3c21f22f56fcf3bc46b94bc60ea4fef6\"},\"breadcrumb\":{\"@id\":\"https:\\\/\\\/dana.com.br\\\/canaldana\\\/2023\\\/02\\\/20\\\/bmw-lanca-oficialmente-o-x1-nas-concessionarias-do-brasil\\\/#breadcrumb\"},\"inLanguage\":\"pt-BR\",\"potentialAction\":[{\"@type\":\"ReadAction\",\"target\":[\"https:\\\/\\\/dana.com.br\\\/canaldana\\\/2023\\\/02\\\/20\\\/bmw-lanca-oficialmente-o-x1-nas-concessionarias-do-brasil\\\/\"]}]},{\"@type\":\"BreadcrumbList\",\"@id\":\"https:\\\/\\\/dana.com.br\\\/canaldana\\\/2023\\\/02\\\/20\\\/bmw-lanca-oficialmente-o-x1-nas-concessionarias-do-brasil\\\/#breadcrumb\",\"itemListElement\":[{\"@type\":\"ListItem\",\"position\":1,\"name\":\"Home\",\"item\":\"https:\\\/\\\/dana.com.br\\\/canaldana\\\/\"},{\"@type\":\"ListItem\",\"position\":2,\"name\":\"Mercado\",\"item\":\"https:\\\/\\\/dana.com.br\\\/canaldana\\\/mercado\\\/\"},{\"@type\":\"ListItem\",\"position\":3,\"name\":\"BMW lan\u00e7a oficialmente o X1 nas concession\u00e1rias do Brasil\"}]},{\"@type\":\"WebSite\",\"@id\":\"https:\\\/\\\/dana.com.br\\\/canaldana\\\/#website\",\"url\":\"https:\\\/\\\/dana.com.br\\\/canaldana\\\/\",\"name\":\"Canal Dana\",\"description\":\"Informativo com as principais not\u00edcias da ind\u00fastria automotiva\",\"potentialAction\":[{\"@type\":\"SearchAction\",\"target\":{\"@type\":\"EntryPoint\",\"urlTemplate\":\"https:\\\/\\\/dana.com.br\\\/canaldana\\\/?s={search_term_string}\"},\"query-input\":{\"@type\":\"PropertyValueSpecification\",\"valueRequired\":true,\"valueName\":\"search_term_string\"}}],\"inLanguage\":\"pt-BR\"},{\"@type\":\"Person\",\"@id\":\"https:\\\/\\\/dana.com.br\\\/canaldana\\\/#\\\/schema\\\/person\\\/3c21f22f56fcf3bc46b94bc60ea4fef6\",\"name\":\"Canal Dana\",\"image\":{\"@type\":\"ImageObject\",\"inLanguage\":\"pt-BR\",\"@id\":\"https:\\\/\\\/secure.gravatar.com\\\/avatar\\\/420aaf9278582877d9018637c6817617705899d2858d7572ef0fe59a6b6454b4?s=96&d=mm&r=g\",\"url\":\"https:\\\/\\\/secure.gravatar.com\\\/avatar\\\/420aaf9278582877d9018637c6817617705899d2858d7572ef0fe59a6b6454b4?s=96&d=mm&r=g\",\"contentUrl\":\"https:\\\/\\\/secure.gravatar.com\\\/avatar\\\/420aaf9278582877d9018637c6817617705899d2858d7572ef0fe59a6b6454b4?s=96&d=mm&r=g\",\"caption\":\"Canal Dana\"},\"url\":\"https:\\\/\\\/dana.com.br\\\/canaldana\\\/author\\\/cdeditor\\\/\"}]}<\/script>\n<!-- \/ Yoast SEO plugin. -->","yoast_head_json":{"title":"BMW lan\u00e7a oficialmente o X1 nas concession\u00e1rias do Brasil - Canal Dana","robots":{"index":"index","follow":"follow","max-snippet":"max-snippet:-1","max-image-preview":"max-image-preview:large","max-video-preview":"max-video-preview:-1"},"canonical":"https:\/\/dana.com.br\/canaldana\/2023\/02\/20\/bmw-lanca-oficialmente-o-x1-nas-concessionarias-do-brasil\/","og_locale":"pt_BR","og_type":"article","og_title":"BMW lan\u00e7a oficialmente o X1 nas concession\u00e1rias do Brasil - Canal Dana","og_description":"Motor Mais &nbsp; Concession\u00e1rias lotadas e p\u00fablico impressionado. Este foi o panorama das concession\u00e1rias da BMW espalhadas pelo Brasil na \u00faltima quarta-feira (15). Lan\u00e7ado em meados de janeiro no formato de pr\u00e9-venda, o novo BMW X1 foi apresentado de forma simult\u00e2nea para os clientes da marca no pa\u00eds. &nbsp; \u00c0 venda em tr\u00eas vers\u00f5es e\u2026 Leia mais \u00bb","og_url":"https:\/\/dana.com.br\/canaldana\/2023\/02\/20\/bmw-lanca-oficialmente-o-x1-nas-concessionarias-do-brasil\/","og_site_name":"Canal Dana","article_published_time":"2023-02-20T11:58:53+00:00","author":"Canal Dana","twitter_card":"summary_large_image","twitter_misc":{"Escrito por":"Canal Dana","Est. tempo de leitura":"1 minuto"},"schema":{"@context":"https:\/\/schema.org","@graph":[{"@type":"Article","@id":"https:\/\/dana.com.br\/canaldana\/2023\/02\/20\/bmw-lanca-oficialmente-o-x1-nas-concessionarias-do-brasil\/#article","isPartOf":{"@id":"https:\/\/dana.com.br\/canaldana\/2023\/02\/20\/bmw-lanca-oficialmente-o-x1-nas-concessionarias-do-brasil\/"},"author":{"name":"Canal Dana","@id":"https:\/\/dana.com.br\/canaldana\/#\/schema\/person\/3c21f22f56fcf3bc46b94bc60ea4fef6"},"headline":"BMW lan\u00e7a oficialmente o X1 nas concession\u00e1rias do Brasil","datePublished":"2023-02-20T11:58:53+00:00","mainEntityOfPage":{"@id":"https:\/\/dana.com.br\/canaldana\/2023\/02\/20\/bmw-lanca-oficialmente-o-x1-nas-concessionarias-do-brasil\/"},"wordCount":181,"articleSection":["Mercado"],"inLanguage":"pt-BR"},{"@type":"WebPage","@id":"https:\/\/dana.com.br\/canaldana\/2023\/02\/20\/bmw-lanca-oficialmente-o-x1-nas-concessionarias-do-brasil\/","url":"https:\/\/dana.com.br\/canaldana\/2023\/02\/20\/bmw-lanca-oficialmente-o-x1-nas-concessionarias-do-brasil\/","name":"BMW lan\u00e7a oficialmente o X1 nas concession\u00e1rias do Brasil - Canal Dana","isPartOf":{"@id":"https:\/\/dana.com.br\/canaldana\/#website"},"datePublished":"2023-02-20T11:58:53+00:00","author":{"@id":"https:\/\/dana.com.br\/canaldana\/#\/schema\/person\/3c21f22f56fcf3bc46b94bc60ea4fef6"},"breadcrumb":{"@id":"https:\/\/dana.com.br\/canaldana\/2023\/02\/20\/bmw-lanca-oficialmente-o-x1-nas-concessionarias-do-brasil\/#breadcrumb"},"inLanguage":"pt-BR","potentialAction":[{"@type":"ReadAction","target":["https:\/\/dana.com.br\/canaldana\/2023\/02\/20\/bmw-lanca-oficialmente-o-x1-nas-concessionarias-do-brasil\/"]}]},{"@type":"BreadcrumbList","@id":"https:\/\/dana.com.br\/canaldana\/2023\/02\/20\/bmw-lanca-oficialmente-o-x1-nas-concessionarias-do-brasil\/#breadcrumb","itemListElement":[{"@type":"ListItem","position":1,"name":"Home","item":"https:\/\/dana.com.br\/canaldana\/"},{"@type":"ListItem","position":2,"name":"Mercado","item":"https:\/\/dana.com.br\/canaldana\/mercado\/"},{"@type":"ListItem","position":3,"name":"BMW lan\u00e7a oficialmente o X1 nas concession\u00e1rias do Brasil"}]},{"@type":"WebSite","@id":"https:\/\/dana.com.br\/canaldana\/#website","url":"https:\/\/dana.com.br\/canaldana\/","name":"Canal Dana","description":"Informativo com as principais not\u00edcias da ind\u00fastria automotiva","potentialAction":[{"@type":"SearchAction","target":{"@type":"EntryPoint","urlTemplate":"https:\/\/dana.com.br\/canaldana\/?s={search_term_string}"},"query-input":{"@type":"PropertyValueSpecification","valueRequired":true,"valueName":"search_term_string"}}],"inLanguage":"pt-BR"},{"@type":"Person","@id":"https:\/\/dana.com.br\/canaldana\/#\/schema\/person\/3c21f22f56fcf3bc46b94bc60ea4fef6","name":"Canal Dana","image":{"@type":"ImageObject","inLanguage":"pt-BR","@id":"https:\/\/secure.gravatar.com\/avatar\/420aaf9278582877d9018637c6817617705899d2858d7572ef0fe59a6b6454b4?s=96&d=mm&r=g","url":"https:\/\/secure.gravatar.com\/avatar\/420aaf9278582877d9018637c6817617705899d2858d7572ef0fe59a6b6454b4?s=96&d=mm&r=g","contentUrl":"https:\/\/secure.gravatar.com\/avatar\/420aaf9278582877d9018637c6817617705899d2858d7572ef0fe59a6b6454b4?s=96&d=mm&r=g","caption":"Canal Dana"},"url":"https:\/\/dana.com.br\/canaldana\/author\/cdeditor\/"}]}},"_links":{"self":[{"href":"https:\/\/dana.com.br\/canaldana\/wp-json\/wp\/v2\/posts\/63913","targetHints":{"allow":["GET"]}}],"collection":[{"href":"https:\/\/dana.com.br\/canaldana\/wp-json\/wp\/v2\/posts"}],"about":[{"href":"https:\/\/dana.com.br\/canaldana\/wp-json\/wp\/v2\/types\/post"}],"author":[{"embeddable":true,"href":"https:\/\/dana.com.br\/canaldana\/wp-json\/wp\/v2\/users\/3"}],"replies":[{"embeddable":true,"href":"https:\/\/dana.com.br\/canaldana\/wp-json\/wp\/v2\/comments?post=63913"}],"version-history":[{"count":0,"href":"https:\/\/dana.com.br\/canaldana\/wp-json\/wp\/v2\/posts\/63913\/revisions"}],"wp:attachment":[{"href":"https:\/\/dana.com.br\/canaldana\/wp-json\/wp\/v2\/media?parent=63913"}],"wp:term":[{"taxonomy":"category","embeddable":true,"href":"https:\/\/dana.com.br\/canaldana\/wp-json\/wp\/v2\/categories?post=63913"},{"taxonomy":"post_tag","embeddable":true,"href":"https:\/\/dana.com.br\/canaldana\/wp-json\/wp\/v2\/tags?post=63913"}],"curies":[{"name":"wp","href":"https:\/\/api.w.org\/{rel}","templated":true}]}}