{"id":63899,"date":"2023-02-17T08:30:22","date_gmt":"2023-02-17T11:30:22","guid":{"rendered":"https:\/\/dana.com.br\/canaldana\/?p=63899"},"modified":"2023-02-17T08:30:22","modified_gmt":"2023-02-17T11:30:22","slug":"volvo-tem-ano-historico-mas-ve-2023-com-cautela","status":"publish","type":"post","link":"https:\/\/dana.com.br\/canaldana\/2023\/02\/17\/volvo-tem-ano-historico-mas-ve-2023-com-cautela\/","title":{"rendered":"Volvo tem ano hist\u00f3rico, mas v\u00ea 2023 com cautela"},"content":{"rendered":"<p><em>Coisas de Agora<\/em><\/p>\n<p>&nbsp;<\/p>\n<p>A Volvo encerrou 2022 de forma muito positiva, com excelentes resultados em todas as suas \u00e1reas de neg\u00f3cio. Al\u00e9m de liderar o mercado de caminh\u00f5es pesados, pela primeira vez a marca ficou \u00e0 frente tamb\u00e9m na soma de todos os segmentos em que atua, incluindo semipesados. Em \u00f4nibus, a Volvo venceu a maior licita\u00e7\u00e3o de chassis Euro 6 na Am\u00e9rica Latina e foi a marca que mais cresceu em volumes no Brasil. A Volvo Financial Services fechou o ano com forte expans\u00e3o. No entanto, para 2023 a previs\u00e3o \u00e9 para volumes mais baixos em caminh\u00f5es, por conta do custo dos ve\u00edculos com tecnologia de emiss\u00f5es Euro 6 e das condi\u00e7\u00f5es econ\u00f4micas adversas.<\/p>\n<p>&nbsp;<\/p>\n<p>\u201c2022 foi mais um per\u00edodo de grandes conquistas. Nossos produtos e servi\u00e7os t\u00eam excelente reputa\u00e7\u00e3o no mercado, pois contribuem para dar mais efici\u00eancia nas opera\u00e7\u00f5es de transporte. Isso tudo se traduziu em neg\u00f3cios robustos\u201d, declara Wilson Lirmann, presidente do Grupo Volvo Am\u00e9rica Latina. Ele destaca, no entanto, que 2023 ser\u00e1 um ano desafiador, com um mercado de caminh\u00f5es acima de 16 toneladas estimado em cerca de 75 mil unidades no Brasil.<\/p>\n<p>&nbsp;<\/p>\n<p>\u201cO acentuado aumento de custos decorrente da nova tecnologia Euro 6 e o impacto disso para o transportador \u00e9 um dos fatores que far\u00e3o diferen\u00e7a nas entregas desse ano. Al\u00e9m disso, pesam tamb\u00e9m as condi\u00e7\u00f5es econ\u00f4micas adversas, notadamente os juros altos\u201d, afirma Wilson Lirmann.<\/p>\n<p>&nbsp;<\/p>\n<p>Em caminh\u00f5es a Volvo teve mais um ano hist\u00f3rico. Al\u00e9m de liderar o mercado de pesados, pela primeira vez a marca ficou \u00e0 frente tamb\u00e9m na soma de todos os segmentos em que atua, incluindo semipesados. No total, a Volvo entregou 24.093 caminh\u00f5es (crescimento de 10%), sendo 18.747 ve\u00edculos somente na classe dos pesados.<\/p>\n<p>&nbsp;<\/p>\n<p>\u201cFicamos com 29% de market share, quase um ter\u00e7o do mercado de pesados. \u00c9 uma marca hist\u00f3rica\u201d, declara Alcides Cavalcanti, diretor executivo de caminh\u00f5es da Volvo do Brasil.<\/p>\n<p>&nbsp;<\/p>\n<p>Com 8.317 unidades emplacadas na vers\u00e3o 540cv, o modelo Volvo FH foi mais uma vez o caminh\u00e3o mais vendido do Brasil. Al\u00e9m disso, o modelo ocupou o topo do ranking de vendas de caminh\u00f5es pesados no Pa\u00eds pela 10\u00aa vez, sendo a quinta consecutiva, per\u00edodo em que tamb\u00e9m liderou em todas as categorias de peso. Em semipesados, o Volvo VM 270 brilhou como o modelo mais emplacado em sua categoria, com 4.732 unidades licenciadas.<\/p>\n<p>&nbsp;<\/p>\n<p>Na Am\u00e9rica Latina outros mercados de destaque foram o Peru, com 1.902 entregas (crescimento de 17%) e Chile, com 1.687 entregas (crescimento de 25%). Ao todo, a Volvo entregou mais de 31 mil caminh\u00f5es nos diversos pa\u00edses do continente, sendo 28.627 licenciados. O Brasil representou 84% desse volume e, mais uma vez, foi o segundo maior mercado de caminh\u00f5es da marca no mundo.<\/p>\n<p>&nbsp;<\/p>\n<p>Os \u00f4nibus da marca tamb\u00e9m tiveram excelente desempenho, com uma expans\u00e3o que quase dobrou (94%) o volume de vendas na Am\u00e9rica Latina. As vendas de \u00f4nibus Volvo no continente somaram 1.967 unidades, o que representa uma participa\u00e7\u00e3o de 34% nas entregas mundiais da marca nesse tipo de ve\u00edculo em 2022.<\/p>\n<p>&nbsp;<\/p>\n<p>\u201cA Am\u00e9rica Latina tem uma forte representatividade nos neg\u00f3cios da Volvo Buses global. Os pa\u00edses da nossa regi\u00e3o s\u00e3o estrat\u00e9gicos para nosso neg\u00f3cio\u201d, declara Andr\u00e9 Marques, presidente da Volvo Buses Latin America.<\/p>\n<p>&nbsp;<\/p>\n<p>No Brasil, onde a Volvo foi a fabricante que mais cresceu em volumes, foram licenciados 658 ve\u00edculos, com uma eleva\u00e7\u00e3o de 220% somente no segmento de rodovi\u00e1rios. O ano foi marcado por grandes vendas para S\u00e3o Paulo (240 unidades) e para o Rio de Janeiro (100 unidades). Al\u00e9m disso, a Volvo foi a grande vencedora da maior licita\u00e7\u00e3o de \u00f4nibus Euro 6 do continente, com entregas de 566 chassis para Santiago, capital do Chile.<\/p>\n<p>&nbsp;<\/p>\n<p>A divis\u00e3o de servi\u00e7os financeiros da Volvo (VFS) repetiu os bons resultados que v\u00eam alcan\u00e7ando nos \u00faltimos anos, fechando 2023 com uma carteira total de R$ 18,3 bilh\u00f5es em ativos, uma eleva\u00e7\u00e3o de 45% na compara\u00e7\u00e3o com o exerc\u00edcio anterior. Com uma participa\u00e7\u00e3o de 38% nas entregas da Volvo, a VFS experimentou um aumento de 37% nos financiamentos, tendo inclusive um crescimento nas opera\u00e7\u00f5es voltadas para pe\u00e7as e servi\u00e7os. Mais uma vez houve recorde na comercializa\u00e7\u00e3o de seguros, com R$ 152 milh\u00f5es em pr\u00eamios. Outro destaque foi a cria\u00e7\u00e3o da Locadora Volvo, que firmou contratos de 200 unidades logo nos primeiros meses de opera\u00e7\u00e3o. (Coisas de Agora)<\/p>\n","protected":false},"excerpt":{"rendered":"<p>Coisas de Agora &nbsp; A Volvo encerrou 2022 de forma muito positiva, com excelentes resultados em todas as suas \u00e1reas de neg\u00f3cio. Al\u00e9m de liderar o mercado de caminh\u00f5es pesados, pela primeira vez a marca ficou \u00e0 frente tamb\u00e9m na soma de todos os segmentos em que atua, incluindo semipesados. Em \u00f4nibus, a Volvo venceu\u2026 <a class=\"readmore\" href=\"https:\/\/dana.com.br\/canaldana\/2023\/02\/17\/volvo-tem-ano-historico-mas-ve-2023-com-cautela\/\">Leia mais \u00bb<\/a><\/p>\n","protected":false},"author":3,"featured_media":0,"comment_status":"closed","ping_status":"closed","sticky":false,"template":"","format":"standard","meta":{"_acf_changed":false,"footnotes":""},"categories":[61],"tags":[],"class_list":["post-63899","post","type-post","status-publish","format-standard","hentry","category-destaques"],"acf":[],"yoast_head":"<!-- This site is optimized with the Yoast SEO plugin v27.3 - https:\/\/yoast.com\/product\/yoast-seo-wordpress\/ -->\n<title>Volvo tem ano hist\u00f3rico, mas v\u00ea 2023 com cautela - Canal Dana<\/title>\n<meta name=\"robots\" content=\"index, follow, max-snippet:-1, max-image-preview:large, max-video-preview:-1\" \/>\n<link rel=\"canonical\" href=\"https:\/\/dana.com.br\/canaldana\/2023\/02\/17\/volvo-tem-ano-historico-mas-ve-2023-com-cautela\/\" \/>\n<meta property=\"og:locale\" content=\"pt_BR\" \/>\n<meta property=\"og:type\" content=\"article\" \/>\n<meta property=\"og:title\" content=\"Volvo tem ano hist\u00f3rico, mas v\u00ea 2023 com cautela - Canal Dana\" \/>\n<meta property=\"og:description\" content=\"Coisas de Agora &nbsp; A Volvo encerrou 2022 de forma muito positiva, com excelentes resultados em todas as suas \u00e1reas de neg\u00f3cio. Al\u00e9m de liderar o mercado de caminh\u00f5es pesados, pela primeira vez a marca ficou \u00e0 frente tamb\u00e9m na soma de todos os segmentos em que atua, incluindo semipesados. Em \u00f4nibus, a Volvo venceu\u2026 Leia mais \u00bb\" \/>\n<meta property=\"og:url\" content=\"https:\/\/dana.com.br\/canaldana\/2023\/02\/17\/volvo-tem-ano-historico-mas-ve-2023-com-cautela\/\" \/>\n<meta property=\"og:site_name\" content=\"Canal Dana\" \/>\n<meta property=\"article:published_time\" content=\"2023-02-17T11:30:22+00:00\" \/>\n<meta name=\"author\" content=\"Canal Dana\" \/>\n<meta name=\"twitter:card\" content=\"summary_large_image\" \/>\n<meta name=\"twitter:label1\" content=\"Escrito por\" \/>\n\t<meta name=\"twitter:data1\" content=\"Canal Dana\" \/>\n\t<meta name=\"twitter:label2\" content=\"Est. tempo de leitura\" \/>\n\t<meta name=\"twitter:data2\" content=\"4 minutos\" \/>\n<script type=\"application\/ld+json\" class=\"yoast-schema-graph\">{\"@context\":\"https:\\\/\\\/schema.org\",\"@graph\":[{\"@type\":\"Article\",\"@id\":\"https:\\\/\\\/dana.com.br\\\/canaldana\\\/2023\\\/02\\\/17\\\/volvo-tem-ano-historico-mas-ve-2023-com-cautela\\\/#article\",\"isPartOf\":{\"@id\":\"https:\\\/\\\/dana.com.br\\\/canaldana\\\/2023\\\/02\\\/17\\\/volvo-tem-ano-historico-mas-ve-2023-com-cautela\\\/\"},\"author\":{\"name\":\"Canal Dana\",\"@id\":\"https:\\\/\\\/dana.com.br\\\/canaldana\\\/#\\\/schema\\\/person\\\/3c21f22f56fcf3bc46b94bc60ea4fef6\"},\"headline\":\"Volvo tem ano hist\u00f3rico, mas v\u00ea 2023 com cautela\",\"datePublished\":\"2023-02-17T11:30:22+00:00\",\"mainEntityOfPage\":{\"@id\":\"https:\\\/\\\/dana.com.br\\\/canaldana\\\/2023\\\/02\\\/17\\\/volvo-tem-ano-historico-mas-ve-2023-com-cautela\\\/\"},\"wordCount\":769,\"articleSection\":[\"Destaques\"],\"inLanguage\":\"pt-BR\"},{\"@type\":\"WebPage\",\"@id\":\"https:\\\/\\\/dana.com.br\\\/canaldana\\\/2023\\\/02\\\/17\\\/volvo-tem-ano-historico-mas-ve-2023-com-cautela\\\/\",\"url\":\"https:\\\/\\\/dana.com.br\\\/canaldana\\\/2023\\\/02\\\/17\\\/volvo-tem-ano-historico-mas-ve-2023-com-cautela\\\/\",\"name\":\"Volvo tem ano hist\u00f3rico, mas v\u00ea 2023 com cautela - Canal Dana\",\"isPartOf\":{\"@id\":\"https:\\\/\\\/dana.com.br\\\/canaldana\\\/#website\"},\"datePublished\":\"2023-02-17T11:30:22+00:00\",\"author\":{\"@id\":\"https:\\\/\\\/dana.com.br\\\/canaldana\\\/#\\\/schema\\\/person\\\/3c21f22f56fcf3bc46b94bc60ea4fef6\"},\"breadcrumb\":{\"@id\":\"https:\\\/\\\/dana.com.br\\\/canaldana\\\/2023\\\/02\\\/17\\\/volvo-tem-ano-historico-mas-ve-2023-com-cautela\\\/#breadcrumb\"},\"inLanguage\":\"pt-BR\",\"potentialAction\":[{\"@type\":\"ReadAction\",\"target\":[\"https:\\\/\\\/dana.com.br\\\/canaldana\\\/2023\\\/02\\\/17\\\/volvo-tem-ano-historico-mas-ve-2023-com-cautela\\\/\"]}]},{\"@type\":\"BreadcrumbList\",\"@id\":\"https:\\\/\\\/dana.com.br\\\/canaldana\\\/2023\\\/02\\\/17\\\/volvo-tem-ano-historico-mas-ve-2023-com-cautela\\\/#breadcrumb\",\"itemListElement\":[{\"@type\":\"ListItem\",\"position\":1,\"name\":\"Home\",\"item\":\"https:\\\/\\\/dana.com.br\\\/canaldana\\\/\"},{\"@type\":\"ListItem\",\"position\":2,\"name\":\"Destaques\",\"item\":\"https:\\\/\\\/dana.com.br\\\/canaldana\\\/destaques\\\/\"},{\"@type\":\"ListItem\",\"position\":3,\"name\":\"Volvo tem ano hist\u00f3rico, mas v\u00ea 2023 com cautela\"}]},{\"@type\":\"WebSite\",\"@id\":\"https:\\\/\\\/dana.com.br\\\/canaldana\\\/#website\",\"url\":\"https:\\\/\\\/dana.com.br\\\/canaldana\\\/\",\"name\":\"Canal Dana\",\"description\":\"Informativo com as principais not\u00edcias da ind\u00fastria automotiva\",\"potentialAction\":[{\"@type\":\"SearchAction\",\"target\":{\"@type\":\"EntryPoint\",\"urlTemplate\":\"https:\\\/\\\/dana.com.br\\\/canaldana\\\/?s={search_term_string}\"},\"query-input\":{\"@type\":\"PropertyValueSpecification\",\"valueRequired\":true,\"valueName\":\"search_term_string\"}}],\"inLanguage\":\"pt-BR\"},{\"@type\":\"Person\",\"@id\":\"https:\\\/\\\/dana.com.br\\\/canaldana\\\/#\\\/schema\\\/person\\\/3c21f22f56fcf3bc46b94bc60ea4fef6\",\"name\":\"Canal Dana\",\"image\":{\"@type\":\"ImageObject\",\"inLanguage\":\"pt-BR\",\"@id\":\"https:\\\/\\\/secure.gravatar.com\\\/avatar\\\/420aaf9278582877d9018637c6817617705899d2858d7572ef0fe59a6b6454b4?s=96&d=mm&r=g\",\"url\":\"https:\\\/\\\/secure.gravatar.com\\\/avatar\\\/420aaf9278582877d9018637c6817617705899d2858d7572ef0fe59a6b6454b4?s=96&d=mm&r=g\",\"contentUrl\":\"https:\\\/\\\/secure.gravatar.com\\\/avatar\\\/420aaf9278582877d9018637c6817617705899d2858d7572ef0fe59a6b6454b4?s=96&d=mm&r=g\",\"caption\":\"Canal Dana\"},\"url\":\"https:\\\/\\\/dana.com.br\\\/canaldana\\\/author\\\/cdeditor\\\/\"}]}<\/script>\n<!-- \/ Yoast SEO plugin. -->","yoast_head_json":{"title":"Volvo tem ano hist\u00f3rico, mas v\u00ea 2023 com cautela - Canal Dana","robots":{"index":"index","follow":"follow","max-snippet":"max-snippet:-1","max-image-preview":"max-image-preview:large","max-video-preview":"max-video-preview:-1"},"canonical":"https:\/\/dana.com.br\/canaldana\/2023\/02\/17\/volvo-tem-ano-historico-mas-ve-2023-com-cautela\/","og_locale":"pt_BR","og_type":"article","og_title":"Volvo tem ano hist\u00f3rico, mas v\u00ea 2023 com cautela - Canal Dana","og_description":"Coisas de Agora &nbsp; A Volvo encerrou 2022 de forma muito positiva, com excelentes resultados em todas as suas \u00e1reas de neg\u00f3cio. Al\u00e9m de liderar o mercado de caminh\u00f5es pesados, pela primeira vez a marca ficou \u00e0 frente tamb\u00e9m na soma de todos os segmentos em que atua, incluindo semipesados. Em \u00f4nibus, a Volvo venceu\u2026 Leia mais \u00bb","og_url":"https:\/\/dana.com.br\/canaldana\/2023\/02\/17\/volvo-tem-ano-historico-mas-ve-2023-com-cautela\/","og_site_name":"Canal Dana","article_published_time":"2023-02-17T11:30:22+00:00","author":"Canal Dana","twitter_card":"summary_large_image","twitter_misc":{"Escrito por":"Canal Dana","Est. tempo de leitura":"4 minutos"},"schema":{"@context":"https:\/\/schema.org","@graph":[{"@type":"Article","@id":"https:\/\/dana.com.br\/canaldana\/2023\/02\/17\/volvo-tem-ano-historico-mas-ve-2023-com-cautela\/#article","isPartOf":{"@id":"https:\/\/dana.com.br\/canaldana\/2023\/02\/17\/volvo-tem-ano-historico-mas-ve-2023-com-cautela\/"},"author":{"name":"Canal Dana","@id":"https:\/\/dana.com.br\/canaldana\/#\/schema\/person\/3c21f22f56fcf3bc46b94bc60ea4fef6"},"headline":"Volvo tem ano hist\u00f3rico, mas v\u00ea 2023 com cautela","datePublished":"2023-02-17T11:30:22+00:00","mainEntityOfPage":{"@id":"https:\/\/dana.com.br\/canaldana\/2023\/02\/17\/volvo-tem-ano-historico-mas-ve-2023-com-cautela\/"},"wordCount":769,"articleSection":["Destaques"],"inLanguage":"pt-BR"},{"@type":"WebPage","@id":"https:\/\/dana.com.br\/canaldana\/2023\/02\/17\/volvo-tem-ano-historico-mas-ve-2023-com-cautela\/","url":"https:\/\/dana.com.br\/canaldana\/2023\/02\/17\/volvo-tem-ano-historico-mas-ve-2023-com-cautela\/","name":"Volvo tem ano hist\u00f3rico, mas v\u00ea 2023 com cautela - Canal Dana","isPartOf":{"@id":"https:\/\/dana.com.br\/canaldana\/#website"},"datePublished":"2023-02-17T11:30:22+00:00","author":{"@id":"https:\/\/dana.com.br\/canaldana\/#\/schema\/person\/3c21f22f56fcf3bc46b94bc60ea4fef6"},"breadcrumb":{"@id":"https:\/\/dana.com.br\/canaldana\/2023\/02\/17\/volvo-tem-ano-historico-mas-ve-2023-com-cautela\/#breadcrumb"},"inLanguage":"pt-BR","potentialAction":[{"@type":"ReadAction","target":["https:\/\/dana.com.br\/canaldana\/2023\/02\/17\/volvo-tem-ano-historico-mas-ve-2023-com-cautela\/"]}]},{"@type":"BreadcrumbList","@id":"https:\/\/dana.com.br\/canaldana\/2023\/02\/17\/volvo-tem-ano-historico-mas-ve-2023-com-cautela\/#breadcrumb","itemListElement":[{"@type":"ListItem","position":1,"name":"Home","item":"https:\/\/dana.com.br\/canaldana\/"},{"@type":"ListItem","position":2,"name":"Destaques","item":"https:\/\/dana.com.br\/canaldana\/destaques\/"},{"@type":"ListItem","position":3,"name":"Volvo tem ano hist\u00f3rico, mas v\u00ea 2023 com cautela"}]},{"@type":"WebSite","@id":"https:\/\/dana.com.br\/canaldana\/#website","url":"https:\/\/dana.com.br\/canaldana\/","name":"Canal Dana","description":"Informativo com as principais not\u00edcias da ind\u00fastria automotiva","potentialAction":[{"@type":"SearchAction","target":{"@type":"EntryPoint","urlTemplate":"https:\/\/dana.com.br\/canaldana\/?s={search_term_string}"},"query-input":{"@type":"PropertyValueSpecification","valueRequired":true,"valueName":"search_term_string"}}],"inLanguage":"pt-BR"},{"@type":"Person","@id":"https:\/\/dana.com.br\/canaldana\/#\/schema\/person\/3c21f22f56fcf3bc46b94bc60ea4fef6","name":"Canal Dana","image":{"@type":"ImageObject","inLanguage":"pt-BR","@id":"https:\/\/secure.gravatar.com\/avatar\/420aaf9278582877d9018637c6817617705899d2858d7572ef0fe59a6b6454b4?s=96&d=mm&r=g","url":"https:\/\/secure.gravatar.com\/avatar\/420aaf9278582877d9018637c6817617705899d2858d7572ef0fe59a6b6454b4?s=96&d=mm&r=g","contentUrl":"https:\/\/secure.gravatar.com\/avatar\/420aaf9278582877d9018637c6817617705899d2858d7572ef0fe59a6b6454b4?s=96&d=mm&r=g","caption":"Canal Dana"},"url":"https:\/\/dana.com.br\/canaldana\/author\/cdeditor\/"}]}},"_links":{"self":[{"href":"https:\/\/dana.com.br\/canaldana\/wp-json\/wp\/v2\/posts\/63899","targetHints":{"allow":["GET"]}}],"collection":[{"href":"https:\/\/dana.com.br\/canaldana\/wp-json\/wp\/v2\/posts"}],"about":[{"href":"https:\/\/dana.com.br\/canaldana\/wp-json\/wp\/v2\/types\/post"}],"author":[{"embeddable":true,"href":"https:\/\/dana.com.br\/canaldana\/wp-json\/wp\/v2\/users\/3"}],"replies":[{"embeddable":true,"href":"https:\/\/dana.com.br\/canaldana\/wp-json\/wp\/v2\/comments?post=63899"}],"version-history":[{"count":0,"href":"https:\/\/dana.com.br\/canaldana\/wp-json\/wp\/v2\/posts\/63899\/revisions"}],"wp:attachment":[{"href":"https:\/\/dana.com.br\/canaldana\/wp-json\/wp\/v2\/media?parent=63899"}],"wp:term":[{"taxonomy":"category","embeddable":true,"href":"https:\/\/dana.com.br\/canaldana\/wp-json\/wp\/v2\/categories?post=63899"},{"taxonomy":"post_tag","embeddable":true,"href":"https:\/\/dana.com.br\/canaldana\/wp-json\/wp\/v2\/tags?post=63899"}],"curies":[{"name":"wp","href":"https:\/\/api.w.org\/{rel}","templated":true}]}}