{"id":63895,"date":"2023-02-17T08:29:12","date_gmt":"2023-02-17T11:29:12","guid":{"rendered":"https:\/\/dana.com.br\/canaldana\/?p=63895"},"modified":"2023-02-17T08:29:12","modified_gmt":"2023-02-17T11:29:12","slug":"previa-do-pib-aponta-ritmo-lento-da-economia-para-2023","status":"publish","type":"post","link":"https:\/\/dana.com.br\/canaldana\/2023\/02\/17\/previa-do-pib-aponta-ritmo-lento-da-economia-para-2023\/","title":{"rendered":"Pr\u00e9via do PIB aponta ritmo lento da economia para 2023"},"content":{"rendered":"<p><em>O Estado de S. Paulo <\/em><\/p>\n<p>&nbsp;<\/p>\n<p>A economia brasileira encerrou 2022 em ritmo de desacelera\u00e7\u00e3o e a tend\u00eancia se mant\u00e9m para os pr\u00f3ximos meses, como consequ\u00eancia da taxa de juros, segundo economistas. O \u00cdndice de Atividade do Banco Central (IBC-Br) aponta que a atividade econ\u00f4mica no Pa\u00eds recuou 1,46% no \u00faltimo trimestre do ano, na compara\u00e7\u00e3o com os tr\u00eas meses anteriores. Apesar disso, o IBC-Br subiu 0,3% em dezembro. Economistas, por\u00e9m, afirmam que alta foi pontual. As vendas no varejo ca\u00edram 2,6% em dezembro, na segunda queda consecutiva, enquanto a produ\u00e7\u00e3o industrial teve varia\u00e7\u00e3o nula e o volume de servi\u00e7os cresceu 3,1%, de acordo com dados do IBGE. No ano fechado de 2022, o resultado foi alta do PIB de 2,6%.<\/p>\n<p>&nbsp;<\/p>\n<p>Sob o efeito do aumento da taxa de juros, a economia brasileira terminou 2022 sem f\u00f4lego \u2013 em ritmo semelhante ao esperado pelos economistas para os pr\u00f3ximos meses. Conforme o \u00cdndice de Atividade do Banco Central (IBC-Br), a economia recuou 1,46% no \u00faltimo trimestre do ano, na compara\u00e7\u00e3o com os tr\u00eas meses anteriores.<\/p>\n<p>&nbsp;<\/p>\n<p>Apesar do recuo nos \u00faltimos tr\u00eas meses do ano passado, o IBC-Br subiu 0,3% em dezembro. Os economistas, por\u00e9m, afirmam que a alta foi pontual, e a tend\u00eancia \u00e9 mesmo de desacelera\u00e7\u00e3o \u2013 o \u00edndice, visto como uma \u201cpr\u00e9via\u201d do PIB oficial, j\u00e1 havia recuado nos quatro meses anteriores a dezembro. No ano fechado de 2022, o resultado foi uma alta de 2,6%.<\/p>\n<p>&nbsp;<\/p>\n<p>\u201cPreferimos fazer uma avalia\u00e7\u00e3o de tend\u00eancia de curto prazo, em vez de ver um dado pontual como o de dezembro. E houve uma desacelera\u00e7\u00e3o consider\u00e1vel na virada do primeiro para o segundo semestre do ano passado\u201d, diz Rodolfo Margato, da XP. O economista destaca que a alta do \u00faltimo m\u00eas de 2022 tamb\u00e9m n\u00e3o compensa as quedas dos meses anteriores.<\/p>\n<p>&nbsp;<\/p>\n<p>O economista Gabriel Couto, do Santander, afirma que a desacelera\u00e7\u00e3o est\u00e1 relacionada ao in\u00edcio dos efeitos da pol\u00edtica monet\u00e1ria mais contracionista. \u201cO varejo est\u00e1 fraco. A ind\u00fastria, andando de lado. S\u00f3 o servi\u00e7o est\u00e1 melhor\u201d, acrescenta. As vendas no com\u00e9rcio varejista ca\u00edram 2,6% em dezembro, na segunda queda consecutiva, enquanto a produ\u00e7\u00e3o industrial teve varia\u00e7\u00e3o nula e o volume de servi\u00e7os cresceu 3,1%, de acordo com dados do IBGE.<\/p>\n<p>&nbsp;<\/p>\n<p>A taxa de juros em n\u00edvel elevado deve continuar travando o crescimento econ\u00f4mico. O Santander, por exemplo, estima uma alta de 0,8% do Produto Interno Bruto (PIB) em 2023. Na an\u00e1lise de Couto, o crescimento fraco deve ser impulsionado sobretudo pelo agroneg\u00f3cio, que, estima, avan\u00e7ar\u00e1 7,5% no ano. O restante da economia, mais dependente da taxa de juros, deve sofrer.<\/p>\n<p>&nbsp;<\/p>\n<p>A XP projeta expans\u00e3o de 1% para a atividade brasileira, mas h\u00e1 um vi\u00e9s de alta, segundo Margato. \u201cTalvez, o PIB se situe entre 1% e 1,5%.\u201d Esse crescimento extra pode vir de um resultado melhor do que o esperado na safra agr\u00edcola e de um avan\u00e7o das exporta\u00e7\u00f5es (sobretudo com a China colocando fim \u00e0 pol\u00edtica de covid zero).<\/p>\n<p>&nbsp;<\/p>\n<p>Ap\u00f3s a divulga\u00e7\u00e3o do IBC-Br, o Bank of America (BofA) publicou relat\u00f3rio reiterando sua estimativa de 0,9% para o PIB deste ano. \u201cEmbora a leitura tenha sido melhor que o esperado, o segundo semestre de 2022 ainda aponta desacelera\u00e7\u00e3o na compara\u00e7\u00e3o com o primeiro semestre, refor\u00e7ando nossa vis\u00e3o de que esses n\u00fameros v\u00e3o impactar 2023, com uma trajet\u00f3ria mais branda do que a do ano passado\u201d, escreveu o chefe de economia para Brasil e estrat\u00e9gia para Am\u00e9rica Latina do banco, David Beker. O economista destacou que os efeitos do aperto monet\u00e1rio j\u00e1 podem ser percebidos na queda de concess\u00e3o de cr\u00e9dito pelos bancos.<\/p>\n<p>&nbsp;<\/p>\n<p>Economia de lado Setores como varejo e ind\u00fastria sentem efeitos das altas taxas de juros para combater a infla\u00e7\u00e3o. (O Estado de S. Paulo\/Luciana Dyniewicz e C\u00edcero Cotrim)<\/p>\n","protected":false},"excerpt":{"rendered":"<p>O Estado de S. Paulo &nbsp; A economia brasileira encerrou 2022 em ritmo de desacelera\u00e7\u00e3o e a tend\u00eancia se mant\u00e9m para os pr\u00f3ximos meses, como consequ\u00eancia da taxa de juros, segundo economistas. O \u00cdndice de Atividade do Banco Central (IBC-Br) aponta que a atividade econ\u00f4mica no Pa\u00eds recuou 1,46% no \u00faltimo trimestre do ano, na\u2026 <a class=\"readmore\" href=\"https:\/\/dana.com.br\/canaldana\/2023\/02\/17\/previa-do-pib-aponta-ritmo-lento-da-economia-para-2023\/\">Leia mais \u00bb<\/a><\/p>\n","protected":false},"author":3,"featured_media":0,"comment_status":"closed","ping_status":"closed","sticky":false,"template":"","format":"standard","meta":{"_acf_changed":false,"footnotes":""},"categories":[79],"tags":[],"class_list":["post-63895","post","type-post","status-publish","format-standard","hentry","category-mercado"],"acf":[],"yoast_head":"<!-- This site is optimized with the Yoast SEO plugin v27.3 - https:\/\/yoast.com\/product\/yoast-seo-wordpress\/ -->\n<title>Pr\u00e9via do PIB aponta ritmo lento da economia para 2023 - Canal Dana<\/title>\n<meta name=\"robots\" content=\"index, follow, max-snippet:-1, max-image-preview:large, max-video-preview:-1\" \/>\n<link rel=\"canonical\" href=\"https:\/\/dana.com.br\/canaldana\/2023\/02\/17\/previa-do-pib-aponta-ritmo-lento-da-economia-para-2023\/\" \/>\n<meta property=\"og:locale\" content=\"pt_BR\" \/>\n<meta property=\"og:type\" content=\"article\" \/>\n<meta property=\"og:title\" content=\"Pr\u00e9via do PIB aponta ritmo lento da economia para 2023 - Canal Dana\" \/>\n<meta property=\"og:description\" content=\"O Estado de S. Paulo &nbsp; A economia brasileira encerrou 2022 em ritmo de desacelera\u00e7\u00e3o e a tend\u00eancia se mant\u00e9m para os pr\u00f3ximos meses, como consequ\u00eancia da taxa de juros, segundo economistas. O \u00cdndice de Atividade do Banco Central (IBC-Br) aponta que a atividade econ\u00f4mica no Pa\u00eds recuou 1,46% no \u00faltimo trimestre do ano, na\u2026 Leia mais \u00bb\" \/>\n<meta property=\"og:url\" content=\"https:\/\/dana.com.br\/canaldana\/2023\/02\/17\/previa-do-pib-aponta-ritmo-lento-da-economia-para-2023\/\" \/>\n<meta property=\"og:site_name\" content=\"Canal Dana\" \/>\n<meta property=\"article:published_time\" content=\"2023-02-17T11:29:12+00:00\" \/>\n<meta name=\"author\" content=\"Canal Dana\" \/>\n<meta name=\"twitter:card\" content=\"summary_large_image\" \/>\n<meta name=\"twitter:label1\" content=\"Escrito por\" \/>\n\t<meta name=\"twitter:data1\" content=\"Canal Dana\" \/>\n\t<meta name=\"twitter:label2\" content=\"Est. tempo de leitura\" \/>\n\t<meta name=\"twitter:data2\" content=\"4 minutos\" \/>\n<script type=\"application\/ld+json\" class=\"yoast-schema-graph\">{\"@context\":\"https:\\\/\\\/schema.org\",\"@graph\":[{\"@type\":\"Article\",\"@id\":\"https:\\\/\\\/dana.com.br\\\/canaldana\\\/2023\\\/02\\\/17\\\/previa-do-pib-aponta-ritmo-lento-da-economia-para-2023\\\/#article\",\"isPartOf\":{\"@id\":\"https:\\\/\\\/dana.com.br\\\/canaldana\\\/2023\\\/02\\\/17\\\/previa-do-pib-aponta-ritmo-lento-da-economia-para-2023\\\/\"},\"author\":{\"name\":\"Canal Dana\",\"@id\":\"https:\\\/\\\/dana.com.br\\\/canaldana\\\/#\\\/schema\\\/person\\\/3c21f22f56fcf3bc46b94bc60ea4fef6\"},\"headline\":\"Pr\u00e9via do PIB aponta ritmo lento da economia para 2023\",\"datePublished\":\"2023-02-17T11:29:12+00:00\",\"mainEntityOfPage\":{\"@id\":\"https:\\\/\\\/dana.com.br\\\/canaldana\\\/2023\\\/02\\\/17\\\/previa-do-pib-aponta-ritmo-lento-da-economia-para-2023\\\/\"},\"wordCount\":678,\"articleSection\":[\"Mercado\"],\"inLanguage\":\"pt-BR\"},{\"@type\":\"WebPage\",\"@id\":\"https:\\\/\\\/dana.com.br\\\/canaldana\\\/2023\\\/02\\\/17\\\/previa-do-pib-aponta-ritmo-lento-da-economia-para-2023\\\/\",\"url\":\"https:\\\/\\\/dana.com.br\\\/canaldana\\\/2023\\\/02\\\/17\\\/previa-do-pib-aponta-ritmo-lento-da-economia-para-2023\\\/\",\"name\":\"Pr\u00e9via do PIB aponta ritmo lento da economia para 2023 - Canal Dana\",\"isPartOf\":{\"@id\":\"https:\\\/\\\/dana.com.br\\\/canaldana\\\/#website\"},\"datePublished\":\"2023-02-17T11:29:12+00:00\",\"author\":{\"@id\":\"https:\\\/\\\/dana.com.br\\\/canaldana\\\/#\\\/schema\\\/person\\\/3c21f22f56fcf3bc46b94bc60ea4fef6\"},\"breadcrumb\":{\"@id\":\"https:\\\/\\\/dana.com.br\\\/canaldana\\\/2023\\\/02\\\/17\\\/previa-do-pib-aponta-ritmo-lento-da-economia-para-2023\\\/#breadcrumb\"},\"inLanguage\":\"pt-BR\",\"potentialAction\":[{\"@type\":\"ReadAction\",\"target\":[\"https:\\\/\\\/dana.com.br\\\/canaldana\\\/2023\\\/02\\\/17\\\/previa-do-pib-aponta-ritmo-lento-da-economia-para-2023\\\/\"]}]},{\"@type\":\"BreadcrumbList\",\"@id\":\"https:\\\/\\\/dana.com.br\\\/canaldana\\\/2023\\\/02\\\/17\\\/previa-do-pib-aponta-ritmo-lento-da-economia-para-2023\\\/#breadcrumb\",\"itemListElement\":[{\"@type\":\"ListItem\",\"position\":1,\"name\":\"Home\",\"item\":\"https:\\\/\\\/dana.com.br\\\/canaldana\\\/\"},{\"@type\":\"ListItem\",\"position\":2,\"name\":\"Mercado\",\"item\":\"https:\\\/\\\/dana.com.br\\\/canaldana\\\/mercado\\\/\"},{\"@type\":\"ListItem\",\"position\":3,\"name\":\"Pr\u00e9via do PIB aponta ritmo lento da economia para 2023\"}]},{\"@type\":\"WebSite\",\"@id\":\"https:\\\/\\\/dana.com.br\\\/canaldana\\\/#website\",\"url\":\"https:\\\/\\\/dana.com.br\\\/canaldana\\\/\",\"name\":\"Canal Dana\",\"description\":\"Informativo com as principais not\u00edcias da ind\u00fastria automotiva\",\"potentialAction\":[{\"@type\":\"SearchAction\",\"target\":{\"@type\":\"EntryPoint\",\"urlTemplate\":\"https:\\\/\\\/dana.com.br\\\/canaldana\\\/?s={search_term_string}\"},\"query-input\":{\"@type\":\"PropertyValueSpecification\",\"valueRequired\":true,\"valueName\":\"search_term_string\"}}],\"inLanguage\":\"pt-BR\"},{\"@type\":\"Person\",\"@id\":\"https:\\\/\\\/dana.com.br\\\/canaldana\\\/#\\\/schema\\\/person\\\/3c21f22f56fcf3bc46b94bc60ea4fef6\",\"name\":\"Canal Dana\",\"image\":{\"@type\":\"ImageObject\",\"inLanguage\":\"pt-BR\",\"@id\":\"https:\\\/\\\/secure.gravatar.com\\\/avatar\\\/420aaf9278582877d9018637c6817617705899d2858d7572ef0fe59a6b6454b4?s=96&d=mm&r=g\",\"url\":\"https:\\\/\\\/secure.gravatar.com\\\/avatar\\\/420aaf9278582877d9018637c6817617705899d2858d7572ef0fe59a6b6454b4?s=96&d=mm&r=g\",\"contentUrl\":\"https:\\\/\\\/secure.gravatar.com\\\/avatar\\\/420aaf9278582877d9018637c6817617705899d2858d7572ef0fe59a6b6454b4?s=96&d=mm&r=g\",\"caption\":\"Canal Dana\"},\"url\":\"https:\\\/\\\/dana.com.br\\\/canaldana\\\/author\\\/cdeditor\\\/\"}]}<\/script>\n<!-- \/ Yoast SEO plugin. -->","yoast_head_json":{"title":"Pr\u00e9via do PIB aponta ritmo lento da economia para 2023 - Canal Dana","robots":{"index":"index","follow":"follow","max-snippet":"max-snippet:-1","max-image-preview":"max-image-preview:large","max-video-preview":"max-video-preview:-1"},"canonical":"https:\/\/dana.com.br\/canaldana\/2023\/02\/17\/previa-do-pib-aponta-ritmo-lento-da-economia-para-2023\/","og_locale":"pt_BR","og_type":"article","og_title":"Pr\u00e9via do PIB aponta ritmo lento da economia para 2023 - Canal Dana","og_description":"O Estado de S. Paulo &nbsp; A economia brasileira encerrou 2022 em ritmo de desacelera\u00e7\u00e3o e a tend\u00eancia se mant\u00e9m para os pr\u00f3ximos meses, como consequ\u00eancia da taxa de juros, segundo economistas. O \u00cdndice de Atividade do Banco Central (IBC-Br) aponta que a atividade econ\u00f4mica no Pa\u00eds recuou 1,46% no \u00faltimo trimestre do ano, na\u2026 Leia mais \u00bb","og_url":"https:\/\/dana.com.br\/canaldana\/2023\/02\/17\/previa-do-pib-aponta-ritmo-lento-da-economia-para-2023\/","og_site_name":"Canal Dana","article_published_time":"2023-02-17T11:29:12+00:00","author":"Canal Dana","twitter_card":"summary_large_image","twitter_misc":{"Escrito por":"Canal Dana","Est. tempo de leitura":"4 minutos"},"schema":{"@context":"https:\/\/schema.org","@graph":[{"@type":"Article","@id":"https:\/\/dana.com.br\/canaldana\/2023\/02\/17\/previa-do-pib-aponta-ritmo-lento-da-economia-para-2023\/#article","isPartOf":{"@id":"https:\/\/dana.com.br\/canaldana\/2023\/02\/17\/previa-do-pib-aponta-ritmo-lento-da-economia-para-2023\/"},"author":{"name":"Canal Dana","@id":"https:\/\/dana.com.br\/canaldana\/#\/schema\/person\/3c21f22f56fcf3bc46b94bc60ea4fef6"},"headline":"Pr\u00e9via do PIB aponta ritmo lento da economia para 2023","datePublished":"2023-02-17T11:29:12+00:00","mainEntityOfPage":{"@id":"https:\/\/dana.com.br\/canaldana\/2023\/02\/17\/previa-do-pib-aponta-ritmo-lento-da-economia-para-2023\/"},"wordCount":678,"articleSection":["Mercado"],"inLanguage":"pt-BR"},{"@type":"WebPage","@id":"https:\/\/dana.com.br\/canaldana\/2023\/02\/17\/previa-do-pib-aponta-ritmo-lento-da-economia-para-2023\/","url":"https:\/\/dana.com.br\/canaldana\/2023\/02\/17\/previa-do-pib-aponta-ritmo-lento-da-economia-para-2023\/","name":"Pr\u00e9via do PIB aponta ritmo lento da economia para 2023 - Canal Dana","isPartOf":{"@id":"https:\/\/dana.com.br\/canaldana\/#website"},"datePublished":"2023-02-17T11:29:12+00:00","author":{"@id":"https:\/\/dana.com.br\/canaldana\/#\/schema\/person\/3c21f22f56fcf3bc46b94bc60ea4fef6"},"breadcrumb":{"@id":"https:\/\/dana.com.br\/canaldana\/2023\/02\/17\/previa-do-pib-aponta-ritmo-lento-da-economia-para-2023\/#breadcrumb"},"inLanguage":"pt-BR","potentialAction":[{"@type":"ReadAction","target":["https:\/\/dana.com.br\/canaldana\/2023\/02\/17\/previa-do-pib-aponta-ritmo-lento-da-economia-para-2023\/"]}]},{"@type":"BreadcrumbList","@id":"https:\/\/dana.com.br\/canaldana\/2023\/02\/17\/previa-do-pib-aponta-ritmo-lento-da-economia-para-2023\/#breadcrumb","itemListElement":[{"@type":"ListItem","position":1,"name":"Home","item":"https:\/\/dana.com.br\/canaldana\/"},{"@type":"ListItem","position":2,"name":"Mercado","item":"https:\/\/dana.com.br\/canaldana\/mercado\/"},{"@type":"ListItem","position":3,"name":"Pr\u00e9via do PIB aponta ritmo lento da economia para 2023"}]},{"@type":"WebSite","@id":"https:\/\/dana.com.br\/canaldana\/#website","url":"https:\/\/dana.com.br\/canaldana\/","name":"Canal Dana","description":"Informativo com as principais not\u00edcias da ind\u00fastria automotiva","potentialAction":[{"@type":"SearchAction","target":{"@type":"EntryPoint","urlTemplate":"https:\/\/dana.com.br\/canaldana\/?s={search_term_string}"},"query-input":{"@type":"PropertyValueSpecification","valueRequired":true,"valueName":"search_term_string"}}],"inLanguage":"pt-BR"},{"@type":"Person","@id":"https:\/\/dana.com.br\/canaldana\/#\/schema\/person\/3c21f22f56fcf3bc46b94bc60ea4fef6","name":"Canal Dana","image":{"@type":"ImageObject","inLanguage":"pt-BR","@id":"https:\/\/secure.gravatar.com\/avatar\/420aaf9278582877d9018637c6817617705899d2858d7572ef0fe59a6b6454b4?s=96&d=mm&r=g","url":"https:\/\/secure.gravatar.com\/avatar\/420aaf9278582877d9018637c6817617705899d2858d7572ef0fe59a6b6454b4?s=96&d=mm&r=g","contentUrl":"https:\/\/secure.gravatar.com\/avatar\/420aaf9278582877d9018637c6817617705899d2858d7572ef0fe59a6b6454b4?s=96&d=mm&r=g","caption":"Canal Dana"},"url":"https:\/\/dana.com.br\/canaldana\/author\/cdeditor\/"}]}},"_links":{"self":[{"href":"https:\/\/dana.com.br\/canaldana\/wp-json\/wp\/v2\/posts\/63895","targetHints":{"allow":["GET"]}}],"collection":[{"href":"https:\/\/dana.com.br\/canaldana\/wp-json\/wp\/v2\/posts"}],"about":[{"href":"https:\/\/dana.com.br\/canaldana\/wp-json\/wp\/v2\/types\/post"}],"author":[{"embeddable":true,"href":"https:\/\/dana.com.br\/canaldana\/wp-json\/wp\/v2\/users\/3"}],"replies":[{"embeddable":true,"href":"https:\/\/dana.com.br\/canaldana\/wp-json\/wp\/v2\/comments?post=63895"}],"version-history":[{"count":0,"href":"https:\/\/dana.com.br\/canaldana\/wp-json\/wp\/v2\/posts\/63895\/revisions"}],"wp:attachment":[{"href":"https:\/\/dana.com.br\/canaldana\/wp-json\/wp\/v2\/media?parent=63895"}],"wp:term":[{"taxonomy":"category","embeddable":true,"href":"https:\/\/dana.com.br\/canaldana\/wp-json\/wp\/v2\/categories?post=63895"},{"taxonomy":"post_tag","embeddable":true,"href":"https:\/\/dana.com.br\/canaldana\/wp-json\/wp\/v2\/tags?post=63895"}],"curies":[{"name":"wp","href":"https:\/\/api.w.org\/{rel}","templated":true}]}}