{"id":63854,"date":"2023-02-16T08:57:17","date_gmt":"2023-02-16T11:57:17","guid":{"rendered":"https:\/\/dana.com.br\/canaldana\/?p=63854"},"modified":"2023-02-16T08:57:17","modified_gmt":"2023-02-16T11:57:17","slug":"ue-aprova-proibicao-contra-veiculos-novos-movidos-a-combustiveis-fosseis-a-partir-de-2035","status":"publish","type":"post","link":"https:\/\/dana.com.br\/canaldana\/2023\/02\/16\/ue-aprova-proibicao-contra-veiculos-novos-movidos-a-combustiveis-fosseis-a-partir-de-2035\/","title":{"rendered":"UE aprova proibi\u00e7\u00e3o contra ve\u00edculos novos movidos a combust\u00edveis f\u00f3sseis a partir de 2035"},"content":{"rendered":"<p><em>CNN Business\/Reuters <\/em><\/p>\n<p>&nbsp;<\/p>\n<p>O Parlamento Europeu aprovou formalmente nesta \u00faltima ter\u00e7a-feira (14) uma lei que pro\u00edbe a venda de ve\u00edculos novos a gasolina e diesel na Uni\u00e3o Europeia a partir de 2035, com o objetivo de acelerar a mudan\u00e7a para ve\u00edculos el\u00e9tricos.<\/p>\n<p>&nbsp;<\/p>\n<p>As regras exigem que, at\u00e9 2035, as montadoras de ve\u00edculos atinjam um corte de 100% nas emiss\u00f5es de CO2 de carros novos, o que poder\u00e1 tornar imposs\u00edvel a venda de modelos novos movidos a combust\u00edvel f\u00f3ssil no bloco de 27 pa\u00edses.<\/p>\n<p>&nbsp;<\/p>\n<p>A lei tamb\u00e9m estabelecer\u00e1 um corte de 55% nas emiss\u00f5es de CO2 para carros novos vendidos a partir de 2030 em rela\u00e7\u00e3o aos n\u00edveis de 2021, muito acima da meta existente de 37,5%.<\/p>\n<p>&nbsp;<\/p>\n<p>\u201cOs custos operacionais de um ve\u00edculo el\u00e9trico j\u00e1 s\u00e3o mais baixos do que os custos operacionais de um ve\u00edculo com motor de combust\u00e3o interna\u201d, disse Jan Huitema, principal negociador do parlamento sobre as regras. A aprova\u00e7\u00e3o final est\u00e1 prevista para mar\u00e7o.<\/p>\n<p>&nbsp;<\/p>\n<p>Vans novas dever\u00e3o cumprir um corte de 100% de CO2 at\u00e9 2035 e um corte de 50% at\u00e9 2030, em compara\u00e7\u00e3o com os n\u00edveis de 2021.<\/p>\n<p>&nbsp;<\/p>\n<p>O presidente-executivo da Volkswagen, Thomas Schaefer, disse no ano passado que a partir de 2033 a marca s\u00f3 produzir\u00e1 carros el\u00e9tricos na Europa.<\/p>\n<p>&nbsp;<\/p>\n<p>Ainda assim, o acordo final inclui algumas flexibilidades, incluindo que pequenas montadoras que produzem menos de 10 mil ve\u00edculos por ano poder\u00e3o negociar metas mais baixas at\u00e9 2036. (CNN Business\/Reuters\/Kate Abnett)<\/p>\n","protected":false},"excerpt":{"rendered":"<p>CNN Business\/Reuters &nbsp; O Parlamento Europeu aprovou formalmente nesta \u00faltima ter\u00e7a-feira (14) uma lei que pro\u00edbe a venda de ve\u00edculos novos a gasolina e diesel na Uni\u00e3o Europeia a partir de 2035, com o objetivo de acelerar a mudan\u00e7a para ve\u00edculos el\u00e9tricos. &nbsp; As regras exigem que, at\u00e9 2035, as montadoras de ve\u00edculos atinjam um\u2026 <a class=\"readmore\" href=\"https:\/\/dana.com.br\/canaldana\/2023\/02\/16\/ue-aprova-proibicao-contra-veiculos-novos-movidos-a-combustiveis-fosseis-a-partir-de-2035\/\">Leia mais \u00bb<\/a><\/p>\n","protected":false},"author":3,"featured_media":0,"comment_status":"closed","ping_status":"closed","sticky":false,"template":"","format":"standard","meta":{"_acf_changed":false,"footnotes":""},"categories":[63],"tags":[],"class_list":["post-63854","post","type-post","status-publish","format-standard","hentry","category-meio-ambiente"],"acf":[],"yoast_head":"<!-- This site is optimized with the Yoast SEO plugin v27.3 - https:\/\/yoast.com\/product\/yoast-seo-wordpress\/ -->\n<title>UE aprova proibi\u00e7\u00e3o contra ve\u00edculos novos movidos a combust\u00edveis f\u00f3sseis a partir de 2035 - Canal Dana<\/title>\n<meta name=\"robots\" content=\"index, follow, max-snippet:-1, max-image-preview:large, max-video-preview:-1\" \/>\n<link rel=\"canonical\" href=\"https:\/\/dana.com.br\/canaldana\/2023\/02\/16\/ue-aprova-proibicao-contra-veiculos-novos-movidos-a-combustiveis-fosseis-a-partir-de-2035\/\" \/>\n<meta property=\"og:locale\" content=\"pt_BR\" \/>\n<meta property=\"og:type\" content=\"article\" \/>\n<meta property=\"og:title\" content=\"UE aprova proibi\u00e7\u00e3o contra ve\u00edculos novos movidos a combust\u00edveis f\u00f3sseis a partir de 2035 - Canal Dana\" \/>\n<meta property=\"og:description\" content=\"CNN Business\/Reuters &nbsp; O Parlamento Europeu aprovou formalmente nesta \u00faltima ter\u00e7a-feira (14) uma lei que pro\u00edbe a venda de ve\u00edculos novos a gasolina e diesel na Uni\u00e3o Europeia a partir de 2035, com o objetivo de acelerar a mudan\u00e7a para ve\u00edculos el\u00e9tricos. &nbsp; As regras exigem que, at\u00e9 2035, as montadoras de ve\u00edculos atinjam um\u2026 Leia mais \u00bb\" \/>\n<meta property=\"og:url\" content=\"https:\/\/dana.com.br\/canaldana\/2023\/02\/16\/ue-aprova-proibicao-contra-veiculos-novos-movidos-a-combustiveis-fosseis-a-partir-de-2035\/\" \/>\n<meta property=\"og:site_name\" content=\"Canal Dana\" \/>\n<meta property=\"article:published_time\" content=\"2023-02-16T11:57:17+00:00\" \/>\n<meta name=\"author\" content=\"Canal Dana\" \/>\n<meta name=\"twitter:card\" content=\"summary_large_image\" \/>\n<meta name=\"twitter:label1\" content=\"Escrito por\" \/>\n\t<meta name=\"twitter:data1\" content=\"Canal Dana\" \/>\n\t<meta name=\"twitter:label2\" content=\"Est. tempo de leitura\" \/>\n\t<meta name=\"twitter:data2\" content=\"2 minutos\" \/>\n<script type=\"application\/ld+json\" class=\"yoast-schema-graph\">{\"@context\":\"https:\\\/\\\/schema.org\",\"@graph\":[{\"@type\":\"Article\",\"@id\":\"https:\\\/\\\/dana.com.br\\\/canaldana\\\/2023\\\/02\\\/16\\\/ue-aprova-proibicao-contra-veiculos-novos-movidos-a-combustiveis-fosseis-a-partir-de-2035\\\/#article\",\"isPartOf\":{\"@id\":\"https:\\\/\\\/dana.com.br\\\/canaldana\\\/2023\\\/02\\\/16\\\/ue-aprova-proibicao-contra-veiculos-novos-movidos-a-combustiveis-fosseis-a-partir-de-2035\\\/\"},\"author\":{\"name\":\"Canal Dana\",\"@id\":\"https:\\\/\\\/dana.com.br\\\/canaldana\\\/#\\\/schema\\\/person\\\/3c21f22f56fcf3bc46b94bc60ea4fef6\"},\"headline\":\"UE aprova proibi\u00e7\u00e3o contra ve\u00edculos novos movidos a combust\u00edveis f\u00f3sseis a partir de 2035\",\"datePublished\":\"2023-02-16T11:57:17+00:00\",\"mainEntityOfPage\":{\"@id\":\"https:\\\/\\\/dana.com.br\\\/canaldana\\\/2023\\\/02\\\/16\\\/ue-aprova-proibicao-contra-veiculos-novos-movidos-a-combustiveis-fosseis-a-partir-de-2035\\\/\"},\"wordCount\":276,\"articleSection\":[\"Meio Ambiente\"],\"inLanguage\":\"pt-BR\"},{\"@type\":\"WebPage\",\"@id\":\"https:\\\/\\\/dana.com.br\\\/canaldana\\\/2023\\\/02\\\/16\\\/ue-aprova-proibicao-contra-veiculos-novos-movidos-a-combustiveis-fosseis-a-partir-de-2035\\\/\",\"url\":\"https:\\\/\\\/dana.com.br\\\/canaldana\\\/2023\\\/02\\\/16\\\/ue-aprova-proibicao-contra-veiculos-novos-movidos-a-combustiveis-fosseis-a-partir-de-2035\\\/\",\"name\":\"UE aprova proibi\u00e7\u00e3o contra ve\u00edculos novos movidos a combust\u00edveis f\u00f3sseis a partir de 2035 - Canal Dana\",\"isPartOf\":{\"@id\":\"https:\\\/\\\/dana.com.br\\\/canaldana\\\/#website\"},\"datePublished\":\"2023-02-16T11:57:17+00:00\",\"author\":{\"@id\":\"https:\\\/\\\/dana.com.br\\\/canaldana\\\/#\\\/schema\\\/person\\\/3c21f22f56fcf3bc46b94bc60ea4fef6\"},\"breadcrumb\":{\"@id\":\"https:\\\/\\\/dana.com.br\\\/canaldana\\\/2023\\\/02\\\/16\\\/ue-aprova-proibicao-contra-veiculos-novos-movidos-a-combustiveis-fosseis-a-partir-de-2035\\\/#breadcrumb\"},\"inLanguage\":\"pt-BR\",\"potentialAction\":[{\"@type\":\"ReadAction\",\"target\":[\"https:\\\/\\\/dana.com.br\\\/canaldana\\\/2023\\\/02\\\/16\\\/ue-aprova-proibicao-contra-veiculos-novos-movidos-a-combustiveis-fosseis-a-partir-de-2035\\\/\"]}]},{\"@type\":\"BreadcrumbList\",\"@id\":\"https:\\\/\\\/dana.com.br\\\/canaldana\\\/2023\\\/02\\\/16\\\/ue-aprova-proibicao-contra-veiculos-novos-movidos-a-combustiveis-fosseis-a-partir-de-2035\\\/#breadcrumb\",\"itemListElement\":[{\"@type\":\"ListItem\",\"position\":1,\"name\":\"Home\",\"item\":\"https:\\\/\\\/dana.com.br\\\/canaldana\\\/\"},{\"@type\":\"ListItem\",\"position\":2,\"name\":\"Meio Ambiente\",\"item\":\"https:\\\/\\\/dana.com.br\\\/canaldana\\\/meio-ambiente\\\/\"},{\"@type\":\"ListItem\",\"position\":3,\"name\":\"UE aprova proibi\u00e7\u00e3o contra ve\u00edculos novos movidos a combust\u00edveis f\u00f3sseis a partir de 2035\"}]},{\"@type\":\"WebSite\",\"@id\":\"https:\\\/\\\/dana.com.br\\\/canaldana\\\/#website\",\"url\":\"https:\\\/\\\/dana.com.br\\\/canaldana\\\/\",\"name\":\"Canal Dana\",\"description\":\"Informativo com as principais not\u00edcias da ind\u00fastria automotiva\",\"potentialAction\":[{\"@type\":\"SearchAction\",\"target\":{\"@type\":\"EntryPoint\",\"urlTemplate\":\"https:\\\/\\\/dana.com.br\\\/canaldana\\\/?s={search_term_string}\"},\"query-input\":{\"@type\":\"PropertyValueSpecification\",\"valueRequired\":true,\"valueName\":\"search_term_string\"}}],\"inLanguage\":\"pt-BR\"},{\"@type\":\"Person\",\"@id\":\"https:\\\/\\\/dana.com.br\\\/canaldana\\\/#\\\/schema\\\/person\\\/3c21f22f56fcf3bc46b94bc60ea4fef6\",\"name\":\"Canal Dana\",\"image\":{\"@type\":\"ImageObject\",\"inLanguage\":\"pt-BR\",\"@id\":\"https:\\\/\\\/secure.gravatar.com\\\/avatar\\\/420aaf9278582877d9018637c6817617705899d2858d7572ef0fe59a6b6454b4?s=96&d=mm&r=g\",\"url\":\"https:\\\/\\\/secure.gravatar.com\\\/avatar\\\/420aaf9278582877d9018637c6817617705899d2858d7572ef0fe59a6b6454b4?s=96&d=mm&r=g\",\"contentUrl\":\"https:\\\/\\\/secure.gravatar.com\\\/avatar\\\/420aaf9278582877d9018637c6817617705899d2858d7572ef0fe59a6b6454b4?s=96&d=mm&r=g\",\"caption\":\"Canal Dana\"},\"url\":\"https:\\\/\\\/dana.com.br\\\/canaldana\\\/author\\\/cdeditor\\\/\"}]}<\/script>\n<!-- \/ Yoast SEO plugin. -->","yoast_head_json":{"title":"UE aprova proibi\u00e7\u00e3o contra ve\u00edculos novos movidos a combust\u00edveis f\u00f3sseis a partir de 2035 - Canal Dana","robots":{"index":"index","follow":"follow","max-snippet":"max-snippet:-1","max-image-preview":"max-image-preview:large","max-video-preview":"max-video-preview:-1"},"canonical":"https:\/\/dana.com.br\/canaldana\/2023\/02\/16\/ue-aprova-proibicao-contra-veiculos-novos-movidos-a-combustiveis-fosseis-a-partir-de-2035\/","og_locale":"pt_BR","og_type":"article","og_title":"UE aprova proibi\u00e7\u00e3o contra ve\u00edculos novos movidos a combust\u00edveis f\u00f3sseis a partir de 2035 - Canal Dana","og_description":"CNN Business\/Reuters &nbsp; O Parlamento Europeu aprovou formalmente nesta \u00faltima ter\u00e7a-feira (14) uma lei que pro\u00edbe a venda de ve\u00edculos novos a gasolina e diesel na Uni\u00e3o Europeia a partir de 2035, com o objetivo de acelerar a mudan\u00e7a para ve\u00edculos el\u00e9tricos. &nbsp; As regras exigem que, at\u00e9 2035, as montadoras de ve\u00edculos atinjam um\u2026 Leia mais \u00bb","og_url":"https:\/\/dana.com.br\/canaldana\/2023\/02\/16\/ue-aprova-proibicao-contra-veiculos-novos-movidos-a-combustiveis-fosseis-a-partir-de-2035\/","og_site_name":"Canal Dana","article_published_time":"2023-02-16T11:57:17+00:00","author":"Canal Dana","twitter_card":"summary_large_image","twitter_misc":{"Escrito por":"Canal Dana","Est. tempo de leitura":"2 minutos"},"schema":{"@context":"https:\/\/schema.org","@graph":[{"@type":"Article","@id":"https:\/\/dana.com.br\/canaldana\/2023\/02\/16\/ue-aprova-proibicao-contra-veiculos-novos-movidos-a-combustiveis-fosseis-a-partir-de-2035\/#article","isPartOf":{"@id":"https:\/\/dana.com.br\/canaldana\/2023\/02\/16\/ue-aprova-proibicao-contra-veiculos-novos-movidos-a-combustiveis-fosseis-a-partir-de-2035\/"},"author":{"name":"Canal Dana","@id":"https:\/\/dana.com.br\/canaldana\/#\/schema\/person\/3c21f22f56fcf3bc46b94bc60ea4fef6"},"headline":"UE aprova proibi\u00e7\u00e3o contra ve\u00edculos novos movidos a combust\u00edveis f\u00f3sseis a partir de 2035","datePublished":"2023-02-16T11:57:17+00:00","mainEntityOfPage":{"@id":"https:\/\/dana.com.br\/canaldana\/2023\/02\/16\/ue-aprova-proibicao-contra-veiculos-novos-movidos-a-combustiveis-fosseis-a-partir-de-2035\/"},"wordCount":276,"articleSection":["Meio Ambiente"],"inLanguage":"pt-BR"},{"@type":"WebPage","@id":"https:\/\/dana.com.br\/canaldana\/2023\/02\/16\/ue-aprova-proibicao-contra-veiculos-novos-movidos-a-combustiveis-fosseis-a-partir-de-2035\/","url":"https:\/\/dana.com.br\/canaldana\/2023\/02\/16\/ue-aprova-proibicao-contra-veiculos-novos-movidos-a-combustiveis-fosseis-a-partir-de-2035\/","name":"UE aprova proibi\u00e7\u00e3o contra ve\u00edculos novos movidos a combust\u00edveis f\u00f3sseis a partir de 2035 - Canal Dana","isPartOf":{"@id":"https:\/\/dana.com.br\/canaldana\/#website"},"datePublished":"2023-02-16T11:57:17+00:00","author":{"@id":"https:\/\/dana.com.br\/canaldana\/#\/schema\/person\/3c21f22f56fcf3bc46b94bc60ea4fef6"},"breadcrumb":{"@id":"https:\/\/dana.com.br\/canaldana\/2023\/02\/16\/ue-aprova-proibicao-contra-veiculos-novos-movidos-a-combustiveis-fosseis-a-partir-de-2035\/#breadcrumb"},"inLanguage":"pt-BR","potentialAction":[{"@type":"ReadAction","target":["https:\/\/dana.com.br\/canaldana\/2023\/02\/16\/ue-aprova-proibicao-contra-veiculos-novos-movidos-a-combustiveis-fosseis-a-partir-de-2035\/"]}]},{"@type":"BreadcrumbList","@id":"https:\/\/dana.com.br\/canaldana\/2023\/02\/16\/ue-aprova-proibicao-contra-veiculos-novos-movidos-a-combustiveis-fosseis-a-partir-de-2035\/#breadcrumb","itemListElement":[{"@type":"ListItem","position":1,"name":"Home","item":"https:\/\/dana.com.br\/canaldana\/"},{"@type":"ListItem","position":2,"name":"Meio Ambiente","item":"https:\/\/dana.com.br\/canaldana\/meio-ambiente\/"},{"@type":"ListItem","position":3,"name":"UE aprova proibi\u00e7\u00e3o contra ve\u00edculos novos movidos a combust\u00edveis f\u00f3sseis a partir de 2035"}]},{"@type":"WebSite","@id":"https:\/\/dana.com.br\/canaldana\/#website","url":"https:\/\/dana.com.br\/canaldana\/","name":"Canal Dana","description":"Informativo com as principais not\u00edcias da ind\u00fastria automotiva","potentialAction":[{"@type":"SearchAction","target":{"@type":"EntryPoint","urlTemplate":"https:\/\/dana.com.br\/canaldana\/?s={search_term_string}"},"query-input":{"@type":"PropertyValueSpecification","valueRequired":true,"valueName":"search_term_string"}}],"inLanguage":"pt-BR"},{"@type":"Person","@id":"https:\/\/dana.com.br\/canaldana\/#\/schema\/person\/3c21f22f56fcf3bc46b94bc60ea4fef6","name":"Canal Dana","image":{"@type":"ImageObject","inLanguage":"pt-BR","@id":"https:\/\/secure.gravatar.com\/avatar\/420aaf9278582877d9018637c6817617705899d2858d7572ef0fe59a6b6454b4?s=96&d=mm&r=g","url":"https:\/\/secure.gravatar.com\/avatar\/420aaf9278582877d9018637c6817617705899d2858d7572ef0fe59a6b6454b4?s=96&d=mm&r=g","contentUrl":"https:\/\/secure.gravatar.com\/avatar\/420aaf9278582877d9018637c6817617705899d2858d7572ef0fe59a6b6454b4?s=96&d=mm&r=g","caption":"Canal Dana"},"url":"https:\/\/dana.com.br\/canaldana\/author\/cdeditor\/"}]}},"_links":{"self":[{"href":"https:\/\/dana.com.br\/canaldana\/wp-json\/wp\/v2\/posts\/63854","targetHints":{"allow":["GET"]}}],"collection":[{"href":"https:\/\/dana.com.br\/canaldana\/wp-json\/wp\/v2\/posts"}],"about":[{"href":"https:\/\/dana.com.br\/canaldana\/wp-json\/wp\/v2\/types\/post"}],"author":[{"embeddable":true,"href":"https:\/\/dana.com.br\/canaldana\/wp-json\/wp\/v2\/users\/3"}],"replies":[{"embeddable":true,"href":"https:\/\/dana.com.br\/canaldana\/wp-json\/wp\/v2\/comments?post=63854"}],"version-history":[{"count":0,"href":"https:\/\/dana.com.br\/canaldana\/wp-json\/wp\/v2\/posts\/63854\/revisions"}],"wp:attachment":[{"href":"https:\/\/dana.com.br\/canaldana\/wp-json\/wp\/v2\/media?parent=63854"}],"wp:term":[{"taxonomy":"category","embeddable":true,"href":"https:\/\/dana.com.br\/canaldana\/wp-json\/wp\/v2\/categories?post=63854"},{"taxonomy":"post_tag","embeddable":true,"href":"https:\/\/dana.com.br\/canaldana\/wp-json\/wp\/v2\/tags?post=63854"}],"curies":[{"name":"wp","href":"https:\/\/api.w.org\/{rel}","templated":true}]}}