{"id":63852,"date":"2023-02-16T08:56:35","date_gmt":"2023-02-16T11:56:35","guid":{"rendered":"https:\/\/dana.com.br\/canaldana\/?p=63852"},"modified":"2023-02-16T08:56:35","modified_gmt":"2023-02-16T11:56:35","slug":"renault-e-nissan-lancarao-2-carros-eletricos-globais-produzidos-na-india","status":"publish","type":"post","link":"https:\/\/dana.com.br\/canaldana\/2023\/02\/16\/renault-e-nissan-lancarao-2-carros-eletricos-globais-produzidos-na-india\/","title":{"rendered":"Renault e Nissan lan\u00e7ar\u00e3o 2 carros el\u00e9tricos globais produzidos na \u00cdndia"},"content":{"rendered":"<p><em>Motor 1<\/em><\/p>\n<p>&nbsp;<\/p>\n<p>Renault e Nissan anunciaram um novo plano estrat\u00e9gico para a \u00cdndia, que receber\u00e1 um investimento inicial de US$ 600 milh\u00f5es para aumento de produ\u00e7\u00e3o, transi\u00e7\u00e3o para uma opera\u00e7\u00e3o neutra em carbono, atividades de P&amp;D e lan\u00e7amento de novos modelos, incluindo carros el\u00e9tricos.<\/p>\n<p>&nbsp;<\/p>\n<p>Centralizado na f\u00e1brica de Chennai, o novo projeto compartilhado pelas montadoras dar\u00e1 a luz a seis novos ve\u00edculos para o mercado dom\u00e9stico e externo, incluindo dois carros el\u00e9tricos in\u00e9ditos, elevando o complexo local Renault-Nissan para um centro de exporta\u00e7\u00e3o internacional.<\/p>\n<p>&nbsp;<\/p>\n<p>Um investimento inicial de cerca de US$ 600 milh\u00f5es est\u00e1 planejado para apoiar os novos projetos, os quais ver\u00e3o um aumento de at\u00e9 2.000 novos empregos criados no Centro de Tecnologia e Neg\u00f3cios Renault Nissan em Chennai. Ao mesmo tempo, a f\u00e1brica da RNAIPL se tornar\u00e1 neutra em carbono com um aumento significativo na gera\u00e7\u00e3o de energia renov\u00e1vel.<\/p>\n<p>&nbsp;<\/p>\n<p>Renault e Nissan est\u00e3o totalmente comprometidas com o mercado indiano, empenhadas em eletrificar o mercado indiano e comprometidas em minimizar nosso impacto sobre o meio ambiente. A \u00cdndia foi a primeira f\u00e1brica da Alian\u00e7a e a \u00cdndia estar\u00e1 no centro deste novo cap\u00edtulo da Alian\u00e7a, com novos ve\u00edculos, novas atividades de P&amp;D e novos mercados de exporta\u00e7\u00e3o levando nossas opera\u00e7\u00f5es conjuntas para o pr\u00f3ximo n\u00edvel.<\/p>\n<p>&nbsp;<\/p>\n<p>Pela primeira vez, a linha Nissan na \u00cdndia refletir\u00e1 nosso poder global em SUVs e EVs de alta qualidade, trazendo maior valor para nossos funcion\u00e1rios, clientes e comunidades.<\/p>\n<p>&nbsp;<\/p>\n<p>Os seis novos modelos &#8211; tr\u00eas para cada empresa &#8211; ser\u00e3o projetados e constru\u00eddos em Chennai. Eles ser\u00e3o produzidos sobre plataformas comuns da Alian\u00e7a, mantendo o estilo individual e distinto das respectivas marcas.<\/p>\n<p>&nbsp;<\/p>\n<p>Ser\u00e3o quatro novos utilit\u00e1rios esportivos do segmento C. Dois novos ve\u00edculos el\u00e9tricos do segmento A (onde se enquadra o Renault Kwid E-Tech) ser\u00e3o os primeiros carros el\u00e9tricos tanto para a Renault como para a Nissan na \u00cdndia.<\/p>\n<p>&nbsp;<\/p>\n<p>Os novos modelos n\u00e3o ser\u00e3o destinados apenas aos clientes indianos, mas tamb\u00e9m sinalizar\u00e3o um aumento significativo das exporta\u00e7\u00f5es da \u00cdndia, impulsionando a utiliza\u00e7\u00e3o da f\u00e1brica para 80%. Complementando a produ\u00e7\u00e3o adicional, haver\u00e1 um aumento em P&amp;D e atividades associadas no Centro de Tecnologia e Neg\u00f3cios Renault Nissan \u00cdndia.<\/p>\n<p>&nbsp;<\/p>\n<p>A f\u00e1brica RNAIPL, j\u00e1 um dos centros l\u00edderes da Alian\u00e7a para a redu\u00e7\u00e3o de energia e recursos, tamb\u00e9m est\u00e1 anunciando seu roteiro para a neutralidade de carbono. Isto ser\u00e1 alcan\u00e7ado at\u00e9 2045, atrav\u00e9s de um programa cont\u00ednuo de transi\u00e7\u00e3o para 100% de energia renov\u00e1vel, enquanto reduz o consumo de energia na f\u00e1brica em 50% em compara\u00e7\u00e3o com o atual.<\/p>\n<p>&nbsp;<\/p>\n<p>Junto com o novo plano estrat\u00e9gico, a alian\u00e7a local definiu novos termos de participa\u00e7\u00e3o em suas opera\u00e7\u00f5es conjuntas: a Renault Nissan Automotive India Private Ltd (RNAIPL) passar\u00e1 para uma participa\u00e7\u00e3o de 51% da Nissan &#8211; 49% da Renault. J\u00e1 a Renault Nissan Technology Business Center (RNTBCI) passar\u00e1 para uma participa\u00e7\u00e3o de 51% da Renault &#8211; 49% da Nissan. (Motor 1\/Julio Cesar)<\/p>\n","protected":false},"excerpt":{"rendered":"<p>Motor 1 &nbsp; Renault e Nissan anunciaram um novo plano estrat\u00e9gico para a \u00cdndia, que receber\u00e1 um investimento inicial de US$ 600 milh\u00f5es para aumento de produ\u00e7\u00e3o, transi\u00e7\u00e3o para uma opera\u00e7\u00e3o neutra em carbono, atividades de P&amp;D e lan\u00e7amento de novos modelos, incluindo carros el\u00e9tricos. &nbsp; Centralizado na f\u00e1brica de Chennai, o novo projeto compartilhado\u2026 <a class=\"readmore\" href=\"https:\/\/dana.com.br\/canaldana\/2023\/02\/16\/renault-e-nissan-lancarao-2-carros-eletricos-globais-produzidos-na-india\/\">Leia mais \u00bb<\/a><\/p>\n","protected":false},"author":3,"featured_media":0,"comment_status":"closed","ping_status":"closed","sticky":false,"template":"","format":"standard","meta":{"_acf_changed":false,"footnotes":""},"categories":[110],"tags":[],"class_list":["post-63852","post","type-post","status-publish","format-standard","hentry","category-eletricos"],"acf":[],"yoast_head":"<!-- This site is optimized with the Yoast SEO plugin v27.3 - https:\/\/yoast.com\/product\/yoast-seo-wordpress\/ -->\n<title>Renault e Nissan lan\u00e7ar\u00e3o 2 carros el\u00e9tricos globais produzidos na \u00cdndia - Canal Dana<\/title>\n<meta name=\"robots\" content=\"index, follow, max-snippet:-1, max-image-preview:large, max-video-preview:-1\" \/>\n<link rel=\"canonical\" href=\"https:\/\/dana.com.br\/canaldana\/2023\/02\/16\/renault-e-nissan-lancarao-2-carros-eletricos-globais-produzidos-na-india\/\" \/>\n<meta property=\"og:locale\" content=\"pt_BR\" \/>\n<meta property=\"og:type\" content=\"article\" \/>\n<meta property=\"og:title\" content=\"Renault e Nissan lan\u00e7ar\u00e3o 2 carros el\u00e9tricos globais produzidos na \u00cdndia - Canal Dana\" \/>\n<meta property=\"og:description\" content=\"Motor 1 &nbsp; Renault e Nissan anunciaram um novo plano estrat\u00e9gico para a \u00cdndia, que receber\u00e1 um investimento inicial de US$ 600 milh\u00f5es para aumento de produ\u00e7\u00e3o, transi\u00e7\u00e3o para uma opera\u00e7\u00e3o neutra em carbono, atividades de P&amp;D e lan\u00e7amento de novos modelos, incluindo carros el\u00e9tricos. &nbsp; Centralizado na f\u00e1brica de Chennai, o novo projeto compartilhado\u2026 Leia mais \u00bb\" \/>\n<meta property=\"og:url\" content=\"https:\/\/dana.com.br\/canaldana\/2023\/02\/16\/renault-e-nissan-lancarao-2-carros-eletricos-globais-produzidos-na-india\/\" \/>\n<meta property=\"og:site_name\" content=\"Canal Dana\" \/>\n<meta property=\"article:published_time\" content=\"2023-02-16T11:56:35+00:00\" \/>\n<meta name=\"author\" content=\"Canal Dana\" \/>\n<meta name=\"twitter:card\" content=\"summary_large_image\" \/>\n<meta name=\"twitter:label1\" content=\"Escrito por\" \/>\n\t<meta name=\"twitter:data1\" content=\"Canal Dana\" \/>\n\t<meta name=\"twitter:label2\" content=\"Est. tempo de leitura\" \/>\n\t<meta name=\"twitter:data2\" content=\"3 minutos\" \/>\n<script type=\"application\/ld+json\" class=\"yoast-schema-graph\">{\"@context\":\"https:\\\/\\\/schema.org\",\"@graph\":[{\"@type\":\"Article\",\"@id\":\"https:\\\/\\\/dana.com.br\\\/canaldana\\\/2023\\\/02\\\/16\\\/renault-e-nissan-lancarao-2-carros-eletricos-globais-produzidos-na-india\\\/#article\",\"isPartOf\":{\"@id\":\"https:\\\/\\\/dana.com.br\\\/canaldana\\\/2023\\\/02\\\/16\\\/renault-e-nissan-lancarao-2-carros-eletricos-globais-produzidos-na-india\\\/\"},\"author\":{\"name\":\"Canal Dana\",\"@id\":\"https:\\\/\\\/dana.com.br\\\/canaldana\\\/#\\\/schema\\\/person\\\/3c21f22f56fcf3bc46b94bc60ea4fef6\"},\"headline\":\"Renault e Nissan lan\u00e7ar\u00e3o 2 carros el\u00e9tricos globais produzidos na \u00cdndia\",\"datePublished\":\"2023-02-16T11:56:35+00:00\",\"mainEntityOfPage\":{\"@id\":\"https:\\\/\\\/dana.com.br\\\/canaldana\\\/2023\\\/02\\\/16\\\/renault-e-nissan-lancarao-2-carros-eletricos-globais-produzidos-na-india\\\/\"},\"wordCount\":558,\"articleSection\":[\"El\u00e9tricos\"],\"inLanguage\":\"pt-BR\"},{\"@type\":\"WebPage\",\"@id\":\"https:\\\/\\\/dana.com.br\\\/canaldana\\\/2023\\\/02\\\/16\\\/renault-e-nissan-lancarao-2-carros-eletricos-globais-produzidos-na-india\\\/\",\"url\":\"https:\\\/\\\/dana.com.br\\\/canaldana\\\/2023\\\/02\\\/16\\\/renault-e-nissan-lancarao-2-carros-eletricos-globais-produzidos-na-india\\\/\",\"name\":\"Renault e Nissan lan\u00e7ar\u00e3o 2 carros el\u00e9tricos globais produzidos na \u00cdndia - Canal Dana\",\"isPartOf\":{\"@id\":\"https:\\\/\\\/dana.com.br\\\/canaldana\\\/#website\"},\"datePublished\":\"2023-02-16T11:56:35+00:00\",\"author\":{\"@id\":\"https:\\\/\\\/dana.com.br\\\/canaldana\\\/#\\\/schema\\\/person\\\/3c21f22f56fcf3bc46b94bc60ea4fef6\"},\"breadcrumb\":{\"@id\":\"https:\\\/\\\/dana.com.br\\\/canaldana\\\/2023\\\/02\\\/16\\\/renault-e-nissan-lancarao-2-carros-eletricos-globais-produzidos-na-india\\\/#breadcrumb\"},\"inLanguage\":\"pt-BR\",\"potentialAction\":[{\"@type\":\"ReadAction\",\"target\":[\"https:\\\/\\\/dana.com.br\\\/canaldana\\\/2023\\\/02\\\/16\\\/renault-e-nissan-lancarao-2-carros-eletricos-globais-produzidos-na-india\\\/\"]}]},{\"@type\":\"BreadcrumbList\",\"@id\":\"https:\\\/\\\/dana.com.br\\\/canaldana\\\/2023\\\/02\\\/16\\\/renault-e-nissan-lancarao-2-carros-eletricos-globais-produzidos-na-india\\\/#breadcrumb\",\"itemListElement\":[{\"@type\":\"ListItem\",\"position\":1,\"name\":\"Home\",\"item\":\"https:\\\/\\\/dana.com.br\\\/canaldana\\\/\"},{\"@type\":\"ListItem\",\"position\":2,\"name\":\"El\u00e9tricos\",\"item\":\"https:\\\/\\\/dana.com.br\\\/canaldana\\\/eletricos\\\/\"},{\"@type\":\"ListItem\",\"position\":3,\"name\":\"Renault e Nissan lan\u00e7ar\u00e3o 2 carros el\u00e9tricos globais produzidos na \u00cdndia\"}]},{\"@type\":\"WebSite\",\"@id\":\"https:\\\/\\\/dana.com.br\\\/canaldana\\\/#website\",\"url\":\"https:\\\/\\\/dana.com.br\\\/canaldana\\\/\",\"name\":\"Canal Dana\",\"description\":\"Informativo com as principais not\u00edcias da ind\u00fastria automotiva\",\"potentialAction\":[{\"@type\":\"SearchAction\",\"target\":{\"@type\":\"EntryPoint\",\"urlTemplate\":\"https:\\\/\\\/dana.com.br\\\/canaldana\\\/?s={search_term_string}\"},\"query-input\":{\"@type\":\"PropertyValueSpecification\",\"valueRequired\":true,\"valueName\":\"search_term_string\"}}],\"inLanguage\":\"pt-BR\"},{\"@type\":\"Person\",\"@id\":\"https:\\\/\\\/dana.com.br\\\/canaldana\\\/#\\\/schema\\\/person\\\/3c21f22f56fcf3bc46b94bc60ea4fef6\",\"name\":\"Canal Dana\",\"image\":{\"@type\":\"ImageObject\",\"inLanguage\":\"pt-BR\",\"@id\":\"https:\\\/\\\/secure.gravatar.com\\\/avatar\\\/420aaf9278582877d9018637c6817617705899d2858d7572ef0fe59a6b6454b4?s=96&d=mm&r=g\",\"url\":\"https:\\\/\\\/secure.gravatar.com\\\/avatar\\\/420aaf9278582877d9018637c6817617705899d2858d7572ef0fe59a6b6454b4?s=96&d=mm&r=g\",\"contentUrl\":\"https:\\\/\\\/secure.gravatar.com\\\/avatar\\\/420aaf9278582877d9018637c6817617705899d2858d7572ef0fe59a6b6454b4?s=96&d=mm&r=g\",\"caption\":\"Canal Dana\"},\"url\":\"https:\\\/\\\/dana.com.br\\\/canaldana\\\/author\\\/cdeditor\\\/\"}]}<\/script>\n<!-- \/ Yoast SEO plugin. -->","yoast_head_json":{"title":"Renault e Nissan lan\u00e7ar\u00e3o 2 carros el\u00e9tricos globais produzidos na \u00cdndia - Canal Dana","robots":{"index":"index","follow":"follow","max-snippet":"max-snippet:-1","max-image-preview":"max-image-preview:large","max-video-preview":"max-video-preview:-1"},"canonical":"https:\/\/dana.com.br\/canaldana\/2023\/02\/16\/renault-e-nissan-lancarao-2-carros-eletricos-globais-produzidos-na-india\/","og_locale":"pt_BR","og_type":"article","og_title":"Renault e Nissan lan\u00e7ar\u00e3o 2 carros el\u00e9tricos globais produzidos na \u00cdndia - Canal Dana","og_description":"Motor 1 &nbsp; Renault e Nissan anunciaram um novo plano estrat\u00e9gico para a \u00cdndia, que receber\u00e1 um investimento inicial de US$ 600 milh\u00f5es para aumento de produ\u00e7\u00e3o, transi\u00e7\u00e3o para uma opera\u00e7\u00e3o neutra em carbono, atividades de P&amp;D e lan\u00e7amento de novos modelos, incluindo carros el\u00e9tricos. &nbsp; Centralizado na f\u00e1brica de Chennai, o novo projeto compartilhado\u2026 Leia mais \u00bb","og_url":"https:\/\/dana.com.br\/canaldana\/2023\/02\/16\/renault-e-nissan-lancarao-2-carros-eletricos-globais-produzidos-na-india\/","og_site_name":"Canal Dana","article_published_time":"2023-02-16T11:56:35+00:00","author":"Canal Dana","twitter_card":"summary_large_image","twitter_misc":{"Escrito por":"Canal Dana","Est. tempo de leitura":"3 minutos"},"schema":{"@context":"https:\/\/schema.org","@graph":[{"@type":"Article","@id":"https:\/\/dana.com.br\/canaldana\/2023\/02\/16\/renault-e-nissan-lancarao-2-carros-eletricos-globais-produzidos-na-india\/#article","isPartOf":{"@id":"https:\/\/dana.com.br\/canaldana\/2023\/02\/16\/renault-e-nissan-lancarao-2-carros-eletricos-globais-produzidos-na-india\/"},"author":{"name":"Canal Dana","@id":"https:\/\/dana.com.br\/canaldana\/#\/schema\/person\/3c21f22f56fcf3bc46b94bc60ea4fef6"},"headline":"Renault e Nissan lan\u00e7ar\u00e3o 2 carros el\u00e9tricos globais produzidos na \u00cdndia","datePublished":"2023-02-16T11:56:35+00:00","mainEntityOfPage":{"@id":"https:\/\/dana.com.br\/canaldana\/2023\/02\/16\/renault-e-nissan-lancarao-2-carros-eletricos-globais-produzidos-na-india\/"},"wordCount":558,"articleSection":["El\u00e9tricos"],"inLanguage":"pt-BR"},{"@type":"WebPage","@id":"https:\/\/dana.com.br\/canaldana\/2023\/02\/16\/renault-e-nissan-lancarao-2-carros-eletricos-globais-produzidos-na-india\/","url":"https:\/\/dana.com.br\/canaldana\/2023\/02\/16\/renault-e-nissan-lancarao-2-carros-eletricos-globais-produzidos-na-india\/","name":"Renault e Nissan lan\u00e7ar\u00e3o 2 carros el\u00e9tricos globais produzidos na \u00cdndia - Canal Dana","isPartOf":{"@id":"https:\/\/dana.com.br\/canaldana\/#website"},"datePublished":"2023-02-16T11:56:35+00:00","author":{"@id":"https:\/\/dana.com.br\/canaldana\/#\/schema\/person\/3c21f22f56fcf3bc46b94bc60ea4fef6"},"breadcrumb":{"@id":"https:\/\/dana.com.br\/canaldana\/2023\/02\/16\/renault-e-nissan-lancarao-2-carros-eletricos-globais-produzidos-na-india\/#breadcrumb"},"inLanguage":"pt-BR","potentialAction":[{"@type":"ReadAction","target":["https:\/\/dana.com.br\/canaldana\/2023\/02\/16\/renault-e-nissan-lancarao-2-carros-eletricos-globais-produzidos-na-india\/"]}]},{"@type":"BreadcrumbList","@id":"https:\/\/dana.com.br\/canaldana\/2023\/02\/16\/renault-e-nissan-lancarao-2-carros-eletricos-globais-produzidos-na-india\/#breadcrumb","itemListElement":[{"@type":"ListItem","position":1,"name":"Home","item":"https:\/\/dana.com.br\/canaldana\/"},{"@type":"ListItem","position":2,"name":"El\u00e9tricos","item":"https:\/\/dana.com.br\/canaldana\/eletricos\/"},{"@type":"ListItem","position":3,"name":"Renault e Nissan lan\u00e7ar\u00e3o 2 carros el\u00e9tricos globais produzidos na \u00cdndia"}]},{"@type":"WebSite","@id":"https:\/\/dana.com.br\/canaldana\/#website","url":"https:\/\/dana.com.br\/canaldana\/","name":"Canal Dana","description":"Informativo com as principais not\u00edcias da ind\u00fastria automotiva","potentialAction":[{"@type":"SearchAction","target":{"@type":"EntryPoint","urlTemplate":"https:\/\/dana.com.br\/canaldana\/?s={search_term_string}"},"query-input":{"@type":"PropertyValueSpecification","valueRequired":true,"valueName":"search_term_string"}}],"inLanguage":"pt-BR"},{"@type":"Person","@id":"https:\/\/dana.com.br\/canaldana\/#\/schema\/person\/3c21f22f56fcf3bc46b94bc60ea4fef6","name":"Canal Dana","image":{"@type":"ImageObject","inLanguage":"pt-BR","@id":"https:\/\/secure.gravatar.com\/avatar\/420aaf9278582877d9018637c6817617705899d2858d7572ef0fe59a6b6454b4?s=96&d=mm&r=g","url":"https:\/\/secure.gravatar.com\/avatar\/420aaf9278582877d9018637c6817617705899d2858d7572ef0fe59a6b6454b4?s=96&d=mm&r=g","contentUrl":"https:\/\/secure.gravatar.com\/avatar\/420aaf9278582877d9018637c6817617705899d2858d7572ef0fe59a6b6454b4?s=96&d=mm&r=g","caption":"Canal Dana"},"url":"https:\/\/dana.com.br\/canaldana\/author\/cdeditor\/"}]}},"_links":{"self":[{"href":"https:\/\/dana.com.br\/canaldana\/wp-json\/wp\/v2\/posts\/63852","targetHints":{"allow":["GET"]}}],"collection":[{"href":"https:\/\/dana.com.br\/canaldana\/wp-json\/wp\/v2\/posts"}],"about":[{"href":"https:\/\/dana.com.br\/canaldana\/wp-json\/wp\/v2\/types\/post"}],"author":[{"embeddable":true,"href":"https:\/\/dana.com.br\/canaldana\/wp-json\/wp\/v2\/users\/3"}],"replies":[{"embeddable":true,"href":"https:\/\/dana.com.br\/canaldana\/wp-json\/wp\/v2\/comments?post=63852"}],"version-history":[{"count":0,"href":"https:\/\/dana.com.br\/canaldana\/wp-json\/wp\/v2\/posts\/63852\/revisions"}],"wp:attachment":[{"href":"https:\/\/dana.com.br\/canaldana\/wp-json\/wp\/v2\/media?parent=63852"}],"wp:term":[{"taxonomy":"category","embeddable":true,"href":"https:\/\/dana.com.br\/canaldana\/wp-json\/wp\/v2\/categories?post=63852"},{"taxonomy":"post_tag","embeddable":true,"href":"https:\/\/dana.com.br\/canaldana\/wp-json\/wp\/v2\/tags?post=63852"}],"curies":[{"name":"wp","href":"https:\/\/api.w.org\/{rel}","templated":true}]}}