{"id":63845,"date":"2023-02-15T09:13:30","date_gmt":"2023-02-15T12:13:30","guid":{"rendered":"https:\/\/dana.com.br\/canaldana\/?p=63845"},"modified":"2023-02-15T09:13:30","modified_gmt":"2023-02-15T12:13:30","slug":"volkswagen-para-tres-fabricas-no-pais-por-falta-de-pecas-e-da-ferias-coletivas-aos-funcionarios","status":"publish","type":"post","link":"https:\/\/dana.com.br\/canaldana\/2023\/02\/15\/volkswagen-para-tres-fabricas-no-pais-por-falta-de-pecas-e-da-ferias-coletivas-aos-funcionarios\/","title":{"rendered":"Volkswagen para tr\u00eas f\u00e1bricas no Pa\u00eds por falta de pe\u00e7as e d\u00e1 f\u00e9rias coletivas aos funcion\u00e1rios"},"content":{"rendered":"<p><em>O Estado de S. Paulo<\/em><\/p>\n<p>&nbsp;<\/p>\n<p>Em um momento em que sinais de acomoda\u00e7\u00e3o do consumo se somam aos persistentes gargalos nas linhas de montagem, paradas de produ\u00e7\u00e3o voltaram a ocorrer na ind\u00fastria de ve\u00edculos. A Volkswagen vai suspender a produ\u00e7\u00e3o em tr\u00eas de suas quatro f\u00e1bricas entre 20 de fevereiro, logo ap\u00f3s o Carnaval, at\u00e9 3 de mar\u00e7o. O motivo principal \u00e9 a falta de componentes.<\/p>\n<p>&nbsp;<\/p>\n<p>A maior parte dos trabalhadores das f\u00e1bricas de autom\u00f3veis S\u00e3o Bernardo do Campo, no ABC paulista, e de S\u00e3o Jos\u00e9 dos Pinhais, no Paran\u00e1 ter\u00e3o f\u00e9rias coletivas de dez dias, a partir do dia 22. J\u00e1 na unidade de S\u00e3o Carlos, onde s\u00e3o feitos motores, a parada vai ocorrer do dia 20 at\u00e9 o dia 1\u00ba de mar\u00e7o.<\/p>\n<p>&nbsp;<\/p>\n<p>Segundo a Volkswagen, a parada no ABC, cuja unidade monta os modelos Polo, Virtus, Nivus e Saveiro, j\u00e1 estava programada como parte da adequa\u00e7\u00e3o de seus processos produtivos ao fornecimento de pe\u00e7as, principalmente semicondutores. No Paran\u00e1 \u00e9 fabricado o utilit\u00e1rio-esportivo (SUV) T-Cross.<\/p>\n<p>&nbsp;<\/p>\n<p>A \u00fanica planta que continuar\u00e1 em atividade \u00e9 a de Taubat\u00e9 (SP), que iniciou recentemente a produ\u00e7\u00e3o do Polo Track, sucessor do Gol. A unidade opera em dois turnos, informa a Volkswagen.<\/p>\n<p>&nbsp;<\/p>\n<p>A GM j\u00e1 suspendeu a produ\u00e7\u00e3o do Onix, seu modelo mais vendido, h\u00e1 uma semana. Segundo a montadora, a parada da unidade de Gravata\u00ed (RS), onde o modelo \u00e9 produzido, se deve a atualiza\u00e7\u00f5es e moderniza\u00e7\u00f5es t\u00e9cnicas do processo produtivo e j\u00e1 estava prevista. Em f\u00e9rias coletivas, os oper\u00e1rios voltam depois do carnaval, em 23 de fevereiro.<\/p>\n<p>&nbsp;<\/p>\n<p><strong>Irregularidades<\/strong><\/p>\n<p>&nbsp;<\/p>\n<p>Nos \u00faltimos meses, a melhora na disponibilidade de componentes eletr\u00f4nicos permitiu \u00e0 ind\u00fastria automotiva aumentar o ritmo de produ\u00e7\u00e3o, recompor estoques e atender pedidos de locadoras que estavam atrasados. A maioria das montadoras est\u00e1 conseguindo produzir sem interrup\u00e7\u00f5es desde a volta das f\u00e9rias de fim de ano, mas as paralisa\u00e7\u00f5es na Volkswagen mostram que a irregularidade no fornecimento de pe\u00e7as ainda n\u00e3o foi totalmente superada.<\/p>\n<p>&nbsp;<\/p>\n<p>Confiante na melhora gradual do abastecimento, a Anfavea, entidade que representa os fabricantes de ve\u00edculos, divulgou no m\u00eas passado previs\u00f5es que apontam para um crescimento de 3% das vendas e de 2,2% da produ\u00e7\u00e3o neste ano. Os resultados de janeiro, por\u00e9m, frustraram as expectativas da ind\u00fastria, que v\u00ea sinais de desacelera\u00e7\u00e3o da demanda em decorr\u00eancia da eleva\u00e7\u00e3o das taxas de financiamento. (O Estado de S. Paulo)<\/p>\n","protected":false},"excerpt":{"rendered":"<p>O Estado de S. Paulo &nbsp; Em um momento em que sinais de acomoda\u00e7\u00e3o do consumo se somam aos persistentes gargalos nas linhas de montagem, paradas de produ\u00e7\u00e3o voltaram a ocorrer na ind\u00fastria de ve\u00edculos. A Volkswagen vai suspender a produ\u00e7\u00e3o em tr\u00eas de suas quatro f\u00e1bricas entre 20 de fevereiro, logo ap\u00f3s o Carnaval,\u2026 <a class=\"readmore\" href=\"https:\/\/dana.com.br\/canaldana\/2023\/02\/15\/volkswagen-para-tres-fabricas-no-pais-por-falta-de-pecas-e-da-ferias-coletivas-aos-funcionarios\/\">Leia mais \u00bb<\/a><\/p>\n","protected":false},"author":3,"featured_media":0,"comment_status":"closed","ping_status":"closed","sticky":false,"template":"","format":"standard","meta":{"_acf_changed":false,"footnotes":""},"categories":[61],"tags":[],"class_list":["post-63845","post","type-post","status-publish","format-standard","hentry","category-destaques"],"acf":[],"yoast_head":"<!-- This site is optimized with the Yoast SEO plugin v27.3 - https:\/\/yoast.com\/product\/yoast-seo-wordpress\/ -->\n<title>Volkswagen para tr\u00eas f\u00e1bricas no Pa\u00eds por falta de pe\u00e7as e d\u00e1 f\u00e9rias coletivas aos funcion\u00e1rios - Canal Dana<\/title>\n<meta name=\"robots\" content=\"index, follow, max-snippet:-1, max-image-preview:large, max-video-preview:-1\" \/>\n<link rel=\"canonical\" href=\"https:\/\/dana.com.br\/canaldana\/2023\/02\/15\/volkswagen-para-tres-fabricas-no-pais-por-falta-de-pecas-e-da-ferias-coletivas-aos-funcionarios\/\" \/>\n<meta property=\"og:locale\" content=\"pt_BR\" \/>\n<meta property=\"og:type\" content=\"article\" \/>\n<meta property=\"og:title\" content=\"Volkswagen para tr\u00eas f\u00e1bricas no Pa\u00eds por falta de pe\u00e7as e d\u00e1 f\u00e9rias coletivas aos funcion\u00e1rios - Canal Dana\" \/>\n<meta property=\"og:description\" content=\"O Estado de S. Paulo &nbsp; Em um momento em que sinais de acomoda\u00e7\u00e3o do consumo se somam aos persistentes gargalos nas linhas de montagem, paradas de produ\u00e7\u00e3o voltaram a ocorrer na ind\u00fastria de ve\u00edculos. A Volkswagen vai suspender a produ\u00e7\u00e3o em tr\u00eas de suas quatro f\u00e1bricas entre 20 de fevereiro, logo ap\u00f3s o Carnaval,\u2026 Leia mais \u00bb\" \/>\n<meta property=\"og:url\" content=\"https:\/\/dana.com.br\/canaldana\/2023\/02\/15\/volkswagen-para-tres-fabricas-no-pais-por-falta-de-pecas-e-da-ferias-coletivas-aos-funcionarios\/\" \/>\n<meta property=\"og:site_name\" content=\"Canal Dana\" \/>\n<meta property=\"article:published_time\" content=\"2023-02-15T12:13:30+00:00\" \/>\n<meta name=\"author\" content=\"Canal Dana\" \/>\n<meta name=\"twitter:card\" content=\"summary_large_image\" \/>\n<meta name=\"twitter:label1\" content=\"Escrito por\" \/>\n\t<meta name=\"twitter:data1\" content=\"Canal Dana\" \/>\n\t<meta name=\"twitter:label2\" content=\"Est. tempo de leitura\" \/>\n\t<meta name=\"twitter:data2\" content=\"3 minutos\" \/>\n<script type=\"application\/ld+json\" class=\"yoast-schema-graph\">{\"@context\":\"https:\\\/\\\/schema.org\",\"@graph\":[{\"@type\":\"Article\",\"@id\":\"https:\\\/\\\/dana.com.br\\\/canaldana\\\/2023\\\/02\\\/15\\\/volkswagen-para-tres-fabricas-no-pais-por-falta-de-pecas-e-da-ferias-coletivas-aos-funcionarios\\\/#article\",\"isPartOf\":{\"@id\":\"https:\\\/\\\/dana.com.br\\\/canaldana\\\/2023\\\/02\\\/15\\\/volkswagen-para-tres-fabricas-no-pais-por-falta-de-pecas-e-da-ferias-coletivas-aos-funcionarios\\\/\"},\"author\":{\"name\":\"Canal Dana\",\"@id\":\"https:\\\/\\\/dana.com.br\\\/canaldana\\\/#\\\/schema\\\/person\\\/3c21f22f56fcf3bc46b94bc60ea4fef6\"},\"headline\":\"Volkswagen para tr\u00eas f\u00e1bricas no Pa\u00eds por falta de pe\u00e7as e d\u00e1 f\u00e9rias coletivas aos funcion\u00e1rios\",\"datePublished\":\"2023-02-15T12:13:30+00:00\",\"mainEntityOfPage\":{\"@id\":\"https:\\\/\\\/dana.com.br\\\/canaldana\\\/2023\\\/02\\\/15\\\/volkswagen-para-tres-fabricas-no-pais-por-falta-de-pecas-e-da-ferias-coletivas-aos-funcionarios\\\/\"},\"wordCount\":449,\"articleSection\":[\"Destaques\"],\"inLanguage\":\"pt-BR\"},{\"@type\":\"WebPage\",\"@id\":\"https:\\\/\\\/dana.com.br\\\/canaldana\\\/2023\\\/02\\\/15\\\/volkswagen-para-tres-fabricas-no-pais-por-falta-de-pecas-e-da-ferias-coletivas-aos-funcionarios\\\/\",\"url\":\"https:\\\/\\\/dana.com.br\\\/canaldana\\\/2023\\\/02\\\/15\\\/volkswagen-para-tres-fabricas-no-pais-por-falta-de-pecas-e-da-ferias-coletivas-aos-funcionarios\\\/\",\"name\":\"Volkswagen para tr\u00eas f\u00e1bricas no Pa\u00eds por falta de pe\u00e7as e d\u00e1 f\u00e9rias coletivas aos funcion\u00e1rios - Canal Dana\",\"isPartOf\":{\"@id\":\"https:\\\/\\\/dana.com.br\\\/canaldana\\\/#website\"},\"datePublished\":\"2023-02-15T12:13:30+00:00\",\"author\":{\"@id\":\"https:\\\/\\\/dana.com.br\\\/canaldana\\\/#\\\/schema\\\/person\\\/3c21f22f56fcf3bc46b94bc60ea4fef6\"},\"breadcrumb\":{\"@id\":\"https:\\\/\\\/dana.com.br\\\/canaldana\\\/2023\\\/02\\\/15\\\/volkswagen-para-tres-fabricas-no-pais-por-falta-de-pecas-e-da-ferias-coletivas-aos-funcionarios\\\/#breadcrumb\"},\"inLanguage\":\"pt-BR\",\"potentialAction\":[{\"@type\":\"ReadAction\",\"target\":[\"https:\\\/\\\/dana.com.br\\\/canaldana\\\/2023\\\/02\\\/15\\\/volkswagen-para-tres-fabricas-no-pais-por-falta-de-pecas-e-da-ferias-coletivas-aos-funcionarios\\\/\"]}]},{\"@type\":\"BreadcrumbList\",\"@id\":\"https:\\\/\\\/dana.com.br\\\/canaldana\\\/2023\\\/02\\\/15\\\/volkswagen-para-tres-fabricas-no-pais-por-falta-de-pecas-e-da-ferias-coletivas-aos-funcionarios\\\/#breadcrumb\",\"itemListElement\":[{\"@type\":\"ListItem\",\"position\":1,\"name\":\"Home\",\"item\":\"https:\\\/\\\/dana.com.br\\\/canaldana\\\/\"},{\"@type\":\"ListItem\",\"position\":2,\"name\":\"Destaques\",\"item\":\"https:\\\/\\\/dana.com.br\\\/canaldana\\\/destaques\\\/\"},{\"@type\":\"ListItem\",\"position\":3,\"name\":\"Volkswagen para tr\u00eas f\u00e1bricas no Pa\u00eds por falta de pe\u00e7as e d\u00e1 f\u00e9rias coletivas aos funcion\u00e1rios\"}]},{\"@type\":\"WebSite\",\"@id\":\"https:\\\/\\\/dana.com.br\\\/canaldana\\\/#website\",\"url\":\"https:\\\/\\\/dana.com.br\\\/canaldana\\\/\",\"name\":\"Canal Dana\",\"description\":\"Informativo com as principais not\u00edcias da ind\u00fastria automotiva\",\"potentialAction\":[{\"@type\":\"SearchAction\",\"target\":{\"@type\":\"EntryPoint\",\"urlTemplate\":\"https:\\\/\\\/dana.com.br\\\/canaldana\\\/?s={search_term_string}\"},\"query-input\":{\"@type\":\"PropertyValueSpecification\",\"valueRequired\":true,\"valueName\":\"search_term_string\"}}],\"inLanguage\":\"pt-BR\"},{\"@type\":\"Person\",\"@id\":\"https:\\\/\\\/dana.com.br\\\/canaldana\\\/#\\\/schema\\\/person\\\/3c21f22f56fcf3bc46b94bc60ea4fef6\",\"name\":\"Canal Dana\",\"image\":{\"@type\":\"ImageObject\",\"inLanguage\":\"pt-BR\",\"@id\":\"https:\\\/\\\/secure.gravatar.com\\\/avatar\\\/420aaf9278582877d9018637c6817617705899d2858d7572ef0fe59a6b6454b4?s=96&d=mm&r=g\",\"url\":\"https:\\\/\\\/secure.gravatar.com\\\/avatar\\\/420aaf9278582877d9018637c6817617705899d2858d7572ef0fe59a6b6454b4?s=96&d=mm&r=g\",\"contentUrl\":\"https:\\\/\\\/secure.gravatar.com\\\/avatar\\\/420aaf9278582877d9018637c6817617705899d2858d7572ef0fe59a6b6454b4?s=96&d=mm&r=g\",\"caption\":\"Canal Dana\"},\"url\":\"https:\\\/\\\/dana.com.br\\\/canaldana\\\/author\\\/cdeditor\\\/\"}]}<\/script>\n<!-- \/ Yoast SEO plugin. -->","yoast_head_json":{"title":"Volkswagen para tr\u00eas f\u00e1bricas no Pa\u00eds por falta de pe\u00e7as e d\u00e1 f\u00e9rias coletivas aos funcion\u00e1rios - Canal Dana","robots":{"index":"index","follow":"follow","max-snippet":"max-snippet:-1","max-image-preview":"max-image-preview:large","max-video-preview":"max-video-preview:-1"},"canonical":"https:\/\/dana.com.br\/canaldana\/2023\/02\/15\/volkswagen-para-tres-fabricas-no-pais-por-falta-de-pecas-e-da-ferias-coletivas-aos-funcionarios\/","og_locale":"pt_BR","og_type":"article","og_title":"Volkswagen para tr\u00eas f\u00e1bricas no Pa\u00eds por falta de pe\u00e7as e d\u00e1 f\u00e9rias coletivas aos funcion\u00e1rios - Canal Dana","og_description":"O Estado de S. Paulo &nbsp; Em um momento em que sinais de acomoda\u00e7\u00e3o do consumo se somam aos persistentes gargalos nas linhas de montagem, paradas de produ\u00e7\u00e3o voltaram a ocorrer na ind\u00fastria de ve\u00edculos. A Volkswagen vai suspender a produ\u00e7\u00e3o em tr\u00eas de suas quatro f\u00e1bricas entre 20 de fevereiro, logo ap\u00f3s o Carnaval,\u2026 Leia mais \u00bb","og_url":"https:\/\/dana.com.br\/canaldana\/2023\/02\/15\/volkswagen-para-tres-fabricas-no-pais-por-falta-de-pecas-e-da-ferias-coletivas-aos-funcionarios\/","og_site_name":"Canal Dana","article_published_time":"2023-02-15T12:13:30+00:00","author":"Canal Dana","twitter_card":"summary_large_image","twitter_misc":{"Escrito por":"Canal Dana","Est. tempo de leitura":"3 minutos"},"schema":{"@context":"https:\/\/schema.org","@graph":[{"@type":"Article","@id":"https:\/\/dana.com.br\/canaldana\/2023\/02\/15\/volkswagen-para-tres-fabricas-no-pais-por-falta-de-pecas-e-da-ferias-coletivas-aos-funcionarios\/#article","isPartOf":{"@id":"https:\/\/dana.com.br\/canaldana\/2023\/02\/15\/volkswagen-para-tres-fabricas-no-pais-por-falta-de-pecas-e-da-ferias-coletivas-aos-funcionarios\/"},"author":{"name":"Canal Dana","@id":"https:\/\/dana.com.br\/canaldana\/#\/schema\/person\/3c21f22f56fcf3bc46b94bc60ea4fef6"},"headline":"Volkswagen para tr\u00eas f\u00e1bricas no Pa\u00eds por falta de pe\u00e7as e d\u00e1 f\u00e9rias coletivas aos funcion\u00e1rios","datePublished":"2023-02-15T12:13:30+00:00","mainEntityOfPage":{"@id":"https:\/\/dana.com.br\/canaldana\/2023\/02\/15\/volkswagen-para-tres-fabricas-no-pais-por-falta-de-pecas-e-da-ferias-coletivas-aos-funcionarios\/"},"wordCount":449,"articleSection":["Destaques"],"inLanguage":"pt-BR"},{"@type":"WebPage","@id":"https:\/\/dana.com.br\/canaldana\/2023\/02\/15\/volkswagen-para-tres-fabricas-no-pais-por-falta-de-pecas-e-da-ferias-coletivas-aos-funcionarios\/","url":"https:\/\/dana.com.br\/canaldana\/2023\/02\/15\/volkswagen-para-tres-fabricas-no-pais-por-falta-de-pecas-e-da-ferias-coletivas-aos-funcionarios\/","name":"Volkswagen para tr\u00eas f\u00e1bricas no Pa\u00eds por falta de pe\u00e7as e d\u00e1 f\u00e9rias coletivas aos funcion\u00e1rios - Canal Dana","isPartOf":{"@id":"https:\/\/dana.com.br\/canaldana\/#website"},"datePublished":"2023-02-15T12:13:30+00:00","author":{"@id":"https:\/\/dana.com.br\/canaldana\/#\/schema\/person\/3c21f22f56fcf3bc46b94bc60ea4fef6"},"breadcrumb":{"@id":"https:\/\/dana.com.br\/canaldana\/2023\/02\/15\/volkswagen-para-tres-fabricas-no-pais-por-falta-de-pecas-e-da-ferias-coletivas-aos-funcionarios\/#breadcrumb"},"inLanguage":"pt-BR","potentialAction":[{"@type":"ReadAction","target":["https:\/\/dana.com.br\/canaldana\/2023\/02\/15\/volkswagen-para-tres-fabricas-no-pais-por-falta-de-pecas-e-da-ferias-coletivas-aos-funcionarios\/"]}]},{"@type":"BreadcrumbList","@id":"https:\/\/dana.com.br\/canaldana\/2023\/02\/15\/volkswagen-para-tres-fabricas-no-pais-por-falta-de-pecas-e-da-ferias-coletivas-aos-funcionarios\/#breadcrumb","itemListElement":[{"@type":"ListItem","position":1,"name":"Home","item":"https:\/\/dana.com.br\/canaldana\/"},{"@type":"ListItem","position":2,"name":"Destaques","item":"https:\/\/dana.com.br\/canaldana\/destaques\/"},{"@type":"ListItem","position":3,"name":"Volkswagen para tr\u00eas f\u00e1bricas no Pa\u00eds por falta de pe\u00e7as e d\u00e1 f\u00e9rias coletivas aos funcion\u00e1rios"}]},{"@type":"WebSite","@id":"https:\/\/dana.com.br\/canaldana\/#website","url":"https:\/\/dana.com.br\/canaldana\/","name":"Canal Dana","description":"Informativo com as principais not\u00edcias da ind\u00fastria automotiva","potentialAction":[{"@type":"SearchAction","target":{"@type":"EntryPoint","urlTemplate":"https:\/\/dana.com.br\/canaldana\/?s={search_term_string}"},"query-input":{"@type":"PropertyValueSpecification","valueRequired":true,"valueName":"search_term_string"}}],"inLanguage":"pt-BR"},{"@type":"Person","@id":"https:\/\/dana.com.br\/canaldana\/#\/schema\/person\/3c21f22f56fcf3bc46b94bc60ea4fef6","name":"Canal Dana","image":{"@type":"ImageObject","inLanguage":"pt-BR","@id":"https:\/\/secure.gravatar.com\/avatar\/420aaf9278582877d9018637c6817617705899d2858d7572ef0fe59a6b6454b4?s=96&d=mm&r=g","url":"https:\/\/secure.gravatar.com\/avatar\/420aaf9278582877d9018637c6817617705899d2858d7572ef0fe59a6b6454b4?s=96&d=mm&r=g","contentUrl":"https:\/\/secure.gravatar.com\/avatar\/420aaf9278582877d9018637c6817617705899d2858d7572ef0fe59a6b6454b4?s=96&d=mm&r=g","caption":"Canal Dana"},"url":"https:\/\/dana.com.br\/canaldana\/author\/cdeditor\/"}]}},"_links":{"self":[{"href":"https:\/\/dana.com.br\/canaldana\/wp-json\/wp\/v2\/posts\/63845","targetHints":{"allow":["GET"]}}],"collection":[{"href":"https:\/\/dana.com.br\/canaldana\/wp-json\/wp\/v2\/posts"}],"about":[{"href":"https:\/\/dana.com.br\/canaldana\/wp-json\/wp\/v2\/types\/post"}],"author":[{"embeddable":true,"href":"https:\/\/dana.com.br\/canaldana\/wp-json\/wp\/v2\/users\/3"}],"replies":[{"embeddable":true,"href":"https:\/\/dana.com.br\/canaldana\/wp-json\/wp\/v2\/comments?post=63845"}],"version-history":[{"count":0,"href":"https:\/\/dana.com.br\/canaldana\/wp-json\/wp\/v2\/posts\/63845\/revisions"}],"wp:attachment":[{"href":"https:\/\/dana.com.br\/canaldana\/wp-json\/wp\/v2\/media?parent=63845"}],"wp:term":[{"taxonomy":"category","embeddable":true,"href":"https:\/\/dana.com.br\/canaldana\/wp-json\/wp\/v2\/categories?post=63845"},{"taxonomy":"post_tag","embeddable":true,"href":"https:\/\/dana.com.br\/canaldana\/wp-json\/wp\/v2\/tags?post=63845"}],"curies":[{"name":"wp","href":"https:\/\/api.w.org\/{rel}","templated":true}]}}