{"id":63843,"date":"2023-02-15T09:12:59","date_gmt":"2023-02-15T12:12:59","guid":{"rendered":"https:\/\/dana.com.br\/canaldana\/?p=63843"},"modified":"2023-02-15T09:12:59","modified_gmt":"2023-02-15T12:12:59","slug":"hyundai-comeca-a-exportar-o-novo-hb20-para-a-colombia","status":"publish","type":"post","link":"https:\/\/dana.com.br\/canaldana\/2023\/02\/15\/hyundai-comeca-a-exportar-o-novo-hb20-para-a-colombia\/","title":{"rendered":"Hyundai come\u00e7a a exportar o Novo HB20 para a Col\u00f4mbia"},"content":{"rendered":"<p><em>Motor Mais<\/em><\/p>\n<p>&nbsp;<\/p>\n<p>O Novo HB20, produzido exclusivamente na f\u00e1brica brasileira da Hyundai, localizada em Piracicaba, no interior de S\u00e3o Paulo, come\u00e7ou a ser vendido no mercado colombiano na \u00faltima semana. O modelo refor\u00e7a a renova\u00e7\u00e3o de marca e portf\u00f3lio que a Hyundai est\u00e1 realizando no pa\u00eds vizinho. A expectativa \u00e9 vender cerca de cinco mil unidades este ano na Col\u00f4mbia.<\/p>\n<p>&nbsp;<\/p>\n<p>O design atualizado traz um para-choque mais volumoso, que agora abriga as setas, al\u00e9m de para-lamas e cap\u00f4 mais horizontais, agregando maior sofistica\u00e7\u00e3o e robustez. A nova apar\u00eancia \u00e9 mais retil\u00ednea e geom\u00e9trica, ressaltando a percep\u00e7\u00e3o de tamanho do carro, que teve seu comprimento aumentado. A traseira do Novo Hyundai HB20 foi reestilizada e ampliada, e agora possui lanternas integradas que cruzam o carro de um lado ao outro, em linha com outros modelos recentes da Hyundai, como o novo Tucson e o Elantra. A harmonia entre o novo para-choque com elementos em preto fosco, as novas lanternas em LED, as setas e luzes de r\u00e9 posicionadas no para-choque e a maior tampa do porta-malas deixam o visual ainda mais tecnol\u00f3gico e moderno. No Brasil, o HB20 vendeu 96 mil unidades no ano passado, garantindo pela segunda vez consecutiva a posi\u00e7\u00e3o de carro de passeio n\u00ba 1 do pa\u00eds e um dos mais vendidos na Am\u00e9rica Latina.<\/p>\n<p>&nbsp;<\/p>\n<p>\u201cO Hyundai HB20 \u00e9 um sucesso consolidado no mercado brasileiro, onde ocupa a posi\u00e7\u00e3o de modelo mais vendido nos \u00faltimos dois anos entre os carros de passeio, e tamb\u00e9m tem sido muito bem aceito nos pa\u00edses vizinhos. Temos certeza de que a recep\u00e7\u00e3o do Novo Hyundai HB20 no mercado colombiano ser\u00e1 excelente e ir\u00e1 refor\u00e7ar a estrat\u00e9gia regional de eleva\u00e7\u00e3o da marca e conex\u00e3o com os clientes locais\u201d, diz Gerardo Carmona, vice-presidente de Marketing, Planejamento de Produto e Vendas para os mercados de exporta\u00e7\u00e3o da Hyundai Am\u00e9ricas Central e do Sul.<\/p>\n<p>&nbsp;<\/p>\n<p>Todas as vers\u00f5es exportadas para a Col\u00f4mbia ter\u00e3o motor 1.6l aspirado, op\u00e7\u00e3o j\u00e1 consagrada no mercado colombiano e melhor adaptada \u00e0 topografia local. O modelo, oferecido nas carrocerias hatchback e sed\u00e3, com c\u00e2mbio autom\u00e1tico ou manual, traz rodas de liga leve diamantadas, seis airbags, c\u00e2mera de r\u00e9, alarme perim\u00e9trico, limitador de velocidade, tela multim\u00eddia touchscreen de 8 polegadas com fun\u00e7\u00f5es Apple CarPlay e Android Auto, e sa\u00edda USB para carregamento r\u00e1pido dispon\u00edvel aos ocupantes dos bancos dianteiros e traseiros.<\/p>\n<p>&nbsp;<\/p>\n<p>Os ve\u00edculos ser\u00e3o comercializados pela representante oficial da marca sul-coreana no pa\u00eds desde 2021, a Astara, que est\u00e1 presente em mais de 80 pontos de venda distribu\u00eddos por todo o territ\u00f3rio colombiano. (Motor Mais)<\/p>\n","protected":false},"excerpt":{"rendered":"<p>Motor Mais &nbsp; O Novo HB20, produzido exclusivamente na f\u00e1brica brasileira da Hyundai, localizada em Piracicaba, no interior de S\u00e3o Paulo, come\u00e7ou a ser vendido no mercado colombiano na \u00faltima semana. O modelo refor\u00e7a a renova\u00e7\u00e3o de marca e portf\u00f3lio que a Hyundai est\u00e1 realizando no pa\u00eds vizinho. A expectativa \u00e9 vender cerca de cinco\u2026 <a class=\"readmore\" href=\"https:\/\/dana.com.br\/canaldana\/2023\/02\/15\/hyundai-comeca-a-exportar-o-novo-hb20-para-a-colombia\/\">Leia mais \u00bb<\/a><\/p>\n","protected":false},"author":3,"featured_media":0,"comment_status":"closed","ping_status":"closed","sticky":false,"template":"","format":"standard","meta":{"_acf_changed":false,"footnotes":""},"categories":[61],"tags":[],"class_list":["post-63843","post","type-post","status-publish","format-standard","hentry","category-destaques"],"acf":[],"yoast_head":"<!-- This site is optimized with the Yoast SEO plugin v27.3 - https:\/\/yoast.com\/product\/yoast-seo-wordpress\/ -->\n<title>Hyundai come\u00e7a a exportar o Novo HB20 para a Col\u00f4mbia - Canal Dana<\/title>\n<meta name=\"robots\" content=\"index, follow, max-snippet:-1, max-image-preview:large, max-video-preview:-1\" \/>\n<link rel=\"canonical\" href=\"https:\/\/dana.com.br\/canaldana\/2023\/02\/15\/hyundai-comeca-a-exportar-o-novo-hb20-para-a-colombia\/\" \/>\n<meta property=\"og:locale\" content=\"pt_BR\" \/>\n<meta property=\"og:type\" content=\"article\" \/>\n<meta property=\"og:title\" content=\"Hyundai come\u00e7a a exportar o Novo HB20 para a Col\u00f4mbia - Canal Dana\" \/>\n<meta property=\"og:description\" content=\"Motor Mais &nbsp; O Novo HB20, produzido exclusivamente na f\u00e1brica brasileira da Hyundai, localizada em Piracicaba, no interior de S\u00e3o Paulo, come\u00e7ou a ser vendido no mercado colombiano na \u00faltima semana. O modelo refor\u00e7a a renova\u00e7\u00e3o de marca e portf\u00f3lio que a Hyundai est\u00e1 realizando no pa\u00eds vizinho. A expectativa \u00e9 vender cerca de cinco\u2026 Leia mais \u00bb\" \/>\n<meta property=\"og:url\" content=\"https:\/\/dana.com.br\/canaldana\/2023\/02\/15\/hyundai-comeca-a-exportar-o-novo-hb20-para-a-colombia\/\" \/>\n<meta property=\"og:site_name\" content=\"Canal Dana\" \/>\n<meta property=\"article:published_time\" content=\"2023-02-15T12:12:59+00:00\" \/>\n<meta name=\"author\" content=\"Canal Dana\" \/>\n<meta name=\"twitter:card\" content=\"summary_large_image\" \/>\n<meta name=\"twitter:label1\" content=\"Escrito por\" \/>\n\t<meta name=\"twitter:data1\" content=\"Canal Dana\" \/>\n\t<meta name=\"twitter:label2\" content=\"Est. tempo de leitura\" \/>\n\t<meta name=\"twitter:data2\" content=\"3 minutos\" \/>\n<script type=\"application\/ld+json\" class=\"yoast-schema-graph\">{\"@context\":\"https:\\\/\\\/schema.org\",\"@graph\":[{\"@type\":\"Article\",\"@id\":\"https:\\\/\\\/dana.com.br\\\/canaldana\\\/2023\\\/02\\\/15\\\/hyundai-comeca-a-exportar-o-novo-hb20-para-a-colombia\\\/#article\",\"isPartOf\":{\"@id\":\"https:\\\/\\\/dana.com.br\\\/canaldana\\\/2023\\\/02\\\/15\\\/hyundai-comeca-a-exportar-o-novo-hb20-para-a-colombia\\\/\"},\"author\":{\"name\":\"Canal Dana\",\"@id\":\"https:\\\/\\\/dana.com.br\\\/canaldana\\\/#\\\/schema\\\/person\\\/3c21f22f56fcf3bc46b94bc60ea4fef6\"},\"headline\":\"Hyundai come\u00e7a a exportar o Novo HB20 para a Col\u00f4mbia\",\"datePublished\":\"2023-02-15T12:12:59+00:00\",\"mainEntityOfPage\":{\"@id\":\"https:\\\/\\\/dana.com.br\\\/canaldana\\\/2023\\\/02\\\/15\\\/hyundai-comeca-a-exportar-o-novo-hb20-para-a-colombia\\\/\"},\"wordCount\":475,\"articleSection\":[\"Destaques\"],\"inLanguage\":\"pt-BR\"},{\"@type\":\"WebPage\",\"@id\":\"https:\\\/\\\/dana.com.br\\\/canaldana\\\/2023\\\/02\\\/15\\\/hyundai-comeca-a-exportar-o-novo-hb20-para-a-colombia\\\/\",\"url\":\"https:\\\/\\\/dana.com.br\\\/canaldana\\\/2023\\\/02\\\/15\\\/hyundai-comeca-a-exportar-o-novo-hb20-para-a-colombia\\\/\",\"name\":\"Hyundai come\u00e7a a exportar o Novo HB20 para a Col\u00f4mbia - Canal Dana\",\"isPartOf\":{\"@id\":\"https:\\\/\\\/dana.com.br\\\/canaldana\\\/#website\"},\"datePublished\":\"2023-02-15T12:12:59+00:00\",\"author\":{\"@id\":\"https:\\\/\\\/dana.com.br\\\/canaldana\\\/#\\\/schema\\\/person\\\/3c21f22f56fcf3bc46b94bc60ea4fef6\"},\"breadcrumb\":{\"@id\":\"https:\\\/\\\/dana.com.br\\\/canaldana\\\/2023\\\/02\\\/15\\\/hyundai-comeca-a-exportar-o-novo-hb20-para-a-colombia\\\/#breadcrumb\"},\"inLanguage\":\"pt-BR\",\"potentialAction\":[{\"@type\":\"ReadAction\",\"target\":[\"https:\\\/\\\/dana.com.br\\\/canaldana\\\/2023\\\/02\\\/15\\\/hyundai-comeca-a-exportar-o-novo-hb20-para-a-colombia\\\/\"]}]},{\"@type\":\"BreadcrumbList\",\"@id\":\"https:\\\/\\\/dana.com.br\\\/canaldana\\\/2023\\\/02\\\/15\\\/hyundai-comeca-a-exportar-o-novo-hb20-para-a-colombia\\\/#breadcrumb\",\"itemListElement\":[{\"@type\":\"ListItem\",\"position\":1,\"name\":\"Home\",\"item\":\"https:\\\/\\\/dana.com.br\\\/canaldana\\\/\"},{\"@type\":\"ListItem\",\"position\":2,\"name\":\"Destaques\",\"item\":\"https:\\\/\\\/dana.com.br\\\/canaldana\\\/destaques\\\/\"},{\"@type\":\"ListItem\",\"position\":3,\"name\":\"Hyundai come\u00e7a a exportar o Novo HB20 para a Col\u00f4mbia\"}]},{\"@type\":\"WebSite\",\"@id\":\"https:\\\/\\\/dana.com.br\\\/canaldana\\\/#website\",\"url\":\"https:\\\/\\\/dana.com.br\\\/canaldana\\\/\",\"name\":\"Canal Dana\",\"description\":\"Informativo com as principais not\u00edcias da ind\u00fastria automotiva\",\"potentialAction\":[{\"@type\":\"SearchAction\",\"target\":{\"@type\":\"EntryPoint\",\"urlTemplate\":\"https:\\\/\\\/dana.com.br\\\/canaldana\\\/?s={search_term_string}\"},\"query-input\":{\"@type\":\"PropertyValueSpecification\",\"valueRequired\":true,\"valueName\":\"search_term_string\"}}],\"inLanguage\":\"pt-BR\"},{\"@type\":\"Person\",\"@id\":\"https:\\\/\\\/dana.com.br\\\/canaldana\\\/#\\\/schema\\\/person\\\/3c21f22f56fcf3bc46b94bc60ea4fef6\",\"name\":\"Canal Dana\",\"image\":{\"@type\":\"ImageObject\",\"inLanguage\":\"pt-BR\",\"@id\":\"https:\\\/\\\/secure.gravatar.com\\\/avatar\\\/420aaf9278582877d9018637c6817617705899d2858d7572ef0fe59a6b6454b4?s=96&d=mm&r=g\",\"url\":\"https:\\\/\\\/secure.gravatar.com\\\/avatar\\\/420aaf9278582877d9018637c6817617705899d2858d7572ef0fe59a6b6454b4?s=96&d=mm&r=g\",\"contentUrl\":\"https:\\\/\\\/secure.gravatar.com\\\/avatar\\\/420aaf9278582877d9018637c6817617705899d2858d7572ef0fe59a6b6454b4?s=96&d=mm&r=g\",\"caption\":\"Canal Dana\"},\"url\":\"https:\\\/\\\/dana.com.br\\\/canaldana\\\/author\\\/cdeditor\\\/\"}]}<\/script>\n<!-- \/ Yoast SEO plugin. -->","yoast_head_json":{"title":"Hyundai come\u00e7a a exportar o Novo HB20 para a Col\u00f4mbia - Canal Dana","robots":{"index":"index","follow":"follow","max-snippet":"max-snippet:-1","max-image-preview":"max-image-preview:large","max-video-preview":"max-video-preview:-1"},"canonical":"https:\/\/dana.com.br\/canaldana\/2023\/02\/15\/hyundai-comeca-a-exportar-o-novo-hb20-para-a-colombia\/","og_locale":"pt_BR","og_type":"article","og_title":"Hyundai come\u00e7a a exportar o Novo HB20 para a Col\u00f4mbia - Canal Dana","og_description":"Motor Mais &nbsp; O Novo HB20, produzido exclusivamente na f\u00e1brica brasileira da Hyundai, localizada em Piracicaba, no interior de S\u00e3o Paulo, come\u00e7ou a ser vendido no mercado colombiano na \u00faltima semana. O modelo refor\u00e7a a renova\u00e7\u00e3o de marca e portf\u00f3lio que a Hyundai est\u00e1 realizando no pa\u00eds vizinho. A expectativa \u00e9 vender cerca de cinco\u2026 Leia mais \u00bb","og_url":"https:\/\/dana.com.br\/canaldana\/2023\/02\/15\/hyundai-comeca-a-exportar-o-novo-hb20-para-a-colombia\/","og_site_name":"Canal Dana","article_published_time":"2023-02-15T12:12:59+00:00","author":"Canal Dana","twitter_card":"summary_large_image","twitter_misc":{"Escrito por":"Canal Dana","Est. tempo de leitura":"3 minutos"},"schema":{"@context":"https:\/\/schema.org","@graph":[{"@type":"Article","@id":"https:\/\/dana.com.br\/canaldana\/2023\/02\/15\/hyundai-comeca-a-exportar-o-novo-hb20-para-a-colombia\/#article","isPartOf":{"@id":"https:\/\/dana.com.br\/canaldana\/2023\/02\/15\/hyundai-comeca-a-exportar-o-novo-hb20-para-a-colombia\/"},"author":{"name":"Canal Dana","@id":"https:\/\/dana.com.br\/canaldana\/#\/schema\/person\/3c21f22f56fcf3bc46b94bc60ea4fef6"},"headline":"Hyundai come\u00e7a a exportar o Novo HB20 para a Col\u00f4mbia","datePublished":"2023-02-15T12:12:59+00:00","mainEntityOfPage":{"@id":"https:\/\/dana.com.br\/canaldana\/2023\/02\/15\/hyundai-comeca-a-exportar-o-novo-hb20-para-a-colombia\/"},"wordCount":475,"articleSection":["Destaques"],"inLanguage":"pt-BR"},{"@type":"WebPage","@id":"https:\/\/dana.com.br\/canaldana\/2023\/02\/15\/hyundai-comeca-a-exportar-o-novo-hb20-para-a-colombia\/","url":"https:\/\/dana.com.br\/canaldana\/2023\/02\/15\/hyundai-comeca-a-exportar-o-novo-hb20-para-a-colombia\/","name":"Hyundai come\u00e7a a exportar o Novo HB20 para a Col\u00f4mbia - Canal Dana","isPartOf":{"@id":"https:\/\/dana.com.br\/canaldana\/#website"},"datePublished":"2023-02-15T12:12:59+00:00","author":{"@id":"https:\/\/dana.com.br\/canaldana\/#\/schema\/person\/3c21f22f56fcf3bc46b94bc60ea4fef6"},"breadcrumb":{"@id":"https:\/\/dana.com.br\/canaldana\/2023\/02\/15\/hyundai-comeca-a-exportar-o-novo-hb20-para-a-colombia\/#breadcrumb"},"inLanguage":"pt-BR","potentialAction":[{"@type":"ReadAction","target":["https:\/\/dana.com.br\/canaldana\/2023\/02\/15\/hyundai-comeca-a-exportar-o-novo-hb20-para-a-colombia\/"]}]},{"@type":"BreadcrumbList","@id":"https:\/\/dana.com.br\/canaldana\/2023\/02\/15\/hyundai-comeca-a-exportar-o-novo-hb20-para-a-colombia\/#breadcrumb","itemListElement":[{"@type":"ListItem","position":1,"name":"Home","item":"https:\/\/dana.com.br\/canaldana\/"},{"@type":"ListItem","position":2,"name":"Destaques","item":"https:\/\/dana.com.br\/canaldana\/destaques\/"},{"@type":"ListItem","position":3,"name":"Hyundai come\u00e7a a exportar o Novo HB20 para a Col\u00f4mbia"}]},{"@type":"WebSite","@id":"https:\/\/dana.com.br\/canaldana\/#website","url":"https:\/\/dana.com.br\/canaldana\/","name":"Canal Dana","description":"Informativo com as principais not\u00edcias da ind\u00fastria automotiva","potentialAction":[{"@type":"SearchAction","target":{"@type":"EntryPoint","urlTemplate":"https:\/\/dana.com.br\/canaldana\/?s={search_term_string}"},"query-input":{"@type":"PropertyValueSpecification","valueRequired":true,"valueName":"search_term_string"}}],"inLanguage":"pt-BR"},{"@type":"Person","@id":"https:\/\/dana.com.br\/canaldana\/#\/schema\/person\/3c21f22f56fcf3bc46b94bc60ea4fef6","name":"Canal Dana","image":{"@type":"ImageObject","inLanguage":"pt-BR","@id":"https:\/\/secure.gravatar.com\/avatar\/420aaf9278582877d9018637c6817617705899d2858d7572ef0fe59a6b6454b4?s=96&d=mm&r=g","url":"https:\/\/secure.gravatar.com\/avatar\/420aaf9278582877d9018637c6817617705899d2858d7572ef0fe59a6b6454b4?s=96&d=mm&r=g","contentUrl":"https:\/\/secure.gravatar.com\/avatar\/420aaf9278582877d9018637c6817617705899d2858d7572ef0fe59a6b6454b4?s=96&d=mm&r=g","caption":"Canal Dana"},"url":"https:\/\/dana.com.br\/canaldana\/author\/cdeditor\/"}]}},"_links":{"self":[{"href":"https:\/\/dana.com.br\/canaldana\/wp-json\/wp\/v2\/posts\/63843","targetHints":{"allow":["GET"]}}],"collection":[{"href":"https:\/\/dana.com.br\/canaldana\/wp-json\/wp\/v2\/posts"}],"about":[{"href":"https:\/\/dana.com.br\/canaldana\/wp-json\/wp\/v2\/types\/post"}],"author":[{"embeddable":true,"href":"https:\/\/dana.com.br\/canaldana\/wp-json\/wp\/v2\/users\/3"}],"replies":[{"embeddable":true,"href":"https:\/\/dana.com.br\/canaldana\/wp-json\/wp\/v2\/comments?post=63843"}],"version-history":[{"count":0,"href":"https:\/\/dana.com.br\/canaldana\/wp-json\/wp\/v2\/posts\/63843\/revisions"}],"wp:attachment":[{"href":"https:\/\/dana.com.br\/canaldana\/wp-json\/wp\/v2\/media?parent=63843"}],"wp:term":[{"taxonomy":"category","embeddable":true,"href":"https:\/\/dana.com.br\/canaldana\/wp-json\/wp\/v2\/categories?post=63843"},{"taxonomy":"post_tag","embeddable":true,"href":"https:\/\/dana.com.br\/canaldana\/wp-json\/wp\/v2\/tags?post=63843"}],"curies":[{"name":"wp","href":"https:\/\/api.w.org\/{rel}","templated":true}]}}