{"id":63841,"date":"2023-02-15T09:11:27","date_gmt":"2023-02-15T12:11:27","guid":{"rendered":"https:\/\/dana.com.br\/canaldana\/?p=63841"},"modified":"2023-02-15T09:11:27","modified_gmt":"2023-02-15T12:11:27","slug":"gwm-encaminha-desenvolvimento-de-fornecedores","status":"publish","type":"post","link":"https:\/\/dana.com.br\/canaldana\/2023\/02\/15\/gwm-encaminha-desenvolvimento-de-fornecedores\/","title":{"rendered":"GWM encaminha desenvolvimento de fornecedores"},"content":{"rendered":"<p><em>AutoInd\u00fastria <\/em><\/p>\n<p>&nbsp;<\/p>\n<p>A GWM empreende movimento em busca de compor cadeia local de fornecedores para a produ\u00e7\u00e3o de ve\u00edculos em Iracem\u00e1polis (SP). Ao mesmo tempo em que inicia opera\u00e7\u00e3o comercial com o Haval H6, a empresa trata de organizar conversas com parceiros.<\/p>\n<p>&nbsp;<\/p>\n<p>Segundo conta Ricardo Bastos, diretor de rela\u00e7\u00f5es institucionais e governamentais da GWM, uma primeira reuni\u00e3o com a diretoria do Sindipe\u00e7as j\u00e1 ocorreu. \u201cUma outra j\u00e1 est\u00e1 agendada para mar\u00e7o e, depois, seguir\u00e3o outras com os pr\u00f3prios fornecedores interessados.\u201d<\/p>\n<p>&nbsp;<\/p>\n<p>Programada para ligar a chave de produ\u00e7\u00e3o no ano que vem, a opera\u00e7\u00e3o brasileira da GWM se debru\u00e7a na defini\u00e7\u00e3o dos produtos que colocar\u00e1 em linha. Bastos adianta que ser\u00e3o tr\u00eas modelos, dois SUVs e uma picape, dentre eles modelos in\u00e9ditos ainda n\u00e3o lan\u00e7ados pela marca chinesa.<\/p>\n<p>&nbsp;<\/p>\n<p><strong>Ricardo Bastos &#8211; GWM<\/strong><\/p>\n<p>&nbsp;<\/p>\n<p>\u201cO Brasil \u00e9 o projeto da vez da companhia. Al\u00e9m da oportunidade, temos liberdade de escolha para a decis\u00e3o dos carros. Mas independentemente do modelo, o desejo \u00e9 por h\u00edbrido flex, tecnologia que mais fala com a realidade do Pa\u00eds.\u201d<\/p>\n<p>&nbsp;<\/p>\n<p>A escolha dos produtos para produ\u00e7\u00e3o nacional tamb\u00e9m servir\u00e1 para as adapta\u00e7\u00f5es na f\u00e1brica, como tamb\u00e9m providenciar ritmo nas atividades. A unidade de Iracem\u00e1polis nasceu pelas m\u00e3os da Mercedes-Benz para ser a casa do GLA e do Classe C com capacidade para 35 mil unidades\/ano.<\/p>\n<p>&nbsp;<\/p>\n<p>A GWM pretende dar f\u00f4lego \u00e0s linhas para 100 mil modelos anuais. Dentre os carros que pretende produzir aqui, portanto, algum deles dever\u00e1 ter perfil para atender demanda de maiores volumes. \u201cCome\u00e7amos a partir de uma superestrutura comprada da Mercedes-Benz, de uma base muito bem-feita que d\u00e1 seguran\u00e7a para o que encaminhamos para a opera\u00e7\u00e3o\u2019, resume Bastos.<\/p>\n<p>&nbsp;<\/p>\n<p>Pela avalia\u00e7\u00e3o do diretor, surpreende a velocidade para colocar de p\u00e9 toda a estrutura do neg\u00f3cio. A GWM oficializou a compra da f\u00e1brica de Iracem\u00e1polis em agosto de 2021, as entregas do primeiro modelo da marca do Pa\u00eds, o Haval H6, come\u00e7am em abril, quando j\u00e1 espera j\u00e1 ter boa parte da rede de 50 concession\u00e1rias incialmente planejadas com 28 grupos. A empresa, no entanto, programou 10 lan\u00e7amentos at\u00e9 2025. (AutoInd\u00fastria\/D\u00e9cio Costa)<\/p>\n","protected":false},"excerpt":{"rendered":"<p>AutoInd\u00fastria &nbsp; A GWM empreende movimento em busca de compor cadeia local de fornecedores para a produ\u00e7\u00e3o de ve\u00edculos em Iracem\u00e1polis (SP). Ao mesmo tempo em que inicia opera\u00e7\u00e3o comercial com o Haval H6, a empresa trata de organizar conversas com parceiros. &nbsp; Segundo conta Ricardo Bastos, diretor de rela\u00e7\u00f5es institucionais e governamentais da GWM,\u2026 <a class=\"readmore\" href=\"https:\/\/dana.com.br\/canaldana\/2023\/02\/15\/gwm-encaminha-desenvolvimento-de-fornecedores\/\">Leia mais \u00bb<\/a><\/p>\n","protected":false},"author":3,"featured_media":0,"comment_status":"closed","ping_status":"closed","sticky":false,"template":"","format":"standard","meta":{"_acf_changed":false,"footnotes":""},"categories":[61],"tags":[],"class_list":["post-63841","post","type-post","status-publish","format-standard","hentry","category-destaques"],"acf":[],"yoast_head":"<!-- This site is optimized with the Yoast SEO plugin v27.3 - https:\/\/yoast.com\/product\/yoast-seo-wordpress\/ -->\n<title>GWM encaminha desenvolvimento de fornecedores - Canal Dana<\/title>\n<meta name=\"robots\" content=\"index, follow, max-snippet:-1, max-image-preview:large, max-video-preview:-1\" \/>\n<link rel=\"canonical\" href=\"https:\/\/dana.com.br\/canaldana\/2023\/02\/15\/gwm-encaminha-desenvolvimento-de-fornecedores\/\" \/>\n<meta property=\"og:locale\" content=\"pt_BR\" \/>\n<meta property=\"og:type\" content=\"article\" \/>\n<meta property=\"og:title\" content=\"GWM encaminha desenvolvimento de fornecedores - Canal Dana\" \/>\n<meta property=\"og:description\" content=\"AutoInd\u00fastria &nbsp; A GWM empreende movimento em busca de compor cadeia local de fornecedores para a produ\u00e7\u00e3o de ve\u00edculos em Iracem\u00e1polis (SP). Ao mesmo tempo em que inicia opera\u00e7\u00e3o comercial com o Haval H6, a empresa trata de organizar conversas com parceiros. &nbsp; Segundo conta Ricardo Bastos, diretor de rela\u00e7\u00f5es institucionais e governamentais da GWM,\u2026 Leia mais \u00bb\" \/>\n<meta property=\"og:url\" content=\"https:\/\/dana.com.br\/canaldana\/2023\/02\/15\/gwm-encaminha-desenvolvimento-de-fornecedores\/\" \/>\n<meta property=\"og:site_name\" content=\"Canal Dana\" \/>\n<meta property=\"article:published_time\" content=\"2023-02-15T12:11:27+00:00\" \/>\n<meta name=\"author\" content=\"Canal Dana\" \/>\n<meta name=\"twitter:card\" content=\"summary_large_image\" \/>\n<meta name=\"twitter:label1\" content=\"Escrito por\" \/>\n\t<meta name=\"twitter:data1\" content=\"Canal Dana\" \/>\n\t<meta name=\"twitter:label2\" content=\"Est. tempo de leitura\" \/>\n\t<meta name=\"twitter:data2\" content=\"2 minutos\" \/>\n<script type=\"application\/ld+json\" class=\"yoast-schema-graph\">{\"@context\":\"https:\\\/\\\/schema.org\",\"@graph\":[{\"@type\":\"Article\",\"@id\":\"https:\\\/\\\/dana.com.br\\\/canaldana\\\/2023\\\/02\\\/15\\\/gwm-encaminha-desenvolvimento-de-fornecedores\\\/#article\",\"isPartOf\":{\"@id\":\"https:\\\/\\\/dana.com.br\\\/canaldana\\\/2023\\\/02\\\/15\\\/gwm-encaminha-desenvolvimento-de-fornecedores\\\/\"},\"author\":{\"name\":\"Canal Dana\",\"@id\":\"https:\\\/\\\/dana.com.br\\\/canaldana\\\/#\\\/schema\\\/person\\\/3c21f22f56fcf3bc46b94bc60ea4fef6\"},\"headline\":\"GWM encaminha desenvolvimento de fornecedores\",\"datePublished\":\"2023-02-15T12:11:27+00:00\",\"mainEntityOfPage\":{\"@id\":\"https:\\\/\\\/dana.com.br\\\/canaldana\\\/2023\\\/02\\\/15\\\/gwm-encaminha-desenvolvimento-de-fornecedores\\\/\"},\"wordCount\":395,\"articleSection\":[\"Destaques\"],\"inLanguage\":\"pt-BR\"},{\"@type\":\"WebPage\",\"@id\":\"https:\\\/\\\/dana.com.br\\\/canaldana\\\/2023\\\/02\\\/15\\\/gwm-encaminha-desenvolvimento-de-fornecedores\\\/\",\"url\":\"https:\\\/\\\/dana.com.br\\\/canaldana\\\/2023\\\/02\\\/15\\\/gwm-encaminha-desenvolvimento-de-fornecedores\\\/\",\"name\":\"GWM encaminha desenvolvimento de fornecedores - Canal Dana\",\"isPartOf\":{\"@id\":\"https:\\\/\\\/dana.com.br\\\/canaldana\\\/#website\"},\"datePublished\":\"2023-02-15T12:11:27+00:00\",\"author\":{\"@id\":\"https:\\\/\\\/dana.com.br\\\/canaldana\\\/#\\\/schema\\\/person\\\/3c21f22f56fcf3bc46b94bc60ea4fef6\"},\"breadcrumb\":{\"@id\":\"https:\\\/\\\/dana.com.br\\\/canaldana\\\/2023\\\/02\\\/15\\\/gwm-encaminha-desenvolvimento-de-fornecedores\\\/#breadcrumb\"},\"inLanguage\":\"pt-BR\",\"potentialAction\":[{\"@type\":\"ReadAction\",\"target\":[\"https:\\\/\\\/dana.com.br\\\/canaldana\\\/2023\\\/02\\\/15\\\/gwm-encaminha-desenvolvimento-de-fornecedores\\\/\"]}]},{\"@type\":\"BreadcrumbList\",\"@id\":\"https:\\\/\\\/dana.com.br\\\/canaldana\\\/2023\\\/02\\\/15\\\/gwm-encaminha-desenvolvimento-de-fornecedores\\\/#breadcrumb\",\"itemListElement\":[{\"@type\":\"ListItem\",\"position\":1,\"name\":\"Home\",\"item\":\"https:\\\/\\\/dana.com.br\\\/canaldana\\\/\"},{\"@type\":\"ListItem\",\"position\":2,\"name\":\"Destaques\",\"item\":\"https:\\\/\\\/dana.com.br\\\/canaldana\\\/destaques\\\/\"},{\"@type\":\"ListItem\",\"position\":3,\"name\":\"GWM encaminha desenvolvimento de fornecedores\"}]},{\"@type\":\"WebSite\",\"@id\":\"https:\\\/\\\/dana.com.br\\\/canaldana\\\/#website\",\"url\":\"https:\\\/\\\/dana.com.br\\\/canaldana\\\/\",\"name\":\"Canal Dana\",\"description\":\"Informativo com as principais not\u00edcias da ind\u00fastria automotiva\",\"potentialAction\":[{\"@type\":\"SearchAction\",\"target\":{\"@type\":\"EntryPoint\",\"urlTemplate\":\"https:\\\/\\\/dana.com.br\\\/canaldana\\\/?s={search_term_string}\"},\"query-input\":{\"@type\":\"PropertyValueSpecification\",\"valueRequired\":true,\"valueName\":\"search_term_string\"}}],\"inLanguage\":\"pt-BR\"},{\"@type\":\"Person\",\"@id\":\"https:\\\/\\\/dana.com.br\\\/canaldana\\\/#\\\/schema\\\/person\\\/3c21f22f56fcf3bc46b94bc60ea4fef6\",\"name\":\"Canal Dana\",\"image\":{\"@type\":\"ImageObject\",\"inLanguage\":\"pt-BR\",\"@id\":\"https:\\\/\\\/secure.gravatar.com\\\/avatar\\\/420aaf9278582877d9018637c6817617705899d2858d7572ef0fe59a6b6454b4?s=96&d=mm&r=g\",\"url\":\"https:\\\/\\\/secure.gravatar.com\\\/avatar\\\/420aaf9278582877d9018637c6817617705899d2858d7572ef0fe59a6b6454b4?s=96&d=mm&r=g\",\"contentUrl\":\"https:\\\/\\\/secure.gravatar.com\\\/avatar\\\/420aaf9278582877d9018637c6817617705899d2858d7572ef0fe59a6b6454b4?s=96&d=mm&r=g\",\"caption\":\"Canal Dana\"},\"url\":\"https:\\\/\\\/dana.com.br\\\/canaldana\\\/author\\\/cdeditor\\\/\"}]}<\/script>\n<!-- \/ Yoast SEO plugin. -->","yoast_head_json":{"title":"GWM encaminha desenvolvimento de fornecedores - Canal Dana","robots":{"index":"index","follow":"follow","max-snippet":"max-snippet:-1","max-image-preview":"max-image-preview:large","max-video-preview":"max-video-preview:-1"},"canonical":"https:\/\/dana.com.br\/canaldana\/2023\/02\/15\/gwm-encaminha-desenvolvimento-de-fornecedores\/","og_locale":"pt_BR","og_type":"article","og_title":"GWM encaminha desenvolvimento de fornecedores - Canal Dana","og_description":"AutoInd\u00fastria &nbsp; A GWM empreende movimento em busca de compor cadeia local de fornecedores para a produ\u00e7\u00e3o de ve\u00edculos em Iracem\u00e1polis (SP). Ao mesmo tempo em que inicia opera\u00e7\u00e3o comercial com o Haval H6, a empresa trata de organizar conversas com parceiros. &nbsp; Segundo conta Ricardo Bastos, diretor de rela\u00e7\u00f5es institucionais e governamentais da GWM,\u2026 Leia mais \u00bb","og_url":"https:\/\/dana.com.br\/canaldana\/2023\/02\/15\/gwm-encaminha-desenvolvimento-de-fornecedores\/","og_site_name":"Canal Dana","article_published_time":"2023-02-15T12:11:27+00:00","author":"Canal Dana","twitter_card":"summary_large_image","twitter_misc":{"Escrito por":"Canal Dana","Est. tempo de leitura":"2 minutos"},"schema":{"@context":"https:\/\/schema.org","@graph":[{"@type":"Article","@id":"https:\/\/dana.com.br\/canaldana\/2023\/02\/15\/gwm-encaminha-desenvolvimento-de-fornecedores\/#article","isPartOf":{"@id":"https:\/\/dana.com.br\/canaldana\/2023\/02\/15\/gwm-encaminha-desenvolvimento-de-fornecedores\/"},"author":{"name":"Canal Dana","@id":"https:\/\/dana.com.br\/canaldana\/#\/schema\/person\/3c21f22f56fcf3bc46b94bc60ea4fef6"},"headline":"GWM encaminha desenvolvimento de fornecedores","datePublished":"2023-02-15T12:11:27+00:00","mainEntityOfPage":{"@id":"https:\/\/dana.com.br\/canaldana\/2023\/02\/15\/gwm-encaminha-desenvolvimento-de-fornecedores\/"},"wordCount":395,"articleSection":["Destaques"],"inLanguage":"pt-BR"},{"@type":"WebPage","@id":"https:\/\/dana.com.br\/canaldana\/2023\/02\/15\/gwm-encaminha-desenvolvimento-de-fornecedores\/","url":"https:\/\/dana.com.br\/canaldana\/2023\/02\/15\/gwm-encaminha-desenvolvimento-de-fornecedores\/","name":"GWM encaminha desenvolvimento de fornecedores - Canal Dana","isPartOf":{"@id":"https:\/\/dana.com.br\/canaldana\/#website"},"datePublished":"2023-02-15T12:11:27+00:00","author":{"@id":"https:\/\/dana.com.br\/canaldana\/#\/schema\/person\/3c21f22f56fcf3bc46b94bc60ea4fef6"},"breadcrumb":{"@id":"https:\/\/dana.com.br\/canaldana\/2023\/02\/15\/gwm-encaminha-desenvolvimento-de-fornecedores\/#breadcrumb"},"inLanguage":"pt-BR","potentialAction":[{"@type":"ReadAction","target":["https:\/\/dana.com.br\/canaldana\/2023\/02\/15\/gwm-encaminha-desenvolvimento-de-fornecedores\/"]}]},{"@type":"BreadcrumbList","@id":"https:\/\/dana.com.br\/canaldana\/2023\/02\/15\/gwm-encaminha-desenvolvimento-de-fornecedores\/#breadcrumb","itemListElement":[{"@type":"ListItem","position":1,"name":"Home","item":"https:\/\/dana.com.br\/canaldana\/"},{"@type":"ListItem","position":2,"name":"Destaques","item":"https:\/\/dana.com.br\/canaldana\/destaques\/"},{"@type":"ListItem","position":3,"name":"GWM encaminha desenvolvimento de fornecedores"}]},{"@type":"WebSite","@id":"https:\/\/dana.com.br\/canaldana\/#website","url":"https:\/\/dana.com.br\/canaldana\/","name":"Canal Dana","description":"Informativo com as principais not\u00edcias da ind\u00fastria automotiva","potentialAction":[{"@type":"SearchAction","target":{"@type":"EntryPoint","urlTemplate":"https:\/\/dana.com.br\/canaldana\/?s={search_term_string}"},"query-input":{"@type":"PropertyValueSpecification","valueRequired":true,"valueName":"search_term_string"}}],"inLanguage":"pt-BR"},{"@type":"Person","@id":"https:\/\/dana.com.br\/canaldana\/#\/schema\/person\/3c21f22f56fcf3bc46b94bc60ea4fef6","name":"Canal Dana","image":{"@type":"ImageObject","inLanguage":"pt-BR","@id":"https:\/\/secure.gravatar.com\/avatar\/420aaf9278582877d9018637c6817617705899d2858d7572ef0fe59a6b6454b4?s=96&d=mm&r=g","url":"https:\/\/secure.gravatar.com\/avatar\/420aaf9278582877d9018637c6817617705899d2858d7572ef0fe59a6b6454b4?s=96&d=mm&r=g","contentUrl":"https:\/\/secure.gravatar.com\/avatar\/420aaf9278582877d9018637c6817617705899d2858d7572ef0fe59a6b6454b4?s=96&d=mm&r=g","caption":"Canal Dana"},"url":"https:\/\/dana.com.br\/canaldana\/author\/cdeditor\/"}]}},"_links":{"self":[{"href":"https:\/\/dana.com.br\/canaldana\/wp-json\/wp\/v2\/posts\/63841","targetHints":{"allow":["GET"]}}],"collection":[{"href":"https:\/\/dana.com.br\/canaldana\/wp-json\/wp\/v2\/posts"}],"about":[{"href":"https:\/\/dana.com.br\/canaldana\/wp-json\/wp\/v2\/types\/post"}],"author":[{"embeddable":true,"href":"https:\/\/dana.com.br\/canaldana\/wp-json\/wp\/v2\/users\/3"}],"replies":[{"embeddable":true,"href":"https:\/\/dana.com.br\/canaldana\/wp-json\/wp\/v2\/comments?post=63841"}],"version-history":[{"count":0,"href":"https:\/\/dana.com.br\/canaldana\/wp-json\/wp\/v2\/posts\/63841\/revisions"}],"wp:attachment":[{"href":"https:\/\/dana.com.br\/canaldana\/wp-json\/wp\/v2\/media?parent=63841"}],"wp:term":[{"taxonomy":"category","embeddable":true,"href":"https:\/\/dana.com.br\/canaldana\/wp-json\/wp\/v2\/categories?post=63841"},{"taxonomy":"post_tag","embeddable":true,"href":"https:\/\/dana.com.br\/canaldana\/wp-json\/wp\/v2\/tags?post=63841"}],"curies":[{"name":"wp","href":"https:\/\/api.w.org\/{rel}","templated":true}]}}