{"id":63823,"date":"2023-02-15T09:06:08","date_gmt":"2023-02-15T12:06:08","guid":{"rendered":"https:\/\/dana.com.br\/canaldana\/?p=63823"},"modified":"2023-02-15T09:06:08","modified_gmt":"2023-02-15T12:06:08","slug":"seres-brasil-comeca-a-vender-seus-veiculos-100-eletricos","status":"publish","type":"post","link":"https:\/\/dana.com.br\/canaldana\/2023\/02\/15\/seres-brasil-comeca-a-vender-seus-veiculos-100-eletricos\/","title":{"rendered":"Seres Brasil come\u00e7a a vender seus ve\u00edculos 100% el\u00e9tricos"},"content":{"rendered":"<p><em>O Estado de S. Paulo\/Mobilidade <\/em><\/p>\n<p>&nbsp;<\/p>\n<p>Com bagagem de mais de 35 anos em montadoras como Ford, Hyundai e Renault, o executivo C\u00e1ssio Pagliarini tem vasto conhecimento das entranhas do mercado automotivo brasileiro. N\u00e3o \u00e0 toa foi escalado pela Seres para comandar o in\u00edcio das atividades da marca chinesa no Pa\u00eds, n\u00e3o como subsidi\u00e1ria, mas como opera\u00e7\u00e3o independente, que leva o nome de Seres Brasil e que \u00e9 acompanhada com especial interesse pelos dirigentes da matriz. Em entrevista ao Mobilidade, Pagliarini revela a estrat\u00e9gia comercial da empresa.<\/p>\n<p>&nbsp;<\/p>\n<p><strong>Por que a Seres resolveu entrar no mercado brasileiro? <\/strong><\/p>\n<p><strong>C\u00e1ssio Pagliarini: <\/strong>A Seres Brasil n\u00e3o \u00e9 subsidi\u00e1ria. Ela chegou ao Pa\u00eds por iniciativa de um grupo nacional \u2013 com grande experi\u00eancia na \u00e1rea automotiva \u2013, que vai importar os autom\u00f3veis. Na China, a empresa foi criada com capital das marcas Dongfeng e Sokon, e come\u00e7ou a produzir comerciais leves nos Estados Unidos. Aqui, teremos todo o acompanhamento dos executivos da matriz, interessados no potencial do mercado local.<\/p>\n<p>&nbsp;<\/p>\n<p><strong>A Seres ainda \u00e9 uma marca desconhecida no Brasil. Como conquistar a confian\u00e7a do comprador? <\/strong><\/p>\n<p><strong>Pagliarini:<\/strong> S\u00f3 vamos oferecer ve\u00edculos eletrificados com elevado n\u00edvel de sofistica\u00e7\u00e3o e tecnologia e pre\u00e7os bastante competitivos, justamente para que a marca crie uma imagem forte no Pa\u00eds. Para ter ideia do compromisso com a qualidade, em 2018, a empresa de tecnologia Huawei, uma das fornecedoras da Seres, estava tendo problemas com o ent\u00e3o presidente Donald Trump, dos Estados Unidos. A Seres voltou para sua base, na China, substituiu alguns componentes e redesenhou o SUV Seres 5 EVR, apresentado no Sal\u00e3o de Bruxelas (B\u00e9lgica), em janeiro.<\/p>\n<p>&nbsp;<\/p>\n<p><strong>Qual \u00e9 a expectativa de vendas do primeiro lote que desembarcou no Brasil recentemente? <\/strong><\/p>\n<p><strong>Pagliarini:<\/strong> Nossos autom\u00f3veis n\u00e3o ter\u00e3o venda em massa; por isso, n\u00e3o haver\u00e1 nenhuma avalanche de pedidos. E nem \u00e9 o nosso prop\u00f3sito. Acreditamos no potencial dos produtos e faremos uma divulga\u00e7\u00e3o diferenciada para cada um deles. Nosso carro-chefe \u00e9 o Seres 5 EVR, que chegou no primeiro lote juntamente com outro SUV el\u00e9trico, o Seres 3. As vendas come\u00e7am em mar\u00e7o e eles custam, respectivamente, R$ 440.000 e R$ 240.000. Dois ve\u00edculos comerciais leves el\u00e9tricos, o ba\u00fa EC31 (R$ 239.900) e o furg\u00e3o de carga EC35 (R$ 229.900), est\u00e3o em homologa\u00e7\u00e3o. Nasceram para uso urbano e entregam autonomia de 300 quil\u00f4metros.<\/p>\n<p>&nbsp;<\/p>\n<p>A demanda por utilit\u00e1rios, no Brasil, cresceu demais, por causa das vendas online. No entanto, as vans s\u00e3o muito pequenas ou muito grandes. O EC31 e o EC35 oferecem a medida certa para transportar as encomendas. Particularmente, acredito que o EC31 ter\u00e1 mais repercuss\u00e3o. Se der tudo certo, venderemos 600 unidades em 2023.<\/p>\n<p>&nbsp;<\/p>\n<p><strong>Uma das preocupa\u00e7\u00f5es do comprador diante de uma marca ainda desconhecida \u00e9 o p\u00f3s-venda. Como a Seres Brasil trabalha esse aspecto? <\/strong><\/p>\n<p><strong>Pagliarini:<\/strong> A assist\u00eancia t\u00e9cnica ao propriet\u00e1rio ser\u00e1 total. Em cada cidade onde o carro for vendido haver\u00e1 uma oficina homologada, al\u00e9m do estoque de pe\u00e7as central para atender \u00e0s localidades. Vale lembrar que a manuten\u00e7\u00e3o de ve\u00edculos el\u00e9tricos \u00e9 mais simples e a revis\u00e3o programada de nossos modelos acontece em intervalos de 20 mil quil\u00f4metros, e n\u00e3o de 10 mil.<\/p>\n<p>&nbsp;<\/p>\n<p><strong>Como v\u00e3o funcionar as vendas dos carros somente pela internet? <\/strong><\/p>\n<p><strong>Pagliarini:<\/strong> Elas acontecer\u00e3o por meio das plataformas digitais. O interessado entra no site seresmotors.com.br, se cadastra como cliente e faz a reser va do autom\u00f3vel. Todo o processo \u00e9 r\u00e1pido e f\u00e1cil. \u00c9 bom dizer, por\u00e9m, que ele poder\u00e1 realizar o test drive para conhecer o modelo na pr\u00e1tica e que teremos representantes comerciais espalhados pelo Brasil para atender e ajudar o comprador.<\/p>\n<p>&nbsp;<\/p>\n<p><strong>Quais s\u00e3o os concorrentes da Seres no Brasil? <\/strong><\/p>\n<p><strong>Pagliarini:<\/strong> Temos condi\u00e7\u00f5es de rivalizar com o Jeep Compass h\u00edbrido e com os modelos da BYD, pois nossos autom\u00f3veis s\u00e3o bonitos, tecnol\u00f3gicos, t\u00eam acabamento refinado e s\u00e3o gostosos de dirigir.<\/p>\n<p>&nbsp;<\/p>\n<p><strong>Ao vender somente ve\u00edculos el\u00e9tricos, a Seres demonstra apostar no avan\u00e7o da mobilidade el\u00e9trica no Brasil? <\/strong><\/p>\n<p><strong>Pagliarini:<\/strong> Nos \u00faltimos quatro anos, nenhuma a\u00e7\u00e3o foi feita para o avan\u00e7o da eletromobilidade no Pa\u00eds. Para ser bem sincero, vivemos um v\u00e1cuo de atitudes mais efetivas nessa \u00e1rea. H\u00e1 muita coisa a ser feita, como melhorar a qualidade dos eletropostos e reduzir o imposto de impor ta\u00e7\u00e3o. Para mim, \u00e9 preciso expandir cada vez mais o conceito da mobilidade urbana. (O Estado de S. Paulo\/Mobilidade\/M\u00e1rio S\u00e9rgio Venditti)<\/p>\n","protected":false},"excerpt":{"rendered":"<p>O Estado de S. Paulo\/Mobilidade &nbsp; Com bagagem de mais de 35 anos em montadoras como Ford, Hyundai e Renault, o executivo C\u00e1ssio Pagliarini tem vasto conhecimento das entranhas do mercado automotivo brasileiro. N\u00e3o \u00e0 toa foi escalado pela Seres para comandar o in\u00edcio das atividades da marca chinesa no Pa\u00eds, n\u00e3o como subsidi\u00e1ria, mas\u2026 <a class=\"readmore\" href=\"https:\/\/dana.com.br\/canaldana\/2023\/02\/15\/seres-brasil-comeca-a-vender-seus-veiculos-100-eletricos\/\">Leia mais \u00bb<\/a><\/p>\n","protected":false},"author":3,"featured_media":0,"comment_status":"closed","ping_status":"closed","sticky":false,"template":"","format":"standard","meta":{"_acf_changed":false,"footnotes":""},"categories":[52],"tags":[],"class_list":["post-63823","post","type-post","status-publish","format-standard","hentry","category-entrevista"],"acf":[],"yoast_head":"<!-- This site is optimized with the Yoast SEO plugin v27.3 - https:\/\/yoast.com\/product\/yoast-seo-wordpress\/ -->\n<title>Seres Brasil come\u00e7a a vender seus ve\u00edculos 100% el\u00e9tricos - Canal Dana<\/title>\n<meta name=\"robots\" content=\"index, follow, max-snippet:-1, max-image-preview:large, max-video-preview:-1\" \/>\n<link rel=\"canonical\" href=\"https:\/\/dana.com.br\/canaldana\/2023\/02\/15\/seres-brasil-comeca-a-vender-seus-veiculos-100-eletricos\/\" \/>\n<meta property=\"og:locale\" content=\"pt_BR\" \/>\n<meta property=\"og:type\" content=\"article\" \/>\n<meta property=\"og:title\" content=\"Seres Brasil come\u00e7a a vender seus ve\u00edculos 100% el\u00e9tricos - Canal Dana\" \/>\n<meta property=\"og:description\" content=\"O Estado de S. Paulo\/Mobilidade &nbsp; Com bagagem de mais de 35 anos em montadoras como Ford, Hyundai e Renault, o executivo C\u00e1ssio Pagliarini tem vasto conhecimento das entranhas do mercado automotivo brasileiro. N\u00e3o \u00e0 toa foi escalado pela Seres para comandar o in\u00edcio das atividades da marca chinesa no Pa\u00eds, n\u00e3o como subsidi\u00e1ria, mas\u2026 Leia mais \u00bb\" \/>\n<meta property=\"og:url\" content=\"https:\/\/dana.com.br\/canaldana\/2023\/02\/15\/seres-brasil-comeca-a-vender-seus-veiculos-100-eletricos\/\" \/>\n<meta property=\"og:site_name\" content=\"Canal Dana\" \/>\n<meta property=\"article:published_time\" content=\"2023-02-15T12:06:08+00:00\" \/>\n<meta name=\"author\" content=\"Canal Dana\" \/>\n<meta name=\"twitter:card\" content=\"summary_large_image\" \/>\n<meta name=\"twitter:label1\" content=\"Escrito por\" \/>\n\t<meta name=\"twitter:data1\" content=\"Canal Dana\" \/>\n\t<meta name=\"twitter:label2\" content=\"Est. tempo de leitura\" \/>\n\t<meta name=\"twitter:data2\" content=\"4 minutos\" \/>\n<script type=\"application\/ld+json\" class=\"yoast-schema-graph\">{\"@context\":\"https:\\\/\\\/schema.org\",\"@graph\":[{\"@type\":\"Article\",\"@id\":\"https:\\\/\\\/dana.com.br\\\/canaldana\\\/2023\\\/02\\\/15\\\/seres-brasil-comeca-a-vender-seus-veiculos-100-eletricos\\\/#article\",\"isPartOf\":{\"@id\":\"https:\\\/\\\/dana.com.br\\\/canaldana\\\/2023\\\/02\\\/15\\\/seres-brasil-comeca-a-vender-seus-veiculos-100-eletricos\\\/\"},\"author\":{\"name\":\"Canal Dana\",\"@id\":\"https:\\\/\\\/dana.com.br\\\/canaldana\\\/#\\\/schema\\\/person\\\/3c21f22f56fcf3bc46b94bc60ea4fef6\"},\"headline\":\"Seres Brasil come\u00e7a a vender seus ve\u00edculos 100% el\u00e9tricos\",\"datePublished\":\"2023-02-15T12:06:08+00:00\",\"mainEntityOfPage\":{\"@id\":\"https:\\\/\\\/dana.com.br\\\/canaldana\\\/2023\\\/02\\\/15\\\/seres-brasil-comeca-a-vender-seus-veiculos-100-eletricos\\\/\"},\"wordCount\":786,\"articleSection\":[\"Entrevista\"],\"inLanguage\":\"pt-BR\"},{\"@type\":\"WebPage\",\"@id\":\"https:\\\/\\\/dana.com.br\\\/canaldana\\\/2023\\\/02\\\/15\\\/seres-brasil-comeca-a-vender-seus-veiculos-100-eletricos\\\/\",\"url\":\"https:\\\/\\\/dana.com.br\\\/canaldana\\\/2023\\\/02\\\/15\\\/seres-brasil-comeca-a-vender-seus-veiculos-100-eletricos\\\/\",\"name\":\"Seres Brasil come\u00e7a a vender seus ve\u00edculos 100% el\u00e9tricos - Canal Dana\",\"isPartOf\":{\"@id\":\"https:\\\/\\\/dana.com.br\\\/canaldana\\\/#website\"},\"datePublished\":\"2023-02-15T12:06:08+00:00\",\"author\":{\"@id\":\"https:\\\/\\\/dana.com.br\\\/canaldana\\\/#\\\/schema\\\/person\\\/3c21f22f56fcf3bc46b94bc60ea4fef6\"},\"breadcrumb\":{\"@id\":\"https:\\\/\\\/dana.com.br\\\/canaldana\\\/2023\\\/02\\\/15\\\/seres-brasil-comeca-a-vender-seus-veiculos-100-eletricos\\\/#breadcrumb\"},\"inLanguage\":\"pt-BR\",\"potentialAction\":[{\"@type\":\"ReadAction\",\"target\":[\"https:\\\/\\\/dana.com.br\\\/canaldana\\\/2023\\\/02\\\/15\\\/seres-brasil-comeca-a-vender-seus-veiculos-100-eletricos\\\/\"]}]},{\"@type\":\"BreadcrumbList\",\"@id\":\"https:\\\/\\\/dana.com.br\\\/canaldana\\\/2023\\\/02\\\/15\\\/seres-brasil-comeca-a-vender-seus-veiculos-100-eletricos\\\/#breadcrumb\",\"itemListElement\":[{\"@type\":\"ListItem\",\"position\":1,\"name\":\"Home\",\"item\":\"https:\\\/\\\/dana.com.br\\\/canaldana\\\/\"},{\"@type\":\"ListItem\",\"position\":2,\"name\":\"Entrevista\",\"item\":\"https:\\\/\\\/dana.com.br\\\/canaldana\\\/entrevista\\\/\"},{\"@type\":\"ListItem\",\"position\":3,\"name\":\"Seres Brasil come\u00e7a a vender seus ve\u00edculos 100% el\u00e9tricos\"}]},{\"@type\":\"WebSite\",\"@id\":\"https:\\\/\\\/dana.com.br\\\/canaldana\\\/#website\",\"url\":\"https:\\\/\\\/dana.com.br\\\/canaldana\\\/\",\"name\":\"Canal Dana\",\"description\":\"Informativo com as principais not\u00edcias da ind\u00fastria automotiva\",\"potentialAction\":[{\"@type\":\"SearchAction\",\"target\":{\"@type\":\"EntryPoint\",\"urlTemplate\":\"https:\\\/\\\/dana.com.br\\\/canaldana\\\/?s={search_term_string}\"},\"query-input\":{\"@type\":\"PropertyValueSpecification\",\"valueRequired\":true,\"valueName\":\"search_term_string\"}}],\"inLanguage\":\"pt-BR\"},{\"@type\":\"Person\",\"@id\":\"https:\\\/\\\/dana.com.br\\\/canaldana\\\/#\\\/schema\\\/person\\\/3c21f22f56fcf3bc46b94bc60ea4fef6\",\"name\":\"Canal Dana\",\"image\":{\"@type\":\"ImageObject\",\"inLanguage\":\"pt-BR\",\"@id\":\"https:\\\/\\\/secure.gravatar.com\\\/avatar\\\/420aaf9278582877d9018637c6817617705899d2858d7572ef0fe59a6b6454b4?s=96&d=mm&r=g\",\"url\":\"https:\\\/\\\/secure.gravatar.com\\\/avatar\\\/420aaf9278582877d9018637c6817617705899d2858d7572ef0fe59a6b6454b4?s=96&d=mm&r=g\",\"contentUrl\":\"https:\\\/\\\/secure.gravatar.com\\\/avatar\\\/420aaf9278582877d9018637c6817617705899d2858d7572ef0fe59a6b6454b4?s=96&d=mm&r=g\",\"caption\":\"Canal Dana\"},\"url\":\"https:\\\/\\\/dana.com.br\\\/canaldana\\\/author\\\/cdeditor\\\/\"}]}<\/script>\n<!-- \/ Yoast SEO plugin. -->","yoast_head_json":{"title":"Seres Brasil come\u00e7a a vender seus ve\u00edculos 100% el\u00e9tricos - Canal Dana","robots":{"index":"index","follow":"follow","max-snippet":"max-snippet:-1","max-image-preview":"max-image-preview:large","max-video-preview":"max-video-preview:-1"},"canonical":"https:\/\/dana.com.br\/canaldana\/2023\/02\/15\/seres-brasil-comeca-a-vender-seus-veiculos-100-eletricos\/","og_locale":"pt_BR","og_type":"article","og_title":"Seres Brasil come\u00e7a a vender seus ve\u00edculos 100% el\u00e9tricos - Canal Dana","og_description":"O Estado de S. Paulo\/Mobilidade &nbsp; Com bagagem de mais de 35 anos em montadoras como Ford, Hyundai e Renault, o executivo C\u00e1ssio Pagliarini tem vasto conhecimento das entranhas do mercado automotivo brasileiro. N\u00e3o \u00e0 toa foi escalado pela Seres para comandar o in\u00edcio das atividades da marca chinesa no Pa\u00eds, n\u00e3o como subsidi\u00e1ria, mas\u2026 Leia mais \u00bb","og_url":"https:\/\/dana.com.br\/canaldana\/2023\/02\/15\/seres-brasil-comeca-a-vender-seus-veiculos-100-eletricos\/","og_site_name":"Canal Dana","article_published_time":"2023-02-15T12:06:08+00:00","author":"Canal Dana","twitter_card":"summary_large_image","twitter_misc":{"Escrito por":"Canal Dana","Est. tempo de leitura":"4 minutos"},"schema":{"@context":"https:\/\/schema.org","@graph":[{"@type":"Article","@id":"https:\/\/dana.com.br\/canaldana\/2023\/02\/15\/seres-brasil-comeca-a-vender-seus-veiculos-100-eletricos\/#article","isPartOf":{"@id":"https:\/\/dana.com.br\/canaldana\/2023\/02\/15\/seres-brasil-comeca-a-vender-seus-veiculos-100-eletricos\/"},"author":{"name":"Canal Dana","@id":"https:\/\/dana.com.br\/canaldana\/#\/schema\/person\/3c21f22f56fcf3bc46b94bc60ea4fef6"},"headline":"Seres Brasil come\u00e7a a vender seus ve\u00edculos 100% el\u00e9tricos","datePublished":"2023-02-15T12:06:08+00:00","mainEntityOfPage":{"@id":"https:\/\/dana.com.br\/canaldana\/2023\/02\/15\/seres-brasil-comeca-a-vender-seus-veiculos-100-eletricos\/"},"wordCount":786,"articleSection":["Entrevista"],"inLanguage":"pt-BR"},{"@type":"WebPage","@id":"https:\/\/dana.com.br\/canaldana\/2023\/02\/15\/seres-brasil-comeca-a-vender-seus-veiculos-100-eletricos\/","url":"https:\/\/dana.com.br\/canaldana\/2023\/02\/15\/seres-brasil-comeca-a-vender-seus-veiculos-100-eletricos\/","name":"Seres Brasil come\u00e7a a vender seus ve\u00edculos 100% el\u00e9tricos - Canal Dana","isPartOf":{"@id":"https:\/\/dana.com.br\/canaldana\/#website"},"datePublished":"2023-02-15T12:06:08+00:00","author":{"@id":"https:\/\/dana.com.br\/canaldana\/#\/schema\/person\/3c21f22f56fcf3bc46b94bc60ea4fef6"},"breadcrumb":{"@id":"https:\/\/dana.com.br\/canaldana\/2023\/02\/15\/seres-brasil-comeca-a-vender-seus-veiculos-100-eletricos\/#breadcrumb"},"inLanguage":"pt-BR","potentialAction":[{"@type":"ReadAction","target":["https:\/\/dana.com.br\/canaldana\/2023\/02\/15\/seres-brasil-comeca-a-vender-seus-veiculos-100-eletricos\/"]}]},{"@type":"BreadcrumbList","@id":"https:\/\/dana.com.br\/canaldana\/2023\/02\/15\/seres-brasil-comeca-a-vender-seus-veiculos-100-eletricos\/#breadcrumb","itemListElement":[{"@type":"ListItem","position":1,"name":"Home","item":"https:\/\/dana.com.br\/canaldana\/"},{"@type":"ListItem","position":2,"name":"Entrevista","item":"https:\/\/dana.com.br\/canaldana\/entrevista\/"},{"@type":"ListItem","position":3,"name":"Seres Brasil come\u00e7a a vender seus ve\u00edculos 100% el\u00e9tricos"}]},{"@type":"WebSite","@id":"https:\/\/dana.com.br\/canaldana\/#website","url":"https:\/\/dana.com.br\/canaldana\/","name":"Canal Dana","description":"Informativo com as principais not\u00edcias da ind\u00fastria automotiva","potentialAction":[{"@type":"SearchAction","target":{"@type":"EntryPoint","urlTemplate":"https:\/\/dana.com.br\/canaldana\/?s={search_term_string}"},"query-input":{"@type":"PropertyValueSpecification","valueRequired":true,"valueName":"search_term_string"}}],"inLanguage":"pt-BR"},{"@type":"Person","@id":"https:\/\/dana.com.br\/canaldana\/#\/schema\/person\/3c21f22f56fcf3bc46b94bc60ea4fef6","name":"Canal Dana","image":{"@type":"ImageObject","inLanguage":"pt-BR","@id":"https:\/\/secure.gravatar.com\/avatar\/420aaf9278582877d9018637c6817617705899d2858d7572ef0fe59a6b6454b4?s=96&d=mm&r=g","url":"https:\/\/secure.gravatar.com\/avatar\/420aaf9278582877d9018637c6817617705899d2858d7572ef0fe59a6b6454b4?s=96&d=mm&r=g","contentUrl":"https:\/\/secure.gravatar.com\/avatar\/420aaf9278582877d9018637c6817617705899d2858d7572ef0fe59a6b6454b4?s=96&d=mm&r=g","caption":"Canal Dana"},"url":"https:\/\/dana.com.br\/canaldana\/author\/cdeditor\/"}]}},"_links":{"self":[{"href":"https:\/\/dana.com.br\/canaldana\/wp-json\/wp\/v2\/posts\/63823","targetHints":{"allow":["GET"]}}],"collection":[{"href":"https:\/\/dana.com.br\/canaldana\/wp-json\/wp\/v2\/posts"}],"about":[{"href":"https:\/\/dana.com.br\/canaldana\/wp-json\/wp\/v2\/types\/post"}],"author":[{"embeddable":true,"href":"https:\/\/dana.com.br\/canaldana\/wp-json\/wp\/v2\/users\/3"}],"replies":[{"embeddable":true,"href":"https:\/\/dana.com.br\/canaldana\/wp-json\/wp\/v2\/comments?post=63823"}],"version-history":[{"count":0,"href":"https:\/\/dana.com.br\/canaldana\/wp-json\/wp\/v2\/posts\/63823\/revisions"}],"wp:attachment":[{"href":"https:\/\/dana.com.br\/canaldana\/wp-json\/wp\/v2\/media?parent=63823"}],"wp:term":[{"taxonomy":"category","embeddable":true,"href":"https:\/\/dana.com.br\/canaldana\/wp-json\/wp\/v2\/categories?post=63823"},{"taxonomy":"post_tag","embeddable":true,"href":"https:\/\/dana.com.br\/canaldana\/wp-json\/wp\/v2\/tags?post=63823"}],"curies":[{"name":"wp","href":"https:\/\/api.w.org\/{rel}","templated":true}]}}