{"id":63819,"date":"2023-02-15T09:04:28","date_gmt":"2023-02-15T12:04:28","guid":{"rendered":"https:\/\/dana.com.br\/canaldana\/?p=63819"},"modified":"2023-02-15T09:04:28","modified_gmt":"2023-02-15T12:04:28","slug":"mobilidade-eletrica-no-rio-grande-do-sul-cresce-mais-de-35","status":"publish","type":"post","link":"https:\/\/dana.com.br\/canaldana\/2023\/02\/15\/mobilidade-eletrica-no-rio-grande-do-sul-cresce-mais-de-35\/","title":{"rendered":"Mobilidade el\u00e9trica no Rio Grande do Sul cresce mais de 35%"},"content":{"rendered":"<p><em>Coisas de Agora<\/em><\/p>\n<p>&nbsp;<\/p>\n<p>Ainda atr\u00e1s de diversos estados do Brasil como S\u00e3o Paulo, Minas, Rio de Janeiro e Paran\u00e1, por exemplo, o desempenho ga\u00facho em mobilidade el\u00e9trica teve um crescimento exponencial no ano passado, passando um pouco mais dos 35% se comparado a igual per\u00edodo do ano anterior, primeiros sete meses, a saber, de acordo com a ABVE (Associa\u00e7\u00e3o Brasileira de Ve\u00edculos El\u00e9tricos).<\/p>\n<p>&nbsp;<\/p>\n<p>O Rio Grande do Sul conta atualmente com quase 4 mil ve\u00edculos el\u00e9tricos, de acordo com o \u00faltimo levantamento informado pela Secretaria Estadual da Fazenda, dos quais a maioria s\u00e3o ve\u00edculos utilit\u00e1rios. Ainda, segundo pesquisa no site PlugShare, especializado em informar pontos de recarga de ve\u00edculos el\u00e9tricos, o Estado possui 14 pontos de recarga.<\/p>\n<p>&nbsp;<\/p>\n<p>A HCC Energia Solar, uma das maiores geradoras de energia solar do sul do pa\u00eds, tem investido constantemente para contribuir com a acelera\u00e7\u00e3o e expans\u00e3o desta modalidade de mobilidade sustent\u00e1vel principalmente em Ibirub\u00e1, Santa Maria, cidade do RS onde encontra-se a sede da empresa. O Complexo Solar SM e a unidade de Ibirub\u00e1 s\u00e3o pontos onde a HCC Energia Solar possui eletropostos, que contam com instala\u00e7\u00f5es para carregamento de ve\u00edculos el\u00e9tricos capazes de carregar o carro em at\u00e9 3 horas, na unidade de Santa Maria, por exemplo.<\/p>\n<p>&nbsp;<\/p>\n<p>Para Larissa Mielke, engenheira de energia e respons\u00e1vel pela comercializa\u00e7\u00e3o dos carregadores el\u00e9tricos da HCC Energia Solar, a expectativa \u00e9 que a ader\u00eancia a esta modalidade de mobilidade aumente de maneira expressiva nos pr\u00f3ximos anos.<\/p>\n<p>&nbsp;<\/p>\n<p>\u201cAl\u00e9m da quest\u00e3o da sustentabilidade, que cada vez preocupa mais as na\u00e7\u00f5es, h\u00e1 de se considerar tamb\u00e9m a efici\u00eancia energ\u00e9tica, que pode impactar, entre outras coisas, na economia de abastecimento, ou seja, no bolso do consumidor\u201d, explica Larissa Mielke.<\/p>\n<p>&nbsp;<\/p>\n<p>Embora a carga tribut\u00e1ria ainda seja uma das principais barreiras de entrada para ve\u00edculos el\u00e9tricos no Brasil, o Governo Federal tem procurado, por meio de isen\u00e7\u00e3o de impostos sobre a importa\u00e7\u00e3o desses ve\u00edculos, reduzir o custo de aquisi\u00e7\u00e3o para incentivar a popula\u00e7\u00e3o a aderir a esta modalidade.<\/p>\n<p>&nbsp;<\/p>\n<p>Al\u00e9m da redu\u00e7\u00e3o de custos de combust\u00edvel, j\u00e1 que carros a combust\u00e3o consomem, em m\u00e9dia, R$ 0,31 a cada quil\u00f4metro percorrido contra apenas R$ 0,11 para ve\u00edculos el\u00e9tricos, o custo com as manuten\u00e7\u00f5es do ve\u00edculo tamb\u00e9m s\u00e3o bem menores, j\u00e1 que n\u00e3o necessitam de manuten\u00e7\u00f5es com filtro de ar e \u00f3leo, correias dentadas, velas de igni\u00e7\u00e3o, etc, al\u00e9m de haver, nos ve\u00edculos el\u00e9tricos, um desgaste menor das demais pe\u00e7as que comp\u00f5em o ve\u00edculo.<\/p>\n<p>&nbsp;<\/p>\n<p>Mielke explica ainda que a popula\u00e7\u00e3o pode ter, dentro de sua pr\u00f3pria casa, carregadores de ve\u00edculos el\u00e9tricos, com um custo bastante baixo, por meio da instala\u00e7\u00e3o de pain\u00e9is fotovoltaicos (pain\u00e9is solares), que produzir\u00e3o a energia el\u00e9trica necess\u00e1ria para alimentar toda a resid\u00eancia e ainda o carregador do ve\u00edculo. A engenheira conta ainda que, a partir de fevereiro do corrente ano, a HCC Energia Solar pretende lan\u00e7ar sua marca pr\u00f3pria de carregadores veiculares dom\u00e9sticos, haja visto o exponencial crescimento desta demanda no Estado. Al\u00e9m da economia, a alimenta\u00e7\u00e3o de ve\u00edculos el\u00e9tricos por meio de pain\u00e9is fotovoltaicos contribuem para a gera\u00e7\u00e3o de energia menos nociva ao meio ambiente, como no caso das hidrel\u00e9tricas, por exemplo. (Coisas de Agora)<\/p>\n","protected":false},"excerpt":{"rendered":"<p>Coisas de Agora &nbsp; Ainda atr\u00e1s de diversos estados do Brasil como S\u00e3o Paulo, Minas, Rio de Janeiro e Paran\u00e1, por exemplo, o desempenho ga\u00facho em mobilidade el\u00e9trica teve um crescimento exponencial no ano passado, passando um pouco mais dos 35% se comparado a igual per\u00edodo do ano anterior, primeiros sete meses, a saber, de\u2026 <a class=\"readmore\" href=\"https:\/\/dana.com.br\/canaldana\/2023\/02\/15\/mobilidade-eletrica-no-rio-grande-do-sul-cresce-mais-de-35\/\">Leia mais \u00bb<\/a><\/p>\n","protected":false},"author":3,"featured_media":0,"comment_status":"closed","ping_status":"closed","sticky":false,"template":"","format":"standard","meta":{"_acf_changed":false,"footnotes":""},"categories":[110],"tags":[],"class_list":["post-63819","post","type-post","status-publish","format-standard","hentry","category-eletricos"],"acf":[],"yoast_head":"<!-- This site is optimized with the Yoast SEO plugin v27.3 - https:\/\/yoast.com\/product\/yoast-seo-wordpress\/ -->\n<title>Mobilidade el\u00e9trica no Rio Grande do Sul cresce mais de 35% - Canal Dana<\/title>\n<meta name=\"robots\" content=\"index, follow, max-snippet:-1, max-image-preview:large, max-video-preview:-1\" \/>\n<link rel=\"canonical\" href=\"https:\/\/dana.com.br\/canaldana\/2023\/02\/15\/mobilidade-eletrica-no-rio-grande-do-sul-cresce-mais-de-35\/\" \/>\n<meta property=\"og:locale\" content=\"pt_BR\" \/>\n<meta property=\"og:type\" content=\"article\" \/>\n<meta property=\"og:title\" content=\"Mobilidade el\u00e9trica no Rio Grande do Sul cresce mais de 35% - Canal Dana\" \/>\n<meta property=\"og:description\" content=\"Coisas de Agora &nbsp; Ainda atr\u00e1s de diversos estados do Brasil como S\u00e3o Paulo, Minas, Rio de Janeiro e Paran\u00e1, por exemplo, o desempenho ga\u00facho em mobilidade el\u00e9trica teve um crescimento exponencial no ano passado, passando um pouco mais dos 35% se comparado a igual per\u00edodo do ano anterior, primeiros sete meses, a saber, de\u2026 Leia mais \u00bb\" \/>\n<meta property=\"og:url\" content=\"https:\/\/dana.com.br\/canaldana\/2023\/02\/15\/mobilidade-eletrica-no-rio-grande-do-sul-cresce-mais-de-35\/\" \/>\n<meta property=\"og:site_name\" content=\"Canal Dana\" \/>\n<meta property=\"article:published_time\" content=\"2023-02-15T12:04:28+00:00\" \/>\n<meta name=\"author\" content=\"Canal Dana\" \/>\n<meta name=\"twitter:card\" content=\"summary_large_image\" \/>\n<meta name=\"twitter:label1\" content=\"Escrito por\" \/>\n\t<meta name=\"twitter:data1\" content=\"Canal Dana\" \/>\n\t<meta name=\"twitter:label2\" content=\"Est. tempo de leitura\" \/>\n\t<meta name=\"twitter:data2\" content=\"3 minutos\" \/>\n<script type=\"application\/ld+json\" class=\"yoast-schema-graph\">{\"@context\":\"https:\\\/\\\/schema.org\",\"@graph\":[{\"@type\":\"Article\",\"@id\":\"https:\\\/\\\/dana.com.br\\\/canaldana\\\/2023\\\/02\\\/15\\\/mobilidade-eletrica-no-rio-grande-do-sul-cresce-mais-de-35\\\/#article\",\"isPartOf\":{\"@id\":\"https:\\\/\\\/dana.com.br\\\/canaldana\\\/2023\\\/02\\\/15\\\/mobilidade-eletrica-no-rio-grande-do-sul-cresce-mais-de-35\\\/\"},\"author\":{\"name\":\"Canal Dana\",\"@id\":\"https:\\\/\\\/dana.com.br\\\/canaldana\\\/#\\\/schema\\\/person\\\/3c21f22f56fcf3bc46b94bc60ea4fef6\"},\"headline\":\"Mobilidade el\u00e9trica no Rio Grande do Sul cresce mais de 35%\",\"datePublished\":\"2023-02-15T12:04:28+00:00\",\"mainEntityOfPage\":{\"@id\":\"https:\\\/\\\/dana.com.br\\\/canaldana\\\/2023\\\/02\\\/15\\\/mobilidade-eletrica-no-rio-grande-do-sul-cresce-mais-de-35\\\/\"},\"wordCount\":611,\"articleSection\":[\"El\u00e9tricos\"],\"inLanguage\":\"pt-BR\"},{\"@type\":\"WebPage\",\"@id\":\"https:\\\/\\\/dana.com.br\\\/canaldana\\\/2023\\\/02\\\/15\\\/mobilidade-eletrica-no-rio-grande-do-sul-cresce-mais-de-35\\\/\",\"url\":\"https:\\\/\\\/dana.com.br\\\/canaldana\\\/2023\\\/02\\\/15\\\/mobilidade-eletrica-no-rio-grande-do-sul-cresce-mais-de-35\\\/\",\"name\":\"Mobilidade el\u00e9trica no Rio Grande do Sul cresce mais de 35% - Canal Dana\",\"isPartOf\":{\"@id\":\"https:\\\/\\\/dana.com.br\\\/canaldana\\\/#website\"},\"datePublished\":\"2023-02-15T12:04:28+00:00\",\"author\":{\"@id\":\"https:\\\/\\\/dana.com.br\\\/canaldana\\\/#\\\/schema\\\/person\\\/3c21f22f56fcf3bc46b94bc60ea4fef6\"},\"breadcrumb\":{\"@id\":\"https:\\\/\\\/dana.com.br\\\/canaldana\\\/2023\\\/02\\\/15\\\/mobilidade-eletrica-no-rio-grande-do-sul-cresce-mais-de-35\\\/#breadcrumb\"},\"inLanguage\":\"pt-BR\",\"potentialAction\":[{\"@type\":\"ReadAction\",\"target\":[\"https:\\\/\\\/dana.com.br\\\/canaldana\\\/2023\\\/02\\\/15\\\/mobilidade-eletrica-no-rio-grande-do-sul-cresce-mais-de-35\\\/\"]}]},{\"@type\":\"BreadcrumbList\",\"@id\":\"https:\\\/\\\/dana.com.br\\\/canaldana\\\/2023\\\/02\\\/15\\\/mobilidade-eletrica-no-rio-grande-do-sul-cresce-mais-de-35\\\/#breadcrumb\",\"itemListElement\":[{\"@type\":\"ListItem\",\"position\":1,\"name\":\"Home\",\"item\":\"https:\\\/\\\/dana.com.br\\\/canaldana\\\/\"},{\"@type\":\"ListItem\",\"position\":2,\"name\":\"El\u00e9tricos\",\"item\":\"https:\\\/\\\/dana.com.br\\\/canaldana\\\/eletricos\\\/\"},{\"@type\":\"ListItem\",\"position\":3,\"name\":\"Mobilidade el\u00e9trica no Rio Grande do Sul cresce mais de 35%\"}]},{\"@type\":\"WebSite\",\"@id\":\"https:\\\/\\\/dana.com.br\\\/canaldana\\\/#website\",\"url\":\"https:\\\/\\\/dana.com.br\\\/canaldana\\\/\",\"name\":\"Canal Dana\",\"description\":\"Informativo com as principais not\u00edcias da ind\u00fastria automotiva\",\"potentialAction\":[{\"@type\":\"SearchAction\",\"target\":{\"@type\":\"EntryPoint\",\"urlTemplate\":\"https:\\\/\\\/dana.com.br\\\/canaldana\\\/?s={search_term_string}\"},\"query-input\":{\"@type\":\"PropertyValueSpecification\",\"valueRequired\":true,\"valueName\":\"search_term_string\"}}],\"inLanguage\":\"pt-BR\"},{\"@type\":\"Person\",\"@id\":\"https:\\\/\\\/dana.com.br\\\/canaldana\\\/#\\\/schema\\\/person\\\/3c21f22f56fcf3bc46b94bc60ea4fef6\",\"name\":\"Canal Dana\",\"image\":{\"@type\":\"ImageObject\",\"inLanguage\":\"pt-BR\",\"@id\":\"https:\\\/\\\/secure.gravatar.com\\\/avatar\\\/420aaf9278582877d9018637c6817617705899d2858d7572ef0fe59a6b6454b4?s=96&d=mm&r=g\",\"url\":\"https:\\\/\\\/secure.gravatar.com\\\/avatar\\\/420aaf9278582877d9018637c6817617705899d2858d7572ef0fe59a6b6454b4?s=96&d=mm&r=g\",\"contentUrl\":\"https:\\\/\\\/secure.gravatar.com\\\/avatar\\\/420aaf9278582877d9018637c6817617705899d2858d7572ef0fe59a6b6454b4?s=96&d=mm&r=g\",\"caption\":\"Canal Dana\"},\"url\":\"https:\\\/\\\/dana.com.br\\\/canaldana\\\/author\\\/cdeditor\\\/\"}]}<\/script>\n<!-- \/ Yoast SEO plugin. -->","yoast_head_json":{"title":"Mobilidade el\u00e9trica no Rio Grande do Sul cresce mais de 35% - Canal Dana","robots":{"index":"index","follow":"follow","max-snippet":"max-snippet:-1","max-image-preview":"max-image-preview:large","max-video-preview":"max-video-preview:-1"},"canonical":"https:\/\/dana.com.br\/canaldana\/2023\/02\/15\/mobilidade-eletrica-no-rio-grande-do-sul-cresce-mais-de-35\/","og_locale":"pt_BR","og_type":"article","og_title":"Mobilidade el\u00e9trica no Rio Grande do Sul cresce mais de 35% - Canal Dana","og_description":"Coisas de Agora &nbsp; Ainda atr\u00e1s de diversos estados do Brasil como S\u00e3o Paulo, Minas, Rio de Janeiro e Paran\u00e1, por exemplo, o desempenho ga\u00facho em mobilidade el\u00e9trica teve um crescimento exponencial no ano passado, passando um pouco mais dos 35% se comparado a igual per\u00edodo do ano anterior, primeiros sete meses, a saber, de\u2026 Leia mais \u00bb","og_url":"https:\/\/dana.com.br\/canaldana\/2023\/02\/15\/mobilidade-eletrica-no-rio-grande-do-sul-cresce-mais-de-35\/","og_site_name":"Canal Dana","article_published_time":"2023-02-15T12:04:28+00:00","author":"Canal Dana","twitter_card":"summary_large_image","twitter_misc":{"Escrito por":"Canal Dana","Est. tempo de leitura":"3 minutos"},"schema":{"@context":"https:\/\/schema.org","@graph":[{"@type":"Article","@id":"https:\/\/dana.com.br\/canaldana\/2023\/02\/15\/mobilidade-eletrica-no-rio-grande-do-sul-cresce-mais-de-35\/#article","isPartOf":{"@id":"https:\/\/dana.com.br\/canaldana\/2023\/02\/15\/mobilidade-eletrica-no-rio-grande-do-sul-cresce-mais-de-35\/"},"author":{"name":"Canal Dana","@id":"https:\/\/dana.com.br\/canaldana\/#\/schema\/person\/3c21f22f56fcf3bc46b94bc60ea4fef6"},"headline":"Mobilidade el\u00e9trica no Rio Grande do Sul cresce mais de 35%","datePublished":"2023-02-15T12:04:28+00:00","mainEntityOfPage":{"@id":"https:\/\/dana.com.br\/canaldana\/2023\/02\/15\/mobilidade-eletrica-no-rio-grande-do-sul-cresce-mais-de-35\/"},"wordCount":611,"articleSection":["El\u00e9tricos"],"inLanguage":"pt-BR"},{"@type":"WebPage","@id":"https:\/\/dana.com.br\/canaldana\/2023\/02\/15\/mobilidade-eletrica-no-rio-grande-do-sul-cresce-mais-de-35\/","url":"https:\/\/dana.com.br\/canaldana\/2023\/02\/15\/mobilidade-eletrica-no-rio-grande-do-sul-cresce-mais-de-35\/","name":"Mobilidade el\u00e9trica no Rio Grande do Sul cresce mais de 35% - Canal Dana","isPartOf":{"@id":"https:\/\/dana.com.br\/canaldana\/#website"},"datePublished":"2023-02-15T12:04:28+00:00","author":{"@id":"https:\/\/dana.com.br\/canaldana\/#\/schema\/person\/3c21f22f56fcf3bc46b94bc60ea4fef6"},"breadcrumb":{"@id":"https:\/\/dana.com.br\/canaldana\/2023\/02\/15\/mobilidade-eletrica-no-rio-grande-do-sul-cresce-mais-de-35\/#breadcrumb"},"inLanguage":"pt-BR","potentialAction":[{"@type":"ReadAction","target":["https:\/\/dana.com.br\/canaldana\/2023\/02\/15\/mobilidade-eletrica-no-rio-grande-do-sul-cresce-mais-de-35\/"]}]},{"@type":"BreadcrumbList","@id":"https:\/\/dana.com.br\/canaldana\/2023\/02\/15\/mobilidade-eletrica-no-rio-grande-do-sul-cresce-mais-de-35\/#breadcrumb","itemListElement":[{"@type":"ListItem","position":1,"name":"Home","item":"https:\/\/dana.com.br\/canaldana\/"},{"@type":"ListItem","position":2,"name":"El\u00e9tricos","item":"https:\/\/dana.com.br\/canaldana\/eletricos\/"},{"@type":"ListItem","position":3,"name":"Mobilidade el\u00e9trica no Rio Grande do Sul cresce mais de 35%"}]},{"@type":"WebSite","@id":"https:\/\/dana.com.br\/canaldana\/#website","url":"https:\/\/dana.com.br\/canaldana\/","name":"Canal Dana","description":"Informativo com as principais not\u00edcias da ind\u00fastria automotiva","potentialAction":[{"@type":"SearchAction","target":{"@type":"EntryPoint","urlTemplate":"https:\/\/dana.com.br\/canaldana\/?s={search_term_string}"},"query-input":{"@type":"PropertyValueSpecification","valueRequired":true,"valueName":"search_term_string"}}],"inLanguage":"pt-BR"},{"@type":"Person","@id":"https:\/\/dana.com.br\/canaldana\/#\/schema\/person\/3c21f22f56fcf3bc46b94bc60ea4fef6","name":"Canal Dana","image":{"@type":"ImageObject","inLanguage":"pt-BR","@id":"https:\/\/secure.gravatar.com\/avatar\/420aaf9278582877d9018637c6817617705899d2858d7572ef0fe59a6b6454b4?s=96&d=mm&r=g","url":"https:\/\/secure.gravatar.com\/avatar\/420aaf9278582877d9018637c6817617705899d2858d7572ef0fe59a6b6454b4?s=96&d=mm&r=g","contentUrl":"https:\/\/secure.gravatar.com\/avatar\/420aaf9278582877d9018637c6817617705899d2858d7572ef0fe59a6b6454b4?s=96&d=mm&r=g","caption":"Canal Dana"},"url":"https:\/\/dana.com.br\/canaldana\/author\/cdeditor\/"}]}},"_links":{"self":[{"href":"https:\/\/dana.com.br\/canaldana\/wp-json\/wp\/v2\/posts\/63819","targetHints":{"allow":["GET"]}}],"collection":[{"href":"https:\/\/dana.com.br\/canaldana\/wp-json\/wp\/v2\/posts"}],"about":[{"href":"https:\/\/dana.com.br\/canaldana\/wp-json\/wp\/v2\/types\/post"}],"author":[{"embeddable":true,"href":"https:\/\/dana.com.br\/canaldana\/wp-json\/wp\/v2\/users\/3"}],"replies":[{"embeddable":true,"href":"https:\/\/dana.com.br\/canaldana\/wp-json\/wp\/v2\/comments?post=63819"}],"version-history":[{"count":0,"href":"https:\/\/dana.com.br\/canaldana\/wp-json\/wp\/v2\/posts\/63819\/revisions"}],"wp:attachment":[{"href":"https:\/\/dana.com.br\/canaldana\/wp-json\/wp\/v2\/media?parent=63819"}],"wp:term":[{"taxonomy":"category","embeddable":true,"href":"https:\/\/dana.com.br\/canaldana\/wp-json\/wp\/v2\/categories?post=63819"},{"taxonomy":"post_tag","embeddable":true,"href":"https:\/\/dana.com.br\/canaldana\/wp-json\/wp\/v2\/tags?post=63819"}],"curies":[{"name":"wp","href":"https:\/\/api.w.org\/{rel}","templated":true}]}}