{"id":63752,"date":"2023-02-10T09:05:55","date_gmt":"2023-02-10T12:05:55","guid":{"rendered":"https:\/\/dana.com.br\/canaldana\/?p=63752"},"modified":"2023-02-10T09:05:55","modified_gmt":"2023-02-10T12:05:55","slug":"marcopolo-reafirma-o-dominio-no-mercado-de-carrocerias-rodoviarias","status":"publish","type":"post","link":"https:\/\/dana.com.br\/canaldana\/2023\/02\/10\/marcopolo-reafirma-o-dominio-no-mercado-de-carrocerias-rodoviarias\/","title":{"rendered":"Marcopolo reafirma o dom\u00ednio no mercado de carrocerias rodovi\u00e1rias"},"content":{"rendered":"<p><em>Frota &amp; Cia\u00a0 <\/em><\/p>\n<p>&nbsp;<\/p>\n<p>A Marcopolo reafirmou sua lideran\u00e7a no mercado brasileiro de carrocerias rodovi\u00e1rias, ao encerrar o ano de 2022 com um total de 1.387 unidades produzidas, segundo dados da Anfir processados por Frota&amp;Cia. Em consequ\u00eancia do fato, a fabricante ga\u00facha foi reconhecida com o Pr\u00eamio Lotus Campe\u00e3o de Vendas 2023, na categoria \u201cMarca de Carroceria Rodovi\u00e1ria\u201d. Desde a cria\u00e7\u00e3o da distin\u00e7\u00e3o, em 2014, a Marcopolo nunca perdeu esse t\u00edtulo.<\/p>\n<p>&nbsp;<\/p>\n<p>\u201cA conquista deste ano tem um significado muito forte e relevante porque ocorre como reconhecimento aos diferentes lan\u00e7amentos que a Marcopolo realizou para colaborar com a retomada do mercado brasileiro no p\u00f3s-pandemia\u201d, ressalta Ricardo Portolan (foto),\u00a0 diretor de Opera\u00e7\u00f5es Comerciais Mercado Interno e Marketing da Marcopolo. De acordo com o executivo, a lista inclui desde modelos urbanos, el\u00e9tricos e micros, culminando com a Gera\u00e7\u00e3o 8 de rodovi\u00e1rios, sucesso estrondoso de vendas.<\/p>\n<p>&nbsp;<\/p>\n<p>Em adi\u00e7\u00e3o, o diretor comenta que o desempenho alcan\u00e7ado pela Marcopolo \u00e9 resultado do foco total no estreitamento do relacionamento com os clientes, no desenvolvimento e aplica\u00e7\u00e3o de tecnologias de ponta e na inova\u00e7\u00e3o e aperfei\u00e7oamento dos produtos e dos nossos colaboradores. \u201cEssas a\u00e7\u00f5es, adotadas ao longo dos \u00faltimos anos, permitiram \u00e0 empresa estar muito pr\u00f3xima dos seus parceiros e entender suas necessidades e desejos para poder atend\u00ea-los rapidamente com produtos inovadores, eficientes e na medida para cada uma de suas aplica\u00e7\u00f5es\u201d.<\/p>\n<p>&nbsp;<\/p>\n<p><strong>Marca de micro-\u00f4nibus<\/strong><\/p>\n<p>&nbsp;<\/p>\n<p>Al\u00e9m desse feito, a Marcopolo comemora o bom desempenho de sua subsidi\u00e1ria \u2013 a Volare \u2013 que, pela nona vez, comprovou seu dom\u00ednio como \u201cMarca de Micro-\u00f4nibus\u201d. Em 2022, foram produzidas exatas 4.685 ve\u00edculos com a assinatura Volare, que garantiram \u00e0 marca nada menos que 52,1% de participa\u00e7\u00e3o nesse mercado. Al\u00e9m de mais uma certifica\u00e7\u00e3o concedida pelo Pr\u00eamio L\u00f3tus 2023.<\/p>\n<p>&nbsp;<\/p>\n<p>Sidnei Vargas (foto), gerente nacional de vendas da Volare, explica as raz\u00f5es da prefer\u00eancia do modelo, por parte dos operadores de transportes. \u201cA Volare nasceu em 1998 com o prop\u00f3sito de inovar e criar um novo conceito de ve\u00edculo para o transporte de passageiros. Isso se traduz na oferta de modelos mais \u00e1geis, eficientes e desenvolvidos para oferecer mais conforto, seguran\u00e7a e comodidade para os passageiros\u201d.<\/p>\n<p>&nbsp;<\/p>\n<p>A lideran\u00e7a da marca no segmento de micro-\u00f4nibus \u00e9 resultado tamb\u00e9m da oferta de uma completa e diversificada linha de modelos em diferentes vers\u00f5es que atendem desde aplica\u00e7\u00f5es urbanas at\u00e9 fora de estrada com tra\u00e7\u00e3o 4\u00d74, aliando robustez, menor custo operacional, qualidade e desempenho. \u201cAliado a tudo isso, a marca possui uma forte e presente rede de concession\u00e1rios no Brasil e no exterior, outro diferencial importante, principalmente para os pequenos e m\u00e9dios operadores\u201d, completa o gerente. (Frota &amp; Cia\/Jos\u00e9 Augusto Ferraz)<\/p>\n","protected":false},"excerpt":{"rendered":"<p>Frota &amp; Cia\u00a0 &nbsp; A Marcopolo reafirmou sua lideran\u00e7a no mercado brasileiro de carrocerias rodovi\u00e1rias, ao encerrar o ano de 2022 com um total de 1.387 unidades produzidas, segundo dados da Anfir processados por Frota&amp;Cia. Em consequ\u00eancia do fato, a fabricante ga\u00facha foi reconhecida com o Pr\u00eamio Lotus Campe\u00e3o de Vendas 2023, na categoria \u201cMarca\u2026 <a class=\"readmore\" href=\"https:\/\/dana.com.br\/canaldana\/2023\/02\/10\/marcopolo-reafirma-o-dominio-no-mercado-de-carrocerias-rodoviarias\/\">Leia mais \u00bb<\/a><\/p>\n","protected":false},"author":3,"featured_media":0,"comment_status":"closed","ping_status":"closed","sticky":false,"template":"","format":"standard","meta":{"_acf_changed":false,"footnotes":""},"categories":[61],"tags":[],"class_list":["post-63752","post","type-post","status-publish","format-standard","hentry","category-destaques"],"acf":[],"yoast_head":"<!-- This site is optimized with the Yoast SEO plugin v27.3 - https:\/\/yoast.com\/product\/yoast-seo-wordpress\/ -->\n<title>Marcopolo reafirma o dom\u00ednio no mercado de carrocerias rodovi\u00e1rias - Canal Dana<\/title>\n<meta name=\"robots\" content=\"index, follow, max-snippet:-1, max-image-preview:large, max-video-preview:-1\" \/>\n<link rel=\"canonical\" href=\"https:\/\/dana.com.br\/canaldana\/2023\/02\/10\/marcopolo-reafirma-o-dominio-no-mercado-de-carrocerias-rodoviarias\/\" \/>\n<meta property=\"og:locale\" content=\"pt_BR\" \/>\n<meta property=\"og:type\" content=\"article\" \/>\n<meta property=\"og:title\" content=\"Marcopolo reafirma o dom\u00ednio no mercado de carrocerias rodovi\u00e1rias - Canal Dana\" \/>\n<meta property=\"og:description\" content=\"Frota &amp; Cia\u00a0 &nbsp; A Marcopolo reafirmou sua lideran\u00e7a no mercado brasileiro de carrocerias rodovi\u00e1rias, ao encerrar o ano de 2022 com um total de 1.387 unidades produzidas, segundo dados da Anfir processados por Frota&amp;Cia. Em consequ\u00eancia do fato, a fabricante ga\u00facha foi reconhecida com o Pr\u00eamio Lotus Campe\u00e3o de Vendas 2023, na categoria \u201cMarca\u2026 Leia mais \u00bb\" \/>\n<meta property=\"og:url\" content=\"https:\/\/dana.com.br\/canaldana\/2023\/02\/10\/marcopolo-reafirma-o-dominio-no-mercado-de-carrocerias-rodoviarias\/\" \/>\n<meta property=\"og:site_name\" content=\"Canal Dana\" \/>\n<meta property=\"article:published_time\" content=\"2023-02-10T12:05:55+00:00\" \/>\n<meta name=\"author\" content=\"Canal Dana\" \/>\n<meta name=\"twitter:card\" content=\"summary_large_image\" \/>\n<meta name=\"twitter:label1\" content=\"Escrito por\" \/>\n\t<meta name=\"twitter:data1\" content=\"Canal Dana\" \/>\n\t<meta name=\"twitter:label2\" content=\"Est. tempo de leitura\" \/>\n\t<meta name=\"twitter:data2\" content=\"3 minutos\" \/>\n<script type=\"application\/ld+json\" class=\"yoast-schema-graph\">{\"@context\":\"https:\\\/\\\/schema.org\",\"@graph\":[{\"@type\":\"Article\",\"@id\":\"https:\\\/\\\/dana.com.br\\\/canaldana\\\/2023\\\/02\\\/10\\\/marcopolo-reafirma-o-dominio-no-mercado-de-carrocerias-rodoviarias\\\/#article\",\"isPartOf\":{\"@id\":\"https:\\\/\\\/dana.com.br\\\/canaldana\\\/2023\\\/02\\\/10\\\/marcopolo-reafirma-o-dominio-no-mercado-de-carrocerias-rodoviarias\\\/\"},\"author\":{\"name\":\"Canal Dana\",\"@id\":\"https:\\\/\\\/dana.com.br\\\/canaldana\\\/#\\\/schema\\\/person\\\/3c21f22f56fcf3bc46b94bc60ea4fef6\"},\"headline\":\"Marcopolo reafirma o dom\u00ednio no mercado de carrocerias rodovi\u00e1rias\",\"datePublished\":\"2023-02-10T12:05:55+00:00\",\"mainEntityOfPage\":{\"@id\":\"https:\\\/\\\/dana.com.br\\\/canaldana\\\/2023\\\/02\\\/10\\\/marcopolo-reafirma-o-dominio-no-mercado-de-carrocerias-rodoviarias\\\/\"},\"wordCount\":486,\"articleSection\":[\"Destaques\"],\"inLanguage\":\"pt-BR\"},{\"@type\":\"WebPage\",\"@id\":\"https:\\\/\\\/dana.com.br\\\/canaldana\\\/2023\\\/02\\\/10\\\/marcopolo-reafirma-o-dominio-no-mercado-de-carrocerias-rodoviarias\\\/\",\"url\":\"https:\\\/\\\/dana.com.br\\\/canaldana\\\/2023\\\/02\\\/10\\\/marcopolo-reafirma-o-dominio-no-mercado-de-carrocerias-rodoviarias\\\/\",\"name\":\"Marcopolo reafirma o dom\u00ednio no mercado de carrocerias rodovi\u00e1rias - Canal Dana\",\"isPartOf\":{\"@id\":\"https:\\\/\\\/dana.com.br\\\/canaldana\\\/#website\"},\"datePublished\":\"2023-02-10T12:05:55+00:00\",\"author\":{\"@id\":\"https:\\\/\\\/dana.com.br\\\/canaldana\\\/#\\\/schema\\\/person\\\/3c21f22f56fcf3bc46b94bc60ea4fef6\"},\"breadcrumb\":{\"@id\":\"https:\\\/\\\/dana.com.br\\\/canaldana\\\/2023\\\/02\\\/10\\\/marcopolo-reafirma-o-dominio-no-mercado-de-carrocerias-rodoviarias\\\/#breadcrumb\"},\"inLanguage\":\"pt-BR\",\"potentialAction\":[{\"@type\":\"ReadAction\",\"target\":[\"https:\\\/\\\/dana.com.br\\\/canaldana\\\/2023\\\/02\\\/10\\\/marcopolo-reafirma-o-dominio-no-mercado-de-carrocerias-rodoviarias\\\/\"]}]},{\"@type\":\"BreadcrumbList\",\"@id\":\"https:\\\/\\\/dana.com.br\\\/canaldana\\\/2023\\\/02\\\/10\\\/marcopolo-reafirma-o-dominio-no-mercado-de-carrocerias-rodoviarias\\\/#breadcrumb\",\"itemListElement\":[{\"@type\":\"ListItem\",\"position\":1,\"name\":\"Home\",\"item\":\"https:\\\/\\\/dana.com.br\\\/canaldana\\\/\"},{\"@type\":\"ListItem\",\"position\":2,\"name\":\"Destaques\",\"item\":\"https:\\\/\\\/dana.com.br\\\/canaldana\\\/destaques\\\/\"},{\"@type\":\"ListItem\",\"position\":3,\"name\":\"Marcopolo reafirma o dom\u00ednio no mercado de carrocerias rodovi\u00e1rias\"}]},{\"@type\":\"WebSite\",\"@id\":\"https:\\\/\\\/dana.com.br\\\/canaldana\\\/#website\",\"url\":\"https:\\\/\\\/dana.com.br\\\/canaldana\\\/\",\"name\":\"Canal Dana\",\"description\":\"Informativo com as principais not\u00edcias da ind\u00fastria automotiva\",\"potentialAction\":[{\"@type\":\"SearchAction\",\"target\":{\"@type\":\"EntryPoint\",\"urlTemplate\":\"https:\\\/\\\/dana.com.br\\\/canaldana\\\/?s={search_term_string}\"},\"query-input\":{\"@type\":\"PropertyValueSpecification\",\"valueRequired\":true,\"valueName\":\"search_term_string\"}}],\"inLanguage\":\"pt-BR\"},{\"@type\":\"Person\",\"@id\":\"https:\\\/\\\/dana.com.br\\\/canaldana\\\/#\\\/schema\\\/person\\\/3c21f22f56fcf3bc46b94bc60ea4fef6\",\"name\":\"Canal Dana\",\"image\":{\"@type\":\"ImageObject\",\"inLanguage\":\"pt-BR\",\"@id\":\"https:\\\/\\\/secure.gravatar.com\\\/avatar\\\/420aaf9278582877d9018637c6817617705899d2858d7572ef0fe59a6b6454b4?s=96&d=mm&r=g\",\"url\":\"https:\\\/\\\/secure.gravatar.com\\\/avatar\\\/420aaf9278582877d9018637c6817617705899d2858d7572ef0fe59a6b6454b4?s=96&d=mm&r=g\",\"contentUrl\":\"https:\\\/\\\/secure.gravatar.com\\\/avatar\\\/420aaf9278582877d9018637c6817617705899d2858d7572ef0fe59a6b6454b4?s=96&d=mm&r=g\",\"caption\":\"Canal Dana\"},\"url\":\"https:\\\/\\\/dana.com.br\\\/canaldana\\\/author\\\/cdeditor\\\/\"}]}<\/script>\n<!-- \/ Yoast SEO plugin. -->","yoast_head_json":{"title":"Marcopolo reafirma o dom\u00ednio no mercado de carrocerias rodovi\u00e1rias - Canal Dana","robots":{"index":"index","follow":"follow","max-snippet":"max-snippet:-1","max-image-preview":"max-image-preview:large","max-video-preview":"max-video-preview:-1"},"canonical":"https:\/\/dana.com.br\/canaldana\/2023\/02\/10\/marcopolo-reafirma-o-dominio-no-mercado-de-carrocerias-rodoviarias\/","og_locale":"pt_BR","og_type":"article","og_title":"Marcopolo reafirma o dom\u00ednio no mercado de carrocerias rodovi\u00e1rias - Canal Dana","og_description":"Frota &amp; Cia\u00a0 &nbsp; A Marcopolo reafirmou sua lideran\u00e7a no mercado brasileiro de carrocerias rodovi\u00e1rias, ao encerrar o ano de 2022 com um total de 1.387 unidades produzidas, segundo dados da Anfir processados por Frota&amp;Cia. Em consequ\u00eancia do fato, a fabricante ga\u00facha foi reconhecida com o Pr\u00eamio Lotus Campe\u00e3o de Vendas 2023, na categoria \u201cMarca\u2026 Leia mais \u00bb","og_url":"https:\/\/dana.com.br\/canaldana\/2023\/02\/10\/marcopolo-reafirma-o-dominio-no-mercado-de-carrocerias-rodoviarias\/","og_site_name":"Canal Dana","article_published_time":"2023-02-10T12:05:55+00:00","author":"Canal Dana","twitter_card":"summary_large_image","twitter_misc":{"Escrito por":"Canal Dana","Est. tempo de leitura":"3 minutos"},"schema":{"@context":"https:\/\/schema.org","@graph":[{"@type":"Article","@id":"https:\/\/dana.com.br\/canaldana\/2023\/02\/10\/marcopolo-reafirma-o-dominio-no-mercado-de-carrocerias-rodoviarias\/#article","isPartOf":{"@id":"https:\/\/dana.com.br\/canaldana\/2023\/02\/10\/marcopolo-reafirma-o-dominio-no-mercado-de-carrocerias-rodoviarias\/"},"author":{"name":"Canal Dana","@id":"https:\/\/dana.com.br\/canaldana\/#\/schema\/person\/3c21f22f56fcf3bc46b94bc60ea4fef6"},"headline":"Marcopolo reafirma o dom\u00ednio no mercado de carrocerias rodovi\u00e1rias","datePublished":"2023-02-10T12:05:55+00:00","mainEntityOfPage":{"@id":"https:\/\/dana.com.br\/canaldana\/2023\/02\/10\/marcopolo-reafirma-o-dominio-no-mercado-de-carrocerias-rodoviarias\/"},"wordCount":486,"articleSection":["Destaques"],"inLanguage":"pt-BR"},{"@type":"WebPage","@id":"https:\/\/dana.com.br\/canaldana\/2023\/02\/10\/marcopolo-reafirma-o-dominio-no-mercado-de-carrocerias-rodoviarias\/","url":"https:\/\/dana.com.br\/canaldana\/2023\/02\/10\/marcopolo-reafirma-o-dominio-no-mercado-de-carrocerias-rodoviarias\/","name":"Marcopolo reafirma o dom\u00ednio no mercado de carrocerias rodovi\u00e1rias - Canal Dana","isPartOf":{"@id":"https:\/\/dana.com.br\/canaldana\/#website"},"datePublished":"2023-02-10T12:05:55+00:00","author":{"@id":"https:\/\/dana.com.br\/canaldana\/#\/schema\/person\/3c21f22f56fcf3bc46b94bc60ea4fef6"},"breadcrumb":{"@id":"https:\/\/dana.com.br\/canaldana\/2023\/02\/10\/marcopolo-reafirma-o-dominio-no-mercado-de-carrocerias-rodoviarias\/#breadcrumb"},"inLanguage":"pt-BR","potentialAction":[{"@type":"ReadAction","target":["https:\/\/dana.com.br\/canaldana\/2023\/02\/10\/marcopolo-reafirma-o-dominio-no-mercado-de-carrocerias-rodoviarias\/"]}]},{"@type":"BreadcrumbList","@id":"https:\/\/dana.com.br\/canaldana\/2023\/02\/10\/marcopolo-reafirma-o-dominio-no-mercado-de-carrocerias-rodoviarias\/#breadcrumb","itemListElement":[{"@type":"ListItem","position":1,"name":"Home","item":"https:\/\/dana.com.br\/canaldana\/"},{"@type":"ListItem","position":2,"name":"Destaques","item":"https:\/\/dana.com.br\/canaldana\/destaques\/"},{"@type":"ListItem","position":3,"name":"Marcopolo reafirma o dom\u00ednio no mercado de carrocerias rodovi\u00e1rias"}]},{"@type":"WebSite","@id":"https:\/\/dana.com.br\/canaldana\/#website","url":"https:\/\/dana.com.br\/canaldana\/","name":"Canal Dana","description":"Informativo com as principais not\u00edcias da ind\u00fastria automotiva","potentialAction":[{"@type":"SearchAction","target":{"@type":"EntryPoint","urlTemplate":"https:\/\/dana.com.br\/canaldana\/?s={search_term_string}"},"query-input":{"@type":"PropertyValueSpecification","valueRequired":true,"valueName":"search_term_string"}}],"inLanguage":"pt-BR"},{"@type":"Person","@id":"https:\/\/dana.com.br\/canaldana\/#\/schema\/person\/3c21f22f56fcf3bc46b94bc60ea4fef6","name":"Canal Dana","image":{"@type":"ImageObject","inLanguage":"pt-BR","@id":"https:\/\/secure.gravatar.com\/avatar\/420aaf9278582877d9018637c6817617705899d2858d7572ef0fe59a6b6454b4?s=96&d=mm&r=g","url":"https:\/\/secure.gravatar.com\/avatar\/420aaf9278582877d9018637c6817617705899d2858d7572ef0fe59a6b6454b4?s=96&d=mm&r=g","contentUrl":"https:\/\/secure.gravatar.com\/avatar\/420aaf9278582877d9018637c6817617705899d2858d7572ef0fe59a6b6454b4?s=96&d=mm&r=g","caption":"Canal Dana"},"url":"https:\/\/dana.com.br\/canaldana\/author\/cdeditor\/"}]}},"_links":{"self":[{"href":"https:\/\/dana.com.br\/canaldana\/wp-json\/wp\/v2\/posts\/63752","targetHints":{"allow":["GET"]}}],"collection":[{"href":"https:\/\/dana.com.br\/canaldana\/wp-json\/wp\/v2\/posts"}],"about":[{"href":"https:\/\/dana.com.br\/canaldana\/wp-json\/wp\/v2\/types\/post"}],"author":[{"embeddable":true,"href":"https:\/\/dana.com.br\/canaldana\/wp-json\/wp\/v2\/users\/3"}],"replies":[{"embeddable":true,"href":"https:\/\/dana.com.br\/canaldana\/wp-json\/wp\/v2\/comments?post=63752"}],"version-history":[{"count":0,"href":"https:\/\/dana.com.br\/canaldana\/wp-json\/wp\/v2\/posts\/63752\/revisions"}],"wp:attachment":[{"href":"https:\/\/dana.com.br\/canaldana\/wp-json\/wp\/v2\/media?parent=63752"}],"wp:term":[{"taxonomy":"category","embeddable":true,"href":"https:\/\/dana.com.br\/canaldana\/wp-json\/wp\/v2\/categories?post=63752"},{"taxonomy":"post_tag","embeddable":true,"href":"https:\/\/dana.com.br\/canaldana\/wp-json\/wp\/v2\/tags?post=63752"}],"curies":[{"name":"wp","href":"https:\/\/api.w.org\/{rel}","templated":true}]}}