{"id":63750,"date":"2023-02-10T09:05:27","date_gmt":"2023-02-10T12:05:27","guid":{"rendered":"https:\/\/dana.com.br\/canaldana\/?p=63750"},"modified":"2023-02-10T09:05:27","modified_gmt":"2023-02-10T12:05:27","slug":"vw-para-10-dias-no-abc-paulista-por-falta-de-semicondutores","status":"publish","type":"post","link":"https:\/\/dana.com.br\/canaldana\/2023\/02\/10\/vw-para-10-dias-no-abc-paulista-por-falta-de-semicondutores\/","title":{"rendered":"VW para 10 dias no ABC paulista por falta de semicondutores"},"content":{"rendered":"<p><em>AutoInd\u00fastria<\/em><\/p>\n<p>&nbsp;<\/p>\n<p>Ao divulgar o balan\u00e7o das vendas de janeiro na ter\u00e7a-feira, 7, o presidente da Anfavea, M\u00e1rcio de Lima Leite, deixou bem claro que apesar de menos cr\u00edtica hoje do que h\u00e1 um ano, a crise dos semicondutores ainda n\u00e3o acabou de vez. Nem sempre as montadoras divulgam o real est\u00e1gio do problema enfrentado, mas a administra\u00e7\u00e3o di\u00e1ria da log\u00edstica de produ\u00e7\u00e3o ainda segue complexa.<\/p>\n<p>&nbsp;<\/p>\n<p>Nesta quarta-feira, 8, a Volkswagen confirmou a concess\u00e3o de f\u00e9rias coletivas aos seus colaboradores da f\u00e1brica Anchieta, em S\u00e3o Bernardo do Campo (SP),\u00a0 a partir do pr\u00f3ximo dia 22 at\u00e9 3 de mar\u00e7o.<\/p>\n<p>&nbsp;<\/p>\n<p>A empresa evitou admitir textualmente a falta de semicondutores, alegando que \u201cos dias de parada j\u00e1 estavam programados desde o ano passado e fazem parte da estrat\u00e9gia da montadora de flexibiliza\u00e7\u00e3o nos processos produtivos devido ao fornecimento de componentes.\u201d<\/p>\n<p>&nbsp;<\/p>\n<p>O problema, certamente, n\u00e3o \u00e9 t\u00e3o grave como h\u00e1 um ano, mas tamb\u00e9m a Stellantis, ao comentar volume menor de venda do Jeep Renegade nos \u00faltimos meses de 2022, admitiu que as dificuldades de equaliza\u00e7\u00e3o da produ\u00e7\u00e3o em Goiana, PE, devido \u00e0 falta de componentes vinha afetando a oferta do modelo.<\/p>\n<p>&nbsp;<\/p>\n<p>Apesar de dificuldades pontuais ainda existentes, desde meados do ano passado houve redu\u00e7\u00e3o substancial no movimento de paralisa\u00e7\u00e3o de f\u00e1bricas por falta de semicondutores. Fenabrave e Anfavea, inclusive, atribuem o desempenho positivo de janeiro no comparativo interanual aos baixos estoques nas concession\u00e1rias no in\u00edcio de 2022 exatamente em decorr\u00eancia da produ\u00e7\u00e3o reduzida das montadoras em geral. (AutoInd\u00fastria)<\/p>\n","protected":false},"excerpt":{"rendered":"<p>AutoInd\u00fastria &nbsp; Ao divulgar o balan\u00e7o das vendas de janeiro na ter\u00e7a-feira, 7, o presidente da Anfavea, M\u00e1rcio de Lima Leite, deixou bem claro que apesar de menos cr\u00edtica hoje do que h\u00e1 um ano, a crise dos semicondutores ainda n\u00e3o acabou de vez. Nem sempre as montadoras divulgam o real est\u00e1gio do problema enfrentado,\u2026 <a class=\"readmore\" href=\"https:\/\/dana.com.br\/canaldana\/2023\/02\/10\/vw-para-10-dias-no-abc-paulista-por-falta-de-semicondutores\/\">Leia mais \u00bb<\/a><\/p>\n","protected":false},"author":3,"featured_media":0,"comment_status":"closed","ping_status":"closed","sticky":false,"template":"","format":"standard","meta":{"_acf_changed":false,"footnotes":""},"categories":[61],"tags":[],"class_list":["post-63750","post","type-post","status-publish","format-standard","hentry","category-destaques"],"acf":[],"yoast_head":"<!-- This site is optimized with the Yoast SEO plugin v27.3 - https:\/\/yoast.com\/product\/yoast-seo-wordpress\/ -->\n<title>VW para 10 dias no ABC paulista por falta de semicondutores - Canal Dana<\/title>\n<meta name=\"robots\" content=\"index, follow, max-snippet:-1, max-image-preview:large, max-video-preview:-1\" \/>\n<link rel=\"canonical\" href=\"https:\/\/dana.com.br\/canaldana\/2023\/02\/10\/vw-para-10-dias-no-abc-paulista-por-falta-de-semicondutores\/\" \/>\n<meta property=\"og:locale\" content=\"pt_BR\" \/>\n<meta property=\"og:type\" content=\"article\" \/>\n<meta property=\"og:title\" content=\"VW para 10 dias no ABC paulista por falta de semicondutores - Canal Dana\" \/>\n<meta property=\"og:description\" content=\"AutoInd\u00fastria &nbsp; Ao divulgar o balan\u00e7o das vendas de janeiro na ter\u00e7a-feira, 7, o presidente da Anfavea, M\u00e1rcio de Lima Leite, deixou bem claro que apesar de menos cr\u00edtica hoje do que h\u00e1 um ano, a crise dos semicondutores ainda n\u00e3o acabou de vez. Nem sempre as montadoras divulgam o real est\u00e1gio do problema enfrentado,\u2026 Leia mais \u00bb\" \/>\n<meta property=\"og:url\" content=\"https:\/\/dana.com.br\/canaldana\/2023\/02\/10\/vw-para-10-dias-no-abc-paulista-por-falta-de-semicondutores\/\" \/>\n<meta property=\"og:site_name\" content=\"Canal Dana\" \/>\n<meta property=\"article:published_time\" content=\"2023-02-10T12:05:27+00:00\" \/>\n<meta name=\"author\" content=\"Canal Dana\" \/>\n<meta name=\"twitter:card\" content=\"summary_large_image\" \/>\n<meta name=\"twitter:label1\" content=\"Escrito por\" \/>\n\t<meta name=\"twitter:data1\" content=\"Canal Dana\" \/>\n\t<meta name=\"twitter:label2\" content=\"Est. tempo de leitura\" \/>\n\t<meta name=\"twitter:data2\" content=\"2 minutos\" \/>\n<script type=\"application\/ld+json\" class=\"yoast-schema-graph\">{\"@context\":\"https:\\\/\\\/schema.org\",\"@graph\":[{\"@type\":\"Article\",\"@id\":\"https:\\\/\\\/dana.com.br\\\/canaldana\\\/2023\\\/02\\\/10\\\/vw-para-10-dias-no-abc-paulista-por-falta-de-semicondutores\\\/#article\",\"isPartOf\":{\"@id\":\"https:\\\/\\\/dana.com.br\\\/canaldana\\\/2023\\\/02\\\/10\\\/vw-para-10-dias-no-abc-paulista-por-falta-de-semicondutores\\\/\"},\"author\":{\"name\":\"Canal Dana\",\"@id\":\"https:\\\/\\\/dana.com.br\\\/canaldana\\\/#\\\/schema\\\/person\\\/3c21f22f56fcf3bc46b94bc60ea4fef6\"},\"headline\":\"VW para 10 dias no ABC paulista por falta de semicondutores\",\"datePublished\":\"2023-02-10T12:05:27+00:00\",\"mainEntityOfPage\":{\"@id\":\"https:\\\/\\\/dana.com.br\\\/canaldana\\\/2023\\\/02\\\/10\\\/vw-para-10-dias-no-abc-paulista-por-falta-de-semicondutores\\\/\"},\"wordCount\":284,\"articleSection\":[\"Destaques\"],\"inLanguage\":\"pt-BR\"},{\"@type\":\"WebPage\",\"@id\":\"https:\\\/\\\/dana.com.br\\\/canaldana\\\/2023\\\/02\\\/10\\\/vw-para-10-dias-no-abc-paulista-por-falta-de-semicondutores\\\/\",\"url\":\"https:\\\/\\\/dana.com.br\\\/canaldana\\\/2023\\\/02\\\/10\\\/vw-para-10-dias-no-abc-paulista-por-falta-de-semicondutores\\\/\",\"name\":\"VW para 10 dias no ABC paulista por falta de semicondutores - Canal Dana\",\"isPartOf\":{\"@id\":\"https:\\\/\\\/dana.com.br\\\/canaldana\\\/#website\"},\"datePublished\":\"2023-02-10T12:05:27+00:00\",\"author\":{\"@id\":\"https:\\\/\\\/dana.com.br\\\/canaldana\\\/#\\\/schema\\\/person\\\/3c21f22f56fcf3bc46b94bc60ea4fef6\"},\"breadcrumb\":{\"@id\":\"https:\\\/\\\/dana.com.br\\\/canaldana\\\/2023\\\/02\\\/10\\\/vw-para-10-dias-no-abc-paulista-por-falta-de-semicondutores\\\/#breadcrumb\"},\"inLanguage\":\"pt-BR\",\"potentialAction\":[{\"@type\":\"ReadAction\",\"target\":[\"https:\\\/\\\/dana.com.br\\\/canaldana\\\/2023\\\/02\\\/10\\\/vw-para-10-dias-no-abc-paulista-por-falta-de-semicondutores\\\/\"]}]},{\"@type\":\"BreadcrumbList\",\"@id\":\"https:\\\/\\\/dana.com.br\\\/canaldana\\\/2023\\\/02\\\/10\\\/vw-para-10-dias-no-abc-paulista-por-falta-de-semicondutores\\\/#breadcrumb\",\"itemListElement\":[{\"@type\":\"ListItem\",\"position\":1,\"name\":\"Home\",\"item\":\"https:\\\/\\\/dana.com.br\\\/canaldana\\\/\"},{\"@type\":\"ListItem\",\"position\":2,\"name\":\"Destaques\",\"item\":\"https:\\\/\\\/dana.com.br\\\/canaldana\\\/destaques\\\/\"},{\"@type\":\"ListItem\",\"position\":3,\"name\":\"VW para 10 dias no ABC paulista por falta de semicondutores\"}]},{\"@type\":\"WebSite\",\"@id\":\"https:\\\/\\\/dana.com.br\\\/canaldana\\\/#website\",\"url\":\"https:\\\/\\\/dana.com.br\\\/canaldana\\\/\",\"name\":\"Canal Dana\",\"description\":\"Informativo com as principais not\u00edcias da ind\u00fastria automotiva\",\"potentialAction\":[{\"@type\":\"SearchAction\",\"target\":{\"@type\":\"EntryPoint\",\"urlTemplate\":\"https:\\\/\\\/dana.com.br\\\/canaldana\\\/?s={search_term_string}\"},\"query-input\":{\"@type\":\"PropertyValueSpecification\",\"valueRequired\":true,\"valueName\":\"search_term_string\"}}],\"inLanguage\":\"pt-BR\"},{\"@type\":\"Person\",\"@id\":\"https:\\\/\\\/dana.com.br\\\/canaldana\\\/#\\\/schema\\\/person\\\/3c21f22f56fcf3bc46b94bc60ea4fef6\",\"name\":\"Canal Dana\",\"image\":{\"@type\":\"ImageObject\",\"inLanguage\":\"pt-BR\",\"@id\":\"https:\\\/\\\/secure.gravatar.com\\\/avatar\\\/420aaf9278582877d9018637c6817617705899d2858d7572ef0fe59a6b6454b4?s=96&d=mm&r=g\",\"url\":\"https:\\\/\\\/secure.gravatar.com\\\/avatar\\\/420aaf9278582877d9018637c6817617705899d2858d7572ef0fe59a6b6454b4?s=96&d=mm&r=g\",\"contentUrl\":\"https:\\\/\\\/secure.gravatar.com\\\/avatar\\\/420aaf9278582877d9018637c6817617705899d2858d7572ef0fe59a6b6454b4?s=96&d=mm&r=g\",\"caption\":\"Canal Dana\"},\"url\":\"https:\\\/\\\/dana.com.br\\\/canaldana\\\/author\\\/cdeditor\\\/\"}]}<\/script>\n<!-- \/ Yoast SEO plugin. -->","yoast_head_json":{"title":"VW para 10 dias no ABC paulista por falta de semicondutores - Canal Dana","robots":{"index":"index","follow":"follow","max-snippet":"max-snippet:-1","max-image-preview":"max-image-preview:large","max-video-preview":"max-video-preview:-1"},"canonical":"https:\/\/dana.com.br\/canaldana\/2023\/02\/10\/vw-para-10-dias-no-abc-paulista-por-falta-de-semicondutores\/","og_locale":"pt_BR","og_type":"article","og_title":"VW para 10 dias no ABC paulista por falta de semicondutores - Canal Dana","og_description":"AutoInd\u00fastria &nbsp; Ao divulgar o balan\u00e7o das vendas de janeiro na ter\u00e7a-feira, 7, o presidente da Anfavea, M\u00e1rcio de Lima Leite, deixou bem claro que apesar de menos cr\u00edtica hoje do que h\u00e1 um ano, a crise dos semicondutores ainda n\u00e3o acabou de vez. Nem sempre as montadoras divulgam o real est\u00e1gio do problema enfrentado,\u2026 Leia mais \u00bb","og_url":"https:\/\/dana.com.br\/canaldana\/2023\/02\/10\/vw-para-10-dias-no-abc-paulista-por-falta-de-semicondutores\/","og_site_name":"Canal Dana","article_published_time":"2023-02-10T12:05:27+00:00","author":"Canal Dana","twitter_card":"summary_large_image","twitter_misc":{"Escrito por":"Canal Dana","Est. tempo de leitura":"2 minutos"},"schema":{"@context":"https:\/\/schema.org","@graph":[{"@type":"Article","@id":"https:\/\/dana.com.br\/canaldana\/2023\/02\/10\/vw-para-10-dias-no-abc-paulista-por-falta-de-semicondutores\/#article","isPartOf":{"@id":"https:\/\/dana.com.br\/canaldana\/2023\/02\/10\/vw-para-10-dias-no-abc-paulista-por-falta-de-semicondutores\/"},"author":{"name":"Canal Dana","@id":"https:\/\/dana.com.br\/canaldana\/#\/schema\/person\/3c21f22f56fcf3bc46b94bc60ea4fef6"},"headline":"VW para 10 dias no ABC paulista por falta de semicondutores","datePublished":"2023-02-10T12:05:27+00:00","mainEntityOfPage":{"@id":"https:\/\/dana.com.br\/canaldana\/2023\/02\/10\/vw-para-10-dias-no-abc-paulista-por-falta-de-semicondutores\/"},"wordCount":284,"articleSection":["Destaques"],"inLanguage":"pt-BR"},{"@type":"WebPage","@id":"https:\/\/dana.com.br\/canaldana\/2023\/02\/10\/vw-para-10-dias-no-abc-paulista-por-falta-de-semicondutores\/","url":"https:\/\/dana.com.br\/canaldana\/2023\/02\/10\/vw-para-10-dias-no-abc-paulista-por-falta-de-semicondutores\/","name":"VW para 10 dias no ABC paulista por falta de semicondutores - Canal Dana","isPartOf":{"@id":"https:\/\/dana.com.br\/canaldana\/#website"},"datePublished":"2023-02-10T12:05:27+00:00","author":{"@id":"https:\/\/dana.com.br\/canaldana\/#\/schema\/person\/3c21f22f56fcf3bc46b94bc60ea4fef6"},"breadcrumb":{"@id":"https:\/\/dana.com.br\/canaldana\/2023\/02\/10\/vw-para-10-dias-no-abc-paulista-por-falta-de-semicondutores\/#breadcrumb"},"inLanguage":"pt-BR","potentialAction":[{"@type":"ReadAction","target":["https:\/\/dana.com.br\/canaldana\/2023\/02\/10\/vw-para-10-dias-no-abc-paulista-por-falta-de-semicondutores\/"]}]},{"@type":"BreadcrumbList","@id":"https:\/\/dana.com.br\/canaldana\/2023\/02\/10\/vw-para-10-dias-no-abc-paulista-por-falta-de-semicondutores\/#breadcrumb","itemListElement":[{"@type":"ListItem","position":1,"name":"Home","item":"https:\/\/dana.com.br\/canaldana\/"},{"@type":"ListItem","position":2,"name":"Destaques","item":"https:\/\/dana.com.br\/canaldana\/destaques\/"},{"@type":"ListItem","position":3,"name":"VW para 10 dias no ABC paulista por falta de semicondutores"}]},{"@type":"WebSite","@id":"https:\/\/dana.com.br\/canaldana\/#website","url":"https:\/\/dana.com.br\/canaldana\/","name":"Canal Dana","description":"Informativo com as principais not\u00edcias da ind\u00fastria automotiva","potentialAction":[{"@type":"SearchAction","target":{"@type":"EntryPoint","urlTemplate":"https:\/\/dana.com.br\/canaldana\/?s={search_term_string}"},"query-input":{"@type":"PropertyValueSpecification","valueRequired":true,"valueName":"search_term_string"}}],"inLanguage":"pt-BR"},{"@type":"Person","@id":"https:\/\/dana.com.br\/canaldana\/#\/schema\/person\/3c21f22f56fcf3bc46b94bc60ea4fef6","name":"Canal Dana","image":{"@type":"ImageObject","inLanguage":"pt-BR","@id":"https:\/\/secure.gravatar.com\/avatar\/420aaf9278582877d9018637c6817617705899d2858d7572ef0fe59a6b6454b4?s=96&d=mm&r=g","url":"https:\/\/secure.gravatar.com\/avatar\/420aaf9278582877d9018637c6817617705899d2858d7572ef0fe59a6b6454b4?s=96&d=mm&r=g","contentUrl":"https:\/\/secure.gravatar.com\/avatar\/420aaf9278582877d9018637c6817617705899d2858d7572ef0fe59a6b6454b4?s=96&d=mm&r=g","caption":"Canal Dana"},"url":"https:\/\/dana.com.br\/canaldana\/author\/cdeditor\/"}]}},"_links":{"self":[{"href":"https:\/\/dana.com.br\/canaldana\/wp-json\/wp\/v2\/posts\/63750","targetHints":{"allow":["GET"]}}],"collection":[{"href":"https:\/\/dana.com.br\/canaldana\/wp-json\/wp\/v2\/posts"}],"about":[{"href":"https:\/\/dana.com.br\/canaldana\/wp-json\/wp\/v2\/types\/post"}],"author":[{"embeddable":true,"href":"https:\/\/dana.com.br\/canaldana\/wp-json\/wp\/v2\/users\/3"}],"replies":[{"embeddable":true,"href":"https:\/\/dana.com.br\/canaldana\/wp-json\/wp\/v2\/comments?post=63750"}],"version-history":[{"count":0,"href":"https:\/\/dana.com.br\/canaldana\/wp-json\/wp\/v2\/posts\/63750\/revisions"}],"wp:attachment":[{"href":"https:\/\/dana.com.br\/canaldana\/wp-json\/wp\/v2\/media?parent=63750"}],"wp:term":[{"taxonomy":"category","embeddable":true,"href":"https:\/\/dana.com.br\/canaldana\/wp-json\/wp\/v2\/categories?post=63750"},{"taxonomy":"post_tag","embeddable":true,"href":"https:\/\/dana.com.br\/canaldana\/wp-json\/wp\/v2\/tags?post=63750"}],"curies":[{"name":"wp","href":"https:\/\/api.w.org\/{rel}","templated":true}]}}