{"id":63746,"date":"2023-02-10T09:04:23","date_gmt":"2023-02-10T12:04:23","guid":{"rendered":"https:\/\/dana.com.br\/canaldana\/?p=63746"},"modified":"2023-02-10T09:04:23","modified_gmt":"2023-02-10T12:04:23","slug":"comercio-varejista-fecha-2022-com-crescimento-de-1","status":"publish","type":"post","link":"https:\/\/dana.com.br\/canaldana\/2023\/02\/10\/comercio-varejista-fecha-2022-com-crescimento-de-1\/","title":{"rendered":"Com\u00e9rcio varejista fecha 2022 com crescimento de 1%"},"content":{"rendered":"<p><em>Di\u00e1rio do Com\u00e9rcio\/Ag\u00eancia Brasil<\/em><\/p>\n<p>&nbsp;<\/p>\n<p>O volume de vendas do com\u00e9rcio varejista fechou 2022 com crescimento de 1%, segundo dados da Pesquisa Mensal do Com\u00e9rcio (PMC) divulgada hoje (9) pelo Instituto Brasileiro de Geografia e Estat\u00edstica (IBGE). Esse foi o pior resultado do setor desde 2016, quando havia apresentado queda de 6,2%.<\/p>\n<p>&nbsp;<\/p>\n<p>Entre os segmentos do varejo, a atividade de combust\u00edveis e lubrificantes, com alta de 16,6%, foi a que apresentou melhor resultado. Mais quatro atividades fecharam o ano com crescimento: livros, jornais, revista e papelaria (14,8%), artigos farmac\u00eauticos, m\u00e9dicos, ortop\u00e9dicos e de perfumaria (6,3%), equipamentos e materiais para escrit\u00f3rio, inform\u00e1tica e comunica\u00e7\u00e3o (1,7%) e supermercados, alimentos, bebidas e fumo (1,4%).<\/p>\n<p>&nbsp;<\/p>\n<p>Tr\u00eas atividades tiveram queda: outros artigos de uso pessoal e dom\u00e9stico (-8,4%), m\u00f3veis e eletrodom\u00e9sticos (-6,7%) e tecidos, vestu\u00e1rio e cal\u00e7ados (-0,5%).<\/p>\n<p>&nbsp;<\/p>\n<p>Em dezembro, o com\u00e9rcio varejista teve queda de 2,6% em rela\u00e7\u00e3o ao m\u00eas anterior e alta de 0,4% na compara\u00e7\u00e3o com dezembro de 2021. A receita nominal do setor avan\u00e7ou 14,1% no acumulado do ano e 10,2% na compara\u00e7\u00e3o com dezembro de 2021, mas recuou 0,3% na passagem de novembro para dezembro.<\/p>\n<p>&nbsp;<\/p>\n<p><strong>Varejo ampliado<\/strong><\/p>\n<p>&nbsp;<\/p>\n<p>O varejo ampliado, que tamb\u00e9m analisa os setores de materiais de constru\u00e7\u00e3o e venda de ve\u00edculos e pe\u00e7as al\u00e9m das oito atividades do varejo, fechou o ano com queda de 0,6% no volume de vendas, devido a perdas de 8,7% no setor de constru\u00e7\u00e3o e de 1,7% nos ve\u00edculos.<\/p>\n<p>&nbsp;<\/p>\n<p>O setor teve perda de 0,6% na compara\u00e7\u00e3o com dezembro de 2021, mas apresentou alta de 0,4% na passagem de novembro para dezembro.<\/p>\n<p>&nbsp;<\/p>\n<p>A receita do varejo ampliado cresceu 12,6% no acumulado de 12 meses, 8,7% na compara\u00e7\u00e3o com dezembro de 2021 e 0,4% na passagem de novembro para dezembro. (Di\u00e1rio do Com\u00e9rcio\/Ag\u00eancia Brasil)<\/p>\n","protected":false},"excerpt":{"rendered":"<p>Di\u00e1rio do Com\u00e9rcio\/Ag\u00eancia Brasil &nbsp; O volume de vendas do com\u00e9rcio varejista fechou 2022 com crescimento de 1%, segundo dados da Pesquisa Mensal do Com\u00e9rcio (PMC) divulgada hoje (9) pelo Instituto Brasileiro de Geografia e Estat\u00edstica (IBGE). Esse foi o pior resultado do setor desde 2016, quando havia apresentado queda de 6,2%. &nbsp; Entre os\u2026 <a class=\"readmore\" href=\"https:\/\/dana.com.br\/canaldana\/2023\/02\/10\/comercio-varejista-fecha-2022-com-crescimento-de-1\/\">Leia mais \u00bb<\/a><\/p>\n","protected":false},"author":3,"featured_media":0,"comment_status":"closed","ping_status":"closed","sticky":false,"template":"","format":"standard","meta":{"_acf_changed":false,"footnotes":""},"categories":[79],"tags":[],"class_list":["post-63746","post","type-post","status-publish","format-standard","hentry","category-mercado"],"acf":[],"yoast_head":"<!-- This site is optimized with the Yoast SEO plugin v27.3 - https:\/\/yoast.com\/product\/yoast-seo-wordpress\/ -->\n<title>Com\u00e9rcio varejista fecha 2022 com crescimento de 1% - Canal Dana<\/title>\n<meta name=\"robots\" content=\"index, follow, max-snippet:-1, max-image-preview:large, max-video-preview:-1\" \/>\n<link rel=\"canonical\" href=\"https:\/\/dana.com.br\/canaldana\/2023\/02\/10\/comercio-varejista-fecha-2022-com-crescimento-de-1\/\" \/>\n<meta property=\"og:locale\" content=\"pt_BR\" \/>\n<meta property=\"og:type\" content=\"article\" \/>\n<meta property=\"og:title\" content=\"Com\u00e9rcio varejista fecha 2022 com crescimento de 1% - Canal Dana\" \/>\n<meta property=\"og:description\" content=\"Di\u00e1rio do Com\u00e9rcio\/Ag\u00eancia Brasil &nbsp; O volume de vendas do com\u00e9rcio varejista fechou 2022 com crescimento de 1%, segundo dados da Pesquisa Mensal do Com\u00e9rcio (PMC) divulgada hoje (9) pelo Instituto Brasileiro de Geografia e Estat\u00edstica (IBGE). Esse foi o pior resultado do setor desde 2016, quando havia apresentado queda de 6,2%. &nbsp; Entre os\u2026 Leia mais \u00bb\" \/>\n<meta property=\"og:url\" content=\"https:\/\/dana.com.br\/canaldana\/2023\/02\/10\/comercio-varejista-fecha-2022-com-crescimento-de-1\/\" \/>\n<meta property=\"og:site_name\" content=\"Canal Dana\" \/>\n<meta property=\"article:published_time\" content=\"2023-02-10T12:04:23+00:00\" \/>\n<meta name=\"author\" content=\"Canal Dana\" \/>\n<meta name=\"twitter:card\" content=\"summary_large_image\" \/>\n<meta name=\"twitter:label1\" content=\"Escrito por\" \/>\n\t<meta name=\"twitter:data1\" content=\"Canal Dana\" \/>\n\t<meta name=\"twitter:label2\" content=\"Est. tempo de leitura\" \/>\n\t<meta name=\"twitter:data2\" content=\"2 minutos\" \/>\n<script type=\"application\/ld+json\" class=\"yoast-schema-graph\">{\"@context\":\"https:\\\/\\\/schema.org\",\"@graph\":[{\"@type\":\"Article\",\"@id\":\"https:\\\/\\\/dana.com.br\\\/canaldana\\\/2023\\\/02\\\/10\\\/comercio-varejista-fecha-2022-com-crescimento-de-1\\\/#article\",\"isPartOf\":{\"@id\":\"https:\\\/\\\/dana.com.br\\\/canaldana\\\/2023\\\/02\\\/10\\\/comercio-varejista-fecha-2022-com-crescimento-de-1\\\/\"},\"author\":{\"name\":\"Canal Dana\",\"@id\":\"https:\\\/\\\/dana.com.br\\\/canaldana\\\/#\\\/schema\\\/person\\\/3c21f22f56fcf3bc46b94bc60ea4fef6\"},\"headline\":\"Com\u00e9rcio varejista fecha 2022 com crescimento de 1%\",\"datePublished\":\"2023-02-10T12:04:23+00:00\",\"mainEntityOfPage\":{\"@id\":\"https:\\\/\\\/dana.com.br\\\/canaldana\\\/2023\\\/02\\\/10\\\/comercio-varejista-fecha-2022-com-crescimento-de-1\\\/\"},\"wordCount\":315,\"articleSection\":[\"Mercado\"],\"inLanguage\":\"pt-BR\"},{\"@type\":\"WebPage\",\"@id\":\"https:\\\/\\\/dana.com.br\\\/canaldana\\\/2023\\\/02\\\/10\\\/comercio-varejista-fecha-2022-com-crescimento-de-1\\\/\",\"url\":\"https:\\\/\\\/dana.com.br\\\/canaldana\\\/2023\\\/02\\\/10\\\/comercio-varejista-fecha-2022-com-crescimento-de-1\\\/\",\"name\":\"Com\u00e9rcio varejista fecha 2022 com crescimento de 1% - Canal Dana\",\"isPartOf\":{\"@id\":\"https:\\\/\\\/dana.com.br\\\/canaldana\\\/#website\"},\"datePublished\":\"2023-02-10T12:04:23+00:00\",\"author\":{\"@id\":\"https:\\\/\\\/dana.com.br\\\/canaldana\\\/#\\\/schema\\\/person\\\/3c21f22f56fcf3bc46b94bc60ea4fef6\"},\"breadcrumb\":{\"@id\":\"https:\\\/\\\/dana.com.br\\\/canaldana\\\/2023\\\/02\\\/10\\\/comercio-varejista-fecha-2022-com-crescimento-de-1\\\/#breadcrumb\"},\"inLanguage\":\"pt-BR\",\"potentialAction\":[{\"@type\":\"ReadAction\",\"target\":[\"https:\\\/\\\/dana.com.br\\\/canaldana\\\/2023\\\/02\\\/10\\\/comercio-varejista-fecha-2022-com-crescimento-de-1\\\/\"]}]},{\"@type\":\"BreadcrumbList\",\"@id\":\"https:\\\/\\\/dana.com.br\\\/canaldana\\\/2023\\\/02\\\/10\\\/comercio-varejista-fecha-2022-com-crescimento-de-1\\\/#breadcrumb\",\"itemListElement\":[{\"@type\":\"ListItem\",\"position\":1,\"name\":\"Home\",\"item\":\"https:\\\/\\\/dana.com.br\\\/canaldana\\\/\"},{\"@type\":\"ListItem\",\"position\":2,\"name\":\"Mercado\",\"item\":\"https:\\\/\\\/dana.com.br\\\/canaldana\\\/mercado\\\/\"},{\"@type\":\"ListItem\",\"position\":3,\"name\":\"Com\u00e9rcio varejista fecha 2022 com crescimento de 1%\"}]},{\"@type\":\"WebSite\",\"@id\":\"https:\\\/\\\/dana.com.br\\\/canaldana\\\/#website\",\"url\":\"https:\\\/\\\/dana.com.br\\\/canaldana\\\/\",\"name\":\"Canal Dana\",\"description\":\"Informativo com as principais not\u00edcias da ind\u00fastria automotiva\",\"potentialAction\":[{\"@type\":\"SearchAction\",\"target\":{\"@type\":\"EntryPoint\",\"urlTemplate\":\"https:\\\/\\\/dana.com.br\\\/canaldana\\\/?s={search_term_string}\"},\"query-input\":{\"@type\":\"PropertyValueSpecification\",\"valueRequired\":true,\"valueName\":\"search_term_string\"}}],\"inLanguage\":\"pt-BR\"},{\"@type\":\"Person\",\"@id\":\"https:\\\/\\\/dana.com.br\\\/canaldana\\\/#\\\/schema\\\/person\\\/3c21f22f56fcf3bc46b94bc60ea4fef6\",\"name\":\"Canal Dana\",\"image\":{\"@type\":\"ImageObject\",\"inLanguage\":\"pt-BR\",\"@id\":\"https:\\\/\\\/secure.gravatar.com\\\/avatar\\\/420aaf9278582877d9018637c6817617705899d2858d7572ef0fe59a6b6454b4?s=96&d=mm&r=g\",\"url\":\"https:\\\/\\\/secure.gravatar.com\\\/avatar\\\/420aaf9278582877d9018637c6817617705899d2858d7572ef0fe59a6b6454b4?s=96&d=mm&r=g\",\"contentUrl\":\"https:\\\/\\\/secure.gravatar.com\\\/avatar\\\/420aaf9278582877d9018637c6817617705899d2858d7572ef0fe59a6b6454b4?s=96&d=mm&r=g\",\"caption\":\"Canal Dana\"},\"url\":\"https:\\\/\\\/dana.com.br\\\/canaldana\\\/author\\\/cdeditor\\\/\"}]}<\/script>\n<!-- \/ Yoast SEO plugin. -->","yoast_head_json":{"title":"Com\u00e9rcio varejista fecha 2022 com crescimento de 1% - Canal Dana","robots":{"index":"index","follow":"follow","max-snippet":"max-snippet:-1","max-image-preview":"max-image-preview:large","max-video-preview":"max-video-preview:-1"},"canonical":"https:\/\/dana.com.br\/canaldana\/2023\/02\/10\/comercio-varejista-fecha-2022-com-crescimento-de-1\/","og_locale":"pt_BR","og_type":"article","og_title":"Com\u00e9rcio varejista fecha 2022 com crescimento de 1% - Canal Dana","og_description":"Di\u00e1rio do Com\u00e9rcio\/Ag\u00eancia Brasil &nbsp; O volume de vendas do com\u00e9rcio varejista fechou 2022 com crescimento de 1%, segundo dados da Pesquisa Mensal do Com\u00e9rcio (PMC) divulgada hoje (9) pelo Instituto Brasileiro de Geografia e Estat\u00edstica (IBGE). Esse foi o pior resultado do setor desde 2016, quando havia apresentado queda de 6,2%. &nbsp; Entre os\u2026 Leia mais \u00bb","og_url":"https:\/\/dana.com.br\/canaldana\/2023\/02\/10\/comercio-varejista-fecha-2022-com-crescimento-de-1\/","og_site_name":"Canal Dana","article_published_time":"2023-02-10T12:04:23+00:00","author":"Canal Dana","twitter_card":"summary_large_image","twitter_misc":{"Escrito por":"Canal Dana","Est. tempo de leitura":"2 minutos"},"schema":{"@context":"https:\/\/schema.org","@graph":[{"@type":"Article","@id":"https:\/\/dana.com.br\/canaldana\/2023\/02\/10\/comercio-varejista-fecha-2022-com-crescimento-de-1\/#article","isPartOf":{"@id":"https:\/\/dana.com.br\/canaldana\/2023\/02\/10\/comercio-varejista-fecha-2022-com-crescimento-de-1\/"},"author":{"name":"Canal Dana","@id":"https:\/\/dana.com.br\/canaldana\/#\/schema\/person\/3c21f22f56fcf3bc46b94bc60ea4fef6"},"headline":"Com\u00e9rcio varejista fecha 2022 com crescimento de 1%","datePublished":"2023-02-10T12:04:23+00:00","mainEntityOfPage":{"@id":"https:\/\/dana.com.br\/canaldana\/2023\/02\/10\/comercio-varejista-fecha-2022-com-crescimento-de-1\/"},"wordCount":315,"articleSection":["Mercado"],"inLanguage":"pt-BR"},{"@type":"WebPage","@id":"https:\/\/dana.com.br\/canaldana\/2023\/02\/10\/comercio-varejista-fecha-2022-com-crescimento-de-1\/","url":"https:\/\/dana.com.br\/canaldana\/2023\/02\/10\/comercio-varejista-fecha-2022-com-crescimento-de-1\/","name":"Com\u00e9rcio varejista fecha 2022 com crescimento de 1% - Canal Dana","isPartOf":{"@id":"https:\/\/dana.com.br\/canaldana\/#website"},"datePublished":"2023-02-10T12:04:23+00:00","author":{"@id":"https:\/\/dana.com.br\/canaldana\/#\/schema\/person\/3c21f22f56fcf3bc46b94bc60ea4fef6"},"breadcrumb":{"@id":"https:\/\/dana.com.br\/canaldana\/2023\/02\/10\/comercio-varejista-fecha-2022-com-crescimento-de-1\/#breadcrumb"},"inLanguage":"pt-BR","potentialAction":[{"@type":"ReadAction","target":["https:\/\/dana.com.br\/canaldana\/2023\/02\/10\/comercio-varejista-fecha-2022-com-crescimento-de-1\/"]}]},{"@type":"BreadcrumbList","@id":"https:\/\/dana.com.br\/canaldana\/2023\/02\/10\/comercio-varejista-fecha-2022-com-crescimento-de-1\/#breadcrumb","itemListElement":[{"@type":"ListItem","position":1,"name":"Home","item":"https:\/\/dana.com.br\/canaldana\/"},{"@type":"ListItem","position":2,"name":"Mercado","item":"https:\/\/dana.com.br\/canaldana\/mercado\/"},{"@type":"ListItem","position":3,"name":"Com\u00e9rcio varejista fecha 2022 com crescimento de 1%"}]},{"@type":"WebSite","@id":"https:\/\/dana.com.br\/canaldana\/#website","url":"https:\/\/dana.com.br\/canaldana\/","name":"Canal Dana","description":"Informativo com as principais not\u00edcias da ind\u00fastria automotiva","potentialAction":[{"@type":"SearchAction","target":{"@type":"EntryPoint","urlTemplate":"https:\/\/dana.com.br\/canaldana\/?s={search_term_string}"},"query-input":{"@type":"PropertyValueSpecification","valueRequired":true,"valueName":"search_term_string"}}],"inLanguage":"pt-BR"},{"@type":"Person","@id":"https:\/\/dana.com.br\/canaldana\/#\/schema\/person\/3c21f22f56fcf3bc46b94bc60ea4fef6","name":"Canal Dana","image":{"@type":"ImageObject","inLanguage":"pt-BR","@id":"https:\/\/secure.gravatar.com\/avatar\/420aaf9278582877d9018637c6817617705899d2858d7572ef0fe59a6b6454b4?s=96&d=mm&r=g","url":"https:\/\/secure.gravatar.com\/avatar\/420aaf9278582877d9018637c6817617705899d2858d7572ef0fe59a6b6454b4?s=96&d=mm&r=g","contentUrl":"https:\/\/secure.gravatar.com\/avatar\/420aaf9278582877d9018637c6817617705899d2858d7572ef0fe59a6b6454b4?s=96&d=mm&r=g","caption":"Canal Dana"},"url":"https:\/\/dana.com.br\/canaldana\/author\/cdeditor\/"}]}},"_links":{"self":[{"href":"https:\/\/dana.com.br\/canaldana\/wp-json\/wp\/v2\/posts\/63746","targetHints":{"allow":["GET"]}}],"collection":[{"href":"https:\/\/dana.com.br\/canaldana\/wp-json\/wp\/v2\/posts"}],"about":[{"href":"https:\/\/dana.com.br\/canaldana\/wp-json\/wp\/v2\/types\/post"}],"author":[{"embeddable":true,"href":"https:\/\/dana.com.br\/canaldana\/wp-json\/wp\/v2\/users\/3"}],"replies":[{"embeddable":true,"href":"https:\/\/dana.com.br\/canaldana\/wp-json\/wp\/v2\/comments?post=63746"}],"version-history":[{"count":0,"href":"https:\/\/dana.com.br\/canaldana\/wp-json\/wp\/v2\/posts\/63746\/revisions"}],"wp:attachment":[{"href":"https:\/\/dana.com.br\/canaldana\/wp-json\/wp\/v2\/media?parent=63746"}],"wp:term":[{"taxonomy":"category","embeddable":true,"href":"https:\/\/dana.com.br\/canaldana\/wp-json\/wp\/v2\/categories?post=63746"},{"taxonomy":"post_tag","embeddable":true,"href":"https:\/\/dana.com.br\/canaldana\/wp-json\/wp\/v2\/tags?post=63746"}],"curies":[{"name":"wp","href":"https:\/\/api.w.org\/{rel}","templated":true}]}}