{"id":63730,"date":"2023-02-10T09:00:06","date_gmt":"2023-02-10T12:00:06","guid":{"rendered":"https:\/\/dana.com.br\/canaldana\/?p=63730"},"modified":"2023-02-10T09:00:06","modified_gmt":"2023-02-10T12:00:06","slug":"marcopolo-inicia-testes-com-onibus-eletrico-attivi-no-chile","status":"publish","type":"post","link":"https:\/\/dana.com.br\/canaldana\/2023\/02\/10\/marcopolo-inicia-testes-com-onibus-eletrico-attivi-no-chile\/","title":{"rendered":"Marcopolo inicia testes com \u00f4nibus el\u00e9trico Attivi no Chile"},"content":{"rendered":"<p><em>Truck &amp; Bus Builder Am\u00e9rica do Sul<\/em><\/p>\n<p>&nbsp;<\/p>\n<p>A Marcopolo, l\u00edder no Brasil na produ\u00e7\u00e3o de carrocerias de \u00f4nibus e refer\u00eancia no mercado global, iniciou neste m\u00eas a opera\u00e7\u00e3o de \u00f4nibus 100% el\u00e9trico Attivi em Santiago do Chile. A iniciativa est\u00e1 alinhada com a estrat\u00e9gia de eletromobilidade da companhia para ampliar sua presen\u00e7a nos mercados mais avan\u00e7ados na eletrifica\u00e7\u00e3o, com a forma\u00e7\u00e3o de parcerias estrat\u00e9gias para o fornecimento de chassi.<\/p>\n<p>&nbsp;<\/p>\n<p>De acordo com Andr\u00e9 Armaganijan, diretor de Neg\u00f3cios Internacionais, de Opera\u00e7\u00f5es Comerciais e de Mercado Externo da Marcopolo, o \u00f4nibus circular\u00e1 por diversas \u00e1reas urbanas da capital Santiago para que os operadores possam avaliar o seu desempenho em trajetos utilizados pelos \u00f4nibus convencionais movidos a diesel.<\/p>\n<p>&nbsp;<\/p>\n<p>O modelo Attivi desenvolvido para o Chile possui 12.000mm de comprimento e chassi Low Entry equipado com motor el\u00e9trico de pot\u00eancia m\u00e1xima de 350 kW e torque de 3.500 Nm, eixo dianteiro ZF RL82A, eixo traseiro motriz ZF A132, suspens\u00e3o a ar ZF, sistema de freios Knorr e baterias CATL com capacidade de 350kwh e autonomia entre 230 e 280 km (dependendo das condi\u00e7\u00f5es de utiliza\u00e7\u00e3o). Tem capacidade para 91 passageiros (sendo 34 sentados em poltronas City com encosto de cabe\u00e7a).<\/p>\n<p>&nbsp;<\/p>\n<p>Para maior conforto e seguran\u00e7a dos passageiros, conta com ar-condicionado Valeo Revo E, incorporado ao sistema de refrigera\u00e7\u00e3o das baterias, de \u00e1udio interno, com prepara\u00e7\u00e3o para a instala\u00e7\u00e3o do microfone, e c\u00e2mera de r\u00e9 com sirene e monitor no painel do motorista, al\u00e9m de c\u00e2mera interna de seguran\u00e7a com grava\u00e7\u00e3o. Possui espa\u00e7o para cadeira de rodas e assento preferencial para PCDs, ilumina\u00e7\u00e3o interna toda em LED, far\u00f3is e sinaleiras traseiras em LED e cabine de separa\u00e7\u00e3o para o motorista.<\/p>\n<p>&nbsp;<\/p>\n<p>Como parte da sua estrat\u00e9gia ESG, a Marcopolo, l\u00edder no fornecimento de \u00f4nibus para o sistema de transporte urbano RED Movilidad de Santiago, anunciou recentemente o in\u00edcio de produ\u00e7\u00e3o do Attivi integral no Brasil. \u201cH\u00e1 alguns anos estamos envolvidos em diferentes projetos de ve\u00edculos movidos a combust\u00edveis obtidos a partir de fontes renov\u00e1veis. A tecnologia limpa \u00e9 uma tend\u00eancia mundial e a companhia est\u00e1 presente em diferentes mercados, com parcerias estrat\u00e9gicas para prover as melhores solu\u00e7\u00f5es para cada pa\u00eds\u201d, enfatiza Armaganijan.<\/p>\n<p>&nbsp;<\/p>\n<p>A companhia conta com mais de 350 \u00f4nibus el\u00e9tricos e h\u00edbridos rodando em diversos pa\u00edses, como Argentina, Col\u00f4mbia, Austr\u00e1lia e \u00cdndia, al\u00e9m do Brasil, com chassis de parceiros.<\/p>\n<p>&nbsp;<\/p>\n<p><strong>Sobre a Marcopolo<\/strong><\/p>\n<p>&nbsp;<\/p>\n<p>Fundada h\u00e1 73 anos em Caxias do Sul (RS), a Marcopolo \u00e9 l\u00edder na fabrica\u00e7\u00e3o de carrocerias de \u00f4nibus no Brasil e posiciona-se entre as maiores fabricantes do mundo. A companhia investe de forma cont\u00ednua em aprimoramento, tecnologia, design e expans\u00e3o, produzindo solu\u00e7\u00f5es que contribuem para o desenvolvimento do transporte coletivo de passageiros. Com f\u00e1bricas nos cinco continentes, os ve\u00edculos produzidos pela empresa rodam nas estradas de mais de cem pa\u00edses. (Truck &amp; Bus Builder Am\u00e9rica do Sul)<\/p>\n","protected":false},"excerpt":{"rendered":"<p>Truck &amp; Bus Builder Am\u00e9rica do Sul &nbsp; A Marcopolo, l\u00edder no Brasil na produ\u00e7\u00e3o de carrocerias de \u00f4nibus e refer\u00eancia no mercado global, iniciou neste m\u00eas a opera\u00e7\u00e3o de \u00f4nibus 100% el\u00e9trico Attivi em Santiago do Chile. A iniciativa est\u00e1 alinhada com a estrat\u00e9gia de eletromobilidade da companhia para ampliar sua presen\u00e7a nos mercados\u2026 <a class=\"readmore\" href=\"https:\/\/dana.com.br\/canaldana\/2023\/02\/10\/marcopolo-inicia-testes-com-onibus-eletrico-attivi-no-chile\/\">Leia mais \u00bb<\/a><\/p>\n","protected":false},"author":3,"featured_media":0,"comment_status":"closed","ping_status":"closed","sticky":false,"template":"","format":"standard","meta":{"_acf_changed":false,"footnotes":""},"categories":[110],"tags":[],"class_list":["post-63730","post","type-post","status-publish","format-standard","hentry","category-eletricos"],"acf":[],"yoast_head":"<!-- This site is optimized with the Yoast SEO plugin v27.3 - https:\/\/yoast.com\/product\/yoast-seo-wordpress\/ -->\n<title>Marcopolo inicia testes com \u00f4nibus el\u00e9trico Attivi no Chile - Canal Dana<\/title>\n<meta name=\"robots\" content=\"index, follow, max-snippet:-1, max-image-preview:large, max-video-preview:-1\" \/>\n<link rel=\"canonical\" href=\"https:\/\/dana.com.br\/canaldana\/2023\/02\/10\/marcopolo-inicia-testes-com-onibus-eletrico-attivi-no-chile\/\" \/>\n<meta property=\"og:locale\" content=\"pt_BR\" \/>\n<meta property=\"og:type\" content=\"article\" \/>\n<meta property=\"og:title\" content=\"Marcopolo inicia testes com \u00f4nibus el\u00e9trico Attivi no Chile - Canal Dana\" \/>\n<meta property=\"og:description\" content=\"Truck &amp; Bus Builder Am\u00e9rica do Sul &nbsp; A Marcopolo, l\u00edder no Brasil na produ\u00e7\u00e3o de carrocerias de \u00f4nibus e refer\u00eancia no mercado global, iniciou neste m\u00eas a opera\u00e7\u00e3o de \u00f4nibus 100% el\u00e9trico Attivi em Santiago do Chile. A iniciativa est\u00e1 alinhada com a estrat\u00e9gia de eletromobilidade da companhia para ampliar sua presen\u00e7a nos mercados\u2026 Leia mais \u00bb\" \/>\n<meta property=\"og:url\" content=\"https:\/\/dana.com.br\/canaldana\/2023\/02\/10\/marcopolo-inicia-testes-com-onibus-eletrico-attivi-no-chile\/\" \/>\n<meta property=\"og:site_name\" content=\"Canal Dana\" \/>\n<meta property=\"article:published_time\" content=\"2023-02-10T12:00:06+00:00\" \/>\n<meta name=\"author\" content=\"Canal Dana\" \/>\n<meta name=\"twitter:card\" content=\"summary_large_image\" \/>\n<meta name=\"twitter:label1\" content=\"Escrito por\" \/>\n\t<meta name=\"twitter:data1\" content=\"Canal Dana\" \/>\n\t<meta name=\"twitter:label2\" content=\"Est. tempo de leitura\" \/>\n\t<meta name=\"twitter:data2\" content=\"3 minutos\" \/>\n<script type=\"application\/ld+json\" class=\"yoast-schema-graph\">{\"@context\":\"https:\\\/\\\/schema.org\",\"@graph\":[{\"@type\":\"Article\",\"@id\":\"https:\\\/\\\/dana.com.br\\\/canaldana\\\/2023\\\/02\\\/10\\\/marcopolo-inicia-testes-com-onibus-eletrico-attivi-no-chile\\\/#article\",\"isPartOf\":{\"@id\":\"https:\\\/\\\/dana.com.br\\\/canaldana\\\/2023\\\/02\\\/10\\\/marcopolo-inicia-testes-com-onibus-eletrico-attivi-no-chile\\\/\"},\"author\":{\"name\":\"Canal Dana\",\"@id\":\"https:\\\/\\\/dana.com.br\\\/canaldana\\\/#\\\/schema\\\/person\\\/3c21f22f56fcf3bc46b94bc60ea4fef6\"},\"headline\":\"Marcopolo inicia testes com \u00f4nibus el\u00e9trico Attivi no Chile\",\"datePublished\":\"2023-02-10T12:00:06+00:00\",\"mainEntityOfPage\":{\"@id\":\"https:\\\/\\\/dana.com.br\\\/canaldana\\\/2023\\\/02\\\/10\\\/marcopolo-inicia-testes-com-onibus-eletrico-attivi-no-chile\\\/\"},\"wordCount\":534,\"articleSection\":[\"El\u00e9tricos\"],\"inLanguage\":\"pt-BR\"},{\"@type\":\"WebPage\",\"@id\":\"https:\\\/\\\/dana.com.br\\\/canaldana\\\/2023\\\/02\\\/10\\\/marcopolo-inicia-testes-com-onibus-eletrico-attivi-no-chile\\\/\",\"url\":\"https:\\\/\\\/dana.com.br\\\/canaldana\\\/2023\\\/02\\\/10\\\/marcopolo-inicia-testes-com-onibus-eletrico-attivi-no-chile\\\/\",\"name\":\"Marcopolo inicia testes com \u00f4nibus el\u00e9trico Attivi no Chile - Canal Dana\",\"isPartOf\":{\"@id\":\"https:\\\/\\\/dana.com.br\\\/canaldana\\\/#website\"},\"datePublished\":\"2023-02-10T12:00:06+00:00\",\"author\":{\"@id\":\"https:\\\/\\\/dana.com.br\\\/canaldana\\\/#\\\/schema\\\/person\\\/3c21f22f56fcf3bc46b94bc60ea4fef6\"},\"breadcrumb\":{\"@id\":\"https:\\\/\\\/dana.com.br\\\/canaldana\\\/2023\\\/02\\\/10\\\/marcopolo-inicia-testes-com-onibus-eletrico-attivi-no-chile\\\/#breadcrumb\"},\"inLanguage\":\"pt-BR\",\"potentialAction\":[{\"@type\":\"ReadAction\",\"target\":[\"https:\\\/\\\/dana.com.br\\\/canaldana\\\/2023\\\/02\\\/10\\\/marcopolo-inicia-testes-com-onibus-eletrico-attivi-no-chile\\\/\"]}]},{\"@type\":\"BreadcrumbList\",\"@id\":\"https:\\\/\\\/dana.com.br\\\/canaldana\\\/2023\\\/02\\\/10\\\/marcopolo-inicia-testes-com-onibus-eletrico-attivi-no-chile\\\/#breadcrumb\",\"itemListElement\":[{\"@type\":\"ListItem\",\"position\":1,\"name\":\"Home\",\"item\":\"https:\\\/\\\/dana.com.br\\\/canaldana\\\/\"},{\"@type\":\"ListItem\",\"position\":2,\"name\":\"El\u00e9tricos\",\"item\":\"https:\\\/\\\/dana.com.br\\\/canaldana\\\/eletricos\\\/\"},{\"@type\":\"ListItem\",\"position\":3,\"name\":\"Marcopolo inicia testes com \u00f4nibus el\u00e9trico Attivi no Chile\"}]},{\"@type\":\"WebSite\",\"@id\":\"https:\\\/\\\/dana.com.br\\\/canaldana\\\/#website\",\"url\":\"https:\\\/\\\/dana.com.br\\\/canaldana\\\/\",\"name\":\"Canal Dana\",\"description\":\"Informativo com as principais not\u00edcias da ind\u00fastria automotiva\",\"potentialAction\":[{\"@type\":\"SearchAction\",\"target\":{\"@type\":\"EntryPoint\",\"urlTemplate\":\"https:\\\/\\\/dana.com.br\\\/canaldana\\\/?s={search_term_string}\"},\"query-input\":{\"@type\":\"PropertyValueSpecification\",\"valueRequired\":true,\"valueName\":\"search_term_string\"}}],\"inLanguage\":\"pt-BR\"},{\"@type\":\"Person\",\"@id\":\"https:\\\/\\\/dana.com.br\\\/canaldana\\\/#\\\/schema\\\/person\\\/3c21f22f56fcf3bc46b94bc60ea4fef6\",\"name\":\"Canal Dana\",\"image\":{\"@type\":\"ImageObject\",\"inLanguage\":\"pt-BR\",\"@id\":\"https:\\\/\\\/secure.gravatar.com\\\/avatar\\\/420aaf9278582877d9018637c6817617705899d2858d7572ef0fe59a6b6454b4?s=96&d=mm&r=g\",\"url\":\"https:\\\/\\\/secure.gravatar.com\\\/avatar\\\/420aaf9278582877d9018637c6817617705899d2858d7572ef0fe59a6b6454b4?s=96&d=mm&r=g\",\"contentUrl\":\"https:\\\/\\\/secure.gravatar.com\\\/avatar\\\/420aaf9278582877d9018637c6817617705899d2858d7572ef0fe59a6b6454b4?s=96&d=mm&r=g\",\"caption\":\"Canal Dana\"},\"url\":\"https:\\\/\\\/dana.com.br\\\/canaldana\\\/author\\\/cdeditor\\\/\"}]}<\/script>\n<!-- \/ Yoast SEO plugin. -->","yoast_head_json":{"title":"Marcopolo inicia testes com \u00f4nibus el\u00e9trico Attivi no Chile - Canal Dana","robots":{"index":"index","follow":"follow","max-snippet":"max-snippet:-1","max-image-preview":"max-image-preview:large","max-video-preview":"max-video-preview:-1"},"canonical":"https:\/\/dana.com.br\/canaldana\/2023\/02\/10\/marcopolo-inicia-testes-com-onibus-eletrico-attivi-no-chile\/","og_locale":"pt_BR","og_type":"article","og_title":"Marcopolo inicia testes com \u00f4nibus el\u00e9trico Attivi no Chile - Canal Dana","og_description":"Truck &amp; Bus Builder Am\u00e9rica do Sul &nbsp; A Marcopolo, l\u00edder no Brasil na produ\u00e7\u00e3o de carrocerias de \u00f4nibus e refer\u00eancia no mercado global, iniciou neste m\u00eas a opera\u00e7\u00e3o de \u00f4nibus 100% el\u00e9trico Attivi em Santiago do Chile. A iniciativa est\u00e1 alinhada com a estrat\u00e9gia de eletromobilidade da companhia para ampliar sua presen\u00e7a nos mercados\u2026 Leia mais \u00bb","og_url":"https:\/\/dana.com.br\/canaldana\/2023\/02\/10\/marcopolo-inicia-testes-com-onibus-eletrico-attivi-no-chile\/","og_site_name":"Canal Dana","article_published_time":"2023-02-10T12:00:06+00:00","author":"Canal Dana","twitter_card":"summary_large_image","twitter_misc":{"Escrito por":"Canal Dana","Est. tempo de leitura":"3 minutos"},"schema":{"@context":"https:\/\/schema.org","@graph":[{"@type":"Article","@id":"https:\/\/dana.com.br\/canaldana\/2023\/02\/10\/marcopolo-inicia-testes-com-onibus-eletrico-attivi-no-chile\/#article","isPartOf":{"@id":"https:\/\/dana.com.br\/canaldana\/2023\/02\/10\/marcopolo-inicia-testes-com-onibus-eletrico-attivi-no-chile\/"},"author":{"name":"Canal Dana","@id":"https:\/\/dana.com.br\/canaldana\/#\/schema\/person\/3c21f22f56fcf3bc46b94bc60ea4fef6"},"headline":"Marcopolo inicia testes com \u00f4nibus el\u00e9trico Attivi no Chile","datePublished":"2023-02-10T12:00:06+00:00","mainEntityOfPage":{"@id":"https:\/\/dana.com.br\/canaldana\/2023\/02\/10\/marcopolo-inicia-testes-com-onibus-eletrico-attivi-no-chile\/"},"wordCount":534,"articleSection":["El\u00e9tricos"],"inLanguage":"pt-BR"},{"@type":"WebPage","@id":"https:\/\/dana.com.br\/canaldana\/2023\/02\/10\/marcopolo-inicia-testes-com-onibus-eletrico-attivi-no-chile\/","url":"https:\/\/dana.com.br\/canaldana\/2023\/02\/10\/marcopolo-inicia-testes-com-onibus-eletrico-attivi-no-chile\/","name":"Marcopolo inicia testes com \u00f4nibus el\u00e9trico Attivi no Chile - Canal Dana","isPartOf":{"@id":"https:\/\/dana.com.br\/canaldana\/#website"},"datePublished":"2023-02-10T12:00:06+00:00","author":{"@id":"https:\/\/dana.com.br\/canaldana\/#\/schema\/person\/3c21f22f56fcf3bc46b94bc60ea4fef6"},"breadcrumb":{"@id":"https:\/\/dana.com.br\/canaldana\/2023\/02\/10\/marcopolo-inicia-testes-com-onibus-eletrico-attivi-no-chile\/#breadcrumb"},"inLanguage":"pt-BR","potentialAction":[{"@type":"ReadAction","target":["https:\/\/dana.com.br\/canaldana\/2023\/02\/10\/marcopolo-inicia-testes-com-onibus-eletrico-attivi-no-chile\/"]}]},{"@type":"BreadcrumbList","@id":"https:\/\/dana.com.br\/canaldana\/2023\/02\/10\/marcopolo-inicia-testes-com-onibus-eletrico-attivi-no-chile\/#breadcrumb","itemListElement":[{"@type":"ListItem","position":1,"name":"Home","item":"https:\/\/dana.com.br\/canaldana\/"},{"@type":"ListItem","position":2,"name":"El\u00e9tricos","item":"https:\/\/dana.com.br\/canaldana\/eletricos\/"},{"@type":"ListItem","position":3,"name":"Marcopolo inicia testes com \u00f4nibus el\u00e9trico Attivi no Chile"}]},{"@type":"WebSite","@id":"https:\/\/dana.com.br\/canaldana\/#website","url":"https:\/\/dana.com.br\/canaldana\/","name":"Canal Dana","description":"Informativo com as principais not\u00edcias da ind\u00fastria automotiva","potentialAction":[{"@type":"SearchAction","target":{"@type":"EntryPoint","urlTemplate":"https:\/\/dana.com.br\/canaldana\/?s={search_term_string}"},"query-input":{"@type":"PropertyValueSpecification","valueRequired":true,"valueName":"search_term_string"}}],"inLanguage":"pt-BR"},{"@type":"Person","@id":"https:\/\/dana.com.br\/canaldana\/#\/schema\/person\/3c21f22f56fcf3bc46b94bc60ea4fef6","name":"Canal Dana","image":{"@type":"ImageObject","inLanguage":"pt-BR","@id":"https:\/\/secure.gravatar.com\/avatar\/420aaf9278582877d9018637c6817617705899d2858d7572ef0fe59a6b6454b4?s=96&d=mm&r=g","url":"https:\/\/secure.gravatar.com\/avatar\/420aaf9278582877d9018637c6817617705899d2858d7572ef0fe59a6b6454b4?s=96&d=mm&r=g","contentUrl":"https:\/\/secure.gravatar.com\/avatar\/420aaf9278582877d9018637c6817617705899d2858d7572ef0fe59a6b6454b4?s=96&d=mm&r=g","caption":"Canal Dana"},"url":"https:\/\/dana.com.br\/canaldana\/author\/cdeditor\/"}]}},"_links":{"self":[{"href":"https:\/\/dana.com.br\/canaldana\/wp-json\/wp\/v2\/posts\/63730","targetHints":{"allow":["GET"]}}],"collection":[{"href":"https:\/\/dana.com.br\/canaldana\/wp-json\/wp\/v2\/posts"}],"about":[{"href":"https:\/\/dana.com.br\/canaldana\/wp-json\/wp\/v2\/types\/post"}],"author":[{"embeddable":true,"href":"https:\/\/dana.com.br\/canaldana\/wp-json\/wp\/v2\/users\/3"}],"replies":[{"embeddable":true,"href":"https:\/\/dana.com.br\/canaldana\/wp-json\/wp\/v2\/comments?post=63730"}],"version-history":[{"count":0,"href":"https:\/\/dana.com.br\/canaldana\/wp-json\/wp\/v2\/posts\/63730\/revisions"}],"wp:attachment":[{"href":"https:\/\/dana.com.br\/canaldana\/wp-json\/wp\/v2\/media?parent=63730"}],"wp:term":[{"taxonomy":"category","embeddable":true,"href":"https:\/\/dana.com.br\/canaldana\/wp-json\/wp\/v2\/categories?post=63730"},{"taxonomy":"post_tag","embeddable":true,"href":"https:\/\/dana.com.br\/canaldana\/wp-json\/wp\/v2\/tags?post=63730"}],"curies":[{"name":"wp","href":"https:\/\/api.w.org\/{rel}","templated":true}]}}