{"id":63719,"date":"2023-02-09T08:31:35","date_gmt":"2023-02-09T11:31:35","guid":{"rendered":"https:\/\/dana.com.br\/canaldana\/?p=63719"},"modified":"2023-02-09T08:31:35","modified_gmt":"2023-02-09T11:31:35","slug":"producao-e-emplacamentos-de-veiculos-crescem-em-relacao-a-janeiro-de-2022","status":"publish","type":"post","link":"https:\/\/dana.com.br\/canaldana\/2023\/02\/09\/producao-e-emplacamentos-de-veiculos-crescem-em-relacao-a-janeiro-de-2022\/","title":{"rendered":"Produ\u00e7\u00e3o e emplacamentos de ve\u00edculos crescem em rela\u00e7\u00e3o a janeiro de 2022"},"content":{"rendered":"<p><em>Portal da Autope\u00e7as<\/em><\/p>\n<p>&nbsp;<\/p>\n<p>O primeiro m\u00eas do ano come\u00e7ou de forma pouco aquecida para o setor automotivo. De acordo com o balan\u00e7o divulgado hoje pela Associa\u00e7\u00e3o Nacional dos Fabricantes de Ve\u00edculos Automotores (ANFAVEA), houve ligeiro crescimento dos n\u00fameros na compara\u00e7\u00e3o com janeiro de 2022, mas os patamares continuam inferiores ao verificados antes da pandemia e at\u00e9 em rela\u00e7\u00e3o a janeiro de 2021. O \u00fanico indicador que continua positivo \u00e9 o das exporta\u00e7\u00f5es. J\u00e1 para m\u00e1quinas autopropulsadas, o balan\u00e7o de 2022 indicou relevante crescimento de vendas e exporta\u00e7\u00f5es.<\/p>\n<p>&nbsp;<\/p>\n<p>A produ\u00e7\u00e3o de autove\u00edculos (autom\u00f3veis, comerciais leves, caminh\u00f5es e \u00f4nibus) em janeiro de 2023 foi de 152,7 mil unidades, 5% a mais que no mesmo m\u00eas do ano anterior, quando a crise dos semicondutores estava mais aguda e a onda de infec\u00e7\u00f5es pela variante \u00f4micron estava no pico. Uma explica\u00e7\u00e3o para este crescimento t\u00edmido \u00e9 que neste ano a maioria das f\u00e1bricas deu f\u00e9rias coletivas. Nos anos anteriores, essas f\u00e9rias haviam sido antecipadas por paradas de f\u00e1bricas em meses de escassez de itens como semicondutores. Mas o n\u00famero deste primeiro m\u00eas \u00e9 espacialmente baixo se levarmos em conta que antes da pandemia se produzia perto de 200 mil unidades no m\u00eas inaugural.<\/p>\n<p>&nbsp;<\/p>\n<p>Os emplacamentos totalizaram 142,9 mil unidades, alta de 12,9% quando comparadas com as 126,5 mil do mesmo m\u00eas do ano anterior. Se n\u00e3o fosse a limita\u00e7\u00e3o de produ\u00e7\u00e3o, a ANFAVEA estima que teria havido uma venda adicional de 20 mil unidades em janeiro de 2022, o que significaria um patamar id\u00eantico ao de janeiro de 2023. Ou seja, um cen\u00e1rio de estabilidade e n\u00e3o de crescimento.<\/p>\n<p>&nbsp;<\/p>\n<p>\u201cEm janeiro, o problema do setor automotivo foi mais de demanda do que de oferta. O ano come\u00e7a com o mercado automotivo desaquecido, em fun\u00e7\u00e3o das crescentes dificuldades de cr\u00e9dito e do clima de incertezas sobre o desempenho da economia em n\u00edvel nacional e global\u201d, ponderou o Presidente da ANFAVEA, M\u00e1rcio de Lima Leite.<\/p>\n<p>&nbsp;<\/p>\n<p>As exporta\u00e7\u00f5es em janeiro foram as melhores nos \u00faltimos cinco anos, com 33 mil unidades. Essa acelera\u00e7\u00e3o vem de forma constante desde 2020, mas pode ter uma interrup\u00e7\u00e3o nos pr\u00f3ximos meses. A explica\u00e7\u00e3o \u00e9 que destinos importantes dos nossos produtos, como Col\u00f4mbia e Chile, tiveram queda de vendas em janeiro.<\/p>\n<p>&nbsp;<\/p>\n<p><strong>M\u00e1quinas cresceram em 2022, mas devem ter leve recuo este ano<\/strong><\/p>\n<p>&nbsp;<\/p>\n<p>O setor de m\u00e1quinas autopropulsadas obteve os melhores resultados de 2022, lembrando que o fechamento dos n\u00fameros chega com um m\u00eas de defasagem em rela\u00e7\u00e3o aos autove\u00edculos. As vendas de m\u00e1quinas agr\u00edcolas totalizaram 67.385 unidades no ano, crescimento de 19,4% sobre 2021. J\u00e1 as m\u00e1quinas rodovi\u00e1rias somaram 37.783 unidades, alta de 29,2%.<\/p>\n<p>&nbsp;<\/p>\n<p>Nas exporta\u00e7\u00f5es os resultados tamb\u00e9m foram muito positivos. As m\u00e1quinas agr\u00edcolas tiveram 10.645 envios ao exterior, 7,6% a mais que em 2021. As rodovi\u00e1rias, com 11.857 embarques, tiveram um desempenho 17,6% superior ao do ano anterior.<\/p>\n<p>&nbsp;<\/p>\n<p>Para este ano, a ANFAVEA projeta vendas de 65 mil m\u00e1quinas agr\u00edcolas e 36 mil rodovi\u00e1rias, leve recuo de 3,5% e 4,7%, respectivamente. Nas exporta\u00e7\u00f5es, a expectativa \u00e9 de 9.520 agr\u00edcolas (queda de 13,1%) e 13.200 rodovi\u00e1rias (alta de 11.3%).<\/p>\n<p>&nbsp;<\/p>\n<p>\u201cO setor de m\u00e1quinas vem dando ano a ano demonstra\u00e7\u00f5es de seu vigor. As agr\u00edcolas vinham crescendo h\u00e1 mais tempo, na esteira do forte agroneg\u00f3cio brasileiro. No ano passado foi a vez das m\u00e1quinas rodovi\u00e1rias baterem recordes hist\u00f3ricos, por conta de fortes investimentos em infraestrutura\u201d, apontou M\u00e1rcio de Lima Leite. (Portal da Autope\u00e7as)<\/p>\n","protected":false},"excerpt":{"rendered":"<p>Portal da Autope\u00e7as &nbsp; O primeiro m\u00eas do ano come\u00e7ou de forma pouco aquecida para o setor automotivo. De acordo com o balan\u00e7o divulgado hoje pela Associa\u00e7\u00e3o Nacional dos Fabricantes de Ve\u00edculos Automotores (ANFAVEA), houve ligeiro crescimento dos n\u00fameros na compara\u00e7\u00e3o com janeiro de 2022, mas os patamares continuam inferiores ao verificados antes da pandemia\u2026 <a class=\"readmore\" href=\"https:\/\/dana.com.br\/canaldana\/2023\/02\/09\/producao-e-emplacamentos-de-veiculos-crescem-em-relacao-a-janeiro-de-2022\/\">Leia mais \u00bb<\/a><\/p>\n","protected":false},"author":3,"featured_media":0,"comment_status":"closed","ping_status":"closed","sticky":false,"template":"","format":"standard","meta":{"_acf_changed":false,"footnotes":""},"categories":[61],"tags":[],"class_list":["post-63719","post","type-post","status-publish","format-standard","hentry","category-destaques"],"acf":[],"yoast_head":"<!-- This site is optimized with the Yoast SEO plugin v27.3 - https:\/\/yoast.com\/product\/yoast-seo-wordpress\/ -->\n<title>Produ\u00e7\u00e3o e emplacamentos de ve\u00edculos crescem em rela\u00e7\u00e3o a janeiro de 2022 - Canal Dana<\/title>\n<meta name=\"robots\" content=\"index, follow, max-snippet:-1, max-image-preview:large, max-video-preview:-1\" \/>\n<link rel=\"canonical\" href=\"https:\/\/dana.com.br\/canaldana\/2023\/02\/09\/producao-e-emplacamentos-de-veiculos-crescem-em-relacao-a-janeiro-de-2022\/\" \/>\n<meta property=\"og:locale\" content=\"pt_BR\" \/>\n<meta property=\"og:type\" content=\"article\" \/>\n<meta property=\"og:title\" content=\"Produ\u00e7\u00e3o e emplacamentos de ve\u00edculos crescem em rela\u00e7\u00e3o a janeiro de 2022 - Canal Dana\" \/>\n<meta property=\"og:description\" content=\"Portal da Autope\u00e7as &nbsp; O primeiro m\u00eas do ano come\u00e7ou de forma pouco aquecida para o setor automotivo. De acordo com o balan\u00e7o divulgado hoje pela Associa\u00e7\u00e3o Nacional dos Fabricantes de Ve\u00edculos Automotores (ANFAVEA), houve ligeiro crescimento dos n\u00fameros na compara\u00e7\u00e3o com janeiro de 2022, mas os patamares continuam inferiores ao verificados antes da pandemia\u2026 Leia mais \u00bb\" \/>\n<meta property=\"og:url\" content=\"https:\/\/dana.com.br\/canaldana\/2023\/02\/09\/producao-e-emplacamentos-de-veiculos-crescem-em-relacao-a-janeiro-de-2022\/\" \/>\n<meta property=\"og:site_name\" content=\"Canal Dana\" \/>\n<meta property=\"article:published_time\" content=\"2023-02-09T11:31:35+00:00\" \/>\n<meta name=\"author\" content=\"Canal Dana\" \/>\n<meta name=\"twitter:card\" content=\"summary_large_image\" \/>\n<meta name=\"twitter:label1\" content=\"Escrito por\" \/>\n\t<meta name=\"twitter:data1\" content=\"Canal Dana\" \/>\n\t<meta name=\"twitter:label2\" content=\"Est. tempo de leitura\" \/>\n\t<meta name=\"twitter:data2\" content=\"3 minutos\" \/>\n<script type=\"application\/ld+json\" class=\"yoast-schema-graph\">{\"@context\":\"https:\\\/\\\/schema.org\",\"@graph\":[{\"@type\":\"Article\",\"@id\":\"https:\\\/\\\/dana.com.br\\\/canaldana\\\/2023\\\/02\\\/09\\\/producao-e-emplacamentos-de-veiculos-crescem-em-relacao-a-janeiro-de-2022\\\/#article\",\"isPartOf\":{\"@id\":\"https:\\\/\\\/dana.com.br\\\/canaldana\\\/2023\\\/02\\\/09\\\/producao-e-emplacamentos-de-veiculos-crescem-em-relacao-a-janeiro-de-2022\\\/\"},\"author\":{\"name\":\"Canal Dana\",\"@id\":\"https:\\\/\\\/dana.com.br\\\/canaldana\\\/#\\\/schema\\\/person\\\/3c21f22f56fcf3bc46b94bc60ea4fef6\"},\"headline\":\"Produ\u00e7\u00e3o e emplacamentos de ve\u00edculos crescem em rela\u00e7\u00e3o a janeiro de 2022\",\"datePublished\":\"2023-02-09T11:31:35+00:00\",\"mainEntityOfPage\":{\"@id\":\"https:\\\/\\\/dana.com.br\\\/canaldana\\\/2023\\\/02\\\/09\\\/producao-e-emplacamentos-de-veiculos-crescem-em-relacao-a-janeiro-de-2022\\\/\"},\"wordCount\":621,\"articleSection\":[\"Destaques\"],\"inLanguage\":\"pt-BR\"},{\"@type\":\"WebPage\",\"@id\":\"https:\\\/\\\/dana.com.br\\\/canaldana\\\/2023\\\/02\\\/09\\\/producao-e-emplacamentos-de-veiculos-crescem-em-relacao-a-janeiro-de-2022\\\/\",\"url\":\"https:\\\/\\\/dana.com.br\\\/canaldana\\\/2023\\\/02\\\/09\\\/producao-e-emplacamentos-de-veiculos-crescem-em-relacao-a-janeiro-de-2022\\\/\",\"name\":\"Produ\u00e7\u00e3o e emplacamentos de ve\u00edculos crescem em rela\u00e7\u00e3o a janeiro de 2022 - Canal Dana\",\"isPartOf\":{\"@id\":\"https:\\\/\\\/dana.com.br\\\/canaldana\\\/#website\"},\"datePublished\":\"2023-02-09T11:31:35+00:00\",\"author\":{\"@id\":\"https:\\\/\\\/dana.com.br\\\/canaldana\\\/#\\\/schema\\\/person\\\/3c21f22f56fcf3bc46b94bc60ea4fef6\"},\"breadcrumb\":{\"@id\":\"https:\\\/\\\/dana.com.br\\\/canaldana\\\/2023\\\/02\\\/09\\\/producao-e-emplacamentos-de-veiculos-crescem-em-relacao-a-janeiro-de-2022\\\/#breadcrumb\"},\"inLanguage\":\"pt-BR\",\"potentialAction\":[{\"@type\":\"ReadAction\",\"target\":[\"https:\\\/\\\/dana.com.br\\\/canaldana\\\/2023\\\/02\\\/09\\\/producao-e-emplacamentos-de-veiculos-crescem-em-relacao-a-janeiro-de-2022\\\/\"]}]},{\"@type\":\"BreadcrumbList\",\"@id\":\"https:\\\/\\\/dana.com.br\\\/canaldana\\\/2023\\\/02\\\/09\\\/producao-e-emplacamentos-de-veiculos-crescem-em-relacao-a-janeiro-de-2022\\\/#breadcrumb\",\"itemListElement\":[{\"@type\":\"ListItem\",\"position\":1,\"name\":\"Home\",\"item\":\"https:\\\/\\\/dana.com.br\\\/canaldana\\\/\"},{\"@type\":\"ListItem\",\"position\":2,\"name\":\"Destaques\",\"item\":\"https:\\\/\\\/dana.com.br\\\/canaldana\\\/destaques\\\/\"},{\"@type\":\"ListItem\",\"position\":3,\"name\":\"Produ\u00e7\u00e3o e emplacamentos de ve\u00edculos crescem em rela\u00e7\u00e3o a janeiro de 2022\"}]},{\"@type\":\"WebSite\",\"@id\":\"https:\\\/\\\/dana.com.br\\\/canaldana\\\/#website\",\"url\":\"https:\\\/\\\/dana.com.br\\\/canaldana\\\/\",\"name\":\"Canal Dana\",\"description\":\"Informativo com as principais not\u00edcias da ind\u00fastria automotiva\",\"potentialAction\":[{\"@type\":\"SearchAction\",\"target\":{\"@type\":\"EntryPoint\",\"urlTemplate\":\"https:\\\/\\\/dana.com.br\\\/canaldana\\\/?s={search_term_string}\"},\"query-input\":{\"@type\":\"PropertyValueSpecification\",\"valueRequired\":true,\"valueName\":\"search_term_string\"}}],\"inLanguage\":\"pt-BR\"},{\"@type\":\"Person\",\"@id\":\"https:\\\/\\\/dana.com.br\\\/canaldana\\\/#\\\/schema\\\/person\\\/3c21f22f56fcf3bc46b94bc60ea4fef6\",\"name\":\"Canal Dana\",\"image\":{\"@type\":\"ImageObject\",\"inLanguage\":\"pt-BR\",\"@id\":\"https:\\\/\\\/secure.gravatar.com\\\/avatar\\\/420aaf9278582877d9018637c6817617705899d2858d7572ef0fe59a6b6454b4?s=96&d=mm&r=g\",\"url\":\"https:\\\/\\\/secure.gravatar.com\\\/avatar\\\/420aaf9278582877d9018637c6817617705899d2858d7572ef0fe59a6b6454b4?s=96&d=mm&r=g\",\"contentUrl\":\"https:\\\/\\\/secure.gravatar.com\\\/avatar\\\/420aaf9278582877d9018637c6817617705899d2858d7572ef0fe59a6b6454b4?s=96&d=mm&r=g\",\"caption\":\"Canal Dana\"},\"url\":\"https:\\\/\\\/dana.com.br\\\/canaldana\\\/author\\\/cdeditor\\\/\"}]}<\/script>\n<!-- \/ Yoast SEO plugin. -->","yoast_head_json":{"title":"Produ\u00e7\u00e3o e emplacamentos de ve\u00edculos crescem em rela\u00e7\u00e3o a janeiro de 2022 - Canal Dana","robots":{"index":"index","follow":"follow","max-snippet":"max-snippet:-1","max-image-preview":"max-image-preview:large","max-video-preview":"max-video-preview:-1"},"canonical":"https:\/\/dana.com.br\/canaldana\/2023\/02\/09\/producao-e-emplacamentos-de-veiculos-crescem-em-relacao-a-janeiro-de-2022\/","og_locale":"pt_BR","og_type":"article","og_title":"Produ\u00e7\u00e3o e emplacamentos de ve\u00edculos crescem em rela\u00e7\u00e3o a janeiro de 2022 - Canal Dana","og_description":"Portal da Autope\u00e7as &nbsp; O primeiro m\u00eas do ano come\u00e7ou de forma pouco aquecida para o setor automotivo. De acordo com o balan\u00e7o divulgado hoje pela Associa\u00e7\u00e3o Nacional dos Fabricantes de Ve\u00edculos Automotores (ANFAVEA), houve ligeiro crescimento dos n\u00fameros na compara\u00e7\u00e3o com janeiro de 2022, mas os patamares continuam inferiores ao verificados antes da pandemia\u2026 Leia mais \u00bb","og_url":"https:\/\/dana.com.br\/canaldana\/2023\/02\/09\/producao-e-emplacamentos-de-veiculos-crescem-em-relacao-a-janeiro-de-2022\/","og_site_name":"Canal Dana","article_published_time":"2023-02-09T11:31:35+00:00","author":"Canal Dana","twitter_card":"summary_large_image","twitter_misc":{"Escrito por":"Canal Dana","Est. tempo de leitura":"3 minutos"},"schema":{"@context":"https:\/\/schema.org","@graph":[{"@type":"Article","@id":"https:\/\/dana.com.br\/canaldana\/2023\/02\/09\/producao-e-emplacamentos-de-veiculos-crescem-em-relacao-a-janeiro-de-2022\/#article","isPartOf":{"@id":"https:\/\/dana.com.br\/canaldana\/2023\/02\/09\/producao-e-emplacamentos-de-veiculos-crescem-em-relacao-a-janeiro-de-2022\/"},"author":{"name":"Canal Dana","@id":"https:\/\/dana.com.br\/canaldana\/#\/schema\/person\/3c21f22f56fcf3bc46b94bc60ea4fef6"},"headline":"Produ\u00e7\u00e3o e emplacamentos de ve\u00edculos crescem em rela\u00e7\u00e3o a janeiro de 2022","datePublished":"2023-02-09T11:31:35+00:00","mainEntityOfPage":{"@id":"https:\/\/dana.com.br\/canaldana\/2023\/02\/09\/producao-e-emplacamentos-de-veiculos-crescem-em-relacao-a-janeiro-de-2022\/"},"wordCount":621,"articleSection":["Destaques"],"inLanguage":"pt-BR"},{"@type":"WebPage","@id":"https:\/\/dana.com.br\/canaldana\/2023\/02\/09\/producao-e-emplacamentos-de-veiculos-crescem-em-relacao-a-janeiro-de-2022\/","url":"https:\/\/dana.com.br\/canaldana\/2023\/02\/09\/producao-e-emplacamentos-de-veiculos-crescem-em-relacao-a-janeiro-de-2022\/","name":"Produ\u00e7\u00e3o e emplacamentos de ve\u00edculos crescem em rela\u00e7\u00e3o a janeiro de 2022 - Canal Dana","isPartOf":{"@id":"https:\/\/dana.com.br\/canaldana\/#website"},"datePublished":"2023-02-09T11:31:35+00:00","author":{"@id":"https:\/\/dana.com.br\/canaldana\/#\/schema\/person\/3c21f22f56fcf3bc46b94bc60ea4fef6"},"breadcrumb":{"@id":"https:\/\/dana.com.br\/canaldana\/2023\/02\/09\/producao-e-emplacamentos-de-veiculos-crescem-em-relacao-a-janeiro-de-2022\/#breadcrumb"},"inLanguage":"pt-BR","potentialAction":[{"@type":"ReadAction","target":["https:\/\/dana.com.br\/canaldana\/2023\/02\/09\/producao-e-emplacamentos-de-veiculos-crescem-em-relacao-a-janeiro-de-2022\/"]}]},{"@type":"BreadcrumbList","@id":"https:\/\/dana.com.br\/canaldana\/2023\/02\/09\/producao-e-emplacamentos-de-veiculos-crescem-em-relacao-a-janeiro-de-2022\/#breadcrumb","itemListElement":[{"@type":"ListItem","position":1,"name":"Home","item":"https:\/\/dana.com.br\/canaldana\/"},{"@type":"ListItem","position":2,"name":"Destaques","item":"https:\/\/dana.com.br\/canaldana\/destaques\/"},{"@type":"ListItem","position":3,"name":"Produ\u00e7\u00e3o e emplacamentos de ve\u00edculos crescem em rela\u00e7\u00e3o a janeiro de 2022"}]},{"@type":"WebSite","@id":"https:\/\/dana.com.br\/canaldana\/#website","url":"https:\/\/dana.com.br\/canaldana\/","name":"Canal Dana","description":"Informativo com as principais not\u00edcias da ind\u00fastria automotiva","potentialAction":[{"@type":"SearchAction","target":{"@type":"EntryPoint","urlTemplate":"https:\/\/dana.com.br\/canaldana\/?s={search_term_string}"},"query-input":{"@type":"PropertyValueSpecification","valueRequired":true,"valueName":"search_term_string"}}],"inLanguage":"pt-BR"},{"@type":"Person","@id":"https:\/\/dana.com.br\/canaldana\/#\/schema\/person\/3c21f22f56fcf3bc46b94bc60ea4fef6","name":"Canal Dana","image":{"@type":"ImageObject","inLanguage":"pt-BR","@id":"https:\/\/secure.gravatar.com\/avatar\/420aaf9278582877d9018637c6817617705899d2858d7572ef0fe59a6b6454b4?s=96&d=mm&r=g","url":"https:\/\/secure.gravatar.com\/avatar\/420aaf9278582877d9018637c6817617705899d2858d7572ef0fe59a6b6454b4?s=96&d=mm&r=g","contentUrl":"https:\/\/secure.gravatar.com\/avatar\/420aaf9278582877d9018637c6817617705899d2858d7572ef0fe59a6b6454b4?s=96&d=mm&r=g","caption":"Canal Dana"},"url":"https:\/\/dana.com.br\/canaldana\/author\/cdeditor\/"}]}},"_links":{"self":[{"href":"https:\/\/dana.com.br\/canaldana\/wp-json\/wp\/v2\/posts\/63719","targetHints":{"allow":["GET"]}}],"collection":[{"href":"https:\/\/dana.com.br\/canaldana\/wp-json\/wp\/v2\/posts"}],"about":[{"href":"https:\/\/dana.com.br\/canaldana\/wp-json\/wp\/v2\/types\/post"}],"author":[{"embeddable":true,"href":"https:\/\/dana.com.br\/canaldana\/wp-json\/wp\/v2\/users\/3"}],"replies":[{"embeddable":true,"href":"https:\/\/dana.com.br\/canaldana\/wp-json\/wp\/v2\/comments?post=63719"}],"version-history":[{"count":0,"href":"https:\/\/dana.com.br\/canaldana\/wp-json\/wp\/v2\/posts\/63719\/revisions"}],"wp:attachment":[{"href":"https:\/\/dana.com.br\/canaldana\/wp-json\/wp\/v2\/media?parent=63719"}],"wp:term":[{"taxonomy":"category","embeddable":true,"href":"https:\/\/dana.com.br\/canaldana\/wp-json\/wp\/v2\/categories?post=63719"},{"taxonomy":"post_tag","embeddable":true,"href":"https:\/\/dana.com.br\/canaldana\/wp-json\/wp\/v2\/tags?post=63719"}],"curies":[{"name":"wp","href":"https:\/\/api.w.org\/{rel}","templated":true}]}}