{"id":63697,"date":"2023-02-09T08:25:02","date_gmt":"2023-02-09T11:25:02","guid":{"rendered":"https:\/\/dana.com.br\/canaldana\/?p=63697"},"modified":"2023-02-09T08:25:02","modified_gmt":"2023-02-09T11:25:02","slug":"entenda-a-polemica-em-relacao-a-nova-regra-do-inmetro-para-carros-eletricos","status":"publish","type":"post","link":"https:\/\/dana.com.br\/canaldana\/2023\/02\/09\/entenda-a-polemica-em-relacao-a-nova-regra-do-inmetro-para-carros-eletricos\/","title":{"rendered":"Entenda a pol\u00eamica em rela\u00e7\u00e3o \u00e0 nova regra do Inmetro para carros el\u00e9tricos"},"content":{"rendered":"<p><em>Portal do Tr\u00e2nsito <\/em><\/p>\n<p>&nbsp;<\/p>\n<p>Recentemente o Inmetro divulgou mudan\u00e7as na regra relacionada aos dados de autonomia de carros el\u00e9tricos e h\u00edbridos. A novidade, no entanto, causou surpresa \u00e0 Associa\u00e7\u00e3o de Engenharia Automotiva \u2013 AEA, que regularmente \u00e9 consultada para dar seu parecer t\u00e9cnico sobre a mudan\u00e7a na divulga\u00e7\u00e3o de autonomia, o que n\u00e3o aconteceu desta vez.<\/p>\n<p>&nbsp;<\/p>\n<p>Tradicionalmente a AEA contribui com informa\u00e7\u00f5es t\u00e9cnicas para decis\u00f5es que envolvem o poder p\u00fablico e as empresas do setor automotivo.<\/p>\n<p>&nbsp;<\/p>\n<p><strong>Nova regra<\/strong><\/p>\n<p>&nbsp;<\/p>\n<p>De acordo com o estabelecido pelo Inmetro, a divulga\u00e7\u00e3o para o consumidor tem de manter uma autonomia 30% inferior \u00e0quela aferida nos carros el\u00e9tricos e h\u00edbridos em laborat\u00f3rio.<\/p>\n<p>&nbsp;<\/p>\n<p>O Inmetro defende a mudan\u00e7a com a necessidade de oferecer ao mercado um n\u00famero mais pr\u00f3ximo \u00e0s condi\u00e7\u00f5es reais de condu\u00e7\u00e3o e uso dos ve\u00edculos que, muitas vezes, s\u00e3o bastante diferentes das circunst\u00e2ncias de laborat\u00f3rio e podem exigir mais da bateria do carro.<\/p>\n<p>&nbsp;<\/p>\n<p>\u201cN\u00e3o fomos consultados e houve surpresa da nossa parte. Vamos agora estudar os crit\u00e9rios para poder, mais para a frente, fazer algum tipo de proposta ao Inmetro, conversando com a nova equipe do Inmetro, que assumiu as atividades tamb\u00e9m em dezembro\u201d, garantiu o presidente da AEA, Marcus Vin\u00edcius Aguiar.<\/p>\n<p>&nbsp;<\/p>\n<p>Vale destacar que o \u00f3rg\u00e3o trabalha com metodologia semelhante para os carros a combust\u00e3o. Entretanto, existem diferen\u00e7as entre os n\u00fameros analisados em laborat\u00f3rio e os divulgados ao consumidor. No caso dos ve\u00edculos com motores t\u00e9rmicos, a diferen\u00e7a \u00e9 de 28%.<\/p>\n<p>&nbsp;<\/p>\n<p><strong>Dividindo opini\u00f5es<\/strong><\/p>\n<p>&nbsp;<\/p>\n<p>De acordo com a Associa\u00e7\u00e3o Brasileira dos Ve\u00edculos El\u00e9tricos \u2013 ABVE, o mercado total de ve\u00edculos 100% el\u00e9tricos \u00e9 de somente 0,4% do total vendido em 2022. E, portanto, ainda \u00e9 muito cedo para querer penalizar os el\u00e9tricos, publicando este que foi o pior cen\u00e1rio de autonomia.<\/p>\n<p>&nbsp;<\/p>\n<p>J\u00e1 a Associa\u00e7\u00e3o Nacional dos Fabricantes de Ve\u00edculos Automotores \u2013 Anfavea, espera que a nova norma \u201cpermita ao consumidor exercer seu direito de escolha de forma mais esclarecida\u201d.<\/p>\n<p>&nbsp;<\/p>\n<p>Em nota, a associa\u00e7\u00e3o disse que \u201ca justificativa \u00e9 que, como os testes s\u00e3o realizados em condi\u00e7\u00f5es de laborat\u00f3rio, que s\u00e3o ideais e muito favor\u00e1veis, motoristas treinados, temperatura e umidade controladas, simula\u00e7\u00e3o de um trajeto plano, com tr\u00e1fego leve, com ve\u00edculo sem carga e com pneus calibrados, os resultados ser\u00e3o muito melhores do que os obtidos pelos motoristas em uso real\u201d.<\/p>\n<p>&nbsp;<\/p>\n<p><strong>Perspectivas<\/strong><\/p>\n<p>&nbsp;<\/p>\n<p>A AEA, que come\u00e7ou 2023 com nova diretoria, presidida por Marcus Vin\u00edcius Aguiar, afirma que a nova gest\u00e3o pretende refor\u00e7ar o papel da associa\u00e7\u00e3o na constru\u00e7\u00e3o de pol\u00edticas p\u00fablicas. Al\u00e9m disso, em regulamenta\u00e7\u00f5es de temas importantes ao setor automotivo, como este.<\/p>\n<p>&nbsp;<\/p>\n<p>Deste modo, Aguiar ressalta que est\u00e3o na pauta normas para seguran\u00e7a e emiss\u00f5es. Como, por exemplo, o recente lan\u00e7amento da cartilha Do po\u00e7o \u00e0 roda. Ela detalha a metodologia para calcular as emiss\u00f5es dos ve\u00edculos a partir desse crit\u00e9rio.<\/p>\n<p>&nbsp;<\/p>\n<p>Tamb\u00e9m segue na lista de prioridades as defini\u00e7\u00f5es das normas a respeito da reciclagem de ve\u00edculos. \u201c\u00c9 preciso esperar, no entanto, o que vai acontecer na segunda etapa do Rota 2030, a respeito da defini\u00e7\u00e3o do ciclo de vida dos ve\u00edculos. Isso ainda n\u00e3o est\u00e1 claro\u201d, finalizou o presidente da AEA. (Portal do Tr\u00e2nsito\/Pauline Machado)<\/p>\n","protected":false},"excerpt":{"rendered":"<p>Portal do Tr\u00e2nsito &nbsp; Recentemente o Inmetro divulgou mudan\u00e7as na regra relacionada aos dados de autonomia de carros el\u00e9tricos e h\u00edbridos. A novidade, no entanto, causou surpresa \u00e0 Associa\u00e7\u00e3o de Engenharia Automotiva \u2013 AEA, que regularmente \u00e9 consultada para dar seu parecer t\u00e9cnico sobre a mudan\u00e7a na divulga\u00e7\u00e3o de autonomia, o que n\u00e3o aconteceu desta\u2026 <a class=\"readmore\" href=\"https:\/\/dana.com.br\/canaldana\/2023\/02\/09\/entenda-a-polemica-em-relacao-a-nova-regra-do-inmetro-para-carros-eletricos\/\">Leia mais \u00bb<\/a><\/p>\n","protected":false},"author":3,"featured_media":0,"comment_status":"closed","ping_status":"closed","sticky":false,"template":"","format":"standard","meta":{"_acf_changed":false,"footnotes":""},"categories":[110],"tags":[],"class_list":["post-63697","post","type-post","status-publish","format-standard","hentry","category-eletricos"],"acf":[],"yoast_head":"<!-- This site is optimized with the Yoast SEO plugin v27.3 - https:\/\/yoast.com\/product\/yoast-seo-wordpress\/ -->\n<title>Entenda a pol\u00eamica em rela\u00e7\u00e3o \u00e0 nova regra do Inmetro para carros el\u00e9tricos - Canal Dana<\/title>\n<meta name=\"robots\" content=\"index, follow, max-snippet:-1, max-image-preview:large, max-video-preview:-1\" \/>\n<link rel=\"canonical\" href=\"https:\/\/dana.com.br\/canaldana\/2023\/02\/09\/entenda-a-polemica-em-relacao-a-nova-regra-do-inmetro-para-carros-eletricos\/\" \/>\n<meta property=\"og:locale\" content=\"pt_BR\" \/>\n<meta property=\"og:type\" content=\"article\" \/>\n<meta property=\"og:title\" content=\"Entenda a pol\u00eamica em rela\u00e7\u00e3o \u00e0 nova regra do Inmetro para carros el\u00e9tricos - Canal Dana\" \/>\n<meta property=\"og:description\" content=\"Portal do Tr\u00e2nsito &nbsp; Recentemente o Inmetro divulgou mudan\u00e7as na regra relacionada aos dados de autonomia de carros el\u00e9tricos e h\u00edbridos. A novidade, no entanto, causou surpresa \u00e0 Associa\u00e7\u00e3o de Engenharia Automotiva \u2013 AEA, que regularmente \u00e9 consultada para dar seu parecer t\u00e9cnico sobre a mudan\u00e7a na divulga\u00e7\u00e3o de autonomia, o que n\u00e3o aconteceu desta\u2026 Leia mais \u00bb\" \/>\n<meta property=\"og:url\" content=\"https:\/\/dana.com.br\/canaldana\/2023\/02\/09\/entenda-a-polemica-em-relacao-a-nova-regra-do-inmetro-para-carros-eletricos\/\" \/>\n<meta property=\"og:site_name\" content=\"Canal Dana\" \/>\n<meta property=\"article:published_time\" content=\"2023-02-09T11:25:02+00:00\" \/>\n<meta name=\"author\" content=\"Canal Dana\" \/>\n<meta name=\"twitter:card\" content=\"summary_large_image\" \/>\n<meta name=\"twitter:label1\" content=\"Escrito por\" \/>\n\t<meta name=\"twitter:data1\" content=\"Canal Dana\" \/>\n\t<meta name=\"twitter:label2\" content=\"Est. tempo de leitura\" \/>\n\t<meta name=\"twitter:data2\" content=\"3 minutos\" \/>\n<script type=\"application\/ld+json\" class=\"yoast-schema-graph\">{\"@context\":\"https:\\\/\\\/schema.org\",\"@graph\":[{\"@type\":\"Article\",\"@id\":\"https:\\\/\\\/dana.com.br\\\/canaldana\\\/2023\\\/02\\\/09\\\/entenda-a-polemica-em-relacao-a-nova-regra-do-inmetro-para-carros-eletricos\\\/#article\",\"isPartOf\":{\"@id\":\"https:\\\/\\\/dana.com.br\\\/canaldana\\\/2023\\\/02\\\/09\\\/entenda-a-polemica-em-relacao-a-nova-regra-do-inmetro-para-carros-eletricos\\\/\"},\"author\":{\"name\":\"Canal Dana\",\"@id\":\"https:\\\/\\\/dana.com.br\\\/canaldana\\\/#\\\/schema\\\/person\\\/3c21f22f56fcf3bc46b94bc60ea4fef6\"},\"headline\":\"Entenda a pol\u00eamica em rela\u00e7\u00e3o \u00e0 nova regra do Inmetro para carros el\u00e9tricos\",\"datePublished\":\"2023-02-09T11:25:02+00:00\",\"mainEntityOfPage\":{\"@id\":\"https:\\\/\\\/dana.com.br\\\/canaldana\\\/2023\\\/02\\\/09\\\/entenda-a-polemica-em-relacao-a-nova-regra-do-inmetro-para-carros-eletricos\\\/\"},\"wordCount\":607,\"articleSection\":[\"El\u00e9tricos\"],\"inLanguage\":\"pt-BR\"},{\"@type\":\"WebPage\",\"@id\":\"https:\\\/\\\/dana.com.br\\\/canaldana\\\/2023\\\/02\\\/09\\\/entenda-a-polemica-em-relacao-a-nova-regra-do-inmetro-para-carros-eletricos\\\/\",\"url\":\"https:\\\/\\\/dana.com.br\\\/canaldana\\\/2023\\\/02\\\/09\\\/entenda-a-polemica-em-relacao-a-nova-regra-do-inmetro-para-carros-eletricos\\\/\",\"name\":\"Entenda a pol\u00eamica em rela\u00e7\u00e3o \u00e0 nova regra do Inmetro para carros el\u00e9tricos - Canal Dana\",\"isPartOf\":{\"@id\":\"https:\\\/\\\/dana.com.br\\\/canaldana\\\/#website\"},\"datePublished\":\"2023-02-09T11:25:02+00:00\",\"author\":{\"@id\":\"https:\\\/\\\/dana.com.br\\\/canaldana\\\/#\\\/schema\\\/person\\\/3c21f22f56fcf3bc46b94bc60ea4fef6\"},\"breadcrumb\":{\"@id\":\"https:\\\/\\\/dana.com.br\\\/canaldana\\\/2023\\\/02\\\/09\\\/entenda-a-polemica-em-relacao-a-nova-regra-do-inmetro-para-carros-eletricos\\\/#breadcrumb\"},\"inLanguage\":\"pt-BR\",\"potentialAction\":[{\"@type\":\"ReadAction\",\"target\":[\"https:\\\/\\\/dana.com.br\\\/canaldana\\\/2023\\\/02\\\/09\\\/entenda-a-polemica-em-relacao-a-nova-regra-do-inmetro-para-carros-eletricos\\\/\"]}]},{\"@type\":\"BreadcrumbList\",\"@id\":\"https:\\\/\\\/dana.com.br\\\/canaldana\\\/2023\\\/02\\\/09\\\/entenda-a-polemica-em-relacao-a-nova-regra-do-inmetro-para-carros-eletricos\\\/#breadcrumb\",\"itemListElement\":[{\"@type\":\"ListItem\",\"position\":1,\"name\":\"Home\",\"item\":\"https:\\\/\\\/dana.com.br\\\/canaldana\\\/\"},{\"@type\":\"ListItem\",\"position\":2,\"name\":\"El\u00e9tricos\",\"item\":\"https:\\\/\\\/dana.com.br\\\/canaldana\\\/eletricos\\\/\"},{\"@type\":\"ListItem\",\"position\":3,\"name\":\"Entenda a pol\u00eamica em rela\u00e7\u00e3o \u00e0 nova regra do Inmetro para carros el\u00e9tricos\"}]},{\"@type\":\"WebSite\",\"@id\":\"https:\\\/\\\/dana.com.br\\\/canaldana\\\/#website\",\"url\":\"https:\\\/\\\/dana.com.br\\\/canaldana\\\/\",\"name\":\"Canal Dana\",\"description\":\"Informativo com as principais not\u00edcias da ind\u00fastria automotiva\",\"potentialAction\":[{\"@type\":\"SearchAction\",\"target\":{\"@type\":\"EntryPoint\",\"urlTemplate\":\"https:\\\/\\\/dana.com.br\\\/canaldana\\\/?s={search_term_string}\"},\"query-input\":{\"@type\":\"PropertyValueSpecification\",\"valueRequired\":true,\"valueName\":\"search_term_string\"}}],\"inLanguage\":\"pt-BR\"},{\"@type\":\"Person\",\"@id\":\"https:\\\/\\\/dana.com.br\\\/canaldana\\\/#\\\/schema\\\/person\\\/3c21f22f56fcf3bc46b94bc60ea4fef6\",\"name\":\"Canal Dana\",\"image\":{\"@type\":\"ImageObject\",\"inLanguage\":\"pt-BR\",\"@id\":\"https:\\\/\\\/secure.gravatar.com\\\/avatar\\\/420aaf9278582877d9018637c6817617705899d2858d7572ef0fe59a6b6454b4?s=96&d=mm&r=g\",\"url\":\"https:\\\/\\\/secure.gravatar.com\\\/avatar\\\/420aaf9278582877d9018637c6817617705899d2858d7572ef0fe59a6b6454b4?s=96&d=mm&r=g\",\"contentUrl\":\"https:\\\/\\\/secure.gravatar.com\\\/avatar\\\/420aaf9278582877d9018637c6817617705899d2858d7572ef0fe59a6b6454b4?s=96&d=mm&r=g\",\"caption\":\"Canal Dana\"},\"url\":\"https:\\\/\\\/dana.com.br\\\/canaldana\\\/author\\\/cdeditor\\\/\"}]}<\/script>\n<!-- \/ Yoast SEO plugin. -->","yoast_head_json":{"title":"Entenda a pol\u00eamica em rela\u00e7\u00e3o \u00e0 nova regra do Inmetro para carros el\u00e9tricos - Canal Dana","robots":{"index":"index","follow":"follow","max-snippet":"max-snippet:-1","max-image-preview":"max-image-preview:large","max-video-preview":"max-video-preview:-1"},"canonical":"https:\/\/dana.com.br\/canaldana\/2023\/02\/09\/entenda-a-polemica-em-relacao-a-nova-regra-do-inmetro-para-carros-eletricos\/","og_locale":"pt_BR","og_type":"article","og_title":"Entenda a pol\u00eamica em rela\u00e7\u00e3o \u00e0 nova regra do Inmetro para carros el\u00e9tricos - Canal Dana","og_description":"Portal do Tr\u00e2nsito &nbsp; Recentemente o Inmetro divulgou mudan\u00e7as na regra relacionada aos dados de autonomia de carros el\u00e9tricos e h\u00edbridos. A novidade, no entanto, causou surpresa \u00e0 Associa\u00e7\u00e3o de Engenharia Automotiva \u2013 AEA, que regularmente \u00e9 consultada para dar seu parecer t\u00e9cnico sobre a mudan\u00e7a na divulga\u00e7\u00e3o de autonomia, o que n\u00e3o aconteceu desta\u2026 Leia mais \u00bb","og_url":"https:\/\/dana.com.br\/canaldana\/2023\/02\/09\/entenda-a-polemica-em-relacao-a-nova-regra-do-inmetro-para-carros-eletricos\/","og_site_name":"Canal Dana","article_published_time":"2023-02-09T11:25:02+00:00","author":"Canal Dana","twitter_card":"summary_large_image","twitter_misc":{"Escrito por":"Canal Dana","Est. tempo de leitura":"3 minutos"},"schema":{"@context":"https:\/\/schema.org","@graph":[{"@type":"Article","@id":"https:\/\/dana.com.br\/canaldana\/2023\/02\/09\/entenda-a-polemica-em-relacao-a-nova-regra-do-inmetro-para-carros-eletricos\/#article","isPartOf":{"@id":"https:\/\/dana.com.br\/canaldana\/2023\/02\/09\/entenda-a-polemica-em-relacao-a-nova-regra-do-inmetro-para-carros-eletricos\/"},"author":{"name":"Canal Dana","@id":"https:\/\/dana.com.br\/canaldana\/#\/schema\/person\/3c21f22f56fcf3bc46b94bc60ea4fef6"},"headline":"Entenda a pol\u00eamica em rela\u00e7\u00e3o \u00e0 nova regra do Inmetro para carros el\u00e9tricos","datePublished":"2023-02-09T11:25:02+00:00","mainEntityOfPage":{"@id":"https:\/\/dana.com.br\/canaldana\/2023\/02\/09\/entenda-a-polemica-em-relacao-a-nova-regra-do-inmetro-para-carros-eletricos\/"},"wordCount":607,"articleSection":["El\u00e9tricos"],"inLanguage":"pt-BR"},{"@type":"WebPage","@id":"https:\/\/dana.com.br\/canaldana\/2023\/02\/09\/entenda-a-polemica-em-relacao-a-nova-regra-do-inmetro-para-carros-eletricos\/","url":"https:\/\/dana.com.br\/canaldana\/2023\/02\/09\/entenda-a-polemica-em-relacao-a-nova-regra-do-inmetro-para-carros-eletricos\/","name":"Entenda a pol\u00eamica em rela\u00e7\u00e3o \u00e0 nova regra do Inmetro para carros el\u00e9tricos - Canal Dana","isPartOf":{"@id":"https:\/\/dana.com.br\/canaldana\/#website"},"datePublished":"2023-02-09T11:25:02+00:00","author":{"@id":"https:\/\/dana.com.br\/canaldana\/#\/schema\/person\/3c21f22f56fcf3bc46b94bc60ea4fef6"},"breadcrumb":{"@id":"https:\/\/dana.com.br\/canaldana\/2023\/02\/09\/entenda-a-polemica-em-relacao-a-nova-regra-do-inmetro-para-carros-eletricos\/#breadcrumb"},"inLanguage":"pt-BR","potentialAction":[{"@type":"ReadAction","target":["https:\/\/dana.com.br\/canaldana\/2023\/02\/09\/entenda-a-polemica-em-relacao-a-nova-regra-do-inmetro-para-carros-eletricos\/"]}]},{"@type":"BreadcrumbList","@id":"https:\/\/dana.com.br\/canaldana\/2023\/02\/09\/entenda-a-polemica-em-relacao-a-nova-regra-do-inmetro-para-carros-eletricos\/#breadcrumb","itemListElement":[{"@type":"ListItem","position":1,"name":"Home","item":"https:\/\/dana.com.br\/canaldana\/"},{"@type":"ListItem","position":2,"name":"El\u00e9tricos","item":"https:\/\/dana.com.br\/canaldana\/eletricos\/"},{"@type":"ListItem","position":3,"name":"Entenda a pol\u00eamica em rela\u00e7\u00e3o \u00e0 nova regra do Inmetro para carros el\u00e9tricos"}]},{"@type":"WebSite","@id":"https:\/\/dana.com.br\/canaldana\/#website","url":"https:\/\/dana.com.br\/canaldana\/","name":"Canal Dana","description":"Informativo com as principais not\u00edcias da ind\u00fastria automotiva","potentialAction":[{"@type":"SearchAction","target":{"@type":"EntryPoint","urlTemplate":"https:\/\/dana.com.br\/canaldana\/?s={search_term_string}"},"query-input":{"@type":"PropertyValueSpecification","valueRequired":true,"valueName":"search_term_string"}}],"inLanguage":"pt-BR"},{"@type":"Person","@id":"https:\/\/dana.com.br\/canaldana\/#\/schema\/person\/3c21f22f56fcf3bc46b94bc60ea4fef6","name":"Canal Dana","image":{"@type":"ImageObject","inLanguage":"pt-BR","@id":"https:\/\/secure.gravatar.com\/avatar\/420aaf9278582877d9018637c6817617705899d2858d7572ef0fe59a6b6454b4?s=96&d=mm&r=g","url":"https:\/\/secure.gravatar.com\/avatar\/420aaf9278582877d9018637c6817617705899d2858d7572ef0fe59a6b6454b4?s=96&d=mm&r=g","contentUrl":"https:\/\/secure.gravatar.com\/avatar\/420aaf9278582877d9018637c6817617705899d2858d7572ef0fe59a6b6454b4?s=96&d=mm&r=g","caption":"Canal Dana"},"url":"https:\/\/dana.com.br\/canaldana\/author\/cdeditor\/"}]}},"_links":{"self":[{"href":"https:\/\/dana.com.br\/canaldana\/wp-json\/wp\/v2\/posts\/63697","targetHints":{"allow":["GET"]}}],"collection":[{"href":"https:\/\/dana.com.br\/canaldana\/wp-json\/wp\/v2\/posts"}],"about":[{"href":"https:\/\/dana.com.br\/canaldana\/wp-json\/wp\/v2\/types\/post"}],"author":[{"embeddable":true,"href":"https:\/\/dana.com.br\/canaldana\/wp-json\/wp\/v2\/users\/3"}],"replies":[{"embeddable":true,"href":"https:\/\/dana.com.br\/canaldana\/wp-json\/wp\/v2\/comments?post=63697"}],"version-history":[{"count":0,"href":"https:\/\/dana.com.br\/canaldana\/wp-json\/wp\/v2\/posts\/63697\/revisions"}],"wp:attachment":[{"href":"https:\/\/dana.com.br\/canaldana\/wp-json\/wp\/v2\/media?parent=63697"}],"wp:term":[{"taxonomy":"category","embeddable":true,"href":"https:\/\/dana.com.br\/canaldana\/wp-json\/wp\/v2\/categories?post=63697"},{"taxonomy":"post_tag","embeddable":true,"href":"https:\/\/dana.com.br\/canaldana\/wp-json\/wp\/v2\/tags?post=63697"}],"curies":[{"name":"wp","href":"https:\/\/api.w.org\/{rel}","templated":true}]}}