{"id":63690,"date":"2023-02-08T08:56:26","date_gmt":"2023-02-08T11:56:26","guid":{"rendered":"https:\/\/dana.com.br\/canaldana\/?p=63690"},"modified":"2023-02-08T08:56:26","modified_gmt":"2023-02-08T11:56:26","slug":"mercedes-benz-do-brasil-ganha-eficiencia-na-linha-de-producao-de-caminhoes-com-etiquetas-eletronicas","status":"publish","type":"post","link":"https:\/\/dana.com.br\/canaldana\/2023\/02\/08\/mercedes-benz-do-brasil-ganha-eficiencia-na-linha-de-producao-de-caminhoes-com-etiquetas-eletronicas\/","title":{"rendered":"Mercedes-Benz do Brasil ganha efici\u00eancia na linha de produ\u00e7\u00e3o de caminh\u00f5es com etiquetas eletr\u00f4nicas"},"content":{"rendered":"<p><em>Revista Meio Filtrante<\/em><\/p>\n<p>&nbsp;<\/p>\n<p>Em constante aprimoramento de sua efici\u00eancia operacional em sua f\u00e1brica de ve\u00edculos comerciais em S\u00e3o Bernardo do Campo, no Grande ABC, regi\u00e3o metropolitana de S\u00e3o Paulo (SP), a Mercedes-Benz do Brasil adotou etiquetas eletr\u00f4nicas na linha de produ\u00e7\u00e3o, com foco nas fases de pr\u00e9-montagem e montagem de cabinas de caminh\u00f5es que a empresa alem\u00e3 produz no Brasil. Com essa tecnologia, a unidade passou a automatizar a contagem e a reposi\u00e7\u00e3o das pe\u00e7as usadas nessas etapas, otimizando o trabalho dos colaboradores que lidam com o Kanban \u2013 quadro de sinaliza\u00e7\u00e3o que controla os fluxos de produ\u00e7\u00e3o e transporte de kits.<\/p>\n<p>&nbsp;<\/p>\n<p>A aquisi\u00e7\u00e3o de ESLs (sigla em ingl\u00eas para Electronic Shelf Labels) acelerou a confer\u00eancia da maior parte dos componentes utilizados na produ\u00e7\u00e3o de cada cabina.<\/p>\n<p>&nbsp;<\/p>\n<p>As etiquetas eletr\u00f4nicas ainda simplificam o processo de pedido de pe\u00e7as, possibilitando efetuar uma ordem de disparo no pr\u00f3prio ponto de uso, se necess\u00e1rio. Tamb\u00e9m apoiam o gerenciamento de estoques e equipamentos no local da fabrica\u00e7\u00e3o ao proporcionar a an\u00e1lise de dados sobre os componentes \u2013 estando eles armazenados no rack, sinalizados no Kanban ou posicionados na linha de produ\u00e7\u00e3o.<\/p>\n<p>&nbsp;<\/p>\n<p>Al\u00e9m disso, a solu\u00e7\u00e3o substituiu etiquetas de papel que eram impressas para a produ\u00e7\u00e3o das cabinas. A a\u00e7\u00e3o faz parte de uma iniciativa em prol da sustentabilidade implementada globalmente pela fabricante alem\u00e3 para reduzir ou eliminar a quantidade de papel que circula nas f\u00e1bricas.<\/p>\n<p>&nbsp;<\/p>\n<p>&#8220;Como resultado desse projeto-piloto na montagem de cabinas, as ESLs nos trouxeram maior agilidade na localiza\u00e7\u00e3o de pe\u00e7as na linha de produ\u00e7\u00e3o e acuracidade nas informa\u00e7\u00f5es exibidas no visor, que passaram a ser atualizadas em tempo real. A elimina\u00e7\u00e3o do uso de papeis impressos nessa etapa tamb\u00e9m garantiu a correta identifica\u00e7\u00e3o de racks, carrinhos de pr\u00e9-montagem e cabinas que entram na linha de montagem, al\u00e9m de maior consci\u00eancia ambiental entre os colaboradores na planta&#8221;, afirma Kleber Eud\u00f3xio Ribeiro, Engenheiro de Manufatura da Mercedes-Benz do Brasil.<\/p>\n<p>&nbsp;<\/p>\n<p><strong>Acuracidade de dados<\/strong><\/p>\n<p>&nbsp;<\/p>\n<p>Na planta da Mercedes-Benz do Brasil em S\u00e3o Bernardo do Campo, foram introduzidos dois tipos de tags, com dados sincronizados entre ambos. O modelo instalado nos racks tem dimens\u00f5es mais amplas e exibe um n\u00famero de seis d\u00edgitos com at\u00e9 tr\u00eas cores diferentes (branco, preto ou vermelho) para identificar cada ve\u00edculo que entra na linha de montagem. J\u00e1 o modelo compacto est\u00e1 acoplado aos carrinhos de pr\u00e9-montagem, que separam e transportam as pe\u00e7as utilizadas para produzir as cabinas. Nas produ\u00e7\u00f5es de maior complexidade, cada carrinho pode possuir at\u00e9 10 ESLs, uma por cada cabina sequenciada.<\/p>\n<p>&nbsp;<\/p>\n<p>Cada ESL exibe dados como nome, cor e c\u00f3digo da pe\u00e7a, al\u00e9m do modelo do caminh\u00e3o ao qual \u00e9 destinada, o destino do ve\u00edculo produzido (exporta\u00e7\u00e3o ou mercado interno) e a presen\u00e7a ou n\u00e3o de itens opcionais (como ar-condicionado). Essas varia\u00e7\u00f5es s\u00e3o levadas em conta para garantir 100% de corre\u00e7\u00e3o na fabrica\u00e7\u00e3o das cabinas dos caminh\u00f5es, independentemente das caracter\u00edsticas que diferenciam cada modelo.<\/p>\n<p>&nbsp;<\/p>\n<p>As tags ainda mostram dados gerenciais como data de entrega e quantidade e status do pedido. Qualquer altera\u00e7\u00e3o nessas informa\u00e7\u00f5es \u00e9 atualizada de forma instant\u00e2nea e em tempo real no visor, garantindo transpar\u00eancia, flexibilidade, controle, seguran\u00e7a e conformidade com os prazos contratados.<\/p>\n<p>&nbsp;<\/p>\n<p>A Mercedes-Benz do Brasil calcula que esse ganho de agilidade proporcionado pela tecnologia reduziu tempos de retrabalho para levantamento de dados de montagem.<\/p>\n<p>&nbsp;<\/p>\n<p><strong>Automa\u00e7\u00e3o segura<\/strong><\/p>\n<p>&nbsp;<\/p>\n<p>As etiquetas eletr\u00f4nicas ajudam a afastar riscos de atraso e perda na produ\u00e7\u00e3o. Al\u00e9m disso, como medida de seguran\u00e7a, a solu\u00e7\u00e3o tamb\u00e9m \u00e9 capaz de corrigir eventuais inconsist\u00eancias nas informa\u00e7\u00f5es carregadas do sistema \u2013 o que n\u00e3o era poss\u00edvel com o uso de papeis impressos. As ESLs s\u00e3o equipadas com uma luz de LED que pode piscar em diversas cores para alertar os colaboradores sobre situa\u00e7\u00f5es fora do comum ou poss\u00edveis discrep\u00e2ncias que podem afetar a produ\u00e7\u00e3o \u2013 uma funcionalidade que ainda n\u00e3o foi implementada.<\/p>\n<p>&nbsp;<\/p>\n<p>A Mercedes-Benz do Brasil enxerga o alto n\u00edvel de automa\u00e7\u00e3o das etiquetas eletr\u00f4nicas como uma solu\u00e7\u00e3o de IoT (internet das coisas). Uma vis\u00e3o que \u00e9 potencializada pelo funcionamento integrado dessas tags com o SGP (Sistema de Gerenciamento de Produ\u00e7\u00e3o), um sistema de gest\u00e3o criado pela pr\u00f3pria multinacional, e o CLP (Controlador L\u00f3gico Program\u00e1vel), que coordena as atividades dos rob\u00f4s na linha de montagem.<\/p>\n<p>&nbsp;<\/p>\n<p>O parceiro escolhido para implementar as etiquetas eletr\u00f4nicas na linha de produ\u00e7\u00e3o foi a Seal Sistemas, empresa com a qual a Mercedes-Benz do Brasil j\u00e1 havia desenvolvido um projeto bem-sucedido envolvendo o uso de coletores de dados. As ESLs foram validadas por uma prova de conceito (POC) antes de serem implementadas por meio de um projeto-piloto focado em uma parte do processo industrial \u2013 no caso, a fabrica\u00e7\u00e3o de cabinas.<\/p>\n<p>&nbsp;<\/p>\n<p>Considerada a maior integradora de solu\u00e7\u00f5es de mobilidade do Brasil e l\u00edder em computa\u00e7\u00e3o m\u00f3vel e captura autom\u00e1tica de dados, a Seal Sistemas tamb\u00e9m implementou na fabricante uma infraestrutura de rede sem fio que apoia o funcionamento das etiquetas eletr\u00f4nicas com base em servidores locais e baseados na nuvem. Tamb\u00e9m viabilizou a integra\u00e7\u00e3o das ESLs com a infraestrutura tecnol\u00f3gica existente, incluindo sistemas e diversos formatos de arquivo utilizados na planta.<\/p>\n<p>&nbsp;<\/p>\n<p>&#8220;O projeto que realizamos na Mercedes-Benz do Brasil demonstra toda a aplicabilidade e poder de adapta\u00e7\u00e3o das etiquetas eletr\u00f4nicas \u2013 cuja presen\u00e7a j\u00e1 \u00e9 muito consolidada no setor varejista \u2013 tamb\u00e9m para processos de montagem complexos, com muitas etapas e particularidades. Os resultados positivos em uma parte do processo de produ\u00e7\u00e3o de caminh\u00f5es demonstram o enorme potencial da tecnologia para beneficiar toda a linha de montagem. Consideramos a implementa\u00e7\u00e3o na fabricante uma refer\u00eancia de aplica\u00e7\u00e3o das ESLs na ind\u00fastria&#8221;, diz Wagner Bernardes, CEO da Seal Sistemas.<\/p>\n<p>&nbsp;<\/p>\n<p>Como pr\u00f3ximos passos, a \u00e1rea de Engenharia de Manufatura da Mercedes-Benz do Brasil busca expandir a ado\u00e7\u00e3o das tags para todas as etapas da linha de montagem da f\u00e1brica de S\u00e3o Bernardo do Campo. (Revista Meio Filtrante)<\/p>\n","protected":false},"excerpt":{"rendered":"<p>Revista Meio Filtrante &nbsp; Em constante aprimoramento de sua efici\u00eancia operacional em sua f\u00e1brica de ve\u00edculos comerciais em S\u00e3o Bernardo do Campo, no Grande ABC, regi\u00e3o metropolitana de S\u00e3o Paulo (SP), a Mercedes-Benz do Brasil adotou etiquetas eletr\u00f4nicas na linha de produ\u00e7\u00e3o, com foco nas fases de pr\u00e9-montagem e montagem de cabinas de caminh\u00f5es que\u2026 <a class=\"readmore\" href=\"https:\/\/dana.com.br\/canaldana\/2023\/02\/08\/mercedes-benz-do-brasil-ganha-eficiencia-na-linha-de-producao-de-caminhoes-com-etiquetas-eletronicas\/\">Leia mais \u00bb<\/a><\/p>\n","protected":false},"author":3,"featured_media":0,"comment_status":"closed","ping_status":"closed","sticky":false,"template":"","format":"standard","meta":{"_acf_changed":false,"footnotes":""},"categories":[61],"tags":[],"class_list":["post-63690","post","type-post","status-publish","format-standard","hentry","category-destaques"],"acf":[],"yoast_head":"<!-- This site is optimized with the Yoast SEO plugin v27.3 - https:\/\/yoast.com\/product\/yoast-seo-wordpress\/ -->\n<title>Mercedes-Benz do Brasil ganha efici\u00eancia na linha de produ\u00e7\u00e3o de caminh\u00f5es com etiquetas eletr\u00f4nicas - Canal Dana<\/title>\n<meta name=\"robots\" content=\"index, follow, max-snippet:-1, max-image-preview:large, max-video-preview:-1\" \/>\n<link rel=\"canonical\" href=\"https:\/\/dana.com.br\/canaldana\/2023\/02\/08\/mercedes-benz-do-brasil-ganha-eficiencia-na-linha-de-producao-de-caminhoes-com-etiquetas-eletronicas\/\" \/>\n<meta property=\"og:locale\" content=\"pt_BR\" \/>\n<meta property=\"og:type\" content=\"article\" \/>\n<meta property=\"og:title\" content=\"Mercedes-Benz do Brasil ganha efici\u00eancia na linha de produ\u00e7\u00e3o de caminh\u00f5es com etiquetas eletr\u00f4nicas - Canal Dana\" \/>\n<meta property=\"og:description\" content=\"Revista Meio Filtrante &nbsp; Em constante aprimoramento de sua efici\u00eancia operacional em sua f\u00e1brica de ve\u00edculos comerciais em S\u00e3o Bernardo do Campo, no Grande ABC, regi\u00e3o metropolitana de S\u00e3o Paulo (SP), a Mercedes-Benz do Brasil adotou etiquetas eletr\u00f4nicas na linha de produ\u00e7\u00e3o, com foco nas fases de pr\u00e9-montagem e montagem de cabinas de caminh\u00f5es que\u2026 Leia mais \u00bb\" \/>\n<meta property=\"og:url\" content=\"https:\/\/dana.com.br\/canaldana\/2023\/02\/08\/mercedes-benz-do-brasil-ganha-eficiencia-na-linha-de-producao-de-caminhoes-com-etiquetas-eletronicas\/\" \/>\n<meta property=\"og:site_name\" content=\"Canal Dana\" \/>\n<meta property=\"article:published_time\" content=\"2023-02-08T11:56:26+00:00\" \/>\n<meta name=\"author\" content=\"Canal Dana\" \/>\n<meta name=\"twitter:card\" content=\"summary_large_image\" \/>\n<meta name=\"twitter:label1\" content=\"Escrito por\" \/>\n\t<meta name=\"twitter:data1\" content=\"Canal Dana\" \/>\n\t<meta name=\"twitter:label2\" content=\"Est. tempo de leitura\" \/>\n\t<meta name=\"twitter:data2\" content=\"5 minutos\" \/>\n<script type=\"application\/ld+json\" class=\"yoast-schema-graph\">{\"@context\":\"https:\\\/\\\/schema.org\",\"@graph\":[{\"@type\":\"Article\",\"@id\":\"https:\\\/\\\/dana.com.br\\\/canaldana\\\/2023\\\/02\\\/08\\\/mercedes-benz-do-brasil-ganha-eficiencia-na-linha-de-producao-de-caminhoes-com-etiquetas-eletronicas\\\/#article\",\"isPartOf\":{\"@id\":\"https:\\\/\\\/dana.com.br\\\/canaldana\\\/2023\\\/02\\\/08\\\/mercedes-benz-do-brasil-ganha-eficiencia-na-linha-de-producao-de-caminhoes-com-etiquetas-eletronicas\\\/\"},\"author\":{\"name\":\"Canal Dana\",\"@id\":\"https:\\\/\\\/dana.com.br\\\/canaldana\\\/#\\\/schema\\\/person\\\/3c21f22f56fcf3bc46b94bc60ea4fef6\"},\"headline\":\"Mercedes-Benz do Brasil ganha efici\u00eancia na linha de produ\u00e7\u00e3o de caminh\u00f5es com etiquetas eletr\u00f4nicas\",\"datePublished\":\"2023-02-08T11:56:26+00:00\",\"mainEntityOfPage\":{\"@id\":\"https:\\\/\\\/dana.com.br\\\/canaldana\\\/2023\\\/02\\\/08\\\/mercedes-benz-do-brasil-ganha-eficiencia-na-linha-de-producao-de-caminhoes-com-etiquetas-eletronicas\\\/\"},\"wordCount\":1101,\"articleSection\":[\"Destaques\"],\"inLanguage\":\"pt-BR\"},{\"@type\":\"WebPage\",\"@id\":\"https:\\\/\\\/dana.com.br\\\/canaldana\\\/2023\\\/02\\\/08\\\/mercedes-benz-do-brasil-ganha-eficiencia-na-linha-de-producao-de-caminhoes-com-etiquetas-eletronicas\\\/\",\"url\":\"https:\\\/\\\/dana.com.br\\\/canaldana\\\/2023\\\/02\\\/08\\\/mercedes-benz-do-brasil-ganha-eficiencia-na-linha-de-producao-de-caminhoes-com-etiquetas-eletronicas\\\/\",\"name\":\"Mercedes-Benz do Brasil ganha efici\u00eancia na linha de produ\u00e7\u00e3o de caminh\u00f5es com etiquetas eletr\u00f4nicas - Canal Dana\",\"isPartOf\":{\"@id\":\"https:\\\/\\\/dana.com.br\\\/canaldana\\\/#website\"},\"datePublished\":\"2023-02-08T11:56:26+00:00\",\"author\":{\"@id\":\"https:\\\/\\\/dana.com.br\\\/canaldana\\\/#\\\/schema\\\/person\\\/3c21f22f56fcf3bc46b94bc60ea4fef6\"},\"breadcrumb\":{\"@id\":\"https:\\\/\\\/dana.com.br\\\/canaldana\\\/2023\\\/02\\\/08\\\/mercedes-benz-do-brasil-ganha-eficiencia-na-linha-de-producao-de-caminhoes-com-etiquetas-eletronicas\\\/#breadcrumb\"},\"inLanguage\":\"pt-BR\",\"potentialAction\":[{\"@type\":\"ReadAction\",\"target\":[\"https:\\\/\\\/dana.com.br\\\/canaldana\\\/2023\\\/02\\\/08\\\/mercedes-benz-do-brasil-ganha-eficiencia-na-linha-de-producao-de-caminhoes-com-etiquetas-eletronicas\\\/\"]}]},{\"@type\":\"BreadcrumbList\",\"@id\":\"https:\\\/\\\/dana.com.br\\\/canaldana\\\/2023\\\/02\\\/08\\\/mercedes-benz-do-brasil-ganha-eficiencia-na-linha-de-producao-de-caminhoes-com-etiquetas-eletronicas\\\/#breadcrumb\",\"itemListElement\":[{\"@type\":\"ListItem\",\"position\":1,\"name\":\"Home\",\"item\":\"https:\\\/\\\/dana.com.br\\\/canaldana\\\/\"},{\"@type\":\"ListItem\",\"position\":2,\"name\":\"Destaques\",\"item\":\"https:\\\/\\\/dana.com.br\\\/canaldana\\\/destaques\\\/\"},{\"@type\":\"ListItem\",\"position\":3,\"name\":\"Mercedes-Benz do Brasil ganha efici\u00eancia na linha de produ\u00e7\u00e3o de caminh\u00f5es com etiquetas eletr\u00f4nicas\"}]},{\"@type\":\"WebSite\",\"@id\":\"https:\\\/\\\/dana.com.br\\\/canaldana\\\/#website\",\"url\":\"https:\\\/\\\/dana.com.br\\\/canaldana\\\/\",\"name\":\"Canal Dana\",\"description\":\"Informativo com as principais not\u00edcias da ind\u00fastria automotiva\",\"potentialAction\":[{\"@type\":\"SearchAction\",\"target\":{\"@type\":\"EntryPoint\",\"urlTemplate\":\"https:\\\/\\\/dana.com.br\\\/canaldana\\\/?s={search_term_string}\"},\"query-input\":{\"@type\":\"PropertyValueSpecification\",\"valueRequired\":true,\"valueName\":\"search_term_string\"}}],\"inLanguage\":\"pt-BR\"},{\"@type\":\"Person\",\"@id\":\"https:\\\/\\\/dana.com.br\\\/canaldana\\\/#\\\/schema\\\/person\\\/3c21f22f56fcf3bc46b94bc60ea4fef6\",\"name\":\"Canal Dana\",\"image\":{\"@type\":\"ImageObject\",\"inLanguage\":\"pt-BR\",\"@id\":\"https:\\\/\\\/secure.gravatar.com\\\/avatar\\\/420aaf9278582877d9018637c6817617705899d2858d7572ef0fe59a6b6454b4?s=96&d=mm&r=g\",\"url\":\"https:\\\/\\\/secure.gravatar.com\\\/avatar\\\/420aaf9278582877d9018637c6817617705899d2858d7572ef0fe59a6b6454b4?s=96&d=mm&r=g\",\"contentUrl\":\"https:\\\/\\\/secure.gravatar.com\\\/avatar\\\/420aaf9278582877d9018637c6817617705899d2858d7572ef0fe59a6b6454b4?s=96&d=mm&r=g\",\"caption\":\"Canal Dana\"},\"url\":\"https:\\\/\\\/dana.com.br\\\/canaldana\\\/author\\\/cdeditor\\\/\"}]}<\/script>\n<!-- \/ Yoast SEO plugin. -->","yoast_head_json":{"title":"Mercedes-Benz do Brasil ganha efici\u00eancia na linha de produ\u00e7\u00e3o de caminh\u00f5es com etiquetas eletr\u00f4nicas - Canal Dana","robots":{"index":"index","follow":"follow","max-snippet":"max-snippet:-1","max-image-preview":"max-image-preview:large","max-video-preview":"max-video-preview:-1"},"canonical":"https:\/\/dana.com.br\/canaldana\/2023\/02\/08\/mercedes-benz-do-brasil-ganha-eficiencia-na-linha-de-producao-de-caminhoes-com-etiquetas-eletronicas\/","og_locale":"pt_BR","og_type":"article","og_title":"Mercedes-Benz do Brasil ganha efici\u00eancia na linha de produ\u00e7\u00e3o de caminh\u00f5es com etiquetas eletr\u00f4nicas - Canal Dana","og_description":"Revista Meio Filtrante &nbsp; Em constante aprimoramento de sua efici\u00eancia operacional em sua f\u00e1brica de ve\u00edculos comerciais em S\u00e3o Bernardo do Campo, no Grande ABC, regi\u00e3o metropolitana de S\u00e3o Paulo (SP), a Mercedes-Benz do Brasil adotou etiquetas eletr\u00f4nicas na linha de produ\u00e7\u00e3o, com foco nas fases de pr\u00e9-montagem e montagem de cabinas de caminh\u00f5es que\u2026 Leia mais \u00bb","og_url":"https:\/\/dana.com.br\/canaldana\/2023\/02\/08\/mercedes-benz-do-brasil-ganha-eficiencia-na-linha-de-producao-de-caminhoes-com-etiquetas-eletronicas\/","og_site_name":"Canal Dana","article_published_time":"2023-02-08T11:56:26+00:00","author":"Canal Dana","twitter_card":"summary_large_image","twitter_misc":{"Escrito por":"Canal Dana","Est. tempo de leitura":"5 minutos"},"schema":{"@context":"https:\/\/schema.org","@graph":[{"@type":"Article","@id":"https:\/\/dana.com.br\/canaldana\/2023\/02\/08\/mercedes-benz-do-brasil-ganha-eficiencia-na-linha-de-producao-de-caminhoes-com-etiquetas-eletronicas\/#article","isPartOf":{"@id":"https:\/\/dana.com.br\/canaldana\/2023\/02\/08\/mercedes-benz-do-brasil-ganha-eficiencia-na-linha-de-producao-de-caminhoes-com-etiquetas-eletronicas\/"},"author":{"name":"Canal Dana","@id":"https:\/\/dana.com.br\/canaldana\/#\/schema\/person\/3c21f22f56fcf3bc46b94bc60ea4fef6"},"headline":"Mercedes-Benz do Brasil ganha efici\u00eancia na linha de produ\u00e7\u00e3o de caminh\u00f5es com etiquetas eletr\u00f4nicas","datePublished":"2023-02-08T11:56:26+00:00","mainEntityOfPage":{"@id":"https:\/\/dana.com.br\/canaldana\/2023\/02\/08\/mercedes-benz-do-brasil-ganha-eficiencia-na-linha-de-producao-de-caminhoes-com-etiquetas-eletronicas\/"},"wordCount":1101,"articleSection":["Destaques"],"inLanguage":"pt-BR"},{"@type":"WebPage","@id":"https:\/\/dana.com.br\/canaldana\/2023\/02\/08\/mercedes-benz-do-brasil-ganha-eficiencia-na-linha-de-producao-de-caminhoes-com-etiquetas-eletronicas\/","url":"https:\/\/dana.com.br\/canaldana\/2023\/02\/08\/mercedes-benz-do-brasil-ganha-eficiencia-na-linha-de-producao-de-caminhoes-com-etiquetas-eletronicas\/","name":"Mercedes-Benz do Brasil ganha efici\u00eancia na linha de produ\u00e7\u00e3o de caminh\u00f5es com etiquetas eletr\u00f4nicas - Canal Dana","isPartOf":{"@id":"https:\/\/dana.com.br\/canaldana\/#website"},"datePublished":"2023-02-08T11:56:26+00:00","author":{"@id":"https:\/\/dana.com.br\/canaldana\/#\/schema\/person\/3c21f22f56fcf3bc46b94bc60ea4fef6"},"breadcrumb":{"@id":"https:\/\/dana.com.br\/canaldana\/2023\/02\/08\/mercedes-benz-do-brasil-ganha-eficiencia-na-linha-de-producao-de-caminhoes-com-etiquetas-eletronicas\/#breadcrumb"},"inLanguage":"pt-BR","potentialAction":[{"@type":"ReadAction","target":["https:\/\/dana.com.br\/canaldana\/2023\/02\/08\/mercedes-benz-do-brasil-ganha-eficiencia-na-linha-de-producao-de-caminhoes-com-etiquetas-eletronicas\/"]}]},{"@type":"BreadcrumbList","@id":"https:\/\/dana.com.br\/canaldana\/2023\/02\/08\/mercedes-benz-do-brasil-ganha-eficiencia-na-linha-de-producao-de-caminhoes-com-etiquetas-eletronicas\/#breadcrumb","itemListElement":[{"@type":"ListItem","position":1,"name":"Home","item":"https:\/\/dana.com.br\/canaldana\/"},{"@type":"ListItem","position":2,"name":"Destaques","item":"https:\/\/dana.com.br\/canaldana\/destaques\/"},{"@type":"ListItem","position":3,"name":"Mercedes-Benz do Brasil ganha efici\u00eancia na linha de produ\u00e7\u00e3o de caminh\u00f5es com etiquetas eletr\u00f4nicas"}]},{"@type":"WebSite","@id":"https:\/\/dana.com.br\/canaldana\/#website","url":"https:\/\/dana.com.br\/canaldana\/","name":"Canal Dana","description":"Informativo com as principais not\u00edcias da ind\u00fastria automotiva","potentialAction":[{"@type":"SearchAction","target":{"@type":"EntryPoint","urlTemplate":"https:\/\/dana.com.br\/canaldana\/?s={search_term_string}"},"query-input":{"@type":"PropertyValueSpecification","valueRequired":true,"valueName":"search_term_string"}}],"inLanguage":"pt-BR"},{"@type":"Person","@id":"https:\/\/dana.com.br\/canaldana\/#\/schema\/person\/3c21f22f56fcf3bc46b94bc60ea4fef6","name":"Canal Dana","image":{"@type":"ImageObject","inLanguage":"pt-BR","@id":"https:\/\/secure.gravatar.com\/avatar\/420aaf9278582877d9018637c6817617705899d2858d7572ef0fe59a6b6454b4?s=96&d=mm&r=g","url":"https:\/\/secure.gravatar.com\/avatar\/420aaf9278582877d9018637c6817617705899d2858d7572ef0fe59a6b6454b4?s=96&d=mm&r=g","contentUrl":"https:\/\/secure.gravatar.com\/avatar\/420aaf9278582877d9018637c6817617705899d2858d7572ef0fe59a6b6454b4?s=96&d=mm&r=g","caption":"Canal Dana"},"url":"https:\/\/dana.com.br\/canaldana\/author\/cdeditor\/"}]}},"_links":{"self":[{"href":"https:\/\/dana.com.br\/canaldana\/wp-json\/wp\/v2\/posts\/63690","targetHints":{"allow":["GET"]}}],"collection":[{"href":"https:\/\/dana.com.br\/canaldana\/wp-json\/wp\/v2\/posts"}],"about":[{"href":"https:\/\/dana.com.br\/canaldana\/wp-json\/wp\/v2\/types\/post"}],"author":[{"embeddable":true,"href":"https:\/\/dana.com.br\/canaldana\/wp-json\/wp\/v2\/users\/3"}],"replies":[{"embeddable":true,"href":"https:\/\/dana.com.br\/canaldana\/wp-json\/wp\/v2\/comments?post=63690"}],"version-history":[{"count":0,"href":"https:\/\/dana.com.br\/canaldana\/wp-json\/wp\/v2\/posts\/63690\/revisions"}],"wp:attachment":[{"href":"https:\/\/dana.com.br\/canaldana\/wp-json\/wp\/v2\/media?parent=63690"}],"wp:term":[{"taxonomy":"category","embeddable":true,"href":"https:\/\/dana.com.br\/canaldana\/wp-json\/wp\/v2\/categories?post=63690"},{"taxonomy":"post_tag","embeddable":true,"href":"https:\/\/dana.com.br\/canaldana\/wp-json\/wp\/v2\/tags?post=63690"}],"curies":[{"name":"wp","href":"https:\/\/api.w.org\/{rel}","templated":true}]}}