{"id":63688,"date":"2023-02-08T08:55:55","date_gmt":"2023-02-08T11:55:55","guid":{"rendered":"https:\/\/dana.com.br\/canaldana\/?p=63688"},"modified":"2023-02-08T08:55:55","modified_gmt":"2023-02-08T11:55:55","slug":"brasil-exportou-33-mil-veiculos-em-janeiro","status":"publish","type":"post","link":"https:\/\/dana.com.br\/canaldana\/2023\/02\/08\/brasil-exportou-33-mil-veiculos-em-janeiro\/","title":{"rendered":"Brasil exportou 33 mil ve\u00edculos em janeiro"},"content":{"rendered":"<p><em>AutoInd\u00fastria <\/em><\/p>\n<p>&nbsp;<\/p>\n<p>A ind\u00fastria automobil\u00edstica brasileira iniciou 2023 com exporta\u00e7\u00f5es em eleva\u00e7\u00e3o. Em janeiro, o setor enviou para outros pa\u00edses cerca de 33 mil autom\u00f3veis, comerciais leves, caminh\u00f5es e \u00f4nibus. O resultado supera em 19% os embarques registrados em igual m\u00eas do ano passado e em 5,9% os de dezembro.<\/p>\n<p>&nbsp;<\/p>\n<p>\u00c9 o quarto ano seguido que o setor registra crescimento nas exporta\u00e7\u00f5es do primeiro m\u00eas. Desde 2020, quando\u00a0 o Brasil exportou 20,5 mil ve\u00edculos &#8211; um recuou significativo ante as 25 mil do ano anterior e ainda mais diante das 46,4 mil de 2018 -, os embarques passaram novamente para o patamar de 25,9 mil em 2021 e 27,7 mil unidades no ano passado.<\/p>\n<p>&nbsp;<\/p>\n<p>\u00c9 certo que os n\u00fameros de 2021 e 2022 foram impactados pela crise de diversos mercados e da log\u00edstica global gerada pela pandemia. Mas M\u00e1rcio Leite, presidente da Anfavea, por outro lado, pondera que as exporta\u00e7\u00f5es no primeiro m\u00eas de 2023 poderiam ter sido at\u00e9 melhores.<\/p>\n<p>&nbsp;<\/p>\n<p>Leite, entretanto, diz que ainda o resultado de janeiro e o quadro dos mercados de destino\u00a0 ainda n\u00e3o s\u00e3o preocupantes a ponto de que se reveja a proje\u00e7\u00e3o de 467 mil ve\u00edculos negociados no exterior no ano, j\u00e1 2,9% a menos do que em 2022.<\/p>\n<p>&nbsp;<\/p>\n<p>O dirigente justifica que Chile e Col\u00f4mbia, dois dos principais mercados dos ve\u00edculos nacionais junto com Argentina e M\u00e9xico, n\u00e3o tiveram um bom m\u00eas, com quedas aproximadas de 20%. \u201cAgora estamos com o sinal de alerta ligado com rela\u00e7\u00e3o a esses dois mercados, que vinham evoluindo bem nos \u00faltimos anos.\u201d<\/p>\n<p>&nbsp;<\/p>\n<p>Se os embarques de janeiro foram 5,9% maiores do que os de dezembro de 2022, curiosamente o faturamento\u00a0 limitou-se a R$ 709 milh\u00f5es, 13,4% abaixo na mesma compara\u00e7\u00e3o.<\/p>\n<p>&nbsp;<\/p>\n<p>O dirigente da Anfavea aponta a mudan\u00e7a no mix de produtos como motiva\u00e7\u00e3o para o menor faturamento no per\u00edodo. Segundo a entidade, ve\u00edculos de maior valor agregado deixaram de passar pelos portos no mesmo ritmo de meses anteriores, em especial caminh\u00f5es e m\u00e1quinas agr\u00edcolas e de constru\u00e7\u00e3o. (AutoInd\u00fastria\/George Guimar\u00e3es)<\/p>\n","protected":false},"excerpt":{"rendered":"<p>AutoInd\u00fastria &nbsp; A ind\u00fastria automobil\u00edstica brasileira iniciou 2023 com exporta\u00e7\u00f5es em eleva\u00e7\u00e3o. Em janeiro, o setor enviou para outros pa\u00edses cerca de 33 mil autom\u00f3veis, comerciais leves, caminh\u00f5es e \u00f4nibus. O resultado supera em 19% os embarques registrados em igual m\u00eas do ano passado e em 5,9% os de dezembro. &nbsp; \u00c9 o quarto ano\u2026 <a class=\"readmore\" href=\"https:\/\/dana.com.br\/canaldana\/2023\/02\/08\/brasil-exportou-33-mil-veiculos-em-janeiro\/\">Leia mais \u00bb<\/a><\/p>\n","protected":false},"author":3,"featured_media":0,"comment_status":"closed","ping_status":"closed","sticky":false,"template":"","format":"standard","meta":{"_acf_changed":false,"footnotes":""},"categories":[61],"tags":[],"class_list":["post-63688","post","type-post","status-publish","format-standard","hentry","category-destaques"],"acf":[],"yoast_head":"<!-- This site is optimized with the Yoast SEO plugin v27.3 - https:\/\/yoast.com\/product\/yoast-seo-wordpress\/ -->\n<title>Brasil exportou 33 mil ve\u00edculos em janeiro - Canal Dana<\/title>\n<meta name=\"robots\" content=\"index, follow, max-snippet:-1, max-image-preview:large, max-video-preview:-1\" \/>\n<link rel=\"canonical\" href=\"https:\/\/dana.com.br\/canaldana\/2023\/02\/08\/brasil-exportou-33-mil-veiculos-em-janeiro\/\" \/>\n<meta property=\"og:locale\" content=\"pt_BR\" \/>\n<meta property=\"og:type\" content=\"article\" \/>\n<meta property=\"og:title\" content=\"Brasil exportou 33 mil ve\u00edculos em janeiro - Canal Dana\" \/>\n<meta property=\"og:description\" content=\"AutoInd\u00fastria &nbsp; A ind\u00fastria automobil\u00edstica brasileira iniciou 2023 com exporta\u00e7\u00f5es em eleva\u00e7\u00e3o. Em janeiro, o setor enviou para outros pa\u00edses cerca de 33 mil autom\u00f3veis, comerciais leves, caminh\u00f5es e \u00f4nibus. O resultado supera em 19% os embarques registrados em igual m\u00eas do ano passado e em 5,9% os de dezembro. &nbsp; \u00c9 o quarto ano\u2026 Leia mais \u00bb\" \/>\n<meta property=\"og:url\" content=\"https:\/\/dana.com.br\/canaldana\/2023\/02\/08\/brasil-exportou-33-mil-veiculos-em-janeiro\/\" \/>\n<meta property=\"og:site_name\" content=\"Canal Dana\" \/>\n<meta property=\"article:published_time\" content=\"2023-02-08T11:55:55+00:00\" \/>\n<meta name=\"author\" content=\"Canal Dana\" \/>\n<meta name=\"twitter:card\" content=\"summary_large_image\" \/>\n<meta name=\"twitter:label1\" content=\"Escrito por\" \/>\n\t<meta name=\"twitter:data1\" content=\"Canal Dana\" \/>\n\t<meta name=\"twitter:label2\" content=\"Est. tempo de leitura\" \/>\n\t<meta name=\"twitter:data2\" content=\"2 minutos\" \/>\n<script type=\"application\/ld+json\" class=\"yoast-schema-graph\">{\"@context\":\"https:\\\/\\\/schema.org\",\"@graph\":[{\"@type\":\"Article\",\"@id\":\"https:\\\/\\\/dana.com.br\\\/canaldana\\\/2023\\\/02\\\/08\\\/brasil-exportou-33-mil-veiculos-em-janeiro\\\/#article\",\"isPartOf\":{\"@id\":\"https:\\\/\\\/dana.com.br\\\/canaldana\\\/2023\\\/02\\\/08\\\/brasil-exportou-33-mil-veiculos-em-janeiro\\\/\"},\"author\":{\"name\":\"Canal Dana\",\"@id\":\"https:\\\/\\\/dana.com.br\\\/canaldana\\\/#\\\/schema\\\/person\\\/3c21f22f56fcf3bc46b94bc60ea4fef6\"},\"headline\":\"Brasil exportou 33 mil ve\u00edculos em janeiro\",\"datePublished\":\"2023-02-08T11:55:55+00:00\",\"mainEntityOfPage\":{\"@id\":\"https:\\\/\\\/dana.com.br\\\/canaldana\\\/2023\\\/02\\\/08\\\/brasil-exportou-33-mil-veiculos-em-janeiro\\\/\"},\"wordCount\":360,\"articleSection\":[\"Destaques\"],\"inLanguage\":\"pt-BR\"},{\"@type\":\"WebPage\",\"@id\":\"https:\\\/\\\/dana.com.br\\\/canaldana\\\/2023\\\/02\\\/08\\\/brasil-exportou-33-mil-veiculos-em-janeiro\\\/\",\"url\":\"https:\\\/\\\/dana.com.br\\\/canaldana\\\/2023\\\/02\\\/08\\\/brasil-exportou-33-mil-veiculos-em-janeiro\\\/\",\"name\":\"Brasil exportou 33 mil ve\u00edculos em janeiro - Canal Dana\",\"isPartOf\":{\"@id\":\"https:\\\/\\\/dana.com.br\\\/canaldana\\\/#website\"},\"datePublished\":\"2023-02-08T11:55:55+00:00\",\"author\":{\"@id\":\"https:\\\/\\\/dana.com.br\\\/canaldana\\\/#\\\/schema\\\/person\\\/3c21f22f56fcf3bc46b94bc60ea4fef6\"},\"breadcrumb\":{\"@id\":\"https:\\\/\\\/dana.com.br\\\/canaldana\\\/2023\\\/02\\\/08\\\/brasil-exportou-33-mil-veiculos-em-janeiro\\\/#breadcrumb\"},\"inLanguage\":\"pt-BR\",\"potentialAction\":[{\"@type\":\"ReadAction\",\"target\":[\"https:\\\/\\\/dana.com.br\\\/canaldana\\\/2023\\\/02\\\/08\\\/brasil-exportou-33-mil-veiculos-em-janeiro\\\/\"]}]},{\"@type\":\"BreadcrumbList\",\"@id\":\"https:\\\/\\\/dana.com.br\\\/canaldana\\\/2023\\\/02\\\/08\\\/brasil-exportou-33-mil-veiculos-em-janeiro\\\/#breadcrumb\",\"itemListElement\":[{\"@type\":\"ListItem\",\"position\":1,\"name\":\"Home\",\"item\":\"https:\\\/\\\/dana.com.br\\\/canaldana\\\/\"},{\"@type\":\"ListItem\",\"position\":2,\"name\":\"Destaques\",\"item\":\"https:\\\/\\\/dana.com.br\\\/canaldana\\\/destaques\\\/\"},{\"@type\":\"ListItem\",\"position\":3,\"name\":\"Brasil exportou 33 mil ve\u00edculos em janeiro\"}]},{\"@type\":\"WebSite\",\"@id\":\"https:\\\/\\\/dana.com.br\\\/canaldana\\\/#website\",\"url\":\"https:\\\/\\\/dana.com.br\\\/canaldana\\\/\",\"name\":\"Canal Dana\",\"description\":\"Informativo com as principais not\u00edcias da ind\u00fastria automotiva\",\"potentialAction\":[{\"@type\":\"SearchAction\",\"target\":{\"@type\":\"EntryPoint\",\"urlTemplate\":\"https:\\\/\\\/dana.com.br\\\/canaldana\\\/?s={search_term_string}\"},\"query-input\":{\"@type\":\"PropertyValueSpecification\",\"valueRequired\":true,\"valueName\":\"search_term_string\"}}],\"inLanguage\":\"pt-BR\"},{\"@type\":\"Person\",\"@id\":\"https:\\\/\\\/dana.com.br\\\/canaldana\\\/#\\\/schema\\\/person\\\/3c21f22f56fcf3bc46b94bc60ea4fef6\",\"name\":\"Canal Dana\",\"image\":{\"@type\":\"ImageObject\",\"inLanguage\":\"pt-BR\",\"@id\":\"https:\\\/\\\/secure.gravatar.com\\\/avatar\\\/420aaf9278582877d9018637c6817617705899d2858d7572ef0fe59a6b6454b4?s=96&d=mm&r=g\",\"url\":\"https:\\\/\\\/secure.gravatar.com\\\/avatar\\\/420aaf9278582877d9018637c6817617705899d2858d7572ef0fe59a6b6454b4?s=96&d=mm&r=g\",\"contentUrl\":\"https:\\\/\\\/secure.gravatar.com\\\/avatar\\\/420aaf9278582877d9018637c6817617705899d2858d7572ef0fe59a6b6454b4?s=96&d=mm&r=g\",\"caption\":\"Canal Dana\"},\"url\":\"https:\\\/\\\/dana.com.br\\\/canaldana\\\/author\\\/cdeditor\\\/\"}]}<\/script>\n<!-- \/ Yoast SEO plugin. -->","yoast_head_json":{"title":"Brasil exportou 33 mil ve\u00edculos em janeiro - Canal Dana","robots":{"index":"index","follow":"follow","max-snippet":"max-snippet:-1","max-image-preview":"max-image-preview:large","max-video-preview":"max-video-preview:-1"},"canonical":"https:\/\/dana.com.br\/canaldana\/2023\/02\/08\/brasil-exportou-33-mil-veiculos-em-janeiro\/","og_locale":"pt_BR","og_type":"article","og_title":"Brasil exportou 33 mil ve\u00edculos em janeiro - Canal Dana","og_description":"AutoInd\u00fastria &nbsp; A ind\u00fastria automobil\u00edstica brasileira iniciou 2023 com exporta\u00e7\u00f5es em eleva\u00e7\u00e3o. Em janeiro, o setor enviou para outros pa\u00edses cerca de 33 mil autom\u00f3veis, comerciais leves, caminh\u00f5es e \u00f4nibus. O resultado supera em 19% os embarques registrados em igual m\u00eas do ano passado e em 5,9% os de dezembro. &nbsp; \u00c9 o quarto ano\u2026 Leia mais \u00bb","og_url":"https:\/\/dana.com.br\/canaldana\/2023\/02\/08\/brasil-exportou-33-mil-veiculos-em-janeiro\/","og_site_name":"Canal Dana","article_published_time":"2023-02-08T11:55:55+00:00","author":"Canal Dana","twitter_card":"summary_large_image","twitter_misc":{"Escrito por":"Canal Dana","Est. tempo de leitura":"2 minutos"},"schema":{"@context":"https:\/\/schema.org","@graph":[{"@type":"Article","@id":"https:\/\/dana.com.br\/canaldana\/2023\/02\/08\/brasil-exportou-33-mil-veiculos-em-janeiro\/#article","isPartOf":{"@id":"https:\/\/dana.com.br\/canaldana\/2023\/02\/08\/brasil-exportou-33-mil-veiculos-em-janeiro\/"},"author":{"name":"Canal Dana","@id":"https:\/\/dana.com.br\/canaldana\/#\/schema\/person\/3c21f22f56fcf3bc46b94bc60ea4fef6"},"headline":"Brasil exportou 33 mil ve\u00edculos em janeiro","datePublished":"2023-02-08T11:55:55+00:00","mainEntityOfPage":{"@id":"https:\/\/dana.com.br\/canaldana\/2023\/02\/08\/brasil-exportou-33-mil-veiculos-em-janeiro\/"},"wordCount":360,"articleSection":["Destaques"],"inLanguage":"pt-BR"},{"@type":"WebPage","@id":"https:\/\/dana.com.br\/canaldana\/2023\/02\/08\/brasil-exportou-33-mil-veiculos-em-janeiro\/","url":"https:\/\/dana.com.br\/canaldana\/2023\/02\/08\/brasil-exportou-33-mil-veiculos-em-janeiro\/","name":"Brasil exportou 33 mil ve\u00edculos em janeiro - Canal Dana","isPartOf":{"@id":"https:\/\/dana.com.br\/canaldana\/#website"},"datePublished":"2023-02-08T11:55:55+00:00","author":{"@id":"https:\/\/dana.com.br\/canaldana\/#\/schema\/person\/3c21f22f56fcf3bc46b94bc60ea4fef6"},"breadcrumb":{"@id":"https:\/\/dana.com.br\/canaldana\/2023\/02\/08\/brasil-exportou-33-mil-veiculos-em-janeiro\/#breadcrumb"},"inLanguage":"pt-BR","potentialAction":[{"@type":"ReadAction","target":["https:\/\/dana.com.br\/canaldana\/2023\/02\/08\/brasil-exportou-33-mil-veiculos-em-janeiro\/"]}]},{"@type":"BreadcrumbList","@id":"https:\/\/dana.com.br\/canaldana\/2023\/02\/08\/brasil-exportou-33-mil-veiculos-em-janeiro\/#breadcrumb","itemListElement":[{"@type":"ListItem","position":1,"name":"Home","item":"https:\/\/dana.com.br\/canaldana\/"},{"@type":"ListItem","position":2,"name":"Destaques","item":"https:\/\/dana.com.br\/canaldana\/destaques\/"},{"@type":"ListItem","position":3,"name":"Brasil exportou 33 mil ve\u00edculos em janeiro"}]},{"@type":"WebSite","@id":"https:\/\/dana.com.br\/canaldana\/#website","url":"https:\/\/dana.com.br\/canaldana\/","name":"Canal Dana","description":"Informativo com as principais not\u00edcias da ind\u00fastria automotiva","potentialAction":[{"@type":"SearchAction","target":{"@type":"EntryPoint","urlTemplate":"https:\/\/dana.com.br\/canaldana\/?s={search_term_string}"},"query-input":{"@type":"PropertyValueSpecification","valueRequired":true,"valueName":"search_term_string"}}],"inLanguage":"pt-BR"},{"@type":"Person","@id":"https:\/\/dana.com.br\/canaldana\/#\/schema\/person\/3c21f22f56fcf3bc46b94bc60ea4fef6","name":"Canal Dana","image":{"@type":"ImageObject","inLanguage":"pt-BR","@id":"https:\/\/secure.gravatar.com\/avatar\/420aaf9278582877d9018637c6817617705899d2858d7572ef0fe59a6b6454b4?s=96&d=mm&r=g","url":"https:\/\/secure.gravatar.com\/avatar\/420aaf9278582877d9018637c6817617705899d2858d7572ef0fe59a6b6454b4?s=96&d=mm&r=g","contentUrl":"https:\/\/secure.gravatar.com\/avatar\/420aaf9278582877d9018637c6817617705899d2858d7572ef0fe59a6b6454b4?s=96&d=mm&r=g","caption":"Canal Dana"},"url":"https:\/\/dana.com.br\/canaldana\/author\/cdeditor\/"}]}},"_links":{"self":[{"href":"https:\/\/dana.com.br\/canaldana\/wp-json\/wp\/v2\/posts\/63688","targetHints":{"allow":["GET"]}}],"collection":[{"href":"https:\/\/dana.com.br\/canaldana\/wp-json\/wp\/v2\/posts"}],"about":[{"href":"https:\/\/dana.com.br\/canaldana\/wp-json\/wp\/v2\/types\/post"}],"author":[{"embeddable":true,"href":"https:\/\/dana.com.br\/canaldana\/wp-json\/wp\/v2\/users\/3"}],"replies":[{"embeddable":true,"href":"https:\/\/dana.com.br\/canaldana\/wp-json\/wp\/v2\/comments?post=63688"}],"version-history":[{"count":0,"href":"https:\/\/dana.com.br\/canaldana\/wp-json\/wp\/v2\/posts\/63688\/revisions"}],"wp:attachment":[{"href":"https:\/\/dana.com.br\/canaldana\/wp-json\/wp\/v2\/media?parent=63688"}],"wp:term":[{"taxonomy":"category","embeddable":true,"href":"https:\/\/dana.com.br\/canaldana\/wp-json\/wp\/v2\/categories?post=63688"},{"taxonomy":"post_tag","embeddable":true,"href":"https:\/\/dana.com.br\/canaldana\/wp-json\/wp\/v2\/tags?post=63688"}],"curies":[{"name":"wp","href":"https:\/\/api.w.org\/{rel}","templated":true}]}}