{"id":63672,"date":"2023-02-08T08:51:29","date_gmt":"2023-02-08T11:51:29","guid":{"rendered":"https:\/\/dana.com.br\/canaldana\/?p=63672"},"modified":"2023-02-08T08:51:29","modified_gmt":"2023-02-08T11:51:29","slug":"toyota-visita-ctc-para-conhecer-inovacoes-tecnologicas-da-ciencia-da-cana","status":"publish","type":"post","link":"https:\/\/dana.com.br\/canaldana\/2023\/02\/08\/toyota-visita-ctc-para-conhecer-inovacoes-tecnologicas-da-ciencia-da-cana\/","title":{"rendered":"Toyota visita CTC para conhecer inova\u00e7\u00f5es tecnol\u00f3gicas da ci\u00eancia da cana"},"content":{"rendered":"<p><em>CarPointNews\/Ag\u00eancia Fato Relevante<\/em><\/p>\n<p>&nbsp;<\/p>\n<p>Um grupo de executivos da montadora Toyota visitou o Centro de Tecnologia Canavieira (CTC) onde conheceram as inova\u00e7\u00f5es tecnol\u00f3gicas desenvolvidas em cana-de a\u00e7\u00facar e como contribuem com a sustentabilidade do setor sucroenerg\u00e9tico. A comitiva contou com a participa\u00e7\u00e3o de executivos da Toyota do Jap\u00e3o, Argentina e Brasil, entre eles Takuya Ikoma, Powertrain General Manager da Toyota Motor Corporation.<\/p>\n<p>&nbsp;<\/p>\n<p>\u201cFiquei impressionado com o que j\u00e1 est\u00e1 sendo desenvolvido no Brasil em termos de tecnologia relacionadas ao etanol, mas tamb\u00e9m em rela\u00e7\u00e3o ao potencial que o Brasil tem para o futuro quando o assunto \u00e9 bioenergia\u201d, pontuou Ikoma.<\/p>\n<p>&nbsp;<\/p>\n<p>A comitiva tamb\u00e9m foi acompanhada por integrantes da Uni\u00e3o da Ind\u00fastria de Cana-de-A\u00e7\u00facar e Bioenergia (UNICA) e do Arranjo Produtivo de \u00c1lcool (Apla) que fizeram apresenta\u00e7\u00f5es sobre a cadeia produtiva do etanol.<\/p>\n<p>&nbsp;<\/p>\n<p>\u201cNo Brasil, onde os carros flex circulam h\u00e1 20 anos, o uso do etanol evitou que cerca de 600 milh\u00f5es de toneladas de CO2eq fossem lan\u00e7adas na atmosfera, contribuindo para a sa\u00fade de milh\u00f5es de pessoas e do meio ambiente. Indicadores assim t\u00eam chamado a aten\u00e7\u00e3o de diversos l\u00edderes, que buscam uma solu\u00e7\u00e3o eficiente e dispon\u00edvel para reduzir a pegada de carbono no transporte\u201d, destacou o diretor executivo da UNICA, Eduardo Le\u00e3o.<\/p>\n<p>&nbsp;<\/p>\n<p>Durante a apresenta\u00e7\u00e3o, o diretor executivo da Apla, Fl\u00e1vio Castelari, refor\u00e7ou que a produ\u00e7\u00e3o de etanol \u00e9 vi\u00e1vel em v\u00e1rios pa\u00edses e que o Brasil est\u00e1 pronto para ajudar com tecnologia, desenvolvida no pa\u00eds h\u00e1 quase 50 anos. \u201cO futuro da mobilidade de baixo carbono \u00e9 m\u00faltiplo e o etanol \u00e9 parte dessa solu\u00e7\u00e3o. E o Brasil est\u00e1 disposto a contribuir e cooperar com os pa\u00edses que tiverem condi\u00e7\u00f5es de produzir e utilizar essa tecnologia que j\u00e1 est\u00e1 dispon\u00edvel no presente e ser\u00e1 tamb\u00e9m um grande ativo no futuro\u201d, disse.<\/p>\n<p>&nbsp;<\/p>\n<p>No CTC, os visitantes tiveram a chance de compreender a aplica\u00e7\u00e3o do conhecimento cient\u00edfico em tecnologias que possibilitam a melhoria da produtividade da cana-de-a\u00e7\u00facar.\u00a0 \u201cApresentamos as t\u00e9cnicas de melhoramento gen\u00e9tico e de biotecnologia que tornam o CTC l\u00edder global de ci\u00eancia da cana\u201d, destaca Silvia Yokoyama, Diretora de Assuntos Regulat\u00f3rios. (CarPointNews\/Ag\u00eancia Fato Relevante)<\/p>\n","protected":false},"excerpt":{"rendered":"<p>CarPointNews\/Ag\u00eancia Fato Relevante &nbsp; Um grupo de executivos da montadora Toyota visitou o Centro de Tecnologia Canavieira (CTC) onde conheceram as inova\u00e7\u00f5es tecnol\u00f3gicas desenvolvidas em cana-de a\u00e7\u00facar e como contribuem com a sustentabilidade do setor sucroenerg\u00e9tico. A comitiva contou com a participa\u00e7\u00e3o de executivos da Toyota do Jap\u00e3o, Argentina e Brasil, entre eles Takuya Ikoma,\u2026 <a class=\"readmore\" href=\"https:\/\/dana.com.br\/canaldana\/2023\/02\/08\/toyota-visita-ctc-para-conhecer-inovacoes-tecnologicas-da-ciencia-da-cana\/\">Leia mais \u00bb<\/a><\/p>\n","protected":false},"author":3,"featured_media":0,"comment_status":"closed","ping_status":"closed","sticky":false,"template":"","format":"standard","meta":{"_acf_changed":false,"footnotes":""},"categories":[63],"tags":[],"class_list":["post-63672","post","type-post","status-publish","format-standard","hentry","category-meio-ambiente"],"acf":[],"yoast_head":"<!-- This site is optimized with the Yoast SEO plugin v27.3 - https:\/\/yoast.com\/product\/yoast-seo-wordpress\/ -->\n<title>Toyota visita CTC para conhecer inova\u00e7\u00f5es tecnol\u00f3gicas da ci\u00eancia da cana - Canal Dana<\/title>\n<meta name=\"robots\" content=\"index, follow, max-snippet:-1, max-image-preview:large, max-video-preview:-1\" \/>\n<link rel=\"canonical\" href=\"https:\/\/dana.com.br\/canaldana\/2023\/02\/08\/toyota-visita-ctc-para-conhecer-inovacoes-tecnologicas-da-ciencia-da-cana\/\" \/>\n<meta property=\"og:locale\" content=\"pt_BR\" \/>\n<meta property=\"og:type\" content=\"article\" \/>\n<meta property=\"og:title\" content=\"Toyota visita CTC para conhecer inova\u00e7\u00f5es tecnol\u00f3gicas da ci\u00eancia da cana - Canal Dana\" \/>\n<meta property=\"og:description\" content=\"CarPointNews\/Ag\u00eancia Fato Relevante &nbsp; Um grupo de executivos da montadora Toyota visitou o Centro de Tecnologia Canavieira (CTC) onde conheceram as inova\u00e7\u00f5es tecnol\u00f3gicas desenvolvidas em cana-de a\u00e7\u00facar e como contribuem com a sustentabilidade do setor sucroenerg\u00e9tico. A comitiva contou com a participa\u00e7\u00e3o de executivos da Toyota do Jap\u00e3o, Argentina e Brasil, entre eles Takuya Ikoma,\u2026 Leia mais \u00bb\" \/>\n<meta property=\"og:url\" content=\"https:\/\/dana.com.br\/canaldana\/2023\/02\/08\/toyota-visita-ctc-para-conhecer-inovacoes-tecnologicas-da-ciencia-da-cana\/\" \/>\n<meta property=\"og:site_name\" content=\"Canal Dana\" \/>\n<meta property=\"article:published_time\" content=\"2023-02-08T11:51:29+00:00\" \/>\n<meta name=\"author\" content=\"Canal Dana\" \/>\n<meta name=\"twitter:card\" content=\"summary_large_image\" \/>\n<meta name=\"twitter:label1\" content=\"Escrito por\" \/>\n\t<meta name=\"twitter:data1\" content=\"Canal Dana\" \/>\n\t<meta name=\"twitter:label2\" content=\"Est. tempo de leitura\" \/>\n\t<meta name=\"twitter:data2\" content=\"2 minutos\" \/>\n<script type=\"application\/ld+json\" class=\"yoast-schema-graph\">{\"@context\":\"https:\\\/\\\/schema.org\",\"@graph\":[{\"@type\":\"Article\",\"@id\":\"https:\\\/\\\/dana.com.br\\\/canaldana\\\/2023\\\/02\\\/08\\\/toyota-visita-ctc-para-conhecer-inovacoes-tecnologicas-da-ciencia-da-cana\\\/#article\",\"isPartOf\":{\"@id\":\"https:\\\/\\\/dana.com.br\\\/canaldana\\\/2023\\\/02\\\/08\\\/toyota-visita-ctc-para-conhecer-inovacoes-tecnologicas-da-ciencia-da-cana\\\/\"},\"author\":{\"name\":\"Canal Dana\",\"@id\":\"https:\\\/\\\/dana.com.br\\\/canaldana\\\/#\\\/schema\\\/person\\\/3c21f22f56fcf3bc46b94bc60ea4fef6\"},\"headline\":\"Toyota visita CTC para conhecer inova\u00e7\u00f5es tecnol\u00f3gicas da ci\u00eancia da cana\",\"datePublished\":\"2023-02-08T11:51:29+00:00\",\"mainEntityOfPage\":{\"@id\":\"https:\\\/\\\/dana.com.br\\\/canaldana\\\/2023\\\/02\\\/08\\\/toyota-visita-ctc-para-conhecer-inovacoes-tecnologicas-da-ciencia-da-cana\\\/\"},\"wordCount\":409,\"articleSection\":[\"Meio Ambiente\"],\"inLanguage\":\"pt-BR\"},{\"@type\":\"WebPage\",\"@id\":\"https:\\\/\\\/dana.com.br\\\/canaldana\\\/2023\\\/02\\\/08\\\/toyota-visita-ctc-para-conhecer-inovacoes-tecnologicas-da-ciencia-da-cana\\\/\",\"url\":\"https:\\\/\\\/dana.com.br\\\/canaldana\\\/2023\\\/02\\\/08\\\/toyota-visita-ctc-para-conhecer-inovacoes-tecnologicas-da-ciencia-da-cana\\\/\",\"name\":\"Toyota visita CTC para conhecer inova\u00e7\u00f5es tecnol\u00f3gicas da ci\u00eancia da cana - Canal Dana\",\"isPartOf\":{\"@id\":\"https:\\\/\\\/dana.com.br\\\/canaldana\\\/#website\"},\"datePublished\":\"2023-02-08T11:51:29+00:00\",\"author\":{\"@id\":\"https:\\\/\\\/dana.com.br\\\/canaldana\\\/#\\\/schema\\\/person\\\/3c21f22f56fcf3bc46b94bc60ea4fef6\"},\"breadcrumb\":{\"@id\":\"https:\\\/\\\/dana.com.br\\\/canaldana\\\/2023\\\/02\\\/08\\\/toyota-visita-ctc-para-conhecer-inovacoes-tecnologicas-da-ciencia-da-cana\\\/#breadcrumb\"},\"inLanguage\":\"pt-BR\",\"potentialAction\":[{\"@type\":\"ReadAction\",\"target\":[\"https:\\\/\\\/dana.com.br\\\/canaldana\\\/2023\\\/02\\\/08\\\/toyota-visita-ctc-para-conhecer-inovacoes-tecnologicas-da-ciencia-da-cana\\\/\"]}]},{\"@type\":\"BreadcrumbList\",\"@id\":\"https:\\\/\\\/dana.com.br\\\/canaldana\\\/2023\\\/02\\\/08\\\/toyota-visita-ctc-para-conhecer-inovacoes-tecnologicas-da-ciencia-da-cana\\\/#breadcrumb\",\"itemListElement\":[{\"@type\":\"ListItem\",\"position\":1,\"name\":\"Home\",\"item\":\"https:\\\/\\\/dana.com.br\\\/canaldana\\\/\"},{\"@type\":\"ListItem\",\"position\":2,\"name\":\"Meio Ambiente\",\"item\":\"https:\\\/\\\/dana.com.br\\\/canaldana\\\/meio-ambiente\\\/\"},{\"@type\":\"ListItem\",\"position\":3,\"name\":\"Toyota visita CTC para conhecer inova\u00e7\u00f5es tecnol\u00f3gicas da ci\u00eancia da cana\"}]},{\"@type\":\"WebSite\",\"@id\":\"https:\\\/\\\/dana.com.br\\\/canaldana\\\/#website\",\"url\":\"https:\\\/\\\/dana.com.br\\\/canaldana\\\/\",\"name\":\"Canal Dana\",\"description\":\"Informativo com as principais not\u00edcias da ind\u00fastria automotiva\",\"potentialAction\":[{\"@type\":\"SearchAction\",\"target\":{\"@type\":\"EntryPoint\",\"urlTemplate\":\"https:\\\/\\\/dana.com.br\\\/canaldana\\\/?s={search_term_string}\"},\"query-input\":{\"@type\":\"PropertyValueSpecification\",\"valueRequired\":true,\"valueName\":\"search_term_string\"}}],\"inLanguage\":\"pt-BR\"},{\"@type\":\"Person\",\"@id\":\"https:\\\/\\\/dana.com.br\\\/canaldana\\\/#\\\/schema\\\/person\\\/3c21f22f56fcf3bc46b94bc60ea4fef6\",\"name\":\"Canal Dana\",\"image\":{\"@type\":\"ImageObject\",\"inLanguage\":\"pt-BR\",\"@id\":\"https:\\\/\\\/secure.gravatar.com\\\/avatar\\\/420aaf9278582877d9018637c6817617705899d2858d7572ef0fe59a6b6454b4?s=96&d=mm&r=g\",\"url\":\"https:\\\/\\\/secure.gravatar.com\\\/avatar\\\/420aaf9278582877d9018637c6817617705899d2858d7572ef0fe59a6b6454b4?s=96&d=mm&r=g\",\"contentUrl\":\"https:\\\/\\\/secure.gravatar.com\\\/avatar\\\/420aaf9278582877d9018637c6817617705899d2858d7572ef0fe59a6b6454b4?s=96&d=mm&r=g\",\"caption\":\"Canal Dana\"},\"url\":\"https:\\\/\\\/dana.com.br\\\/canaldana\\\/author\\\/cdeditor\\\/\"}]}<\/script>\n<!-- \/ Yoast SEO plugin. -->","yoast_head_json":{"title":"Toyota visita CTC para conhecer inova\u00e7\u00f5es tecnol\u00f3gicas da ci\u00eancia da cana - Canal Dana","robots":{"index":"index","follow":"follow","max-snippet":"max-snippet:-1","max-image-preview":"max-image-preview:large","max-video-preview":"max-video-preview:-1"},"canonical":"https:\/\/dana.com.br\/canaldana\/2023\/02\/08\/toyota-visita-ctc-para-conhecer-inovacoes-tecnologicas-da-ciencia-da-cana\/","og_locale":"pt_BR","og_type":"article","og_title":"Toyota visita CTC para conhecer inova\u00e7\u00f5es tecnol\u00f3gicas da ci\u00eancia da cana - Canal Dana","og_description":"CarPointNews\/Ag\u00eancia Fato Relevante &nbsp; Um grupo de executivos da montadora Toyota visitou o Centro de Tecnologia Canavieira (CTC) onde conheceram as inova\u00e7\u00f5es tecnol\u00f3gicas desenvolvidas em cana-de a\u00e7\u00facar e como contribuem com a sustentabilidade do setor sucroenerg\u00e9tico. A comitiva contou com a participa\u00e7\u00e3o de executivos da Toyota do Jap\u00e3o, Argentina e Brasil, entre eles Takuya Ikoma,\u2026 Leia mais \u00bb","og_url":"https:\/\/dana.com.br\/canaldana\/2023\/02\/08\/toyota-visita-ctc-para-conhecer-inovacoes-tecnologicas-da-ciencia-da-cana\/","og_site_name":"Canal Dana","article_published_time":"2023-02-08T11:51:29+00:00","author":"Canal Dana","twitter_card":"summary_large_image","twitter_misc":{"Escrito por":"Canal Dana","Est. tempo de leitura":"2 minutos"},"schema":{"@context":"https:\/\/schema.org","@graph":[{"@type":"Article","@id":"https:\/\/dana.com.br\/canaldana\/2023\/02\/08\/toyota-visita-ctc-para-conhecer-inovacoes-tecnologicas-da-ciencia-da-cana\/#article","isPartOf":{"@id":"https:\/\/dana.com.br\/canaldana\/2023\/02\/08\/toyota-visita-ctc-para-conhecer-inovacoes-tecnologicas-da-ciencia-da-cana\/"},"author":{"name":"Canal Dana","@id":"https:\/\/dana.com.br\/canaldana\/#\/schema\/person\/3c21f22f56fcf3bc46b94bc60ea4fef6"},"headline":"Toyota visita CTC para conhecer inova\u00e7\u00f5es tecnol\u00f3gicas da ci\u00eancia da cana","datePublished":"2023-02-08T11:51:29+00:00","mainEntityOfPage":{"@id":"https:\/\/dana.com.br\/canaldana\/2023\/02\/08\/toyota-visita-ctc-para-conhecer-inovacoes-tecnologicas-da-ciencia-da-cana\/"},"wordCount":409,"articleSection":["Meio Ambiente"],"inLanguage":"pt-BR"},{"@type":"WebPage","@id":"https:\/\/dana.com.br\/canaldana\/2023\/02\/08\/toyota-visita-ctc-para-conhecer-inovacoes-tecnologicas-da-ciencia-da-cana\/","url":"https:\/\/dana.com.br\/canaldana\/2023\/02\/08\/toyota-visita-ctc-para-conhecer-inovacoes-tecnologicas-da-ciencia-da-cana\/","name":"Toyota visita CTC para conhecer inova\u00e7\u00f5es tecnol\u00f3gicas da ci\u00eancia da cana - Canal Dana","isPartOf":{"@id":"https:\/\/dana.com.br\/canaldana\/#website"},"datePublished":"2023-02-08T11:51:29+00:00","author":{"@id":"https:\/\/dana.com.br\/canaldana\/#\/schema\/person\/3c21f22f56fcf3bc46b94bc60ea4fef6"},"breadcrumb":{"@id":"https:\/\/dana.com.br\/canaldana\/2023\/02\/08\/toyota-visita-ctc-para-conhecer-inovacoes-tecnologicas-da-ciencia-da-cana\/#breadcrumb"},"inLanguage":"pt-BR","potentialAction":[{"@type":"ReadAction","target":["https:\/\/dana.com.br\/canaldana\/2023\/02\/08\/toyota-visita-ctc-para-conhecer-inovacoes-tecnologicas-da-ciencia-da-cana\/"]}]},{"@type":"BreadcrumbList","@id":"https:\/\/dana.com.br\/canaldana\/2023\/02\/08\/toyota-visita-ctc-para-conhecer-inovacoes-tecnologicas-da-ciencia-da-cana\/#breadcrumb","itemListElement":[{"@type":"ListItem","position":1,"name":"Home","item":"https:\/\/dana.com.br\/canaldana\/"},{"@type":"ListItem","position":2,"name":"Meio Ambiente","item":"https:\/\/dana.com.br\/canaldana\/meio-ambiente\/"},{"@type":"ListItem","position":3,"name":"Toyota visita CTC para conhecer inova\u00e7\u00f5es tecnol\u00f3gicas da ci\u00eancia da cana"}]},{"@type":"WebSite","@id":"https:\/\/dana.com.br\/canaldana\/#website","url":"https:\/\/dana.com.br\/canaldana\/","name":"Canal Dana","description":"Informativo com as principais not\u00edcias da ind\u00fastria automotiva","potentialAction":[{"@type":"SearchAction","target":{"@type":"EntryPoint","urlTemplate":"https:\/\/dana.com.br\/canaldana\/?s={search_term_string}"},"query-input":{"@type":"PropertyValueSpecification","valueRequired":true,"valueName":"search_term_string"}}],"inLanguage":"pt-BR"},{"@type":"Person","@id":"https:\/\/dana.com.br\/canaldana\/#\/schema\/person\/3c21f22f56fcf3bc46b94bc60ea4fef6","name":"Canal Dana","image":{"@type":"ImageObject","inLanguage":"pt-BR","@id":"https:\/\/secure.gravatar.com\/avatar\/420aaf9278582877d9018637c6817617705899d2858d7572ef0fe59a6b6454b4?s=96&d=mm&r=g","url":"https:\/\/secure.gravatar.com\/avatar\/420aaf9278582877d9018637c6817617705899d2858d7572ef0fe59a6b6454b4?s=96&d=mm&r=g","contentUrl":"https:\/\/secure.gravatar.com\/avatar\/420aaf9278582877d9018637c6817617705899d2858d7572ef0fe59a6b6454b4?s=96&d=mm&r=g","caption":"Canal Dana"},"url":"https:\/\/dana.com.br\/canaldana\/author\/cdeditor\/"}]}},"_links":{"self":[{"href":"https:\/\/dana.com.br\/canaldana\/wp-json\/wp\/v2\/posts\/63672","targetHints":{"allow":["GET"]}}],"collection":[{"href":"https:\/\/dana.com.br\/canaldana\/wp-json\/wp\/v2\/posts"}],"about":[{"href":"https:\/\/dana.com.br\/canaldana\/wp-json\/wp\/v2\/types\/post"}],"author":[{"embeddable":true,"href":"https:\/\/dana.com.br\/canaldana\/wp-json\/wp\/v2\/users\/3"}],"replies":[{"embeddable":true,"href":"https:\/\/dana.com.br\/canaldana\/wp-json\/wp\/v2\/comments?post=63672"}],"version-history":[{"count":0,"href":"https:\/\/dana.com.br\/canaldana\/wp-json\/wp\/v2\/posts\/63672\/revisions"}],"wp:attachment":[{"href":"https:\/\/dana.com.br\/canaldana\/wp-json\/wp\/v2\/media?parent=63672"}],"wp:term":[{"taxonomy":"category","embeddable":true,"href":"https:\/\/dana.com.br\/canaldana\/wp-json\/wp\/v2\/categories?post=63672"},{"taxonomy":"post_tag","embeddable":true,"href":"https:\/\/dana.com.br\/canaldana\/wp-json\/wp\/v2\/tags?post=63672"}],"curies":[{"name":"wp","href":"https:\/\/api.w.org\/{rel}","templated":true}]}}