{"id":63670,"date":"2023-02-08T08:50:57","date_gmt":"2023-02-08T11:50:57","guid":{"rendered":"https:\/\/dana.com.br\/canaldana\/?p=63670"},"modified":"2023-02-08T08:50:57","modified_gmt":"2023-02-08T11:50:57","slug":"pela-setima-vez-sprinter-van-leva-o-titulo-de-minibus-do-ano","status":"publish","type":"post","link":"https:\/\/dana.com.br\/canaldana\/2023\/02\/08\/pela-setima-vez-sprinter-van-leva-o-titulo-de-minibus-do-ano\/","title":{"rendered":"Pela s\u00e9tima vez, Sprinter Van leva o t\u00edtulo de Minibus do Ano"},"content":{"rendered":"<p><em>Frota &amp; Cia\u00a0 <\/em><\/p>\n<p>&nbsp;<\/p>\n<p>Mais uma vez, a Sprinter Van, fabricada pela Mercedes-Benz, foi reconhecida pelo Pr\u00eamio L\u00f3tus Campe\u00e3o de Vendas 2023 na categoria Minibus, por ter sido o utilit\u00e1rio mais licenciado no ano passado nesse segmento de mercado. Em 2022, foram emplacadas exatas 3.696 unidades da Sprinter, 105% a mais que as 1.796 vans contabilizadas no ano anterior. O resultado garantiu ao modelo nada menos que 40% de participa\u00e7\u00e3o no mercado de minibus, segundo o estudo de Frota&amp;Cia, com base nas informa\u00e7\u00f5es da Fenabrave e Anfavea.<\/p>\n<p>&nbsp;<\/p>\n<p>\u201cEssa premia\u00e7\u00e3o que vencemos pela s\u00e9tima vez confirma o sucesso da Sprinter em seus 25 anos no pa\u00eds e refor\u00e7a a nossa lideran\u00e7a no segmento de Vans de Passageiro no mercado brasileiro\u201d, comemora Fabio F. Silva, Gerente de Vendas Vans, da Mercedes-Benz Cars &amp; Vans Brasil.<\/p>\n<p>&nbsp;<\/p>\n<p><strong>Sin\u00f4nimo de categoria<\/strong><\/p>\n<p>&nbsp;<\/p>\n<p>Na opini\u00e3o do executivo, a conquista reflete a expressividade do modelo nesse mercado, no qual \u00e9 sin\u00f4nimo de categoria. \u201cPor essa raz\u00e3o, seguimos focados em atender da melhor forma as necessidades dos clientes com o nosso produto que \u00e9 destaque em qualidade e versatilidade\u201d, completa o gerente.<\/p>\n<p>&nbsp;<\/p>\n<p>O segundo lugar do ranking foi ocupado pela Master Minibus, da Renault, que encerrou o ano com 1.157 unidades emplacadas e 14% de market share. A terceira coloca\u00e7\u00e3o ficou com a Ford Transit que somou 1.144 unidades licenciadas em 2022, segundo o Renavam; um resultado bastante expressivo considerando que o modelo foi lan\u00e7ado no mercado brasileiro no final de 2021. (Frota &amp; Cia\/Jos\u00e9 Augusto Ferraz)<\/p>\n","protected":false},"excerpt":{"rendered":"<p>Frota &amp; Cia\u00a0 &nbsp; Mais uma vez, a Sprinter Van, fabricada pela Mercedes-Benz, foi reconhecida pelo Pr\u00eamio L\u00f3tus Campe\u00e3o de Vendas 2023 na categoria Minibus, por ter sido o utilit\u00e1rio mais licenciado no ano passado nesse segmento de mercado. Em 2022, foram emplacadas exatas 3.696 unidades da Sprinter, 105% a mais que as 1.796 vans\u2026 <a class=\"readmore\" href=\"https:\/\/dana.com.br\/canaldana\/2023\/02\/08\/pela-setima-vez-sprinter-van-leva-o-titulo-de-minibus-do-ano\/\">Leia mais \u00bb<\/a><\/p>\n","protected":false},"author":3,"featured_media":0,"comment_status":"closed","ping_status":"closed","sticky":false,"template":"","format":"standard","meta":{"_acf_changed":false,"footnotes":""},"categories":[74],"tags":[],"class_list":["post-63670","post","type-post","status-publish","format-standard","hentry","category-premios"],"acf":[],"yoast_head":"<!-- This site is optimized with the Yoast SEO plugin v27.3 - https:\/\/yoast.com\/product\/yoast-seo-wordpress\/ -->\n<title>Pela s\u00e9tima vez, Sprinter Van leva o t\u00edtulo de Minibus do Ano - Canal Dana<\/title>\n<meta name=\"robots\" content=\"index, follow, max-snippet:-1, max-image-preview:large, max-video-preview:-1\" \/>\n<link rel=\"canonical\" href=\"https:\/\/dana.com.br\/canaldana\/2023\/02\/08\/pela-setima-vez-sprinter-van-leva-o-titulo-de-minibus-do-ano\/\" \/>\n<meta property=\"og:locale\" content=\"pt_BR\" \/>\n<meta property=\"og:type\" content=\"article\" \/>\n<meta property=\"og:title\" content=\"Pela s\u00e9tima vez, Sprinter Van leva o t\u00edtulo de Minibus do Ano - Canal Dana\" \/>\n<meta property=\"og:description\" content=\"Frota &amp; Cia\u00a0 &nbsp; Mais uma vez, a Sprinter Van, fabricada pela Mercedes-Benz, foi reconhecida pelo Pr\u00eamio L\u00f3tus Campe\u00e3o de Vendas 2023 na categoria Minibus, por ter sido o utilit\u00e1rio mais licenciado no ano passado nesse segmento de mercado. Em 2022, foram emplacadas exatas 3.696 unidades da Sprinter, 105% a mais que as 1.796 vans\u2026 Leia mais \u00bb\" \/>\n<meta property=\"og:url\" content=\"https:\/\/dana.com.br\/canaldana\/2023\/02\/08\/pela-setima-vez-sprinter-van-leva-o-titulo-de-minibus-do-ano\/\" \/>\n<meta property=\"og:site_name\" content=\"Canal Dana\" \/>\n<meta property=\"article:published_time\" content=\"2023-02-08T11:50:57+00:00\" \/>\n<meta name=\"author\" content=\"Canal Dana\" \/>\n<meta name=\"twitter:card\" content=\"summary_large_image\" \/>\n<meta name=\"twitter:label1\" content=\"Escrito por\" \/>\n\t<meta name=\"twitter:data1\" content=\"Canal Dana\" \/>\n\t<meta name=\"twitter:label2\" content=\"Est. tempo de leitura\" \/>\n\t<meta name=\"twitter:data2\" content=\"1 minuto\" \/>\n<script type=\"application\/ld+json\" class=\"yoast-schema-graph\">{\"@context\":\"https:\\\/\\\/schema.org\",\"@graph\":[{\"@type\":\"Article\",\"@id\":\"https:\\\/\\\/dana.com.br\\\/canaldana\\\/2023\\\/02\\\/08\\\/pela-setima-vez-sprinter-van-leva-o-titulo-de-minibus-do-ano\\\/#article\",\"isPartOf\":{\"@id\":\"https:\\\/\\\/dana.com.br\\\/canaldana\\\/2023\\\/02\\\/08\\\/pela-setima-vez-sprinter-van-leva-o-titulo-de-minibus-do-ano\\\/\"},\"author\":{\"name\":\"Canal Dana\",\"@id\":\"https:\\\/\\\/dana.com.br\\\/canaldana\\\/#\\\/schema\\\/person\\\/3c21f22f56fcf3bc46b94bc60ea4fef6\"},\"headline\":\"Pela s\u00e9tima vez, Sprinter Van leva o t\u00edtulo de Minibus do Ano\",\"datePublished\":\"2023-02-08T11:50:57+00:00\",\"mainEntityOfPage\":{\"@id\":\"https:\\\/\\\/dana.com.br\\\/canaldana\\\/2023\\\/02\\\/08\\\/pela-setima-vez-sprinter-van-leva-o-titulo-de-minibus-do-ano\\\/\"},\"wordCount\":272,\"articleSection\":[\"Pr\u00eamios\"],\"inLanguage\":\"pt-BR\"},{\"@type\":\"WebPage\",\"@id\":\"https:\\\/\\\/dana.com.br\\\/canaldana\\\/2023\\\/02\\\/08\\\/pela-setima-vez-sprinter-van-leva-o-titulo-de-minibus-do-ano\\\/\",\"url\":\"https:\\\/\\\/dana.com.br\\\/canaldana\\\/2023\\\/02\\\/08\\\/pela-setima-vez-sprinter-van-leva-o-titulo-de-minibus-do-ano\\\/\",\"name\":\"Pela s\u00e9tima vez, Sprinter Van leva o t\u00edtulo de Minibus do Ano - Canal Dana\",\"isPartOf\":{\"@id\":\"https:\\\/\\\/dana.com.br\\\/canaldana\\\/#website\"},\"datePublished\":\"2023-02-08T11:50:57+00:00\",\"author\":{\"@id\":\"https:\\\/\\\/dana.com.br\\\/canaldana\\\/#\\\/schema\\\/person\\\/3c21f22f56fcf3bc46b94bc60ea4fef6\"},\"breadcrumb\":{\"@id\":\"https:\\\/\\\/dana.com.br\\\/canaldana\\\/2023\\\/02\\\/08\\\/pela-setima-vez-sprinter-van-leva-o-titulo-de-minibus-do-ano\\\/#breadcrumb\"},\"inLanguage\":\"pt-BR\",\"potentialAction\":[{\"@type\":\"ReadAction\",\"target\":[\"https:\\\/\\\/dana.com.br\\\/canaldana\\\/2023\\\/02\\\/08\\\/pela-setima-vez-sprinter-van-leva-o-titulo-de-minibus-do-ano\\\/\"]}]},{\"@type\":\"BreadcrumbList\",\"@id\":\"https:\\\/\\\/dana.com.br\\\/canaldana\\\/2023\\\/02\\\/08\\\/pela-setima-vez-sprinter-van-leva-o-titulo-de-minibus-do-ano\\\/#breadcrumb\",\"itemListElement\":[{\"@type\":\"ListItem\",\"position\":1,\"name\":\"Home\",\"item\":\"https:\\\/\\\/dana.com.br\\\/canaldana\\\/\"},{\"@type\":\"ListItem\",\"position\":2,\"name\":\"Pr\u00eamios\",\"item\":\"https:\\\/\\\/dana.com.br\\\/canaldana\\\/premios\\\/\"},{\"@type\":\"ListItem\",\"position\":3,\"name\":\"Pela s\u00e9tima vez, Sprinter Van leva o t\u00edtulo de Minibus do Ano\"}]},{\"@type\":\"WebSite\",\"@id\":\"https:\\\/\\\/dana.com.br\\\/canaldana\\\/#website\",\"url\":\"https:\\\/\\\/dana.com.br\\\/canaldana\\\/\",\"name\":\"Canal Dana\",\"description\":\"Informativo com as principais not\u00edcias da ind\u00fastria automotiva\",\"potentialAction\":[{\"@type\":\"SearchAction\",\"target\":{\"@type\":\"EntryPoint\",\"urlTemplate\":\"https:\\\/\\\/dana.com.br\\\/canaldana\\\/?s={search_term_string}\"},\"query-input\":{\"@type\":\"PropertyValueSpecification\",\"valueRequired\":true,\"valueName\":\"search_term_string\"}}],\"inLanguage\":\"pt-BR\"},{\"@type\":\"Person\",\"@id\":\"https:\\\/\\\/dana.com.br\\\/canaldana\\\/#\\\/schema\\\/person\\\/3c21f22f56fcf3bc46b94bc60ea4fef6\",\"name\":\"Canal Dana\",\"image\":{\"@type\":\"ImageObject\",\"inLanguage\":\"pt-BR\",\"@id\":\"https:\\\/\\\/secure.gravatar.com\\\/avatar\\\/420aaf9278582877d9018637c6817617705899d2858d7572ef0fe59a6b6454b4?s=96&d=mm&r=g\",\"url\":\"https:\\\/\\\/secure.gravatar.com\\\/avatar\\\/420aaf9278582877d9018637c6817617705899d2858d7572ef0fe59a6b6454b4?s=96&d=mm&r=g\",\"contentUrl\":\"https:\\\/\\\/secure.gravatar.com\\\/avatar\\\/420aaf9278582877d9018637c6817617705899d2858d7572ef0fe59a6b6454b4?s=96&d=mm&r=g\",\"caption\":\"Canal Dana\"},\"url\":\"https:\\\/\\\/dana.com.br\\\/canaldana\\\/author\\\/cdeditor\\\/\"}]}<\/script>\n<!-- \/ Yoast SEO plugin. -->","yoast_head_json":{"title":"Pela s\u00e9tima vez, Sprinter Van leva o t\u00edtulo de Minibus do Ano - Canal Dana","robots":{"index":"index","follow":"follow","max-snippet":"max-snippet:-1","max-image-preview":"max-image-preview:large","max-video-preview":"max-video-preview:-1"},"canonical":"https:\/\/dana.com.br\/canaldana\/2023\/02\/08\/pela-setima-vez-sprinter-van-leva-o-titulo-de-minibus-do-ano\/","og_locale":"pt_BR","og_type":"article","og_title":"Pela s\u00e9tima vez, Sprinter Van leva o t\u00edtulo de Minibus do Ano - Canal Dana","og_description":"Frota &amp; Cia\u00a0 &nbsp; Mais uma vez, a Sprinter Van, fabricada pela Mercedes-Benz, foi reconhecida pelo Pr\u00eamio L\u00f3tus Campe\u00e3o de Vendas 2023 na categoria Minibus, por ter sido o utilit\u00e1rio mais licenciado no ano passado nesse segmento de mercado. Em 2022, foram emplacadas exatas 3.696 unidades da Sprinter, 105% a mais que as 1.796 vans\u2026 Leia mais \u00bb","og_url":"https:\/\/dana.com.br\/canaldana\/2023\/02\/08\/pela-setima-vez-sprinter-van-leva-o-titulo-de-minibus-do-ano\/","og_site_name":"Canal Dana","article_published_time":"2023-02-08T11:50:57+00:00","author":"Canal Dana","twitter_card":"summary_large_image","twitter_misc":{"Escrito por":"Canal Dana","Est. tempo de leitura":"1 minuto"},"schema":{"@context":"https:\/\/schema.org","@graph":[{"@type":"Article","@id":"https:\/\/dana.com.br\/canaldana\/2023\/02\/08\/pela-setima-vez-sprinter-van-leva-o-titulo-de-minibus-do-ano\/#article","isPartOf":{"@id":"https:\/\/dana.com.br\/canaldana\/2023\/02\/08\/pela-setima-vez-sprinter-van-leva-o-titulo-de-minibus-do-ano\/"},"author":{"name":"Canal Dana","@id":"https:\/\/dana.com.br\/canaldana\/#\/schema\/person\/3c21f22f56fcf3bc46b94bc60ea4fef6"},"headline":"Pela s\u00e9tima vez, Sprinter Van leva o t\u00edtulo de Minibus do Ano","datePublished":"2023-02-08T11:50:57+00:00","mainEntityOfPage":{"@id":"https:\/\/dana.com.br\/canaldana\/2023\/02\/08\/pela-setima-vez-sprinter-van-leva-o-titulo-de-minibus-do-ano\/"},"wordCount":272,"articleSection":["Pr\u00eamios"],"inLanguage":"pt-BR"},{"@type":"WebPage","@id":"https:\/\/dana.com.br\/canaldana\/2023\/02\/08\/pela-setima-vez-sprinter-van-leva-o-titulo-de-minibus-do-ano\/","url":"https:\/\/dana.com.br\/canaldana\/2023\/02\/08\/pela-setima-vez-sprinter-van-leva-o-titulo-de-minibus-do-ano\/","name":"Pela s\u00e9tima vez, Sprinter Van leva o t\u00edtulo de Minibus do Ano - Canal Dana","isPartOf":{"@id":"https:\/\/dana.com.br\/canaldana\/#website"},"datePublished":"2023-02-08T11:50:57+00:00","author":{"@id":"https:\/\/dana.com.br\/canaldana\/#\/schema\/person\/3c21f22f56fcf3bc46b94bc60ea4fef6"},"breadcrumb":{"@id":"https:\/\/dana.com.br\/canaldana\/2023\/02\/08\/pela-setima-vez-sprinter-van-leva-o-titulo-de-minibus-do-ano\/#breadcrumb"},"inLanguage":"pt-BR","potentialAction":[{"@type":"ReadAction","target":["https:\/\/dana.com.br\/canaldana\/2023\/02\/08\/pela-setima-vez-sprinter-van-leva-o-titulo-de-minibus-do-ano\/"]}]},{"@type":"BreadcrumbList","@id":"https:\/\/dana.com.br\/canaldana\/2023\/02\/08\/pela-setima-vez-sprinter-van-leva-o-titulo-de-minibus-do-ano\/#breadcrumb","itemListElement":[{"@type":"ListItem","position":1,"name":"Home","item":"https:\/\/dana.com.br\/canaldana\/"},{"@type":"ListItem","position":2,"name":"Pr\u00eamios","item":"https:\/\/dana.com.br\/canaldana\/premios\/"},{"@type":"ListItem","position":3,"name":"Pela s\u00e9tima vez, Sprinter Van leva o t\u00edtulo de Minibus do Ano"}]},{"@type":"WebSite","@id":"https:\/\/dana.com.br\/canaldana\/#website","url":"https:\/\/dana.com.br\/canaldana\/","name":"Canal Dana","description":"Informativo com as principais not\u00edcias da ind\u00fastria automotiva","potentialAction":[{"@type":"SearchAction","target":{"@type":"EntryPoint","urlTemplate":"https:\/\/dana.com.br\/canaldana\/?s={search_term_string}"},"query-input":{"@type":"PropertyValueSpecification","valueRequired":true,"valueName":"search_term_string"}}],"inLanguage":"pt-BR"},{"@type":"Person","@id":"https:\/\/dana.com.br\/canaldana\/#\/schema\/person\/3c21f22f56fcf3bc46b94bc60ea4fef6","name":"Canal Dana","image":{"@type":"ImageObject","inLanguage":"pt-BR","@id":"https:\/\/secure.gravatar.com\/avatar\/420aaf9278582877d9018637c6817617705899d2858d7572ef0fe59a6b6454b4?s=96&d=mm&r=g","url":"https:\/\/secure.gravatar.com\/avatar\/420aaf9278582877d9018637c6817617705899d2858d7572ef0fe59a6b6454b4?s=96&d=mm&r=g","contentUrl":"https:\/\/secure.gravatar.com\/avatar\/420aaf9278582877d9018637c6817617705899d2858d7572ef0fe59a6b6454b4?s=96&d=mm&r=g","caption":"Canal Dana"},"url":"https:\/\/dana.com.br\/canaldana\/author\/cdeditor\/"}]}},"_links":{"self":[{"href":"https:\/\/dana.com.br\/canaldana\/wp-json\/wp\/v2\/posts\/63670","targetHints":{"allow":["GET"]}}],"collection":[{"href":"https:\/\/dana.com.br\/canaldana\/wp-json\/wp\/v2\/posts"}],"about":[{"href":"https:\/\/dana.com.br\/canaldana\/wp-json\/wp\/v2\/types\/post"}],"author":[{"embeddable":true,"href":"https:\/\/dana.com.br\/canaldana\/wp-json\/wp\/v2\/users\/3"}],"replies":[{"embeddable":true,"href":"https:\/\/dana.com.br\/canaldana\/wp-json\/wp\/v2\/comments?post=63670"}],"version-history":[{"count":0,"href":"https:\/\/dana.com.br\/canaldana\/wp-json\/wp\/v2\/posts\/63670\/revisions"}],"wp:attachment":[{"href":"https:\/\/dana.com.br\/canaldana\/wp-json\/wp\/v2\/media?parent=63670"}],"wp:term":[{"taxonomy":"category","embeddable":true,"href":"https:\/\/dana.com.br\/canaldana\/wp-json\/wp\/v2\/categories?post=63670"},{"taxonomy":"post_tag","embeddable":true,"href":"https:\/\/dana.com.br\/canaldana\/wp-json\/wp\/v2\/tags?post=63670"}],"curies":[{"name":"wp","href":"https:\/\/api.w.org\/{rel}","templated":true}]}}