{"id":63668,"date":"2023-02-08T08:50:25","date_gmt":"2023-02-08T11:50:25","guid":{"rendered":"https:\/\/dana.com.br\/canaldana\/?p=63668"},"modified":"2023-02-08T08:50:25","modified_gmt":"2023-02-08T11:50:25","slug":"o-futuro-sustentavel-da-industria-automotiva","status":"publish","type":"post","link":"https:\/\/dana.com.br\/canaldana\/2023\/02\/08\/o-futuro-sustentavel-da-industria-automotiva\/","title":{"rendered":"O futuro sustent\u00e1vel da ind\u00fastria automotiva"},"content":{"rendered":"<p><em>O Estado de S. Paulo\/Mobilidade\u00a0 <\/em><\/p>\n<p>&nbsp;<\/p>\n<p>\u201cPensar em meios mais sustent\u00e1veis para a condu\u00e7\u00e3o da mobilidade \u00e9 um dos grandes desafios do s\u00e9culo, e a eletromobilidade ganha notoriedade e, gradativamente, conquista o setor automotivo, seja para carros particulares, seja para caminh\u00f5es, seja para \u00f4nibus. Os ve\u00edculos movidos por combust\u00edveis n\u00e3o renov\u00e1veis tamb\u00e9m passam por reformula\u00e7\u00f5es para se tornarem mais sustent\u00e1veis, com o uso de materiais recicl\u00e1veis e melhorias cont\u00ednuas no desempenho, com o objetivo de reduzir o gasto e, consequentemente, a emiss\u00e3o de poluentes.<\/p>\n<p>&nbsp;<\/p>\n<p>N\u00e3o importa a varia\u00e7\u00e3o dentro do ecossistema modal; o que chama aten\u00e7\u00e3o \u00e9 como as empresas e os clientes aderem ao status de urg\u00eancia para alternativas \u00e0 degrada\u00e7\u00e3o proporcionada pela emiss\u00e3o de gases poluentes.<\/p>\n<p>&nbsp;<\/p>\n<p>Em novembro de 2022, foi realizada a 27a Confer\u00eancia da Organiza\u00e7\u00e3o das Na\u00e7\u00f5es Unidas (ONU) sobre Mudan\u00e7as Clim\u00e1ticas, no Egito, e as iniciativas para acelera\u00e7\u00e3o da descarboniza\u00e7\u00e3o estiveram entre as pautas favor\u00e1veis ao meio ambiente. Inclusive, o crescimento de combust\u00edveis sustent\u00e1veis para atender \u00e0s necessidades mundiais foi um dos pontos abordados recentemente pela ONU, no relat\u00f3rio Summary for Policymakers of the IPCC Working Group III, Climate Chance 2022: Mitigation of Climate Change, apresentado pelo Painel Intergovernamental de Mudan\u00e7as Clim\u00e1ticas (IPCC).<\/p>\n<p>&nbsp;<\/p>\n<p><strong>Est\u00edmulo para a transforma\u00e7\u00e3o <\/strong><\/p>\n<p>&nbsp;<\/p>\n<p>Esses alertas lan\u00e7ados sobre os impactos provocados pelas emiss\u00f5es de poluentes, principalmente em encontros mundiais de lideran\u00e7a, se tornam est\u00edmulos para que o controle dos gases poluentes no meio ambiente seja uma realidade pr\u00f3xima. Na ind\u00fastria automotiva, as iniciativas servem de incentivo para refor\u00e7ar a preocupa\u00e7\u00e3o com o tema, transformando a eletromobilidade e o investimento em materiais mais sustent\u00e1veis em senso comum.<\/p>\n<p>&nbsp;<\/p>\n<p>Diante desse cen\u00e1rio, encontrar solu\u00e7\u00f5es de infraestrutura para atender a requisitos b\u00e1sicos para manter os ve\u00edculos el\u00e9tricos em circula\u00e7\u00e3o \u00e9 uma realidade e abre caminho para pensarmos al\u00e9m. Com o avan\u00e7o de estrat\u00e9gias para a descarboniza\u00e7\u00e3o no ambiente automotivo, diversas iniciativas focadas na sustentabilidade tamb\u00e9m s\u00e3o testadas, como o hidrog\u00eanio e a energia solar.<\/p>\n<p>&nbsp;<\/p>\n<p>Devemos destacar ainda os ve\u00edculos movidos a c\u00e9lula de hidrog\u00eanio, um combust\u00edvel que come\u00e7a a despontar na Europa com alguns modelos de carros que j\u00e1 podem ser comprados com a tecnologia. Na Austr\u00e1lia, \u00f4nibus chegar\u00e3o ao mercado no in\u00edcio de 2023, feitos pela Volgren, empresa do Grupo Marcopolo, em parceria com uma fabricante irlandesa especializada em tecnologia com hidrog\u00eanio, atuante na Europa e no Reino Unido. Em setembro de 2022, a multinacional brasileira tamb\u00e9m apresentou, durante um evento na Alemanha, o modelo Audace, direcionado para linhas rodovi\u00e1rias de curta dist\u00e2ncia, al\u00e9m de servi\u00e7os seletivos e fretamento. O ve\u00edculo \u00e9 movido a hidrog\u00eanio e tem peso bruto total (PBT) de 19 toneladas, capacidade para transporte de at\u00e9 53 passageiros e autonomia de at\u00e9 600 quil\u00f4metros.<\/p>\n<p>&nbsp;<\/p>\n<p>Os ve\u00edculos automotores oriundos de energia solar tamb\u00e9m est\u00e3o presentes no card\u00e1pio de op\u00e7\u00f5es de combust\u00edveis sustent\u00e1veis. Alguns carros j\u00e1 foram apresentados at\u00e9 no Brasil, e a tend\u00eancia \u00e9 que em um processo evolutivo, ap\u00f3s os el\u00e9tricos e a hidrog\u00eanio, a energia solar ser\u00e1 um dos pr\u00f3ximos combust\u00edveis que conduzir\u00e3o os carros a m\u00e9dio e longo prazos.<\/p>\n<p>&nbsp;<\/p>\n<p>Enquanto essas tend\u00eancias ainda est\u00e3o em fase de testes, a eletrifica\u00e7\u00e3o veicular caminha, gradativamente, em dire\u00e7\u00e3o \u00e0 descarboniza\u00e7\u00e3o, contribuindo para que o setor automotivo n\u00e3o esteja mais entre os respons\u00e1veis pelas emiss\u00f5es de poluentes no planeta\u201d. (O Estado de S. Paulo\/Mobilidade\/James Bellini, CEO da Marcopolo)<\/p>\n","protected":false},"excerpt":{"rendered":"<p>O Estado de S. Paulo\/Mobilidade\u00a0 &nbsp; \u201cPensar em meios mais sustent\u00e1veis para a condu\u00e7\u00e3o da mobilidade \u00e9 um dos grandes desafios do s\u00e9culo, e a eletromobilidade ganha notoriedade e, gradativamente, conquista o setor automotivo, seja para carros particulares, seja para caminh\u00f5es, seja para \u00f4nibus. Os ve\u00edculos movidos por combust\u00edveis n\u00e3o renov\u00e1veis tamb\u00e9m passam por reformula\u00e7\u00f5es\u2026 <a class=\"readmore\" href=\"https:\/\/dana.com.br\/canaldana\/2023\/02\/08\/o-futuro-sustentavel-da-industria-automotiva\/\">Leia mais \u00bb<\/a><\/p>\n","protected":false},"author":3,"featured_media":0,"comment_status":"closed","ping_status":"closed","sticky":false,"template":"","format":"standard","meta":{"_acf_changed":false,"footnotes":""},"categories":[100],"tags":[],"class_list":["post-63668","post","type-post","status-publish","format-standard","hentry","category-artigo"],"acf":[],"yoast_head":"<!-- This site is optimized with the Yoast SEO plugin v27.3 - https:\/\/yoast.com\/product\/yoast-seo-wordpress\/ -->\n<title>O futuro sustent\u00e1vel da ind\u00fastria automotiva - Canal Dana<\/title>\n<meta name=\"robots\" content=\"index, follow, max-snippet:-1, max-image-preview:large, max-video-preview:-1\" \/>\n<link rel=\"canonical\" href=\"https:\/\/dana.com.br\/canaldana\/2023\/02\/08\/o-futuro-sustentavel-da-industria-automotiva\/\" \/>\n<meta property=\"og:locale\" content=\"pt_BR\" \/>\n<meta property=\"og:type\" content=\"article\" \/>\n<meta property=\"og:title\" content=\"O futuro sustent\u00e1vel da ind\u00fastria automotiva - Canal Dana\" \/>\n<meta property=\"og:description\" content=\"O Estado de S. Paulo\/Mobilidade\u00a0 &nbsp; \u201cPensar em meios mais sustent\u00e1veis para a condu\u00e7\u00e3o da mobilidade \u00e9 um dos grandes desafios do s\u00e9culo, e a eletromobilidade ganha notoriedade e, gradativamente, conquista o setor automotivo, seja para carros particulares, seja para caminh\u00f5es, seja para \u00f4nibus. Os ve\u00edculos movidos por combust\u00edveis n\u00e3o renov\u00e1veis tamb\u00e9m passam por reformula\u00e7\u00f5es\u2026 Leia mais \u00bb\" \/>\n<meta property=\"og:url\" content=\"https:\/\/dana.com.br\/canaldana\/2023\/02\/08\/o-futuro-sustentavel-da-industria-automotiva\/\" \/>\n<meta property=\"og:site_name\" content=\"Canal Dana\" \/>\n<meta property=\"article:published_time\" content=\"2023-02-08T11:50:25+00:00\" \/>\n<meta name=\"author\" content=\"Canal Dana\" \/>\n<meta name=\"twitter:card\" content=\"summary_large_image\" \/>\n<meta name=\"twitter:label1\" content=\"Escrito por\" \/>\n\t<meta name=\"twitter:data1\" content=\"Canal Dana\" \/>\n\t<meta name=\"twitter:label2\" content=\"Est. tempo de leitura\" \/>\n\t<meta name=\"twitter:data2\" content=\"3 minutos\" \/>\n<script type=\"application\/ld+json\" class=\"yoast-schema-graph\">{\"@context\":\"https:\\\/\\\/schema.org\",\"@graph\":[{\"@type\":\"Article\",\"@id\":\"https:\\\/\\\/dana.com.br\\\/canaldana\\\/2023\\\/02\\\/08\\\/o-futuro-sustentavel-da-industria-automotiva\\\/#article\",\"isPartOf\":{\"@id\":\"https:\\\/\\\/dana.com.br\\\/canaldana\\\/2023\\\/02\\\/08\\\/o-futuro-sustentavel-da-industria-automotiva\\\/\"},\"author\":{\"name\":\"Canal Dana\",\"@id\":\"https:\\\/\\\/dana.com.br\\\/canaldana\\\/#\\\/schema\\\/person\\\/3c21f22f56fcf3bc46b94bc60ea4fef6\"},\"headline\":\"O futuro sustent\u00e1vel da ind\u00fastria automotiva\",\"datePublished\":\"2023-02-08T11:50:25+00:00\",\"mainEntityOfPage\":{\"@id\":\"https:\\\/\\\/dana.com.br\\\/canaldana\\\/2023\\\/02\\\/08\\\/o-futuro-sustentavel-da-industria-automotiva\\\/\"},\"wordCount\":646,\"articleSection\":[\"Artigo\"],\"inLanguage\":\"pt-BR\"},{\"@type\":\"WebPage\",\"@id\":\"https:\\\/\\\/dana.com.br\\\/canaldana\\\/2023\\\/02\\\/08\\\/o-futuro-sustentavel-da-industria-automotiva\\\/\",\"url\":\"https:\\\/\\\/dana.com.br\\\/canaldana\\\/2023\\\/02\\\/08\\\/o-futuro-sustentavel-da-industria-automotiva\\\/\",\"name\":\"O futuro sustent\u00e1vel da ind\u00fastria automotiva - Canal Dana\",\"isPartOf\":{\"@id\":\"https:\\\/\\\/dana.com.br\\\/canaldana\\\/#website\"},\"datePublished\":\"2023-02-08T11:50:25+00:00\",\"author\":{\"@id\":\"https:\\\/\\\/dana.com.br\\\/canaldana\\\/#\\\/schema\\\/person\\\/3c21f22f56fcf3bc46b94bc60ea4fef6\"},\"breadcrumb\":{\"@id\":\"https:\\\/\\\/dana.com.br\\\/canaldana\\\/2023\\\/02\\\/08\\\/o-futuro-sustentavel-da-industria-automotiva\\\/#breadcrumb\"},\"inLanguage\":\"pt-BR\",\"potentialAction\":[{\"@type\":\"ReadAction\",\"target\":[\"https:\\\/\\\/dana.com.br\\\/canaldana\\\/2023\\\/02\\\/08\\\/o-futuro-sustentavel-da-industria-automotiva\\\/\"]}]},{\"@type\":\"BreadcrumbList\",\"@id\":\"https:\\\/\\\/dana.com.br\\\/canaldana\\\/2023\\\/02\\\/08\\\/o-futuro-sustentavel-da-industria-automotiva\\\/#breadcrumb\",\"itemListElement\":[{\"@type\":\"ListItem\",\"position\":1,\"name\":\"Home\",\"item\":\"https:\\\/\\\/dana.com.br\\\/canaldana\\\/\"},{\"@type\":\"ListItem\",\"position\":2,\"name\":\"Artigo\",\"item\":\"https:\\\/\\\/dana.com.br\\\/canaldana\\\/artigo\\\/\"},{\"@type\":\"ListItem\",\"position\":3,\"name\":\"O futuro sustent\u00e1vel da ind\u00fastria automotiva\"}]},{\"@type\":\"WebSite\",\"@id\":\"https:\\\/\\\/dana.com.br\\\/canaldana\\\/#website\",\"url\":\"https:\\\/\\\/dana.com.br\\\/canaldana\\\/\",\"name\":\"Canal Dana\",\"description\":\"Informativo com as principais not\u00edcias da ind\u00fastria automotiva\",\"potentialAction\":[{\"@type\":\"SearchAction\",\"target\":{\"@type\":\"EntryPoint\",\"urlTemplate\":\"https:\\\/\\\/dana.com.br\\\/canaldana\\\/?s={search_term_string}\"},\"query-input\":{\"@type\":\"PropertyValueSpecification\",\"valueRequired\":true,\"valueName\":\"search_term_string\"}}],\"inLanguage\":\"pt-BR\"},{\"@type\":\"Person\",\"@id\":\"https:\\\/\\\/dana.com.br\\\/canaldana\\\/#\\\/schema\\\/person\\\/3c21f22f56fcf3bc46b94bc60ea4fef6\",\"name\":\"Canal Dana\",\"image\":{\"@type\":\"ImageObject\",\"inLanguage\":\"pt-BR\",\"@id\":\"https:\\\/\\\/secure.gravatar.com\\\/avatar\\\/420aaf9278582877d9018637c6817617705899d2858d7572ef0fe59a6b6454b4?s=96&d=mm&r=g\",\"url\":\"https:\\\/\\\/secure.gravatar.com\\\/avatar\\\/420aaf9278582877d9018637c6817617705899d2858d7572ef0fe59a6b6454b4?s=96&d=mm&r=g\",\"contentUrl\":\"https:\\\/\\\/secure.gravatar.com\\\/avatar\\\/420aaf9278582877d9018637c6817617705899d2858d7572ef0fe59a6b6454b4?s=96&d=mm&r=g\",\"caption\":\"Canal Dana\"},\"url\":\"https:\\\/\\\/dana.com.br\\\/canaldana\\\/author\\\/cdeditor\\\/\"}]}<\/script>\n<!-- \/ Yoast SEO plugin. -->","yoast_head_json":{"title":"O futuro sustent\u00e1vel da ind\u00fastria automotiva - Canal Dana","robots":{"index":"index","follow":"follow","max-snippet":"max-snippet:-1","max-image-preview":"max-image-preview:large","max-video-preview":"max-video-preview:-1"},"canonical":"https:\/\/dana.com.br\/canaldana\/2023\/02\/08\/o-futuro-sustentavel-da-industria-automotiva\/","og_locale":"pt_BR","og_type":"article","og_title":"O futuro sustent\u00e1vel da ind\u00fastria automotiva - Canal Dana","og_description":"O Estado de S. Paulo\/Mobilidade\u00a0 &nbsp; \u201cPensar em meios mais sustent\u00e1veis para a condu\u00e7\u00e3o da mobilidade \u00e9 um dos grandes desafios do s\u00e9culo, e a eletromobilidade ganha notoriedade e, gradativamente, conquista o setor automotivo, seja para carros particulares, seja para caminh\u00f5es, seja para \u00f4nibus. Os ve\u00edculos movidos por combust\u00edveis n\u00e3o renov\u00e1veis tamb\u00e9m passam por reformula\u00e7\u00f5es\u2026 Leia mais \u00bb","og_url":"https:\/\/dana.com.br\/canaldana\/2023\/02\/08\/o-futuro-sustentavel-da-industria-automotiva\/","og_site_name":"Canal Dana","article_published_time":"2023-02-08T11:50:25+00:00","author":"Canal Dana","twitter_card":"summary_large_image","twitter_misc":{"Escrito por":"Canal Dana","Est. tempo de leitura":"3 minutos"},"schema":{"@context":"https:\/\/schema.org","@graph":[{"@type":"Article","@id":"https:\/\/dana.com.br\/canaldana\/2023\/02\/08\/o-futuro-sustentavel-da-industria-automotiva\/#article","isPartOf":{"@id":"https:\/\/dana.com.br\/canaldana\/2023\/02\/08\/o-futuro-sustentavel-da-industria-automotiva\/"},"author":{"name":"Canal Dana","@id":"https:\/\/dana.com.br\/canaldana\/#\/schema\/person\/3c21f22f56fcf3bc46b94bc60ea4fef6"},"headline":"O futuro sustent\u00e1vel da ind\u00fastria automotiva","datePublished":"2023-02-08T11:50:25+00:00","mainEntityOfPage":{"@id":"https:\/\/dana.com.br\/canaldana\/2023\/02\/08\/o-futuro-sustentavel-da-industria-automotiva\/"},"wordCount":646,"articleSection":["Artigo"],"inLanguage":"pt-BR"},{"@type":"WebPage","@id":"https:\/\/dana.com.br\/canaldana\/2023\/02\/08\/o-futuro-sustentavel-da-industria-automotiva\/","url":"https:\/\/dana.com.br\/canaldana\/2023\/02\/08\/o-futuro-sustentavel-da-industria-automotiva\/","name":"O futuro sustent\u00e1vel da ind\u00fastria automotiva - Canal Dana","isPartOf":{"@id":"https:\/\/dana.com.br\/canaldana\/#website"},"datePublished":"2023-02-08T11:50:25+00:00","author":{"@id":"https:\/\/dana.com.br\/canaldana\/#\/schema\/person\/3c21f22f56fcf3bc46b94bc60ea4fef6"},"breadcrumb":{"@id":"https:\/\/dana.com.br\/canaldana\/2023\/02\/08\/o-futuro-sustentavel-da-industria-automotiva\/#breadcrumb"},"inLanguage":"pt-BR","potentialAction":[{"@type":"ReadAction","target":["https:\/\/dana.com.br\/canaldana\/2023\/02\/08\/o-futuro-sustentavel-da-industria-automotiva\/"]}]},{"@type":"BreadcrumbList","@id":"https:\/\/dana.com.br\/canaldana\/2023\/02\/08\/o-futuro-sustentavel-da-industria-automotiva\/#breadcrumb","itemListElement":[{"@type":"ListItem","position":1,"name":"Home","item":"https:\/\/dana.com.br\/canaldana\/"},{"@type":"ListItem","position":2,"name":"Artigo","item":"https:\/\/dana.com.br\/canaldana\/artigo\/"},{"@type":"ListItem","position":3,"name":"O futuro sustent\u00e1vel da ind\u00fastria automotiva"}]},{"@type":"WebSite","@id":"https:\/\/dana.com.br\/canaldana\/#website","url":"https:\/\/dana.com.br\/canaldana\/","name":"Canal Dana","description":"Informativo com as principais not\u00edcias da ind\u00fastria automotiva","potentialAction":[{"@type":"SearchAction","target":{"@type":"EntryPoint","urlTemplate":"https:\/\/dana.com.br\/canaldana\/?s={search_term_string}"},"query-input":{"@type":"PropertyValueSpecification","valueRequired":true,"valueName":"search_term_string"}}],"inLanguage":"pt-BR"},{"@type":"Person","@id":"https:\/\/dana.com.br\/canaldana\/#\/schema\/person\/3c21f22f56fcf3bc46b94bc60ea4fef6","name":"Canal Dana","image":{"@type":"ImageObject","inLanguage":"pt-BR","@id":"https:\/\/secure.gravatar.com\/avatar\/420aaf9278582877d9018637c6817617705899d2858d7572ef0fe59a6b6454b4?s=96&d=mm&r=g","url":"https:\/\/secure.gravatar.com\/avatar\/420aaf9278582877d9018637c6817617705899d2858d7572ef0fe59a6b6454b4?s=96&d=mm&r=g","contentUrl":"https:\/\/secure.gravatar.com\/avatar\/420aaf9278582877d9018637c6817617705899d2858d7572ef0fe59a6b6454b4?s=96&d=mm&r=g","caption":"Canal Dana"},"url":"https:\/\/dana.com.br\/canaldana\/author\/cdeditor\/"}]}},"_links":{"self":[{"href":"https:\/\/dana.com.br\/canaldana\/wp-json\/wp\/v2\/posts\/63668","targetHints":{"allow":["GET"]}}],"collection":[{"href":"https:\/\/dana.com.br\/canaldana\/wp-json\/wp\/v2\/posts"}],"about":[{"href":"https:\/\/dana.com.br\/canaldana\/wp-json\/wp\/v2\/types\/post"}],"author":[{"embeddable":true,"href":"https:\/\/dana.com.br\/canaldana\/wp-json\/wp\/v2\/users\/3"}],"replies":[{"embeddable":true,"href":"https:\/\/dana.com.br\/canaldana\/wp-json\/wp\/v2\/comments?post=63668"}],"version-history":[{"count":0,"href":"https:\/\/dana.com.br\/canaldana\/wp-json\/wp\/v2\/posts\/63668\/revisions"}],"wp:attachment":[{"href":"https:\/\/dana.com.br\/canaldana\/wp-json\/wp\/v2\/media?parent=63668"}],"wp:term":[{"taxonomy":"category","embeddable":true,"href":"https:\/\/dana.com.br\/canaldana\/wp-json\/wp\/v2\/categories?post=63668"},{"taxonomy":"post_tag","embeddable":true,"href":"https:\/\/dana.com.br\/canaldana\/wp-json\/wp\/v2\/tags?post=63668"}],"curies":[{"name":"wp","href":"https:\/\/api.w.org\/{rel}","templated":true}]}}