{"id":63661,"date":"2023-02-07T09:10:12","date_gmt":"2023-02-07T12:10:12","guid":{"rendered":"https:\/\/dana.com.br\/canaldana\/?p=63661"},"modified":"2023-02-07T09:10:12","modified_gmt":"2023-02-07T12:10:12","slug":"mercedes-benz-inicia-o-ano-na-lideranca-de-caminhoes-e-de-onibus","status":"publish","type":"post","link":"https:\/\/dana.com.br\/canaldana\/2023\/02\/07\/mercedes-benz-inicia-o-ano-na-lideranca-de-caminhoes-e-de-onibus\/","title":{"rendered":"Mercedes-Benz inicia o ano na lideran\u00e7a de caminh\u00f5es e de \u00f4nibus"},"content":{"rendered":"<p><em>Truck &amp; Bus Builder Am\u00e9rica do Sul<\/em><\/p>\n<p>&nbsp;<\/p>\n<p>O mercado brasileiro come\u00e7ou o novo ano com a venda de 10.215 caminh\u00f5es, volume 20,05% superior aos 8.507 ve\u00edculos vendidos em janeiro do ano passado. A venda de \u00f4nibus abriu 2023 com 2.152 unidades, 61,32% acima dos 1.334 ve\u00edculos faturados no mesmo m\u00eas de 2022.<\/p>\n<p>&nbsp;<\/p>\n<p>O presidente da Fenabrave (Federa\u00e7\u00e3o Nacional da Distribui\u00e7\u00e3o de Ve\u00edculos Automotores) Andreta Junior comentou que o segmento deve ter um primeiro trimestre aquecido e que a mudan\u00e7a de tecnologia provocada pelo programa PROCONVE P8, correspondente \u00e0 norma Euro 6, deve aumentar a procura pelo estoque de modelos adequados \u00e0 norma anterior que podem ser licenciados at\u00e9 mar\u00e7o deste ano e ainda t\u00eam muito bom mercado entre os transportadores.<\/p>\n<p>&nbsp;<\/p>\n<p>Andretta Junior considerou que ap\u00f3s a recupera\u00e7\u00e3o no fechamento do ano passado, o segmento manteve resultados positivos, dinamizado pelos programas do governo e que no primeiro m\u00eas do ano registrou volume superior \u00e0 m\u00e9dia mensal do ano passado e que indica boas probabilidades de um ano de crescimento de vendas.<\/p>\n<p>&nbsp;<\/p>\n<p>No primeiro m\u00eas do novo ano os resultados revelados pela Fenabrave apresentaram uma surpresa importante que foi a reconquista da lideran\u00e7a do mercado de caminh\u00f5es pela Mercedes-Benz, perdida no final de 2021 para Volkswagen Caminh\u00f5es e \u00d4nibus, em uma disputa rigorosamente equilibrada entre as duas fabricantes. A Mercedes vendeu em janeiro 3.037 ve\u00edculos e a Volkswagen 2.246.<\/p>\n<p>&nbsp;<\/p>\n<p>Essa vit\u00f3ria da Mercedes-Benz, ap\u00f3s pouco mais de um ano de luta equilibrada permite prever a continua\u00e7\u00e3o de um clima de muita disputa entre as duas marcas, com vantagens para os consumidores.<\/p>\n<p>&nbsp;<\/p>\n<p>Em \u00f4nibus, a lideran\u00e7a da Mercedes-Benz tamb\u00e9m foi folgada, com 989 unidades, mais do que o dobro da Volkswagen, com 439 ve\u00edculos, seguida de perto pela Marcopolo (Volare), com 423 unidades.<\/p>\n<p>&nbsp;<\/p>\n<p><strong>Resultados de janeiro<\/strong><\/p>\n<p><strong>\u00a0<\/strong><\/p>\n<p><strong>Marcas \/ Volume \/ Participa\u00e7\u00e3o<\/strong><\/p>\n<p><strong>\u00a0<\/strong><\/p>\n<p><strong>Caminh\u00f5es<\/strong><\/p>\n<p>&nbsp;<\/p>\n<p>1 \u2013 Mercedes-Benz \/ 3.037 \/ 29,73<\/p>\n<p>2 \u2013 VWCO\/MAN \/ 2.246 \/ 21,99<\/p>\n<p>3 \u2013 Volvo \/ 2.081 \/ 20,37<\/p>\n<p>4 \u2013 Scania \/ 1.198 \/ 11,33<\/p>\n<p>5 \u2013 DAF \/ 809 \/ 7,92<\/p>\n<p>6 \u2013 IVECO \/ 772 \/ 7,57<\/p>\n<p>7 \u2013 Hyundai \/ 45 \/ 0,44<\/p>\n<p>&nbsp;<\/p>\n<p><strong>\u00d4nibus<\/strong><\/p>\n<p>&nbsp;<\/p>\n<p>1 \u2013 Mercedes-Benz \/ 989 \/ 45,96<\/p>\n<p>2 \u2013 VWCO\/MAN \/ 439 \/ 20,40<\/p>\n<p>3 \u2013 Marcopolo \/ 423 \/ 19,66<\/p>\n<p>4 \u2013 Volvo \/ 124 \/ 5,76<\/p>\n<p>5 \u2013 Agrale \/ 87 \/ 4,04<\/p>\n<p>6 \u2013 IVECO \/ 57 \/ 2,65<\/p>\n<p>7 \u2013 Scania \/ 31 \/ 1,40<\/p>\n<p>8 \u2013 LVTong \/ 2 \/ 0,09<\/p>\n<p>(Truck &amp; Bus Builder Am\u00e9rica do Sul)<\/p>\n","protected":false},"excerpt":{"rendered":"<p>Truck &amp; Bus Builder Am\u00e9rica do Sul &nbsp; O mercado brasileiro come\u00e7ou o novo ano com a venda de 10.215 caminh\u00f5es, volume 20,05% superior aos 8.507 ve\u00edculos vendidos em janeiro do ano passado. A venda de \u00f4nibus abriu 2023 com 2.152 unidades, 61,32% acima dos 1.334 ve\u00edculos faturados no mesmo m\u00eas de 2022. &nbsp; O\u2026 <a class=\"readmore\" href=\"https:\/\/dana.com.br\/canaldana\/2023\/02\/07\/mercedes-benz-inicia-o-ano-na-lideranca-de-caminhoes-e-de-onibus\/\">Leia mais \u00bb<\/a><\/p>\n","protected":false},"author":3,"featured_media":0,"comment_status":"closed","ping_status":"closed","sticky":false,"template":"","format":"standard","meta":{"_acf_changed":false,"footnotes":""},"categories":[61],"tags":[],"class_list":["post-63661","post","type-post","status-publish","format-standard","hentry","category-destaques"],"acf":[],"yoast_head":"<!-- This site is optimized with the Yoast SEO plugin v27.3 - https:\/\/yoast.com\/product\/yoast-seo-wordpress\/ -->\n<title>Mercedes-Benz inicia o ano na lideran\u00e7a de caminh\u00f5es e de \u00f4nibus - Canal Dana<\/title>\n<meta name=\"robots\" content=\"index, follow, max-snippet:-1, max-image-preview:large, max-video-preview:-1\" \/>\n<link rel=\"canonical\" href=\"https:\/\/dana.com.br\/canaldana\/2023\/02\/07\/mercedes-benz-inicia-o-ano-na-lideranca-de-caminhoes-e-de-onibus\/\" \/>\n<meta property=\"og:locale\" content=\"pt_BR\" \/>\n<meta property=\"og:type\" content=\"article\" \/>\n<meta property=\"og:title\" content=\"Mercedes-Benz inicia o ano na lideran\u00e7a de caminh\u00f5es e de \u00f4nibus - Canal Dana\" \/>\n<meta property=\"og:description\" content=\"Truck &amp; Bus Builder Am\u00e9rica do Sul &nbsp; O mercado brasileiro come\u00e7ou o novo ano com a venda de 10.215 caminh\u00f5es, volume 20,05% superior aos 8.507 ve\u00edculos vendidos em janeiro do ano passado. A venda de \u00f4nibus abriu 2023 com 2.152 unidades, 61,32% acima dos 1.334 ve\u00edculos faturados no mesmo m\u00eas de 2022. &nbsp; O\u2026 Leia mais \u00bb\" \/>\n<meta property=\"og:url\" content=\"https:\/\/dana.com.br\/canaldana\/2023\/02\/07\/mercedes-benz-inicia-o-ano-na-lideranca-de-caminhoes-e-de-onibus\/\" \/>\n<meta property=\"og:site_name\" content=\"Canal Dana\" \/>\n<meta property=\"article:published_time\" content=\"2023-02-07T12:10:12+00:00\" \/>\n<meta name=\"author\" content=\"Canal Dana\" \/>\n<meta name=\"twitter:card\" content=\"summary_large_image\" \/>\n<meta name=\"twitter:label1\" content=\"Escrito por\" \/>\n\t<meta name=\"twitter:data1\" content=\"Canal Dana\" \/>\n\t<meta name=\"twitter:label2\" content=\"Est. tempo de leitura\" \/>\n\t<meta name=\"twitter:data2\" content=\"3 minutos\" \/>\n<script type=\"application\/ld+json\" class=\"yoast-schema-graph\">{\"@context\":\"https:\\\/\\\/schema.org\",\"@graph\":[{\"@type\":\"Article\",\"@id\":\"https:\\\/\\\/dana.com.br\\\/canaldana\\\/2023\\\/02\\\/07\\\/mercedes-benz-inicia-o-ano-na-lideranca-de-caminhoes-e-de-onibus\\\/#article\",\"isPartOf\":{\"@id\":\"https:\\\/\\\/dana.com.br\\\/canaldana\\\/2023\\\/02\\\/07\\\/mercedes-benz-inicia-o-ano-na-lideranca-de-caminhoes-e-de-onibus\\\/\"},\"author\":{\"name\":\"Canal Dana\",\"@id\":\"https:\\\/\\\/dana.com.br\\\/canaldana\\\/#\\\/schema\\\/person\\\/3c21f22f56fcf3bc46b94bc60ea4fef6\"},\"headline\":\"Mercedes-Benz inicia o ano na lideran\u00e7a de caminh\u00f5es e de \u00f4nibus\",\"datePublished\":\"2023-02-07T12:10:12+00:00\",\"mainEntityOfPage\":{\"@id\":\"https:\\\/\\\/dana.com.br\\\/canaldana\\\/2023\\\/02\\\/07\\\/mercedes-benz-inicia-o-ano-na-lideranca-de-caminhoes-e-de-onibus\\\/\"},\"wordCount\":357,\"articleSection\":[\"Destaques\"],\"inLanguage\":\"pt-BR\"},{\"@type\":\"WebPage\",\"@id\":\"https:\\\/\\\/dana.com.br\\\/canaldana\\\/2023\\\/02\\\/07\\\/mercedes-benz-inicia-o-ano-na-lideranca-de-caminhoes-e-de-onibus\\\/\",\"url\":\"https:\\\/\\\/dana.com.br\\\/canaldana\\\/2023\\\/02\\\/07\\\/mercedes-benz-inicia-o-ano-na-lideranca-de-caminhoes-e-de-onibus\\\/\",\"name\":\"Mercedes-Benz inicia o ano na lideran\u00e7a de caminh\u00f5es e de \u00f4nibus - Canal Dana\",\"isPartOf\":{\"@id\":\"https:\\\/\\\/dana.com.br\\\/canaldana\\\/#website\"},\"datePublished\":\"2023-02-07T12:10:12+00:00\",\"author\":{\"@id\":\"https:\\\/\\\/dana.com.br\\\/canaldana\\\/#\\\/schema\\\/person\\\/3c21f22f56fcf3bc46b94bc60ea4fef6\"},\"breadcrumb\":{\"@id\":\"https:\\\/\\\/dana.com.br\\\/canaldana\\\/2023\\\/02\\\/07\\\/mercedes-benz-inicia-o-ano-na-lideranca-de-caminhoes-e-de-onibus\\\/#breadcrumb\"},\"inLanguage\":\"pt-BR\",\"potentialAction\":[{\"@type\":\"ReadAction\",\"target\":[\"https:\\\/\\\/dana.com.br\\\/canaldana\\\/2023\\\/02\\\/07\\\/mercedes-benz-inicia-o-ano-na-lideranca-de-caminhoes-e-de-onibus\\\/\"]}]},{\"@type\":\"BreadcrumbList\",\"@id\":\"https:\\\/\\\/dana.com.br\\\/canaldana\\\/2023\\\/02\\\/07\\\/mercedes-benz-inicia-o-ano-na-lideranca-de-caminhoes-e-de-onibus\\\/#breadcrumb\",\"itemListElement\":[{\"@type\":\"ListItem\",\"position\":1,\"name\":\"Home\",\"item\":\"https:\\\/\\\/dana.com.br\\\/canaldana\\\/\"},{\"@type\":\"ListItem\",\"position\":2,\"name\":\"Destaques\",\"item\":\"https:\\\/\\\/dana.com.br\\\/canaldana\\\/destaques\\\/\"},{\"@type\":\"ListItem\",\"position\":3,\"name\":\"Mercedes-Benz inicia o ano na lideran\u00e7a de caminh\u00f5es e de \u00f4nibus\"}]},{\"@type\":\"WebSite\",\"@id\":\"https:\\\/\\\/dana.com.br\\\/canaldana\\\/#website\",\"url\":\"https:\\\/\\\/dana.com.br\\\/canaldana\\\/\",\"name\":\"Canal Dana\",\"description\":\"Informativo com as principais not\u00edcias da ind\u00fastria automotiva\",\"potentialAction\":[{\"@type\":\"SearchAction\",\"target\":{\"@type\":\"EntryPoint\",\"urlTemplate\":\"https:\\\/\\\/dana.com.br\\\/canaldana\\\/?s={search_term_string}\"},\"query-input\":{\"@type\":\"PropertyValueSpecification\",\"valueRequired\":true,\"valueName\":\"search_term_string\"}}],\"inLanguage\":\"pt-BR\"},{\"@type\":\"Person\",\"@id\":\"https:\\\/\\\/dana.com.br\\\/canaldana\\\/#\\\/schema\\\/person\\\/3c21f22f56fcf3bc46b94bc60ea4fef6\",\"name\":\"Canal Dana\",\"image\":{\"@type\":\"ImageObject\",\"inLanguage\":\"pt-BR\",\"@id\":\"https:\\\/\\\/secure.gravatar.com\\\/avatar\\\/420aaf9278582877d9018637c6817617705899d2858d7572ef0fe59a6b6454b4?s=96&d=mm&r=g\",\"url\":\"https:\\\/\\\/secure.gravatar.com\\\/avatar\\\/420aaf9278582877d9018637c6817617705899d2858d7572ef0fe59a6b6454b4?s=96&d=mm&r=g\",\"contentUrl\":\"https:\\\/\\\/secure.gravatar.com\\\/avatar\\\/420aaf9278582877d9018637c6817617705899d2858d7572ef0fe59a6b6454b4?s=96&d=mm&r=g\",\"caption\":\"Canal Dana\"},\"url\":\"https:\\\/\\\/dana.com.br\\\/canaldana\\\/author\\\/cdeditor\\\/\"}]}<\/script>\n<!-- \/ Yoast SEO plugin. -->","yoast_head_json":{"title":"Mercedes-Benz inicia o ano na lideran\u00e7a de caminh\u00f5es e de \u00f4nibus - Canal Dana","robots":{"index":"index","follow":"follow","max-snippet":"max-snippet:-1","max-image-preview":"max-image-preview:large","max-video-preview":"max-video-preview:-1"},"canonical":"https:\/\/dana.com.br\/canaldana\/2023\/02\/07\/mercedes-benz-inicia-o-ano-na-lideranca-de-caminhoes-e-de-onibus\/","og_locale":"pt_BR","og_type":"article","og_title":"Mercedes-Benz inicia o ano na lideran\u00e7a de caminh\u00f5es e de \u00f4nibus - Canal Dana","og_description":"Truck &amp; Bus Builder Am\u00e9rica do Sul &nbsp; O mercado brasileiro come\u00e7ou o novo ano com a venda de 10.215 caminh\u00f5es, volume 20,05% superior aos 8.507 ve\u00edculos vendidos em janeiro do ano passado. A venda de \u00f4nibus abriu 2023 com 2.152 unidades, 61,32% acima dos 1.334 ve\u00edculos faturados no mesmo m\u00eas de 2022. &nbsp; O\u2026 Leia mais \u00bb","og_url":"https:\/\/dana.com.br\/canaldana\/2023\/02\/07\/mercedes-benz-inicia-o-ano-na-lideranca-de-caminhoes-e-de-onibus\/","og_site_name":"Canal Dana","article_published_time":"2023-02-07T12:10:12+00:00","author":"Canal Dana","twitter_card":"summary_large_image","twitter_misc":{"Escrito por":"Canal Dana","Est. tempo de leitura":"3 minutos"},"schema":{"@context":"https:\/\/schema.org","@graph":[{"@type":"Article","@id":"https:\/\/dana.com.br\/canaldana\/2023\/02\/07\/mercedes-benz-inicia-o-ano-na-lideranca-de-caminhoes-e-de-onibus\/#article","isPartOf":{"@id":"https:\/\/dana.com.br\/canaldana\/2023\/02\/07\/mercedes-benz-inicia-o-ano-na-lideranca-de-caminhoes-e-de-onibus\/"},"author":{"name":"Canal Dana","@id":"https:\/\/dana.com.br\/canaldana\/#\/schema\/person\/3c21f22f56fcf3bc46b94bc60ea4fef6"},"headline":"Mercedes-Benz inicia o ano na lideran\u00e7a de caminh\u00f5es e de \u00f4nibus","datePublished":"2023-02-07T12:10:12+00:00","mainEntityOfPage":{"@id":"https:\/\/dana.com.br\/canaldana\/2023\/02\/07\/mercedes-benz-inicia-o-ano-na-lideranca-de-caminhoes-e-de-onibus\/"},"wordCount":357,"articleSection":["Destaques"],"inLanguage":"pt-BR"},{"@type":"WebPage","@id":"https:\/\/dana.com.br\/canaldana\/2023\/02\/07\/mercedes-benz-inicia-o-ano-na-lideranca-de-caminhoes-e-de-onibus\/","url":"https:\/\/dana.com.br\/canaldana\/2023\/02\/07\/mercedes-benz-inicia-o-ano-na-lideranca-de-caminhoes-e-de-onibus\/","name":"Mercedes-Benz inicia o ano na lideran\u00e7a de caminh\u00f5es e de \u00f4nibus - Canal Dana","isPartOf":{"@id":"https:\/\/dana.com.br\/canaldana\/#website"},"datePublished":"2023-02-07T12:10:12+00:00","author":{"@id":"https:\/\/dana.com.br\/canaldana\/#\/schema\/person\/3c21f22f56fcf3bc46b94bc60ea4fef6"},"breadcrumb":{"@id":"https:\/\/dana.com.br\/canaldana\/2023\/02\/07\/mercedes-benz-inicia-o-ano-na-lideranca-de-caminhoes-e-de-onibus\/#breadcrumb"},"inLanguage":"pt-BR","potentialAction":[{"@type":"ReadAction","target":["https:\/\/dana.com.br\/canaldana\/2023\/02\/07\/mercedes-benz-inicia-o-ano-na-lideranca-de-caminhoes-e-de-onibus\/"]}]},{"@type":"BreadcrumbList","@id":"https:\/\/dana.com.br\/canaldana\/2023\/02\/07\/mercedes-benz-inicia-o-ano-na-lideranca-de-caminhoes-e-de-onibus\/#breadcrumb","itemListElement":[{"@type":"ListItem","position":1,"name":"Home","item":"https:\/\/dana.com.br\/canaldana\/"},{"@type":"ListItem","position":2,"name":"Destaques","item":"https:\/\/dana.com.br\/canaldana\/destaques\/"},{"@type":"ListItem","position":3,"name":"Mercedes-Benz inicia o ano na lideran\u00e7a de caminh\u00f5es e de \u00f4nibus"}]},{"@type":"WebSite","@id":"https:\/\/dana.com.br\/canaldana\/#website","url":"https:\/\/dana.com.br\/canaldana\/","name":"Canal Dana","description":"Informativo com as principais not\u00edcias da ind\u00fastria automotiva","potentialAction":[{"@type":"SearchAction","target":{"@type":"EntryPoint","urlTemplate":"https:\/\/dana.com.br\/canaldana\/?s={search_term_string}"},"query-input":{"@type":"PropertyValueSpecification","valueRequired":true,"valueName":"search_term_string"}}],"inLanguage":"pt-BR"},{"@type":"Person","@id":"https:\/\/dana.com.br\/canaldana\/#\/schema\/person\/3c21f22f56fcf3bc46b94bc60ea4fef6","name":"Canal Dana","image":{"@type":"ImageObject","inLanguage":"pt-BR","@id":"https:\/\/secure.gravatar.com\/avatar\/420aaf9278582877d9018637c6817617705899d2858d7572ef0fe59a6b6454b4?s=96&d=mm&r=g","url":"https:\/\/secure.gravatar.com\/avatar\/420aaf9278582877d9018637c6817617705899d2858d7572ef0fe59a6b6454b4?s=96&d=mm&r=g","contentUrl":"https:\/\/secure.gravatar.com\/avatar\/420aaf9278582877d9018637c6817617705899d2858d7572ef0fe59a6b6454b4?s=96&d=mm&r=g","caption":"Canal Dana"},"url":"https:\/\/dana.com.br\/canaldana\/author\/cdeditor\/"}]}},"_links":{"self":[{"href":"https:\/\/dana.com.br\/canaldana\/wp-json\/wp\/v2\/posts\/63661","targetHints":{"allow":["GET"]}}],"collection":[{"href":"https:\/\/dana.com.br\/canaldana\/wp-json\/wp\/v2\/posts"}],"about":[{"href":"https:\/\/dana.com.br\/canaldana\/wp-json\/wp\/v2\/types\/post"}],"author":[{"embeddable":true,"href":"https:\/\/dana.com.br\/canaldana\/wp-json\/wp\/v2\/users\/3"}],"replies":[{"embeddable":true,"href":"https:\/\/dana.com.br\/canaldana\/wp-json\/wp\/v2\/comments?post=63661"}],"version-history":[{"count":0,"href":"https:\/\/dana.com.br\/canaldana\/wp-json\/wp\/v2\/posts\/63661\/revisions"}],"wp:attachment":[{"href":"https:\/\/dana.com.br\/canaldana\/wp-json\/wp\/v2\/media?parent=63661"}],"wp:term":[{"taxonomy":"category","embeddable":true,"href":"https:\/\/dana.com.br\/canaldana\/wp-json\/wp\/v2\/categories?post=63661"},{"taxonomy":"post_tag","embeddable":true,"href":"https:\/\/dana.com.br\/canaldana\/wp-json\/wp\/v2\/tags?post=63661"}],"curies":[{"name":"wp","href":"https:\/\/api.w.org\/{rel}","templated":true}]}}