{"id":63659,"date":"2023-02-07T09:09:25","date_gmt":"2023-02-07T12:09:25","guid":{"rendered":"https:\/\/dana.com.br\/canaldana\/?p=63659"},"modified":"2023-02-07T09:09:25","modified_gmt":"2023-02-07T12:09:25","slug":"alianca-renault-nissan-produzira-picape-compacta-na-america-do-sul","status":"publish","type":"post","link":"https:\/\/dana.com.br\/canaldana\/2023\/02\/07\/alianca-renault-nissan-produzira-picape-compacta-na-america-do-sul\/","title":{"rendered":"Alian\u00e7a Renault-Nissan produzir\u00e1 picape compacta na Am\u00e9rica do Sul"},"content":{"rendered":"<p><em>AutoInd\u00fastria <\/em><\/p>\n<p>&nbsp;<\/p>\n<p>A Alian\u00e7a Renault-Nissan-Mitsubishi est\u00e1 assegurada por mais 15 anos, anunciaram as tr\u00eas montadoras nesta segunda-feira, 6. A parceria global esteve \u00e0 beira do rompimento nos \u00faltimos anos, especialmente a partir de 2018, com o esc\u00e2ndalo envolvendo Carlo Ghosn, CEO respons\u00e1vel pela cria\u00e7\u00e3o da alian\u00e7a em 1999.<\/p>\n<p>&nbsp;<\/p>\n<p>A continuidade, entretanto, exigiu a substancial redu\u00e7\u00e3o da participa\u00e7\u00e3o acion\u00e1ria da Renault de 43,4% para 15% na Nissan &#8211; mesma fatia que a empresa japonesa domina na montadora francesa -, e movimentos como a compra de 15% dos papeis da Ampere, divis\u00e3o de ve\u00edculos el\u00e9tricos e softwares da Renault, por parte da Nissan.<\/p>\n<p>&nbsp;<\/p>\n<p>O acordo inclui ainda novos projetos operacionais e ve\u00edculos in\u00e9ditos em v\u00e1rias regi\u00f5es. Na Europa, por exemplo, as empresas produzir\u00e3o, em 2026, uma van el\u00e9trica batizada de FlexEVan, enquanto na Am\u00e9rica do Sul e \u00cdndia nascer\u00e3o ve\u00edculos sobre plataformas conjuntas, anteciparam Jean-Dominique Senard, presidente do conselho da Alian\u00e7a, e os CEO Luca de Meo, da Renault, Makoto Uchida, da Nissan e Tako Kato, da Mitsubishi.<\/p>\n<p>&nbsp;<\/p>\n<p>Nissan e Mitsubishi, que tamb\u00e9m estuda participa\u00e7\u00e3o na Ampere, se tornar\u00e3o ainda clientes da Horse, bra\u00e7o do Grupo Renault de tecnologias de trem de for\u00e7a de combust\u00e3o interna e h\u00edbrida de baixa emiss\u00e3o (ICE).<\/p>\n<p>&nbsp;<\/p>\n<p>Com o novo acordo, a eletrifica\u00e7\u00e3o ganhar\u00e1 destaque nos pr\u00f3ximos movimentos das parceiras tanto para autom\u00f3veis como para ve\u00edculos comerciais, sempre com elevado n\u00edvel de compartilhamento de componentes entre eles.<\/p>\n<p>&nbsp;<\/p>\n<p>Para a Am\u00e9rica Latina, est\u00e3o definidos quatro projetos. A principal novidade \u00e9 uma nova picape de meia tonelada, desenvolvida pelo Grupo Renault e compartilhada com a Nissan, que ser\u00e1 produzida em C\u00f3rdoba, na Argentina, junto com a Nissan Frontier-Renault Alaskan, que seguir\u00e3o em linha.<\/p>\n<p>&nbsp;<\/p>\n<p>Nissan e Renault tamb\u00e9m se comprometeram a comercializar na regi\u00e3o dois ve\u00edculos el\u00e9tricos comuns acess\u00edveis do segmento A, ambos baseados na plataforma CMF-AEV (Common Module Family). No M\u00e9xico, a Nissan produzir\u00e1 um novo modelo para a Renault. Ser\u00e1 o primeiro ve\u00edculo da marca francesa no pa\u00eds depois de 20 anos.<\/p>\n<p>&nbsp;<\/p>\n<p>Para a \u00cdndia e exporta\u00e7\u00e3o, as parceiras pretendem colaborar em v\u00e1rios ve\u00edculos, incluindo el\u00e9tricos, SUVs e um carro Nissan derivado do Renault Triber. (AutoInd\u00fastria\/George Guimar\u00e3es)<\/p>\n","protected":false},"excerpt":{"rendered":"<p>AutoInd\u00fastria &nbsp; A Alian\u00e7a Renault-Nissan-Mitsubishi est\u00e1 assegurada por mais 15 anos, anunciaram as tr\u00eas montadoras nesta segunda-feira, 6. A parceria global esteve \u00e0 beira do rompimento nos \u00faltimos anos, especialmente a partir de 2018, com o esc\u00e2ndalo envolvendo Carlo Ghosn, CEO respons\u00e1vel pela cria\u00e7\u00e3o da alian\u00e7a em 1999. &nbsp; A continuidade, entretanto, exigiu a substancial\u2026 <a class=\"readmore\" href=\"https:\/\/dana.com.br\/canaldana\/2023\/02\/07\/alianca-renault-nissan-produzira-picape-compacta-na-america-do-sul\/\">Leia mais \u00bb<\/a><\/p>\n","protected":false},"author":3,"featured_media":0,"comment_status":"closed","ping_status":"closed","sticky":false,"template":"","format":"standard","meta":{"_acf_changed":false,"footnotes":""},"categories":[61],"tags":[],"class_list":["post-63659","post","type-post","status-publish","format-standard","hentry","category-destaques"],"acf":[],"yoast_head":"<!-- This site is optimized with the Yoast SEO plugin v27.3 - https:\/\/yoast.com\/product\/yoast-seo-wordpress\/ -->\n<title>Alian\u00e7a Renault-Nissan produzir\u00e1 picape compacta na Am\u00e9rica do Sul - Canal Dana<\/title>\n<meta name=\"robots\" content=\"index, follow, max-snippet:-1, max-image-preview:large, max-video-preview:-1\" \/>\n<link rel=\"canonical\" href=\"https:\/\/dana.com.br\/canaldana\/2023\/02\/07\/alianca-renault-nissan-produzira-picape-compacta-na-america-do-sul\/\" \/>\n<meta property=\"og:locale\" content=\"pt_BR\" \/>\n<meta property=\"og:type\" content=\"article\" \/>\n<meta property=\"og:title\" content=\"Alian\u00e7a Renault-Nissan produzir\u00e1 picape compacta na Am\u00e9rica do Sul - Canal Dana\" \/>\n<meta property=\"og:description\" content=\"AutoInd\u00fastria &nbsp; A Alian\u00e7a Renault-Nissan-Mitsubishi est\u00e1 assegurada por mais 15 anos, anunciaram as tr\u00eas montadoras nesta segunda-feira, 6. A parceria global esteve \u00e0 beira do rompimento nos \u00faltimos anos, especialmente a partir de 2018, com o esc\u00e2ndalo envolvendo Carlo Ghosn, CEO respons\u00e1vel pela cria\u00e7\u00e3o da alian\u00e7a em 1999. &nbsp; A continuidade, entretanto, exigiu a substancial\u2026 Leia mais \u00bb\" \/>\n<meta property=\"og:url\" content=\"https:\/\/dana.com.br\/canaldana\/2023\/02\/07\/alianca-renault-nissan-produzira-picape-compacta-na-america-do-sul\/\" \/>\n<meta property=\"og:site_name\" content=\"Canal Dana\" \/>\n<meta property=\"article:published_time\" content=\"2023-02-07T12:09:25+00:00\" \/>\n<meta name=\"author\" content=\"Canal Dana\" \/>\n<meta name=\"twitter:card\" content=\"summary_large_image\" \/>\n<meta name=\"twitter:label1\" content=\"Escrito por\" \/>\n\t<meta name=\"twitter:data1\" content=\"Canal Dana\" \/>\n\t<meta name=\"twitter:label2\" content=\"Est. tempo de leitura\" \/>\n\t<meta name=\"twitter:data2\" content=\"2 minutos\" \/>\n<script type=\"application\/ld+json\" class=\"yoast-schema-graph\">{\"@context\":\"https:\\\/\\\/schema.org\",\"@graph\":[{\"@type\":\"Article\",\"@id\":\"https:\\\/\\\/dana.com.br\\\/canaldana\\\/2023\\\/02\\\/07\\\/alianca-renault-nissan-produzira-picape-compacta-na-america-do-sul\\\/#article\",\"isPartOf\":{\"@id\":\"https:\\\/\\\/dana.com.br\\\/canaldana\\\/2023\\\/02\\\/07\\\/alianca-renault-nissan-produzira-picape-compacta-na-america-do-sul\\\/\"},\"author\":{\"name\":\"Canal Dana\",\"@id\":\"https:\\\/\\\/dana.com.br\\\/canaldana\\\/#\\\/schema\\\/person\\\/3c21f22f56fcf3bc46b94bc60ea4fef6\"},\"headline\":\"Alian\u00e7a Renault-Nissan produzir\u00e1 picape compacta na Am\u00e9rica do Sul\",\"datePublished\":\"2023-02-07T12:09:25+00:00\",\"mainEntityOfPage\":{\"@id\":\"https:\\\/\\\/dana.com.br\\\/canaldana\\\/2023\\\/02\\\/07\\\/alianca-renault-nissan-produzira-picape-compacta-na-america-do-sul\\\/\"},\"wordCount\":411,\"articleSection\":[\"Destaques\"],\"inLanguage\":\"pt-BR\"},{\"@type\":\"WebPage\",\"@id\":\"https:\\\/\\\/dana.com.br\\\/canaldana\\\/2023\\\/02\\\/07\\\/alianca-renault-nissan-produzira-picape-compacta-na-america-do-sul\\\/\",\"url\":\"https:\\\/\\\/dana.com.br\\\/canaldana\\\/2023\\\/02\\\/07\\\/alianca-renault-nissan-produzira-picape-compacta-na-america-do-sul\\\/\",\"name\":\"Alian\u00e7a Renault-Nissan produzir\u00e1 picape compacta na Am\u00e9rica do Sul - Canal Dana\",\"isPartOf\":{\"@id\":\"https:\\\/\\\/dana.com.br\\\/canaldana\\\/#website\"},\"datePublished\":\"2023-02-07T12:09:25+00:00\",\"author\":{\"@id\":\"https:\\\/\\\/dana.com.br\\\/canaldana\\\/#\\\/schema\\\/person\\\/3c21f22f56fcf3bc46b94bc60ea4fef6\"},\"breadcrumb\":{\"@id\":\"https:\\\/\\\/dana.com.br\\\/canaldana\\\/2023\\\/02\\\/07\\\/alianca-renault-nissan-produzira-picape-compacta-na-america-do-sul\\\/#breadcrumb\"},\"inLanguage\":\"pt-BR\",\"potentialAction\":[{\"@type\":\"ReadAction\",\"target\":[\"https:\\\/\\\/dana.com.br\\\/canaldana\\\/2023\\\/02\\\/07\\\/alianca-renault-nissan-produzira-picape-compacta-na-america-do-sul\\\/\"]}]},{\"@type\":\"BreadcrumbList\",\"@id\":\"https:\\\/\\\/dana.com.br\\\/canaldana\\\/2023\\\/02\\\/07\\\/alianca-renault-nissan-produzira-picape-compacta-na-america-do-sul\\\/#breadcrumb\",\"itemListElement\":[{\"@type\":\"ListItem\",\"position\":1,\"name\":\"Home\",\"item\":\"https:\\\/\\\/dana.com.br\\\/canaldana\\\/\"},{\"@type\":\"ListItem\",\"position\":2,\"name\":\"Destaques\",\"item\":\"https:\\\/\\\/dana.com.br\\\/canaldana\\\/destaques\\\/\"},{\"@type\":\"ListItem\",\"position\":3,\"name\":\"Alian\u00e7a Renault-Nissan produzir\u00e1 picape compacta na Am\u00e9rica do Sul\"}]},{\"@type\":\"WebSite\",\"@id\":\"https:\\\/\\\/dana.com.br\\\/canaldana\\\/#website\",\"url\":\"https:\\\/\\\/dana.com.br\\\/canaldana\\\/\",\"name\":\"Canal Dana\",\"description\":\"Informativo com as principais not\u00edcias da ind\u00fastria automotiva\",\"potentialAction\":[{\"@type\":\"SearchAction\",\"target\":{\"@type\":\"EntryPoint\",\"urlTemplate\":\"https:\\\/\\\/dana.com.br\\\/canaldana\\\/?s={search_term_string}\"},\"query-input\":{\"@type\":\"PropertyValueSpecification\",\"valueRequired\":true,\"valueName\":\"search_term_string\"}}],\"inLanguage\":\"pt-BR\"},{\"@type\":\"Person\",\"@id\":\"https:\\\/\\\/dana.com.br\\\/canaldana\\\/#\\\/schema\\\/person\\\/3c21f22f56fcf3bc46b94bc60ea4fef6\",\"name\":\"Canal Dana\",\"image\":{\"@type\":\"ImageObject\",\"inLanguage\":\"pt-BR\",\"@id\":\"https:\\\/\\\/secure.gravatar.com\\\/avatar\\\/420aaf9278582877d9018637c6817617705899d2858d7572ef0fe59a6b6454b4?s=96&d=mm&r=g\",\"url\":\"https:\\\/\\\/secure.gravatar.com\\\/avatar\\\/420aaf9278582877d9018637c6817617705899d2858d7572ef0fe59a6b6454b4?s=96&d=mm&r=g\",\"contentUrl\":\"https:\\\/\\\/secure.gravatar.com\\\/avatar\\\/420aaf9278582877d9018637c6817617705899d2858d7572ef0fe59a6b6454b4?s=96&d=mm&r=g\",\"caption\":\"Canal Dana\"},\"url\":\"https:\\\/\\\/dana.com.br\\\/canaldana\\\/author\\\/cdeditor\\\/\"}]}<\/script>\n<!-- \/ Yoast SEO plugin. -->","yoast_head_json":{"title":"Alian\u00e7a Renault-Nissan produzir\u00e1 picape compacta na Am\u00e9rica do Sul - Canal Dana","robots":{"index":"index","follow":"follow","max-snippet":"max-snippet:-1","max-image-preview":"max-image-preview:large","max-video-preview":"max-video-preview:-1"},"canonical":"https:\/\/dana.com.br\/canaldana\/2023\/02\/07\/alianca-renault-nissan-produzira-picape-compacta-na-america-do-sul\/","og_locale":"pt_BR","og_type":"article","og_title":"Alian\u00e7a Renault-Nissan produzir\u00e1 picape compacta na Am\u00e9rica do Sul - Canal Dana","og_description":"AutoInd\u00fastria &nbsp; A Alian\u00e7a Renault-Nissan-Mitsubishi est\u00e1 assegurada por mais 15 anos, anunciaram as tr\u00eas montadoras nesta segunda-feira, 6. A parceria global esteve \u00e0 beira do rompimento nos \u00faltimos anos, especialmente a partir de 2018, com o esc\u00e2ndalo envolvendo Carlo Ghosn, CEO respons\u00e1vel pela cria\u00e7\u00e3o da alian\u00e7a em 1999. &nbsp; A continuidade, entretanto, exigiu a substancial\u2026 Leia mais \u00bb","og_url":"https:\/\/dana.com.br\/canaldana\/2023\/02\/07\/alianca-renault-nissan-produzira-picape-compacta-na-america-do-sul\/","og_site_name":"Canal Dana","article_published_time":"2023-02-07T12:09:25+00:00","author":"Canal Dana","twitter_card":"summary_large_image","twitter_misc":{"Escrito por":"Canal Dana","Est. tempo de leitura":"2 minutos"},"schema":{"@context":"https:\/\/schema.org","@graph":[{"@type":"Article","@id":"https:\/\/dana.com.br\/canaldana\/2023\/02\/07\/alianca-renault-nissan-produzira-picape-compacta-na-america-do-sul\/#article","isPartOf":{"@id":"https:\/\/dana.com.br\/canaldana\/2023\/02\/07\/alianca-renault-nissan-produzira-picape-compacta-na-america-do-sul\/"},"author":{"name":"Canal Dana","@id":"https:\/\/dana.com.br\/canaldana\/#\/schema\/person\/3c21f22f56fcf3bc46b94bc60ea4fef6"},"headline":"Alian\u00e7a Renault-Nissan produzir\u00e1 picape compacta na Am\u00e9rica do Sul","datePublished":"2023-02-07T12:09:25+00:00","mainEntityOfPage":{"@id":"https:\/\/dana.com.br\/canaldana\/2023\/02\/07\/alianca-renault-nissan-produzira-picape-compacta-na-america-do-sul\/"},"wordCount":411,"articleSection":["Destaques"],"inLanguage":"pt-BR"},{"@type":"WebPage","@id":"https:\/\/dana.com.br\/canaldana\/2023\/02\/07\/alianca-renault-nissan-produzira-picape-compacta-na-america-do-sul\/","url":"https:\/\/dana.com.br\/canaldana\/2023\/02\/07\/alianca-renault-nissan-produzira-picape-compacta-na-america-do-sul\/","name":"Alian\u00e7a Renault-Nissan produzir\u00e1 picape compacta na Am\u00e9rica do Sul - Canal Dana","isPartOf":{"@id":"https:\/\/dana.com.br\/canaldana\/#website"},"datePublished":"2023-02-07T12:09:25+00:00","author":{"@id":"https:\/\/dana.com.br\/canaldana\/#\/schema\/person\/3c21f22f56fcf3bc46b94bc60ea4fef6"},"breadcrumb":{"@id":"https:\/\/dana.com.br\/canaldana\/2023\/02\/07\/alianca-renault-nissan-produzira-picape-compacta-na-america-do-sul\/#breadcrumb"},"inLanguage":"pt-BR","potentialAction":[{"@type":"ReadAction","target":["https:\/\/dana.com.br\/canaldana\/2023\/02\/07\/alianca-renault-nissan-produzira-picape-compacta-na-america-do-sul\/"]}]},{"@type":"BreadcrumbList","@id":"https:\/\/dana.com.br\/canaldana\/2023\/02\/07\/alianca-renault-nissan-produzira-picape-compacta-na-america-do-sul\/#breadcrumb","itemListElement":[{"@type":"ListItem","position":1,"name":"Home","item":"https:\/\/dana.com.br\/canaldana\/"},{"@type":"ListItem","position":2,"name":"Destaques","item":"https:\/\/dana.com.br\/canaldana\/destaques\/"},{"@type":"ListItem","position":3,"name":"Alian\u00e7a Renault-Nissan produzir\u00e1 picape compacta na Am\u00e9rica do Sul"}]},{"@type":"WebSite","@id":"https:\/\/dana.com.br\/canaldana\/#website","url":"https:\/\/dana.com.br\/canaldana\/","name":"Canal Dana","description":"Informativo com as principais not\u00edcias da ind\u00fastria automotiva","potentialAction":[{"@type":"SearchAction","target":{"@type":"EntryPoint","urlTemplate":"https:\/\/dana.com.br\/canaldana\/?s={search_term_string}"},"query-input":{"@type":"PropertyValueSpecification","valueRequired":true,"valueName":"search_term_string"}}],"inLanguage":"pt-BR"},{"@type":"Person","@id":"https:\/\/dana.com.br\/canaldana\/#\/schema\/person\/3c21f22f56fcf3bc46b94bc60ea4fef6","name":"Canal Dana","image":{"@type":"ImageObject","inLanguage":"pt-BR","@id":"https:\/\/secure.gravatar.com\/avatar\/420aaf9278582877d9018637c6817617705899d2858d7572ef0fe59a6b6454b4?s=96&d=mm&r=g","url":"https:\/\/secure.gravatar.com\/avatar\/420aaf9278582877d9018637c6817617705899d2858d7572ef0fe59a6b6454b4?s=96&d=mm&r=g","contentUrl":"https:\/\/secure.gravatar.com\/avatar\/420aaf9278582877d9018637c6817617705899d2858d7572ef0fe59a6b6454b4?s=96&d=mm&r=g","caption":"Canal Dana"},"url":"https:\/\/dana.com.br\/canaldana\/author\/cdeditor\/"}]}},"_links":{"self":[{"href":"https:\/\/dana.com.br\/canaldana\/wp-json\/wp\/v2\/posts\/63659","targetHints":{"allow":["GET"]}}],"collection":[{"href":"https:\/\/dana.com.br\/canaldana\/wp-json\/wp\/v2\/posts"}],"about":[{"href":"https:\/\/dana.com.br\/canaldana\/wp-json\/wp\/v2\/types\/post"}],"author":[{"embeddable":true,"href":"https:\/\/dana.com.br\/canaldana\/wp-json\/wp\/v2\/users\/3"}],"replies":[{"embeddable":true,"href":"https:\/\/dana.com.br\/canaldana\/wp-json\/wp\/v2\/comments?post=63659"}],"version-history":[{"count":0,"href":"https:\/\/dana.com.br\/canaldana\/wp-json\/wp\/v2\/posts\/63659\/revisions"}],"wp:attachment":[{"href":"https:\/\/dana.com.br\/canaldana\/wp-json\/wp\/v2\/media?parent=63659"}],"wp:term":[{"taxonomy":"category","embeddable":true,"href":"https:\/\/dana.com.br\/canaldana\/wp-json\/wp\/v2\/categories?post=63659"},{"taxonomy":"post_tag","embeddable":true,"href":"https:\/\/dana.com.br\/canaldana\/wp-json\/wp\/v2\/tags?post=63659"}],"curies":[{"name":"wp","href":"https:\/\/api.w.org\/{rel}","templated":true}]}}